{"id":26654,"date":"2013-10-05T23:31:00","date_gmt":"2013-10-05T23:31:00","guid":{"rendered":"http:\/\/blogdoere.com.br\/?p=26654"},"modified":"2013-10-05T23:31:00","modified_gmt":"2013-10-05T23:31:00","slug":"marina-silva-oficializa-filiacao-ao-psb","status":"publish","type":"post","link":"https:\/\/blogdoere.com.br\/?p=26654","title":{"rendered":"MARINA SILVA OFICIALIZA FILIA\u00c7\u00c3O AO PSB."},"content":{"rendered":"<div style=\"text-align: center;\"><strong style=\"color: #444444; font-family: Tahoma, Geneva, sans-serif; font-size: 12px; line-height: 18px; margin: 0px; padding: 0px;\"><img decoding=\"async\" alt=\"PSB \u00e9 o 'Plano C', diz Marina Silva ap\u00f3s oficializar filia\u00e7\u00e3o\" src=\"http:\/\/www.bahianoticias.com.br\/fotos\/principal_noticias\/144628\/xIMAGEM_NOTICIA_5.jpg.pagespeed.ic.UuUKRHcmVA.jpg\" \/><\/strong><\/div>\n<div style=\"text-align: justify;\"><strong style=\"color: #444444; font-family: Tahoma, Geneva, sans-serif; font-size: 12px; line-height: 18px; margin: 0px; padding: 0px;\"><br \/><\/strong><\/div>\n<div style=\"text-align: justify;\"><strong style=\"color: #444444; font-family: Tahoma, Geneva, sans-serif; font-size: 12px; line-height: 18px; margin: 0px; padding: 0px;\">A ex-senadora Marina Silva oficializou, na tarde deste s\u00e1bado (5), sua filia\u00e7\u00e3o ao PSB, partido comandado pelo governador de Pernambuco e pr\u00e9-candidato \u00e0 presid\u00eancia da Rep\u00fablica, Eduardo Campos. Em discurso, Marina afirmou que o PSB \u00e9 um abrigo &#8220;transit\u00f3rio&#8221; aos apoiadores da Rede Sustentabilidade, partido que teve o registro negado pelo Tribunal Superior Eleitoral (TSE).&nbsp;Ela afirmou que continuar\u00e1 sendo a porta voz da Rede e que a alian\u00e7a com o PSB n\u00e3o ser\u00e1 &#8220;pragm\u00e1tica&#8221; e sim &#8220;program\u00e1tica&#8221;, uma critica indireta as atuais alian\u00e7as pol\u00edticas.&nbsp;<\/strong><span style=\"color: #444444; font-family: Tahoma, Geneva, sans-serif; font-size: 12px; line-height: 18px;\">&nbsp;<\/span><strong style=\"color: #444444; font-family: Tahoma, Geneva, sans-serif; font-size: 12px; line-height: 18px; margin: 0px; padding: 0px;\">&#8220;Eu tenho dito que n\u00e3o pensamos em projeto de poder pelo poder. O processo pol\u00edtico se resumindo a elei\u00e7\u00f5es, ainda que sejam fundamentais. O que precisa para o Brasil \u00e9 uma agenda estrat\u00e9gica, um compromisso de que o nosso pa\u00eds vai colocar l\u00f3gica de longo prazo. Iniciar processo de governabilidade program\u00e1tica, em vez de governabilidade pragm\u00e1tica, distribuindo Estado em cargo aos partidos&#8221;, condenou durante a cerim\u00f4nia realizada no&nbsp;Hotel Nacional, em Bras\u00edlia.&nbsp;<\/strong><strong style=\"color: #444444; font-family: Tahoma, Geneva, sans-serif; font-size: 12px; line-height: 18px; margin: 0px; padding: 0px;\">A nova socialista afirmou ainda que o PSB &#8220;\u00e9 um partido hist\u00f3rico com bandeiras hist\u00f3ricas&#8221;, e \u00e9 o seu &#8220;plano C&#8221;. \u201cPensei &#8216;acho que vou trabalhar plano C&#8217;. [..] Pensei &#8216;quem \u00e9 o plano C? \u00c9 o Eduardo Campos, \u00e9 o PSB. E por qu\u00ea? [&#8230;] Primeiro porque \u00e9 partido hist\u00f3rico, com bandeiras hist\u00f3ricas, e no dia da funda\u00e7\u00e3o nos mandou carta assinada por seu presidente, antecipando esse momento que talvez s\u00f3 Deus sabia\u201d, disse. Pela negocia\u00e7\u00e3o fechada diretamente entre o l\u00edder pernambucano e Marina, os dois se postulariam como &#8220;pr\u00e9-candidatos&#8221; ao pleito de 2014, sendo que a defini\u00e7\u00e3o do nome principal da chapa se daria no futuro, &#8220;sem ansiedade&#8221;. Entretanto, o coordenador executivo da Rede, Bazileu Margarido, revelou a Ag\u00eancia Estado que a nova socialista &#8220;se disporia&#8221; a ser vice de Campos por &#8220;reconhecer&#8221; a sua candidatura. &#8220;Vamos para chancelar o programa da Rede e, em uma discuss\u00e3o democr\u00e1tica, adensar uma candidatura que j\u00e1 est\u00e1 posta&#8221;, despistou. Fonte: Bahia Not\u00edcias.<\/strong><\/div>\n","protected":false},"excerpt":{"rendered":"<p>A ex-senadora Marina Silva oficializou, na tarde deste s\u00e1bado (5), sua filia\u00e7\u00e3o ao PSB, partido comandado pelo governador de Pernambuco e pr\u00e9-candidato \u00e0 presid\u00eancia da Rep\u00fablica, Eduardo Campos. Em discurso,&#8230;<\/p>\n","protected":false},"author":2,"featured_media":0,"comment_status":"open","ping_status":"open","sticky":false,"template":"","format":"standard","meta":{"_editorskit_title_hidden":false,"_editorskit_reading_time":0,"_editorskit_is_block_options_detached":false,"_editorskit_block_options_position":"{}","om_disable_all_campaigns":false,"_mi_skip_tracking":false,"_kad_post_transparent":"","_kad_post_title":"","_kad_post_layout":"","_kad_post_sidebar_id":"","_kad_post_content_style":"","_kad_post_vertical_padding":"","_kad_post_feature":"","_kad_post_feature_position":"","_kad_post_header":false,"_kad_post_footer":false,"footnotes":""},"categories":[1],"tags":[],"class_list":["post-26654","post","type-post","status-publish","format-standard","hentry","category-destaques"],"yoast_head":"<!-- This site is optimized with the Yoast SEO plugin v20.5 - https:\/\/yoast.com\/wordpress\/plugins\/seo\/ -->\n<title>MARINA SILVA OFICIALIZA FILIA\u00c7\u00c3O AO PSB. - blog do er\u00ea<\/title>\n<meta name=\"robots\" content=\"index, follow, max-snippet:-1, max-image-preview:large, max-video-preview:-1\" \/>\n<link rel=\"canonical\" href=\"https:\/\/blogdoere.com.br\/?p=26654\" \/>\n<meta property=\"og:locale\" content=\"pt_PT\" \/>\n<meta property=\"og:type\" content=\"article\" \/>\n<meta property=\"og:title\" content=\"MARINA SILVA OFICIALIZA FILIA\u00c7\u00c3O AO PSB. - blog do er\u00ea\" \/>\n<meta property=\"og:description\" content=\"A ex-senadora Marina Silva oficializou, na tarde deste s\u00e1bado (5), sua filia\u00e7\u00e3o ao PSB, partido comandado pelo governador de Pernambuco e pr\u00e9-candidato \u00e0 presid\u00eancia da Rep\u00fablica, Eduardo Campos. Em discurso,...\" \/>\n<meta property=\"og:url\" content=\"https:\/\/blogdoere.com.br\/?p=26654\" \/>\n<meta property=\"og:site_name\" content=\"blog do er\u00ea\" \/>\n<meta property=\"article:published_time\" content=\"2013-10-05T23:31:00+00:00\" \/>\n<meta property=\"og:image\" content=\"http:\/\/www.bahianoticias.com.br\/fotos\/principal_noticias\/144628\/xIMAGEM_NOTICIA_5.jpg.pagespeed.ic.UuUKRHcmVA.jpg\" \/>\n<meta name=\"author\" content=\"Ere\" \/>\n<meta name=\"twitter:card\" content=\"summary_large_image\" \/>\n<meta name=\"twitter:label1\" content=\"Escrito por\" \/>\n\t<meta name=\"twitter:data1\" content=\"Ere\" \/>\n\t<meta name=\"twitter:label2\" content=\"Tempo estimado de leitura\" \/>\n\t<meta name=\"twitter:data2\" content=\"2 minutos\" \/>\n<script type=\"application\/ld+json\" class=\"yoast-schema-graph\">{\"@context\":\"https:\/\/schema.org\",\"@graph\":[{\"@type\":\"Article\",\"@id\":\"https:\/\/blogdoere.com.br\/?p=26654#article\",\"isPartOf\":{\"@id\":\"https:\/\/blogdoere.com.br\/?p=26654\"},\"author\":{\"name\":\"Ere\",\"@id\":\"https:\/\/blogdoere.com.br\/#\/schema\/person\/4b56ed2336cb28ae3415ce8ffe56742e\"},\"headline\":\"MARINA SILVA OFICIALIZA FILIA\u00c7\u00c3O AO PSB.\",\"datePublished\":\"2013-10-05T23:31:00+00:00\",\"dateModified\":\"2013-10-05T23:31:00+00:00\",\"mainEntityOfPage\":{\"@id\":\"https:\/\/blogdoere.com.br\/?p=26654\"},\"wordCount\":352,\"commentCount\":0,\"publisher\":{\"@id\":\"https:\/\/blogdoere.com.br\/#organization\"},\"articleSection\":[\"Destaques\"],\"inLanguage\":\"pt-PT\",\"potentialAction\":[{\"@type\":\"CommentAction\",\"name\":\"Comment\",\"target\":[\"https:\/\/blogdoere.com.br\/?p=26654#respond\"]}]},{\"@type\":\"WebPage\",\"@id\":\"https:\/\/blogdoere.com.br\/?p=26654\",\"url\":\"https:\/\/blogdoere.com.br\/?p=26654\",\"name\":\"MARINA SILVA OFICIALIZA FILIA\u00c7\u00c3O AO PSB. - blog do er\u00ea\",\"isPartOf\":{\"@id\":\"https:\/\/blogdoere.com.br\/#website\"},\"datePublished\":\"2013-10-05T23:31:00+00:00\",\"dateModified\":\"2013-10-05T23:31:00+00:00\",\"breadcrumb\":{\"@id\":\"https:\/\/blogdoere.com.br\/?p=26654#breadcrumb\"},\"inLanguage\":\"pt-PT\",\"potentialAction\":[{\"@type\":\"ReadAction\",\"target\":[\"https:\/\/blogdoere.com.br\/?p=26654\"]}]},{\"@type\":\"BreadcrumbList\",\"@id\":\"https:\/\/blogdoere.com.br\/?p=26654#breadcrumb\",\"itemListElement\":[{\"@type\":\"ListItem\",\"position\":1,\"name\":\"In\u00edcio\",\"item\":\"https:\/\/blogdoere.com.br\/\"},{\"@type\":\"ListItem\",\"position\":2,\"name\":\"MARINA SILVA OFICIALIZA FILIA\u00c7\u00c3O AO PSB.\"}]},{\"@type\":\"WebSite\",\"@id\":\"https:\/\/blogdoere.com.br\/#website\",\"url\":\"https:\/\/blogdoere.com.br\/\",\"name\":\"blog do er\u00ea\",\"description\":\"\",\"publisher\":{\"@id\":\"https:\/\/blogdoere.com.br\/#organization\"},\"potentialAction\":[{\"@type\":\"SearchAction\",\"target\":{\"@type\":\"EntryPoint\",\"urlTemplate\":\"https:\/\/blogdoere.com.br\/?s={search_term_string}\"},\"query-input\":\"required name=search_term_string\"}],\"inLanguage\":\"pt-PT\"},{\"@type\":\"Organization\",\"@id\":\"https:\/\/blogdoere.com.br\/#organization\",\"name\":\"Blog do Er\u00ea\",\"url\":\"https:\/\/blogdoere.com.br\/\",\"logo\":{\"@type\":\"ImageObject\",\"inLanguage\":\"pt-PT\",\"@id\":\"https:\/\/blogdoere.com.br\/#\/schema\/logo\/image\/\",\"url\":\"https:\/\/blogdoere.com.br\/wp-content\/uploads\/2021\/11\/Logo-Ere-1.png\",\"contentUrl\":\"https:\/\/blogdoere.com.br\/wp-content\/uploads\/2021\/11\/Logo-Ere-1.png\",\"width\":1261,\"height\":1330,\"caption\":\"Blog do Er\u00ea\"},\"image\":{\"@id\":\"https:\/\/blogdoere.com.br\/#\/schema\/logo\/image\/\"}},{\"@type\":\"Person\",\"@id\":\"https:\/\/blogdoere.com.br\/#\/schema\/person\/4b56ed2336cb28ae3415ce8ffe56742e\",\"name\":\"Ere\",\"image\":{\"@type\":\"ImageObject\",\"inLanguage\":\"pt-PT\",\"@id\":\"https:\/\/blogdoere.com.br\/#\/schema\/person\/image\/\",\"url\":\"https:\/\/secure.gravatar.com\/avatar\/?s=96&d=mm&r=g\",\"contentUrl\":\"https:\/\/secure.gravatar.com\/avatar\/?s=96&d=mm&r=g\",\"caption\":\"Ere\"}}]}<\/script>\n<!-- \/ Yoast SEO plugin. -->","yoast_head_json":{"title":"MARINA SILVA OFICIALIZA FILIA\u00c7\u00c3O AO PSB. - blog do er\u00ea","robots":{"index":"index","follow":"follow","max-snippet":"max-snippet:-1","max-image-preview":"max-image-preview:large","max-video-preview":"max-video-preview:-1"},"canonical":"https:\/\/blogdoere.com.br\/?p=26654","og_locale":"pt_PT","og_type":"article","og_title":"MARINA SILVA OFICIALIZA FILIA\u00c7\u00c3O AO PSB. - blog do er\u00ea","og_description":"A ex-senadora Marina Silva oficializou, na tarde deste s\u00e1bado (5), sua filia\u00e7\u00e3o ao PSB, partido comandado pelo governador de Pernambuco e pr\u00e9-candidato \u00e0 presid\u00eancia da Rep\u00fablica, Eduardo Campos. Em discurso,...","og_url":"https:\/\/blogdoere.com.br\/?p=26654","og_site_name":"blog do er\u00ea","article_published_time":"2013-10-05T23:31:00+00:00","og_image":[{"url":"http:\/\/www.bahianoticias.com.br\/fotos\/principal_noticias\/144628\/xIMAGEM_NOTICIA_5.jpg.pagespeed.ic.UuUKRHcmVA.jpg"}],"author":"Ere","twitter_card":"summary_large_image","twitter_misc":{"Escrito por":"Ere","Tempo estimado de leitura":"2 minutos"},"schema":{"@context":"https:\/\/schema.org","@graph":[{"@type":"Article","@id":"https:\/\/blogdoere.com.br\/?p=26654#article","isPartOf":{"@id":"https:\/\/blogdoere.com.br\/?p=26654"},"author":{"name":"Ere","@id":"https:\/\/blogdoere.com.br\/#\/schema\/person\/4b56ed2336cb28ae3415ce8ffe56742e"},"headline":"MARINA SILVA OFICIALIZA FILIA\u00c7\u00c3O AO PSB.","datePublished":"2013-10-05T23:31:00+00:00","dateModified":"2013-10-05T23:31:00+00:00","mainEntityOfPage":{"@id":"https:\/\/blogdoere.com.br\/?p=26654"},"wordCount":352,"commentCount":0,"publisher":{"@id":"https:\/\/blogdoere.com.br\/#organization"},"articleSection":["Destaques"],"inLanguage":"pt-PT","potentialAction":[{"@type":"CommentAction","name":"Comment","target":["https:\/\/blogdoere.com.br\/?p=26654#respond"]}]},{"@type":"WebPage","@id":"https:\/\/blogdoere.com.br\/?p=26654","url":"https:\/\/blogdoere.com.br\/?p=26654","name":"MARINA SILVA OFICIALIZA FILIA\u00c7\u00c3O AO PSB. - blog do er\u00ea","isPartOf":{"@id":"https:\/\/blogdoere.com.br\/#website"},"datePublished":"2013-10-05T23:31:00+00:00","dateModified":"2013-10-05T23:31:00+00:00","breadcrumb":{"@id":"https:\/\/blogdoere.com.br\/?p=26654#breadcrumb"},"inLanguage":"pt-PT","potentialAction":[{"@type":"ReadAction","target":["https:\/\/blogdoere.com.br\/?p=26654"]}]},{"@type":"BreadcrumbList","@id":"https:\/\/blogdoere.com.br\/?p=26654#breadcrumb","itemListElement":[{"@type":"ListItem","position":1,"name":"In\u00edcio","item":"https:\/\/blogdoere.com.br\/"},{"@type":"ListItem","position":2,"name":"MARINA SILVA OFICIALIZA FILIA\u00c7\u00c3O AO PSB."}]},{"@type":"WebSite","@id":"https:\/\/blogdoere.com.br\/#website","url":"https:\/\/blogdoere.com.br\/","name":"blog do er\u00ea","description":"","publisher":{"@id":"https:\/\/blogdoere.com.br\/#organization"},"potentialAction":[{"@type":"SearchAction","target":{"@type":"EntryPoint","urlTemplate":"https:\/\/blogdoere.com.br\/?s={search_term_string}"},"query-input":"required name=search_term_string"}],"inLanguage":"pt-PT"},{"@type":"Organization","@id":"https:\/\/blogdoere.com.br\/#organization","name":"Blog do Er\u00ea","url":"https:\/\/blogdoere.com.br\/","logo":{"@type":"ImageObject","inLanguage":"pt-PT","@id":"https:\/\/blogdoere.com.br\/#\/schema\/logo\/image\/","url":"https:\/\/blogdoere.com.br\/wp-content\/uploads\/2021\/11\/Logo-Ere-1.png","contentUrl":"https:\/\/blogdoere.com.br\/wp-content\/uploads\/2021\/11\/Logo-Ere-1.png","width":1261,"height":1330,"caption":"Blog do Er\u00ea"},"image":{"@id":"https:\/\/blogdoere.com.br\/#\/schema\/logo\/image\/"}},{"@type":"Person","@id":"https:\/\/blogdoere.com.br\/#\/schema\/person\/4b56ed2336cb28ae3415ce8ffe56742e","name":"Ere","image":{"@type":"ImageObject","inLanguage":"pt-PT","@id":"https:\/\/blogdoere.com.br\/#\/schema\/person\/image\/","url":"https:\/\/secure.gravatar.com\/avatar\/?s=96&d=mm&r=g","contentUrl":"https:\/\/secure.gravatar.com\/avatar\/?s=96&d=mm&r=g","caption":"Ere"}}]}},"featured_image_urls":{"full":"","thumbnail":"","medium":"","medium_large":"","large":"","1536x1536":"","2048x2048":""},"author_info":{"display_name":"Ere","author_link":"https:\/\/blogdoere.com.br\/?author=2"},"category_info":"<a href=\"https:\/\/blogdoere.com.br\/?cat=1\" rel=\"category\">Destaques<\/a>","tag_info":"Destaques","comment_count":"0","_links":{"self":[{"href":"https:\/\/blogdoere.com.br\/index.php?rest_route=\/wp\/v2\/posts\/26654","targetHints":{"allow":["GET"]}}],"collection":[{"href":"https:\/\/blogdoere.com.br\/index.php?rest_route=\/wp\/v2\/posts"}],"about":[{"href":"https:\/\/blogdoere.com.br\/index.php?rest_route=\/wp\/v2\/types\/post"}],"author":[{"embeddable":true,"href":"https:\/\/blogdoere.com.br\/index.php?rest_route=\/wp\/v2\/users\/2"}],"replies":[{"embeddable":true,"href":"https:\/\/blogdoere.com.br\/index.php?rest_route=%2Fwp%2Fv2%2Fcomments&post=26654"}],"version-history":[{"count":0,"href":"https:\/\/blogdoere.com.br\/index.php?rest_route=\/wp\/v2\/posts\/26654\/revisions"}],"wp:attachment":[{"href":"https:\/\/blogdoere.com.br\/index.php?rest_route=%2Fwp%2Fv2%2Fmedia&parent=26654"}],"wp:term":[{"taxonomy":"category","embeddable":true,"href":"https:\/\/blogdoere.com.br\/index.php?rest_route=%2Fwp%2Fv2%2Fcategories&post=26654"},{"taxonomy":"post_tag","embeddable":true,"href":"https:\/\/blogdoere.com.br\/index.php?rest_route=%2Fwp%2Fv2%2Ftags&post=26654"}],"curies":[{"name":"wp","href":"https:\/\/api.w.org\/{rel}","templated":true}]}}