{"id":26658,"date":"2013-10-01T22:47:00","date_gmt":"2013-10-01T22:47:00","guid":{"rendered":"http:\/\/blogdoere.com.br\/?p=26658"},"modified":"2013-10-01T22:47:00","modified_gmt":"2013-10-01T22:47:00","slug":"itajuipe-prefeitura-realiza-audiencia-publica-do-2-quadrimestre-do-exercicio-financeiro","status":"publish","type":"post","link":"https:\/\/blogdoere.com.br\/?p=26658","title":{"rendered":"ITAJU\u00cdPE: PREFEITURA REALIZA AUDI\u00caNCIA P\u00daBLICA DO 2\u00b0 QUADRIMESTRE DO EXERC\u00cdCIO FINANCEIRO."},"content":{"rendered":"<p><\/p>\n<div style=\"clear: both; text-align: center;\"><\/div>\n<div style=\"margin-left: 1em; margin-right: 1em; text-align: center;\"><img decoding=\"async\" height=\"214\" src=\"http:\/\/1.bp.blogspot.com\/-ElS7WXdgTYk\/UksAyB47RYI\/AAAAAAAAFyM\/ljwAl74KE1k\/s320\/FOTOS+-+CL%C3%81UDIO+SANTOS+-+UNA+89+075.jpg\" width=\"320\" \/><\/div>\n<p><\/p>\n<div style=\"clear: left; float: left; margin-bottom: 1em; margin-right: 1em; text-align: justify;\"><\/div>\n<p><\/p>\n<div style=\"text-align: justify;\"><span style=\"font-size: 14.0pt; line-height: 115%;\">Em obsev\u00e2ncia a Lei de Responsabilidade Fiscal&nbsp; a Prefeitura de Itajuipe realizou ontem (30) no pr\u00e9dio da C\u00e2mara de Vereadores, \u201cAudi\u00eancia P\u00fablica\u201d para avalia\u00e7\u00e3o do cumprimento de metas fiscais do 2\u00b0 quadrimestre do exerc\u00edcio financeiro de 2013. Na oportunidade, o Controlador Geral do Munic\u00edpio, Antoniester Gon\u00e7alves Matos e Hamaiana Rios consultora da Conciso&nbsp; Assessoria Cont\u00e1bil,&nbsp; apresentaram durante o evento p\u00fablico os demonstrativos de cumprimento das metas fiscais. Antoniester tamb\u00e9m exp\u00f4s&nbsp;<\/span><span style=\"font-size: 19px; line-height: 21px;\">ao p\u00fablico presente,<\/span><span style=\"font-size: 14pt; line-height: 115%;\">&nbsp;&nbsp;relat\u00f3rios de todas as realiza\u00e7\u00f5es das secretarias&nbsp; ao longo do primeiro semestre. A prefeita Gilka Badar\u00f3 (PSB) lamentou a queda de arrecada\u00e7\u00e3o que vem enfrentando os munic\u00edpios. \u201cEstamos enfrentando desafios; mesmo com oscila\u00e7\u00f5es de receitas, vamos continuar zelando da coisa p\u00fablica cumprindo minha obriga\u00e7\u00e3o como gestora deste munic\u00edpio\u201d \u2013 Declarou a Prefeita<\/span><\/div>\n","protected":false},"excerpt":{"rendered":"<p>Em obsev\u00e2ncia a Lei de Responsabilidade Fiscal&nbsp; a Prefeitura de Itajuipe realizou ontem (30) no pr\u00e9dio da C\u00e2mara de Vereadores, \u201cAudi\u00eancia P\u00fablica\u201d para avalia\u00e7\u00e3o do cumprimento de metas fiscais do&#8230;<\/p>\n","protected":false},"author":2,"featured_media":0,"comment_status":"open","ping_status":"open","sticky":false,"template":"","format":"standard","meta":{"_editorskit_title_hidden":false,"_editorskit_reading_time":0,"_editorskit_is_block_options_detached":false,"_editorskit_block_options_position":"{}","om_disable_all_campaigns":false,"_mi_skip_tracking":false,"_kad_post_transparent":"","_kad_post_title":"","_kad_post_layout":"","_kad_post_sidebar_id":"","_kad_post_content_style":"","_kad_post_vertical_padding":"","_kad_post_feature":"","_kad_post_feature_position":"","_kad_post_header":false,"_kad_post_footer":false,"footnotes":""},"categories":[1],"tags":[],"class_list":["post-26658","post","type-post","status-publish","format-standard","hentry","category-destaques"],"yoast_head":"<!-- This site is optimized with the Yoast SEO plugin v20.5 - https:\/\/yoast.com\/wordpress\/plugins\/seo\/ -->\n<title>ITAJU\u00cdPE: PREFEITURA REALIZA AUDI\u00caNCIA P\u00daBLICA DO 2\u00b0 QUADRIMESTRE DO EXERC\u00cdCIO FINANCEIRO. - blog do er\u00ea<\/title>\n<meta name=\"robots\" content=\"index, follow, max-snippet:-1, max-image-preview:large, max-video-preview:-1\" \/>\n<link rel=\"canonical\" href=\"https:\/\/blogdoere.com.br\/?p=26658\" \/>\n<meta property=\"og:locale\" content=\"pt_PT\" \/>\n<meta property=\"og:type\" content=\"article\" \/>\n<meta property=\"og:title\" content=\"ITAJU\u00cdPE: PREFEITURA REALIZA AUDI\u00caNCIA P\u00daBLICA DO 2\u00b0 QUADRIMESTRE DO EXERC\u00cdCIO FINANCEIRO. - blog do er\u00ea\" \/>\n<meta property=\"og:description\" content=\"Em obsev\u00e2ncia a Lei de Responsabilidade Fiscal&nbsp; a Prefeitura de Itajuipe realizou ontem (30) no pr\u00e9dio da C\u00e2mara de Vereadores, \u201cAudi\u00eancia P\u00fablica\u201d para avalia\u00e7\u00e3o do cumprimento de metas fiscais do...\" \/>\n<meta property=\"og:url\" content=\"https:\/\/blogdoere.com.br\/?p=26658\" \/>\n<meta property=\"og:site_name\" content=\"blog do er\u00ea\" \/>\n<meta property=\"article:published_time\" content=\"2013-10-01T22:47:00+00:00\" \/>\n<meta property=\"og:image\" content=\"http:\/\/1.bp.blogspot.com\/-ElS7WXdgTYk\/UksAyB47RYI\/AAAAAAAAFyM\/ljwAl74KE1k\/s320\/FOTOS+-+CL%C3%81UDIO+SANTOS+-+UNA+89+075.jpg\" \/>\n<meta name=\"author\" content=\"Ere\" \/>\n<meta name=\"twitter:card\" content=\"summary_large_image\" \/>\n<meta name=\"twitter:label1\" content=\"Escrito por\" \/>\n\t<meta name=\"twitter:data1\" content=\"Ere\" \/>\n\t<meta name=\"twitter:label2\" content=\"Tempo estimado de leitura\" \/>\n\t<meta name=\"twitter:data2\" content=\"1 minuto\" \/>\n<script type=\"application\/ld+json\" class=\"yoast-schema-graph\">{\"@context\":\"https:\/\/schema.org\",\"@graph\":[{\"@type\":\"Article\",\"@id\":\"https:\/\/blogdoere.com.br\/?p=26658#article\",\"isPartOf\":{\"@id\":\"https:\/\/blogdoere.com.br\/?p=26658\"},\"author\":{\"name\":\"Ere\",\"@id\":\"https:\/\/blogdoere.com.br\/#\/schema\/person\/4b56ed2336cb28ae3415ce8ffe56742e\"},\"headline\":\"ITAJU\u00cdPE: PREFEITURA REALIZA AUDI\u00caNCIA P\u00daBLICA DO 2\u00b0 QUADRIMESTRE DO EXERC\u00cdCIO FINANCEIRO.\",\"datePublished\":\"2013-10-01T22:47:00+00:00\",\"dateModified\":\"2013-10-01T22:47:00+00:00\",\"mainEntityOfPage\":{\"@id\":\"https:\/\/blogdoere.com.br\/?p=26658\"},\"wordCount\":164,\"commentCount\":0,\"publisher\":{\"@id\":\"https:\/\/blogdoere.com.br\/#organization\"},\"articleSection\":[\"Destaques\"],\"inLanguage\":\"pt-PT\",\"potentialAction\":[{\"@type\":\"CommentAction\",\"name\":\"Comment\",\"target\":[\"https:\/\/blogdoere.com.br\/?p=26658#respond\"]}]},{\"@type\":\"WebPage\",\"@id\":\"https:\/\/blogdoere.com.br\/?p=26658\",\"url\":\"https:\/\/blogdoere.com.br\/?p=26658\",\"name\":\"ITAJU\u00cdPE: PREFEITURA REALIZA AUDI\u00caNCIA P\u00daBLICA DO 2\u00b0 QUADRIMESTRE DO EXERC\u00cdCIO FINANCEIRO. - blog do er\u00ea\",\"isPartOf\":{\"@id\":\"https:\/\/blogdoere.com.br\/#website\"},\"datePublished\":\"2013-10-01T22:47:00+00:00\",\"dateModified\":\"2013-10-01T22:47:00+00:00\",\"breadcrumb\":{\"@id\":\"https:\/\/blogdoere.com.br\/?p=26658#breadcrumb\"},\"inLanguage\":\"pt-PT\",\"potentialAction\":[{\"@type\":\"ReadAction\",\"target\":[\"https:\/\/blogdoere.com.br\/?p=26658\"]}]},{\"@type\":\"BreadcrumbList\",\"@id\":\"https:\/\/blogdoere.com.br\/?p=26658#breadcrumb\",\"itemListElement\":[{\"@type\":\"ListItem\",\"position\":1,\"name\":\"In\u00edcio\",\"item\":\"https:\/\/blogdoere.com.br\/\"},{\"@type\":\"ListItem\",\"position\":2,\"name\":\"ITAJU\u00cdPE: PREFEITURA REALIZA AUDI\u00caNCIA P\u00daBLICA DO 2\u00b0 QUADRIMESTRE DO EXERC\u00cdCIO FINANCEIRO.\"}]},{\"@type\":\"WebSite\",\"@id\":\"https:\/\/blogdoere.com.br\/#website\",\"url\":\"https:\/\/blogdoere.com.br\/\",\"name\":\"blog do er\u00ea\",\"description\":\"\",\"publisher\":{\"@id\":\"https:\/\/blogdoere.com.br\/#organization\"},\"potentialAction\":[{\"@type\":\"SearchAction\",\"target\":{\"@type\":\"EntryPoint\",\"urlTemplate\":\"https:\/\/blogdoere.com.br\/?s={search_term_string}\"},\"query-input\":\"required name=search_term_string\"}],\"inLanguage\":\"pt-PT\"},{\"@type\":\"Organization\",\"@id\":\"https:\/\/blogdoere.com.br\/#organization\",\"name\":\"Blog do Er\u00ea\",\"url\":\"https:\/\/blogdoere.com.br\/\",\"logo\":{\"@type\":\"ImageObject\",\"inLanguage\":\"pt-PT\",\"@id\":\"https:\/\/blogdoere.com.br\/#\/schema\/logo\/image\/\",\"url\":\"https:\/\/blogdoere.com.br\/wp-content\/uploads\/2021\/11\/Logo-Ere-1.png\",\"contentUrl\":\"https:\/\/blogdoere.com.br\/wp-content\/uploads\/2021\/11\/Logo-Ere-1.png\",\"width\":1261,\"height\":1330,\"caption\":\"Blog do Er\u00ea\"},\"image\":{\"@id\":\"https:\/\/blogdoere.com.br\/#\/schema\/logo\/image\/\"}},{\"@type\":\"Person\",\"@id\":\"https:\/\/blogdoere.com.br\/#\/schema\/person\/4b56ed2336cb28ae3415ce8ffe56742e\",\"name\":\"Ere\",\"image\":{\"@type\":\"ImageObject\",\"inLanguage\":\"pt-PT\",\"@id\":\"https:\/\/blogdoere.com.br\/#\/schema\/person\/image\/\",\"url\":\"https:\/\/secure.gravatar.com\/avatar\/?s=96&d=mm&r=g\",\"contentUrl\":\"https:\/\/secure.gravatar.com\/avatar\/?s=96&d=mm&r=g\",\"caption\":\"Ere\"}}]}<\/script>\n<!-- \/ Yoast SEO plugin. -->","yoast_head_json":{"title":"ITAJU\u00cdPE: PREFEITURA REALIZA AUDI\u00caNCIA P\u00daBLICA DO 2\u00b0 QUADRIMESTRE DO EXERC\u00cdCIO FINANCEIRO. - blog do er\u00ea","robots":{"index":"index","follow":"follow","max-snippet":"max-snippet:-1","max-image-preview":"max-image-preview:large","max-video-preview":"max-video-preview:-1"},"canonical":"https:\/\/blogdoere.com.br\/?p=26658","og_locale":"pt_PT","og_type":"article","og_title":"ITAJU\u00cdPE: PREFEITURA REALIZA AUDI\u00caNCIA P\u00daBLICA DO 2\u00b0 QUADRIMESTRE DO EXERC\u00cdCIO FINANCEIRO. - blog do er\u00ea","og_description":"Em obsev\u00e2ncia a Lei de Responsabilidade Fiscal&nbsp; a Prefeitura de Itajuipe realizou ontem (30) no pr\u00e9dio da C\u00e2mara de Vereadores, \u201cAudi\u00eancia P\u00fablica\u201d para avalia\u00e7\u00e3o do cumprimento de metas fiscais do...","og_url":"https:\/\/blogdoere.com.br\/?p=26658","og_site_name":"blog do er\u00ea","article_published_time":"2013-10-01T22:47:00+00:00","og_image":[{"url":"http:\/\/1.bp.blogspot.com\/-ElS7WXdgTYk\/UksAyB47RYI\/AAAAAAAAFyM\/ljwAl74KE1k\/s320\/FOTOS+-+CL%C3%81UDIO+SANTOS+-+UNA+89+075.jpg"}],"author":"Ere","twitter_card":"summary_large_image","twitter_misc":{"Escrito por":"Ere","Tempo estimado de leitura":"1 minuto"},"schema":{"@context":"https:\/\/schema.org","@graph":[{"@type":"Article","@id":"https:\/\/blogdoere.com.br\/?p=26658#article","isPartOf":{"@id":"https:\/\/blogdoere.com.br\/?p=26658"},"author":{"name":"Ere","@id":"https:\/\/blogdoere.com.br\/#\/schema\/person\/4b56ed2336cb28ae3415ce8ffe56742e"},"headline":"ITAJU\u00cdPE: PREFEITURA REALIZA AUDI\u00caNCIA P\u00daBLICA DO 2\u00b0 QUADRIMESTRE DO EXERC\u00cdCIO FINANCEIRO.","datePublished":"2013-10-01T22:47:00+00:00","dateModified":"2013-10-01T22:47:00+00:00","mainEntityOfPage":{"@id":"https:\/\/blogdoere.com.br\/?p=26658"},"wordCount":164,"commentCount":0,"publisher":{"@id":"https:\/\/blogdoere.com.br\/#organization"},"articleSection":["Destaques"],"inLanguage":"pt-PT","potentialAction":[{"@type":"CommentAction","name":"Comment","target":["https:\/\/blogdoere.com.br\/?p=26658#respond"]}]},{"@type":"WebPage","@id":"https:\/\/blogdoere.com.br\/?p=26658","url":"https:\/\/blogdoere.com.br\/?p=26658","name":"ITAJU\u00cdPE: PREFEITURA REALIZA AUDI\u00caNCIA P\u00daBLICA DO 2\u00b0 QUADRIMESTRE DO EXERC\u00cdCIO FINANCEIRO. - blog do er\u00ea","isPartOf":{"@id":"https:\/\/blogdoere.com.br\/#website"},"datePublished":"2013-10-01T22:47:00+00:00","dateModified":"2013-10-01T22:47:00+00:00","breadcrumb":{"@id":"https:\/\/blogdoere.com.br\/?p=26658#breadcrumb"},"inLanguage":"pt-PT","potentialAction":[{"@type":"ReadAction","target":["https:\/\/blogdoere.com.br\/?p=26658"]}]},{"@type":"BreadcrumbList","@id":"https:\/\/blogdoere.com.br\/?p=26658#breadcrumb","itemListElement":[{"@type":"ListItem","position":1,"name":"In\u00edcio","item":"https:\/\/blogdoere.com.br\/"},{"@type":"ListItem","position":2,"name":"ITAJU\u00cdPE: PREFEITURA REALIZA AUDI\u00caNCIA P\u00daBLICA DO 2\u00b0 QUADRIMESTRE DO EXERC\u00cdCIO FINANCEIRO."}]},{"@type":"WebSite","@id":"https:\/\/blogdoere.com.br\/#website","url":"https:\/\/blogdoere.com.br\/","name":"blog do er\u00ea","description":"","publisher":{"@id":"https:\/\/blogdoere.com.br\/#organization"},"potentialAction":[{"@type":"SearchAction","target":{"@type":"EntryPoint","urlTemplate":"https:\/\/blogdoere.com.br\/?s={search_term_string}"},"query-input":"required name=search_term_string"}],"inLanguage":"pt-PT"},{"@type":"Organization","@id":"https:\/\/blogdoere.com.br\/#organization","name":"Blog do Er\u00ea","url":"https:\/\/blogdoere.com.br\/","logo":{"@type":"ImageObject","inLanguage":"pt-PT","@id":"https:\/\/blogdoere.com.br\/#\/schema\/logo\/image\/","url":"https:\/\/blogdoere.com.br\/wp-content\/uploads\/2021\/11\/Logo-Ere-1.png","contentUrl":"https:\/\/blogdoere.com.br\/wp-content\/uploads\/2021\/11\/Logo-Ere-1.png","width":1261,"height":1330,"caption":"Blog do Er\u00ea"},"image":{"@id":"https:\/\/blogdoere.com.br\/#\/schema\/logo\/image\/"}},{"@type":"Person","@id":"https:\/\/blogdoere.com.br\/#\/schema\/person\/4b56ed2336cb28ae3415ce8ffe56742e","name":"Ere","image":{"@type":"ImageObject","inLanguage":"pt-PT","@id":"https:\/\/blogdoere.com.br\/#\/schema\/person\/image\/","url":"https:\/\/secure.gravatar.com\/avatar\/?s=96&d=mm&r=g","contentUrl":"https:\/\/secure.gravatar.com\/avatar\/?s=96&d=mm&r=g","caption":"Ere"}}]}},"featured_image_urls":{"full":"","thumbnail":"","medium":"","medium_large":"","large":"","1536x1536":"","2048x2048":""},"author_info":{"display_name":"Ere","author_link":"https:\/\/blogdoere.com.br\/?author=2"},"category_info":"<a href=\"https:\/\/blogdoere.com.br\/?cat=1\" rel=\"category\">Destaques<\/a>","tag_info":"Destaques","comment_count":"0","_links":{"self":[{"href":"https:\/\/blogdoere.com.br\/index.php?rest_route=\/wp\/v2\/posts\/26658","targetHints":{"allow":["GET"]}}],"collection":[{"href":"https:\/\/blogdoere.com.br\/index.php?rest_route=\/wp\/v2\/posts"}],"about":[{"href":"https:\/\/blogdoere.com.br\/index.php?rest_route=\/wp\/v2\/types\/post"}],"author":[{"embeddable":true,"href":"https:\/\/blogdoere.com.br\/index.php?rest_route=\/wp\/v2\/users\/2"}],"replies":[{"embeddable":true,"href":"https:\/\/blogdoere.com.br\/index.php?rest_route=%2Fwp%2Fv2%2Fcomments&post=26658"}],"version-history":[{"count":0,"href":"https:\/\/blogdoere.com.br\/index.php?rest_route=\/wp\/v2\/posts\/26658\/revisions"}],"wp:attachment":[{"href":"https:\/\/blogdoere.com.br\/index.php?rest_route=%2Fwp%2Fv2%2Fmedia&parent=26658"}],"wp:term":[{"taxonomy":"category","embeddable":true,"href":"https:\/\/blogdoere.com.br\/index.php?rest_route=%2Fwp%2Fv2%2Fcategories&post=26658"},{"taxonomy":"post_tag","embeddable":true,"href":"https:\/\/blogdoere.com.br\/index.php?rest_route=%2Fwp%2Fv2%2Ftags&post=26658"}],"curies":[{"name":"wp","href":"https:\/\/api.w.org\/{rel}","templated":true}]}}