{"id":26663,"date":"2013-09-29T21:57:00","date_gmt":"2013-09-29T21:57:00","guid":{"rendered":"http:\/\/blogdoere.com.br\/?p=26663"},"modified":"2013-09-29T21:57:00","modified_gmt":"2013-09-29T21:57:00","slug":"selecao-de-itajuipe-goleia-valenca-enfrenta-urucuca-proximo-domingo-no-ferreirao","status":"publish","type":"post","link":"https:\/\/blogdoere.com.br\/?p=26663","title":{"rendered":"SELE\u00c7\u00c3O DE ITAJU\u00cdPE GOLEIA VALEN\u00c7A , ENFRENTA  URU\u00c7UCA PR\u00d3XIMO DOMINGO NO FERREIR\u00c3O."},"content":{"rendered":"<div style=\"clear: both; text-align: center;\"><\/div>\n<div style=\"clear: both; text-align: center;\"><\/div>\n<div style=\"margin-left: 1em; margin-right: 1em;\">\n<div style=\"text-align: center;\"><img decoding=\"async\" alt=\"Foto: Itajuipe 2x0 Valenca.\" height=\"213\" src=\"https:\/\/fbcdn-sphotos-g-a.akamaihd.net\/hphotos-ak-prn2\/p480x480\/1379920_667888693222991_1967035076_n.jpg\" width=\"320\" \/><\/div>\n<\/div>\n<p><\/p>\n<div style=\"margin-left: 1em; margin-right: 1em;\"><\/div>\n<div style=\"margin-left: 1em; margin-right: 1em;\"><\/div>\n<div style=\"clear: both; text-align: center;\"><\/div>\n<div style=\"text-align: justify;\"><span style=\"font-size: 14.0pt; line-height: 115%;\">A Sele\u00e7\u00e3o de Itaju\u00edpe jogando dentro de casa (est\u00e1dio Humberto Badar\u00f3), na ultima partida da fase \u201cmata-mata\u201d neste domingo(29\/09), derrotou mais uma vez o time de Valen\u00e7a &nbsp;pelo placar 5 a 0, gols de Minho (2), Rondinelli, Lei e Celso. Com este resultado, o time &nbsp;itajuipense volta &nbsp;enfrentar&nbsp; Uru\u00e7uca no pr\u00f3ximo domingo (06\/10) no est\u00e1dio \u201cFerreir\u00e3o\u201d em primeira partida da fase \u201cmata-mata\u201d entre os dois selecionados.&nbsp; Na primeira fase do certame, Itaju\u00edpe levou a melhor, empatou em 0 x 0 jogando no dom\u00ednio uru\u00e7uquense e&nbsp; aplicou 3 x 0, jogando dentro de casa com o apoio da torcida que veste verde e branco.<a href=\"http:\/\/www.ubaitabanoticiasagora.com\/2010\/10\/itajuipe-selecao-de-itajuipe-da.html\">Leia mais no Ubaitaba Not\u00edcia Agora.<\/a><o:p><\/o:p><\/span><\/p>\n<div style=\"text-align: center;\"><span style=\"font-size: 14.0pt; line-height: 115%;\"><br \/><\/span><\/div>\n<\/div>\n<div style=\"clear: both; text-align: center;\"><\/div>\n<div style=\"margin-left: 1em; margin-right: 1em;\">\n<div style=\"text-align: center;\"><img decoding=\"async\" height=\"212\" src=\"https:\/\/fbcdn-sphotos-h-a.akamaihd.net\/hphotos-ak-prn1\/945978_647582868586907_1551768520_n.jpg\" width=\"320\" \/>&nbsp;<\/div>\n<\/div>\n<p><\/p>\n<div style=\"margin-left: 1em; margin-right: 1em;\"><\/div>\n<p><\/p>\n<div style=\"text-align: justify;\"><span style=\"font-size: 14.0pt; line-height: 115%;\"><o:p><\/o:p><\/span><\/div>\n","protected":false},"excerpt":{"rendered":"<p>A Sele\u00e7\u00e3o de Itaju\u00edpe jogando dentro de casa (est\u00e1dio Humberto Badar\u00f3), na ultima partida da fase \u201cmata-mata\u201d neste domingo(29\/09), derrotou mais uma vez o time de Valen\u00e7a &nbsp;pelo placar 5&#8230;<\/p>\n","protected":false},"author":2,"featured_media":0,"comment_status":"open","ping_status":"open","sticky":false,"template":"","format":"standard","meta":{"_editorskit_title_hidden":false,"_editorskit_reading_time":0,"_editorskit_is_block_options_detached":false,"_editorskit_block_options_position":"{}","om_disable_all_campaigns":false,"_mi_skip_tracking":false,"_kad_post_transparent":"","_kad_post_title":"","_kad_post_layout":"","_kad_post_sidebar_id":"","_kad_post_content_style":"","_kad_post_vertical_padding":"","_kad_post_feature":"","_kad_post_feature_position":"","_kad_post_header":false,"_kad_post_footer":false,"footnotes":""},"categories":[1],"tags":[],"class_list":["post-26663","post","type-post","status-publish","format-standard","hentry","category-destaques"],"yoast_head":"<!-- This site is optimized with the Yoast SEO plugin v20.5 - https:\/\/yoast.com\/wordpress\/plugins\/seo\/ -->\n<title>SELE\u00c7\u00c3O DE ITAJU\u00cdPE GOLEIA VALEN\u00c7A , ENFRENTA URU\u00c7UCA PR\u00d3XIMO DOMINGO NO FERREIR\u00c3O. - blog do er\u00ea<\/title>\n<meta name=\"robots\" content=\"index, follow, max-snippet:-1, max-image-preview:large, max-video-preview:-1\" \/>\n<link rel=\"canonical\" href=\"https:\/\/blogdoere.com.br\/?p=26663\" \/>\n<meta property=\"og:locale\" content=\"pt_PT\" \/>\n<meta property=\"og:type\" content=\"article\" \/>\n<meta property=\"og:title\" content=\"SELE\u00c7\u00c3O DE ITAJU\u00cdPE GOLEIA VALEN\u00c7A , ENFRENTA URU\u00c7UCA PR\u00d3XIMO DOMINGO NO FERREIR\u00c3O. - blog do er\u00ea\" \/>\n<meta property=\"og:description\" content=\"A Sele\u00e7\u00e3o de Itaju\u00edpe jogando dentro de casa (est\u00e1dio Humberto Badar\u00f3), na ultima partida da fase \u201cmata-mata\u201d neste domingo(29\/09), derrotou mais uma vez o time de Valen\u00e7a &nbsp;pelo placar 5...\" \/>\n<meta property=\"og:url\" content=\"https:\/\/blogdoere.com.br\/?p=26663\" \/>\n<meta property=\"og:site_name\" content=\"blog do er\u00ea\" \/>\n<meta property=\"article:published_time\" content=\"2013-09-29T21:57:00+00:00\" \/>\n<meta property=\"og:image\" content=\"https:\/\/fbcdn-sphotos-g-a.akamaihd.net\/hphotos-ak-prn2\/p480x480\/1379920_667888693222991_1967035076_n.jpg\" \/>\n<meta name=\"author\" content=\"Ere\" \/>\n<meta name=\"twitter:card\" content=\"summary_large_image\" \/>\n<meta name=\"twitter:label1\" content=\"Escrito por\" \/>\n\t<meta name=\"twitter:data1\" content=\"Ere\" \/>\n\t<meta name=\"twitter:label2\" content=\"Tempo estimado de leitura\" \/>\n\t<meta name=\"twitter:data2\" content=\"1 minuto\" \/>\n<script type=\"application\/ld+json\" class=\"yoast-schema-graph\">{\"@context\":\"https:\/\/schema.org\",\"@graph\":[{\"@type\":\"Article\",\"@id\":\"https:\/\/blogdoere.com.br\/?p=26663#article\",\"isPartOf\":{\"@id\":\"https:\/\/blogdoere.com.br\/?p=26663\"},\"author\":{\"name\":\"Ere\",\"@id\":\"https:\/\/blogdoere.com.br\/#\/schema\/person\/4b56ed2336cb28ae3415ce8ffe56742e\"},\"headline\":\"SELE\u00c7\u00c3O DE ITAJU\u00cdPE GOLEIA VALEN\u00c7A , ENFRENTA URU\u00c7UCA PR\u00d3XIMO DOMINGO NO FERREIR\u00c3O.\",\"datePublished\":\"2013-09-29T21:57:00+00:00\",\"dateModified\":\"2013-09-29T21:57:00+00:00\",\"mainEntityOfPage\":{\"@id\":\"https:\/\/blogdoere.com.br\/?p=26663\"},\"wordCount\":137,\"commentCount\":0,\"publisher\":{\"@id\":\"https:\/\/blogdoere.com.br\/#organization\"},\"articleSection\":[\"Destaques\"],\"inLanguage\":\"pt-PT\",\"potentialAction\":[{\"@type\":\"CommentAction\",\"name\":\"Comment\",\"target\":[\"https:\/\/blogdoere.com.br\/?p=26663#respond\"]}]},{\"@type\":\"WebPage\",\"@id\":\"https:\/\/blogdoere.com.br\/?p=26663\",\"url\":\"https:\/\/blogdoere.com.br\/?p=26663\",\"name\":\"SELE\u00c7\u00c3O DE ITAJU\u00cdPE GOLEIA VALEN\u00c7A , ENFRENTA URU\u00c7UCA PR\u00d3XIMO DOMINGO NO FERREIR\u00c3O. - blog do er\u00ea\",\"isPartOf\":{\"@id\":\"https:\/\/blogdoere.com.br\/#website\"},\"datePublished\":\"2013-09-29T21:57:00+00:00\",\"dateModified\":\"2013-09-29T21:57:00+00:00\",\"breadcrumb\":{\"@id\":\"https:\/\/blogdoere.com.br\/?p=26663#breadcrumb\"},\"inLanguage\":\"pt-PT\",\"potentialAction\":[{\"@type\":\"ReadAction\",\"target\":[\"https:\/\/blogdoere.com.br\/?p=26663\"]}]},{\"@type\":\"BreadcrumbList\",\"@id\":\"https:\/\/blogdoere.com.br\/?p=26663#breadcrumb\",\"itemListElement\":[{\"@type\":\"ListItem\",\"position\":1,\"name\":\"In\u00edcio\",\"item\":\"https:\/\/blogdoere.com.br\/\"},{\"@type\":\"ListItem\",\"position\":2,\"name\":\"SELE\u00c7\u00c3O DE ITAJU\u00cdPE GOLEIA VALEN\u00c7A , ENFRENTA URU\u00c7UCA PR\u00d3XIMO DOMINGO NO FERREIR\u00c3O.\"}]},{\"@type\":\"WebSite\",\"@id\":\"https:\/\/blogdoere.com.br\/#website\",\"url\":\"https:\/\/blogdoere.com.br\/\",\"name\":\"blog do er\u00ea\",\"description\":\"\",\"publisher\":{\"@id\":\"https:\/\/blogdoere.com.br\/#organization\"},\"potentialAction\":[{\"@type\":\"SearchAction\",\"target\":{\"@type\":\"EntryPoint\",\"urlTemplate\":\"https:\/\/blogdoere.com.br\/?s={search_term_string}\"},\"query-input\":\"required name=search_term_string\"}],\"inLanguage\":\"pt-PT\"},{\"@type\":\"Organization\",\"@id\":\"https:\/\/blogdoere.com.br\/#organization\",\"name\":\"Blog do Er\u00ea\",\"url\":\"https:\/\/blogdoere.com.br\/\",\"logo\":{\"@type\":\"ImageObject\",\"inLanguage\":\"pt-PT\",\"@id\":\"https:\/\/blogdoere.com.br\/#\/schema\/logo\/image\/\",\"url\":\"https:\/\/blogdoere.com.br\/wp-content\/uploads\/2021\/11\/Logo-Ere-1.png\",\"contentUrl\":\"https:\/\/blogdoere.com.br\/wp-content\/uploads\/2021\/11\/Logo-Ere-1.png\",\"width\":1261,\"height\":1330,\"caption\":\"Blog do Er\u00ea\"},\"image\":{\"@id\":\"https:\/\/blogdoere.com.br\/#\/schema\/logo\/image\/\"}},{\"@type\":\"Person\",\"@id\":\"https:\/\/blogdoere.com.br\/#\/schema\/person\/4b56ed2336cb28ae3415ce8ffe56742e\",\"name\":\"Ere\",\"image\":{\"@type\":\"ImageObject\",\"inLanguage\":\"pt-PT\",\"@id\":\"https:\/\/blogdoere.com.br\/#\/schema\/person\/image\/\",\"url\":\"https:\/\/secure.gravatar.com\/avatar\/?s=96&d=mm&r=g\",\"contentUrl\":\"https:\/\/secure.gravatar.com\/avatar\/?s=96&d=mm&r=g\",\"caption\":\"Ere\"}}]}<\/script>\n<!-- \/ Yoast SEO plugin. -->","yoast_head_json":{"title":"SELE\u00c7\u00c3O DE ITAJU\u00cdPE GOLEIA VALEN\u00c7A , ENFRENTA URU\u00c7UCA PR\u00d3XIMO DOMINGO NO FERREIR\u00c3O. - blog do er\u00ea","robots":{"index":"index","follow":"follow","max-snippet":"max-snippet:-1","max-image-preview":"max-image-preview:large","max-video-preview":"max-video-preview:-1"},"canonical":"https:\/\/blogdoere.com.br\/?p=26663","og_locale":"pt_PT","og_type":"article","og_title":"SELE\u00c7\u00c3O DE ITAJU\u00cdPE GOLEIA VALEN\u00c7A , ENFRENTA URU\u00c7UCA PR\u00d3XIMO DOMINGO NO FERREIR\u00c3O. - blog do er\u00ea","og_description":"A Sele\u00e7\u00e3o de Itaju\u00edpe jogando dentro de casa (est\u00e1dio Humberto Badar\u00f3), na ultima partida da fase \u201cmata-mata\u201d neste domingo(29\/09), derrotou mais uma vez o time de Valen\u00e7a &nbsp;pelo placar 5...","og_url":"https:\/\/blogdoere.com.br\/?p=26663","og_site_name":"blog do er\u00ea","article_published_time":"2013-09-29T21:57:00+00:00","og_image":[{"url":"https:\/\/fbcdn-sphotos-g-a.akamaihd.net\/hphotos-ak-prn2\/p480x480\/1379920_667888693222991_1967035076_n.jpg"}],"author":"Ere","twitter_card":"summary_large_image","twitter_misc":{"Escrito por":"Ere","Tempo estimado de leitura":"1 minuto"},"schema":{"@context":"https:\/\/schema.org","@graph":[{"@type":"Article","@id":"https:\/\/blogdoere.com.br\/?p=26663#article","isPartOf":{"@id":"https:\/\/blogdoere.com.br\/?p=26663"},"author":{"name":"Ere","@id":"https:\/\/blogdoere.com.br\/#\/schema\/person\/4b56ed2336cb28ae3415ce8ffe56742e"},"headline":"SELE\u00c7\u00c3O DE ITAJU\u00cdPE GOLEIA VALEN\u00c7A , ENFRENTA URU\u00c7UCA PR\u00d3XIMO DOMINGO NO FERREIR\u00c3O.","datePublished":"2013-09-29T21:57:00+00:00","dateModified":"2013-09-29T21:57:00+00:00","mainEntityOfPage":{"@id":"https:\/\/blogdoere.com.br\/?p=26663"},"wordCount":137,"commentCount":0,"publisher":{"@id":"https:\/\/blogdoere.com.br\/#organization"},"articleSection":["Destaques"],"inLanguage":"pt-PT","potentialAction":[{"@type":"CommentAction","name":"Comment","target":["https:\/\/blogdoere.com.br\/?p=26663#respond"]}]},{"@type":"WebPage","@id":"https:\/\/blogdoere.com.br\/?p=26663","url":"https:\/\/blogdoere.com.br\/?p=26663","name":"SELE\u00c7\u00c3O DE ITAJU\u00cdPE GOLEIA VALEN\u00c7A , ENFRENTA URU\u00c7UCA PR\u00d3XIMO DOMINGO NO FERREIR\u00c3O. - blog do er\u00ea","isPartOf":{"@id":"https:\/\/blogdoere.com.br\/#website"},"datePublished":"2013-09-29T21:57:00+00:00","dateModified":"2013-09-29T21:57:00+00:00","breadcrumb":{"@id":"https:\/\/blogdoere.com.br\/?p=26663#breadcrumb"},"inLanguage":"pt-PT","potentialAction":[{"@type":"ReadAction","target":["https:\/\/blogdoere.com.br\/?p=26663"]}]},{"@type":"BreadcrumbList","@id":"https:\/\/blogdoere.com.br\/?p=26663#breadcrumb","itemListElement":[{"@type":"ListItem","position":1,"name":"In\u00edcio","item":"https:\/\/blogdoere.com.br\/"},{"@type":"ListItem","position":2,"name":"SELE\u00c7\u00c3O DE ITAJU\u00cdPE GOLEIA VALEN\u00c7A , ENFRENTA URU\u00c7UCA PR\u00d3XIMO DOMINGO NO FERREIR\u00c3O."}]},{"@type":"WebSite","@id":"https:\/\/blogdoere.com.br\/#website","url":"https:\/\/blogdoere.com.br\/","name":"blog do er\u00ea","description":"","publisher":{"@id":"https:\/\/blogdoere.com.br\/#organization"},"potentialAction":[{"@type":"SearchAction","target":{"@type":"EntryPoint","urlTemplate":"https:\/\/blogdoere.com.br\/?s={search_term_string}"},"query-input":"required name=search_term_string"}],"inLanguage":"pt-PT"},{"@type":"Organization","@id":"https:\/\/blogdoere.com.br\/#organization","name":"Blog do Er\u00ea","url":"https:\/\/blogdoere.com.br\/","logo":{"@type":"ImageObject","inLanguage":"pt-PT","@id":"https:\/\/blogdoere.com.br\/#\/schema\/logo\/image\/","url":"https:\/\/blogdoere.com.br\/wp-content\/uploads\/2021\/11\/Logo-Ere-1.png","contentUrl":"https:\/\/blogdoere.com.br\/wp-content\/uploads\/2021\/11\/Logo-Ere-1.png","width":1261,"height":1330,"caption":"Blog do Er\u00ea"},"image":{"@id":"https:\/\/blogdoere.com.br\/#\/schema\/logo\/image\/"}},{"@type":"Person","@id":"https:\/\/blogdoere.com.br\/#\/schema\/person\/4b56ed2336cb28ae3415ce8ffe56742e","name":"Ere","image":{"@type":"ImageObject","inLanguage":"pt-PT","@id":"https:\/\/blogdoere.com.br\/#\/schema\/person\/image\/","url":"https:\/\/secure.gravatar.com\/avatar\/?s=96&d=mm&r=g","contentUrl":"https:\/\/secure.gravatar.com\/avatar\/?s=96&d=mm&r=g","caption":"Ere"}}]}},"featured_image_urls":{"full":"","thumbnail":"","medium":"","medium_large":"","large":"","1536x1536":"","2048x2048":""},"author_info":{"display_name":"Ere","author_link":"https:\/\/blogdoere.com.br\/?author=2"},"category_info":"<a href=\"https:\/\/blogdoere.com.br\/?cat=1\" rel=\"category\">Destaques<\/a>","tag_info":"Destaques","comment_count":"0","_links":{"self":[{"href":"https:\/\/blogdoere.com.br\/index.php?rest_route=\/wp\/v2\/posts\/26663","targetHints":{"allow":["GET"]}}],"collection":[{"href":"https:\/\/blogdoere.com.br\/index.php?rest_route=\/wp\/v2\/posts"}],"about":[{"href":"https:\/\/blogdoere.com.br\/index.php?rest_route=\/wp\/v2\/types\/post"}],"author":[{"embeddable":true,"href":"https:\/\/blogdoere.com.br\/index.php?rest_route=\/wp\/v2\/users\/2"}],"replies":[{"embeddable":true,"href":"https:\/\/blogdoere.com.br\/index.php?rest_route=%2Fwp%2Fv2%2Fcomments&post=26663"}],"version-history":[{"count":0,"href":"https:\/\/blogdoere.com.br\/index.php?rest_route=\/wp\/v2\/posts\/26663\/revisions"}],"wp:attachment":[{"href":"https:\/\/blogdoere.com.br\/index.php?rest_route=%2Fwp%2Fv2%2Fmedia&parent=26663"}],"wp:term":[{"taxonomy":"category","embeddable":true,"href":"https:\/\/blogdoere.com.br\/index.php?rest_route=%2Fwp%2Fv2%2Fcategories&post=26663"},{"taxonomy":"post_tag","embeddable":true,"href":"https:\/\/blogdoere.com.br\/index.php?rest_route=%2Fwp%2Fv2%2Ftags&post=26663"}],"curies":[{"name":"wp","href":"https:\/\/api.w.org\/{rel}","templated":true}]}}