{"id":26665,"date":"2013-09-27T16:17:00","date_gmt":"2013-09-27T16:17:00","guid":{"rendered":"http:\/\/blogdoere.com.br\/?p=26665"},"modified":"2013-09-27T16:17:00","modified_gmt":"2013-09-27T16:17:00","slug":"salvador-psb-recebe-novos-filiados-para-reforcar-chapa-de-deputados-em-2014","status":"publish","type":"post","link":"https:\/\/blogdoere.com.br\/?p=26665","title":{"rendered":"SALVADOR: PSB RECEBE NOVOS FILIADOS PARA REFOR\u00c7AR CHAPA DE DEPUTADOS EM 2014"},"content":{"rendered":"<p><\/p>\n<h4 style=\"background-color: white; border: 0px; clear: left; color: #555555; float: left; font-family: Arial, Helvetica, sans-serif; font-size: 16px; font-weight: normal; line-height: 1; margin-bottom: 1em; margin-right: 1em; margin-top: 0px; padding: 0px; text-align: justify; vertical-align: baseline;\"><img decoding=\"async\" alt=\"geral\" src=\"http:\/\/www.politicosdosuldabahia.com.br\/v1\/wp-content\/uploads\/2013\/09\/geral-300x206.jpg\" \/><\/h4>\n<p><\/p>\n<h4 style=\"background-color: white; border: 0px; color: #555555; font-family: Arial, Helvetica, sans-serif; font-size: 16px; font-weight: normal; line-height: 1; margin: 0px 0px 16px; padding: 0px; text-align: justify; vertical-align: baseline;\"><span style=\"line-height: 1;\">\u201cDurante muitos anos n\u00f3s paqueramos essa possibilidade, mas o tempo passou e agora os cabelos brancos o convenceram\u201d. Foi com essa frase que a presidente estadual do PSB na Bahia, senadora L\u00eddice da Mata, resumiu a satisfa\u00e7\u00e3o em ter o ex-prefeito de Juazeiro Joseph Bandeira como mais novo filiado ao partido.<\/span><\/h4>\n<h4 style=\"background-color: white; border: 0px; color: #555555; font-family: Arial, Helvetica, sans-serif; font-size: 16px; font-weight: normal; line-height: 1; margin: 0px 0px 16px; padding: 0px; text-align: justify; vertical-align: baseline;\">Durante o Ato de Filia\u00e7\u00e3o Partid\u00e1ria dos pr\u00e9-candidatos a deputado federal e estadual realizado, nesta quinta-feira (26), no Hotel Portobello, em Salvador, a senadora tamb\u00e9m destacou que existem v\u00e1rias desafios para o partido em 2014 e, um deles, \u201c\u00e9 ter uma chapa que nos permita concorrer sozinhos ou com aliados e nos possibilite montar nossa bancada na Assembleia e na C\u00e2mara Federal\u201d, disse.<br \/>Joseph Bandeira, que tamb\u00e9m foi deputado federal pelo PT, explicou sua rela\u00e7\u00e3o com o presidente nacional da legenda,Eduardo Campos. \u201cConhe\u00e7o Eduardo desde menino e estou certo que hoje ele representa o modelo de renova\u00e7\u00e3o que eu acredito. O Brasil precisa de Eduardo na presid\u00eancia e L\u00eddice no governo e foi isso que me levou a ingressar no PSB\u201d, enfatizou&nbsp;<a href=\"http:\/\/www.politicosdosuldabahia.com.br\/v1\/\">Leia mais no Pol\u00edtico do Sul da Bahia.<\/a><\/h4>\n","protected":false},"excerpt":{"rendered":"<p>\u201cDurante muitos anos n\u00f3s paqueramos essa possibilidade, mas o tempo passou e agora os cabelos brancos o convenceram\u201d. Foi com essa frase que a presidente estadual do PSB na Bahia,&#8230;<\/p>\n","protected":false},"author":2,"featured_media":0,"comment_status":"open","ping_status":"open","sticky":false,"template":"","format":"standard","meta":{"_editorskit_title_hidden":false,"_editorskit_reading_time":0,"_editorskit_is_block_options_detached":false,"_editorskit_block_options_position":"{}","om_disable_all_campaigns":false,"_mi_skip_tracking":false,"_kad_post_transparent":"","_kad_post_title":"","_kad_post_layout":"","_kad_post_sidebar_id":"","_kad_post_content_style":"","_kad_post_vertical_padding":"","_kad_post_feature":"","_kad_post_feature_position":"","_kad_post_header":false,"_kad_post_footer":false,"footnotes":""},"categories":[1],"tags":[],"class_list":["post-26665","post","type-post","status-publish","format-standard","hentry","category-destaques"],"yoast_head":"<!-- This site is optimized with the Yoast SEO plugin v20.5 - https:\/\/yoast.com\/wordpress\/plugins\/seo\/ -->\n<title>SALVADOR: PSB RECEBE NOVOS FILIADOS PARA REFOR\u00c7AR CHAPA DE DEPUTADOS EM 2014 - blog do er\u00ea<\/title>\n<meta name=\"robots\" content=\"index, follow, max-snippet:-1, max-image-preview:large, max-video-preview:-1\" \/>\n<link rel=\"canonical\" href=\"https:\/\/blogdoere.com.br\/?p=26665\" \/>\n<meta property=\"og:locale\" content=\"pt_PT\" \/>\n<meta property=\"og:type\" content=\"article\" \/>\n<meta property=\"og:title\" content=\"SALVADOR: PSB RECEBE NOVOS FILIADOS PARA REFOR\u00c7AR CHAPA DE DEPUTADOS EM 2014 - blog do er\u00ea\" \/>\n<meta property=\"og:description\" content=\"\u201cDurante muitos anos n\u00f3s paqueramos essa possibilidade, mas o tempo passou e agora os cabelos brancos o convenceram\u201d. Foi com essa frase que a presidente estadual do PSB na Bahia,...\" \/>\n<meta property=\"og:url\" content=\"https:\/\/blogdoere.com.br\/?p=26665\" \/>\n<meta property=\"og:site_name\" content=\"blog do er\u00ea\" \/>\n<meta property=\"article:published_time\" content=\"2013-09-27T16:17:00+00:00\" \/>\n<meta property=\"og:image\" content=\"http:\/\/www.politicosdosuldabahia.com.br\/v1\/wp-content\/uploads\/2013\/09\/geral-300x206.jpg\" \/>\n<meta name=\"author\" content=\"Ere\" \/>\n<meta name=\"twitter:card\" content=\"summary_large_image\" \/>\n<meta name=\"twitter:label1\" content=\"Escrito por\" \/>\n\t<meta name=\"twitter:data1\" content=\"Ere\" \/>\n\t<meta name=\"twitter:label2\" content=\"Tempo estimado de leitura\" \/>\n\t<meta name=\"twitter:data2\" content=\"1 minuto\" \/>\n<script type=\"application\/ld+json\" class=\"yoast-schema-graph\">{\"@context\":\"https:\/\/schema.org\",\"@graph\":[{\"@type\":\"Article\",\"@id\":\"https:\/\/blogdoere.com.br\/?p=26665#article\",\"isPartOf\":{\"@id\":\"https:\/\/blogdoere.com.br\/?p=26665\"},\"author\":{\"name\":\"Ere\",\"@id\":\"https:\/\/blogdoere.com.br\/#\/schema\/person\/4b56ed2336cb28ae3415ce8ffe56742e\"},\"headline\":\"SALVADOR: PSB RECEBE NOVOS FILIADOS PARA REFOR\u00c7AR CHAPA DE DEPUTADOS EM 2014\",\"datePublished\":\"2013-09-27T16:17:00+00:00\",\"dateModified\":\"2013-09-27T16:17:00+00:00\",\"mainEntityOfPage\":{\"@id\":\"https:\/\/blogdoere.com.br\/?p=26665\"},\"wordCount\":208,\"commentCount\":0,\"publisher\":{\"@id\":\"https:\/\/blogdoere.com.br\/#organization\"},\"articleSection\":[\"Destaques\"],\"inLanguage\":\"pt-PT\",\"potentialAction\":[{\"@type\":\"CommentAction\",\"name\":\"Comment\",\"target\":[\"https:\/\/blogdoere.com.br\/?p=26665#respond\"]}]},{\"@type\":\"WebPage\",\"@id\":\"https:\/\/blogdoere.com.br\/?p=26665\",\"url\":\"https:\/\/blogdoere.com.br\/?p=26665\",\"name\":\"SALVADOR: PSB RECEBE NOVOS FILIADOS PARA REFOR\u00c7AR CHAPA DE DEPUTADOS EM 2014 - blog do er\u00ea\",\"isPartOf\":{\"@id\":\"https:\/\/blogdoere.com.br\/#website\"},\"datePublished\":\"2013-09-27T16:17:00+00:00\",\"dateModified\":\"2013-09-27T16:17:00+00:00\",\"breadcrumb\":{\"@id\":\"https:\/\/blogdoere.com.br\/?p=26665#breadcrumb\"},\"inLanguage\":\"pt-PT\",\"potentialAction\":[{\"@type\":\"ReadAction\",\"target\":[\"https:\/\/blogdoere.com.br\/?p=26665\"]}]},{\"@type\":\"BreadcrumbList\",\"@id\":\"https:\/\/blogdoere.com.br\/?p=26665#breadcrumb\",\"itemListElement\":[{\"@type\":\"ListItem\",\"position\":1,\"name\":\"In\u00edcio\",\"item\":\"https:\/\/blogdoere.com.br\/\"},{\"@type\":\"ListItem\",\"position\":2,\"name\":\"SALVADOR: PSB RECEBE NOVOS FILIADOS PARA REFOR\u00c7AR CHAPA DE DEPUTADOS EM 2014\"}]},{\"@type\":\"WebSite\",\"@id\":\"https:\/\/blogdoere.com.br\/#website\",\"url\":\"https:\/\/blogdoere.com.br\/\",\"name\":\"blog do er\u00ea\",\"description\":\"\",\"publisher\":{\"@id\":\"https:\/\/blogdoere.com.br\/#organization\"},\"potentialAction\":[{\"@type\":\"SearchAction\",\"target\":{\"@type\":\"EntryPoint\",\"urlTemplate\":\"https:\/\/blogdoere.com.br\/?s={search_term_string}\"},\"query-input\":\"required name=search_term_string\"}],\"inLanguage\":\"pt-PT\"},{\"@type\":\"Organization\",\"@id\":\"https:\/\/blogdoere.com.br\/#organization\",\"name\":\"Blog do Er\u00ea\",\"url\":\"https:\/\/blogdoere.com.br\/\",\"logo\":{\"@type\":\"ImageObject\",\"inLanguage\":\"pt-PT\",\"@id\":\"https:\/\/blogdoere.com.br\/#\/schema\/logo\/image\/\",\"url\":\"https:\/\/blogdoere.com.br\/wp-content\/uploads\/2021\/11\/Logo-Ere-1.png\",\"contentUrl\":\"https:\/\/blogdoere.com.br\/wp-content\/uploads\/2021\/11\/Logo-Ere-1.png\",\"width\":1261,\"height\":1330,\"caption\":\"Blog do Er\u00ea\"},\"image\":{\"@id\":\"https:\/\/blogdoere.com.br\/#\/schema\/logo\/image\/\"}},{\"@type\":\"Person\",\"@id\":\"https:\/\/blogdoere.com.br\/#\/schema\/person\/4b56ed2336cb28ae3415ce8ffe56742e\",\"name\":\"Ere\",\"image\":{\"@type\":\"ImageObject\",\"inLanguage\":\"pt-PT\",\"@id\":\"https:\/\/blogdoere.com.br\/#\/schema\/person\/image\/\",\"url\":\"https:\/\/secure.gravatar.com\/avatar\/?s=96&d=mm&r=g\",\"contentUrl\":\"https:\/\/secure.gravatar.com\/avatar\/?s=96&d=mm&r=g\",\"caption\":\"Ere\"}}]}<\/script>\n<!-- \/ Yoast SEO plugin. -->","yoast_head_json":{"title":"SALVADOR: PSB RECEBE NOVOS FILIADOS PARA REFOR\u00c7AR CHAPA DE DEPUTADOS EM 2014 - blog do er\u00ea","robots":{"index":"index","follow":"follow","max-snippet":"max-snippet:-1","max-image-preview":"max-image-preview:large","max-video-preview":"max-video-preview:-1"},"canonical":"https:\/\/blogdoere.com.br\/?p=26665","og_locale":"pt_PT","og_type":"article","og_title":"SALVADOR: PSB RECEBE NOVOS FILIADOS PARA REFOR\u00c7AR CHAPA DE DEPUTADOS EM 2014 - blog do er\u00ea","og_description":"\u201cDurante muitos anos n\u00f3s paqueramos essa possibilidade, mas o tempo passou e agora os cabelos brancos o convenceram\u201d. Foi com essa frase que a presidente estadual do PSB na Bahia,...","og_url":"https:\/\/blogdoere.com.br\/?p=26665","og_site_name":"blog do er\u00ea","article_published_time":"2013-09-27T16:17:00+00:00","og_image":[{"url":"http:\/\/www.politicosdosuldabahia.com.br\/v1\/wp-content\/uploads\/2013\/09\/geral-300x206.jpg"}],"author":"Ere","twitter_card":"summary_large_image","twitter_misc":{"Escrito por":"Ere","Tempo estimado de leitura":"1 minuto"},"schema":{"@context":"https:\/\/schema.org","@graph":[{"@type":"Article","@id":"https:\/\/blogdoere.com.br\/?p=26665#article","isPartOf":{"@id":"https:\/\/blogdoere.com.br\/?p=26665"},"author":{"name":"Ere","@id":"https:\/\/blogdoere.com.br\/#\/schema\/person\/4b56ed2336cb28ae3415ce8ffe56742e"},"headline":"SALVADOR: PSB RECEBE NOVOS FILIADOS PARA REFOR\u00c7AR CHAPA DE DEPUTADOS EM 2014","datePublished":"2013-09-27T16:17:00+00:00","dateModified":"2013-09-27T16:17:00+00:00","mainEntityOfPage":{"@id":"https:\/\/blogdoere.com.br\/?p=26665"},"wordCount":208,"commentCount":0,"publisher":{"@id":"https:\/\/blogdoere.com.br\/#organization"},"articleSection":["Destaques"],"inLanguage":"pt-PT","potentialAction":[{"@type":"CommentAction","name":"Comment","target":["https:\/\/blogdoere.com.br\/?p=26665#respond"]}]},{"@type":"WebPage","@id":"https:\/\/blogdoere.com.br\/?p=26665","url":"https:\/\/blogdoere.com.br\/?p=26665","name":"SALVADOR: PSB RECEBE NOVOS FILIADOS PARA REFOR\u00c7AR CHAPA DE DEPUTADOS EM 2014 - blog do er\u00ea","isPartOf":{"@id":"https:\/\/blogdoere.com.br\/#website"},"datePublished":"2013-09-27T16:17:00+00:00","dateModified":"2013-09-27T16:17:00+00:00","breadcrumb":{"@id":"https:\/\/blogdoere.com.br\/?p=26665#breadcrumb"},"inLanguage":"pt-PT","potentialAction":[{"@type":"ReadAction","target":["https:\/\/blogdoere.com.br\/?p=26665"]}]},{"@type":"BreadcrumbList","@id":"https:\/\/blogdoere.com.br\/?p=26665#breadcrumb","itemListElement":[{"@type":"ListItem","position":1,"name":"In\u00edcio","item":"https:\/\/blogdoere.com.br\/"},{"@type":"ListItem","position":2,"name":"SALVADOR: PSB RECEBE NOVOS FILIADOS PARA REFOR\u00c7AR CHAPA DE DEPUTADOS EM 2014"}]},{"@type":"WebSite","@id":"https:\/\/blogdoere.com.br\/#website","url":"https:\/\/blogdoere.com.br\/","name":"blog do er\u00ea","description":"","publisher":{"@id":"https:\/\/blogdoere.com.br\/#organization"},"potentialAction":[{"@type":"SearchAction","target":{"@type":"EntryPoint","urlTemplate":"https:\/\/blogdoere.com.br\/?s={search_term_string}"},"query-input":"required name=search_term_string"}],"inLanguage":"pt-PT"},{"@type":"Organization","@id":"https:\/\/blogdoere.com.br\/#organization","name":"Blog do Er\u00ea","url":"https:\/\/blogdoere.com.br\/","logo":{"@type":"ImageObject","inLanguage":"pt-PT","@id":"https:\/\/blogdoere.com.br\/#\/schema\/logo\/image\/","url":"https:\/\/blogdoere.com.br\/wp-content\/uploads\/2021\/11\/Logo-Ere-1.png","contentUrl":"https:\/\/blogdoere.com.br\/wp-content\/uploads\/2021\/11\/Logo-Ere-1.png","width":1261,"height":1330,"caption":"Blog do Er\u00ea"},"image":{"@id":"https:\/\/blogdoere.com.br\/#\/schema\/logo\/image\/"}},{"@type":"Person","@id":"https:\/\/blogdoere.com.br\/#\/schema\/person\/4b56ed2336cb28ae3415ce8ffe56742e","name":"Ere","image":{"@type":"ImageObject","inLanguage":"pt-PT","@id":"https:\/\/blogdoere.com.br\/#\/schema\/person\/image\/","url":"https:\/\/secure.gravatar.com\/avatar\/?s=96&d=mm&r=g","contentUrl":"https:\/\/secure.gravatar.com\/avatar\/?s=96&d=mm&r=g","caption":"Ere"}}]}},"featured_image_urls":{"full":"","thumbnail":"","medium":"","medium_large":"","large":"","1536x1536":"","2048x2048":""},"author_info":{"display_name":"Ere","author_link":"https:\/\/blogdoere.com.br\/?author=2"},"category_info":"<a href=\"https:\/\/blogdoere.com.br\/?cat=1\" rel=\"category\">Destaques<\/a>","tag_info":"Destaques","comment_count":"0","_links":{"self":[{"href":"https:\/\/blogdoere.com.br\/index.php?rest_route=\/wp\/v2\/posts\/26665","targetHints":{"allow":["GET"]}}],"collection":[{"href":"https:\/\/blogdoere.com.br\/index.php?rest_route=\/wp\/v2\/posts"}],"about":[{"href":"https:\/\/blogdoere.com.br\/index.php?rest_route=\/wp\/v2\/types\/post"}],"author":[{"embeddable":true,"href":"https:\/\/blogdoere.com.br\/index.php?rest_route=\/wp\/v2\/users\/2"}],"replies":[{"embeddable":true,"href":"https:\/\/blogdoere.com.br\/index.php?rest_route=%2Fwp%2Fv2%2Fcomments&post=26665"}],"version-history":[{"count":0,"href":"https:\/\/blogdoere.com.br\/index.php?rest_route=\/wp\/v2\/posts\/26665\/revisions"}],"wp:attachment":[{"href":"https:\/\/blogdoere.com.br\/index.php?rest_route=%2Fwp%2Fv2%2Fmedia&parent=26665"}],"wp:term":[{"taxonomy":"category","embeddable":true,"href":"https:\/\/blogdoere.com.br\/index.php?rest_route=%2Fwp%2Fv2%2Fcategories&post=26665"},{"taxonomy":"post_tag","embeddable":true,"href":"https:\/\/blogdoere.com.br\/index.php?rest_route=%2Fwp%2Fv2%2Ftags&post=26665"}],"curies":[{"name":"wp","href":"https:\/\/api.w.org\/{rel}","templated":true}]}}