{"id":26666,"date":"2013-09-26T23:26:00","date_gmt":"2013-09-26T23:26:00","guid":{"rendered":"http:\/\/blogdoere.com.br\/?p=26666"},"modified":"2013-09-26T23:26:00","modified_gmt":"2013-09-26T23:26:00","slug":"itajuipe-efetivacao-da-guarda-municipal-e-unanimidade-em-audiencia-publica","status":"publish","type":"post","link":"https:\/\/blogdoere.com.br\/?p=26666","title":{"rendered":"ITAJU\u00cdPE: EFETIVA\u00c7\u00c3O DA GUARDA MUNICIPAL  \u00c9 UNANIMIDADE  EM AUDI\u00caNCIA P\u00daBLICA."},"content":{"rendered":"<div>\n<div style=\"clear: left; float: left; margin-bottom: 1em; margin-right: 1em; text-align: center;\"><img decoding=\"async\" height=\"213\" src=\"https:\/\/fbcdn-sphotos-f-a.akamaihd.net\/hphotos-ak-prn2\/1174566_666373986707795_564059785_n.jpg\" width=\"320\" \/><\/div>\n<\/div>\n<div>\n<div style=\"clear: left; float: left; margin-bottom: 1em; margin-right: 1em;\"><img decoding=\"async\" height=\"213\" src=\"https:\/\/fbcdn-sphotos-d-a.akamaihd.net\/hphotos-ak-prn1\/66137_666374033374457_1598583885_n.jpg\" width=\"320\" \/><\/div>\n<\/div>\n<div>\n<div style=\"text-align: justify;\"><span style=\"font-family: Arial, Helvetica, sans-serif;\"><span style=\"line-height: 115%;\">A&nbsp;<\/span><span style=\"line-height: 18px;\">aconteceu<\/span><span style=\"line-height: 115%;\">&nbsp;nesta quinta feira (26\/09) na sala das sess\u00f5es da C\u00e2mara de Vereadores uma \u201cAudi\u00eancia P\u00fablica\u201d para tratar da seguran\u00e7a p\u00fablica em Itaju\u00edpe. Na oportunidade o vice-prefeito Ant\u00f4nio Jorge \u201cJorj\u00e3o\u201d representou a prefeita Gilka Badar\u00f3 (PSB) que se encontra na capital do Estado cumprindo agenda.<\/span><\/span><br \/><span style=\"font-family: Arial, Helvetica, sans-serif;\"><span style=\"line-height: 115%;\"><br \/><\/span><\/span><span style=\"font-family: Arial, Helvetica, sans-serif;\"><span style=\"line-height: 115%;\">A audi\u00eancia foi bastante proveitosa em proposi\u00e7\u00f5es para o enfrentamento dos problemas de inseguran\u00e7a do munic\u00edpio. Dentre as proposi\u00e7\u00f5es a efetiva\u00e7\u00e3o da Guarda Municipal figurou como unanimidade pelos conferencistas.<\/span><\/span><br \/><span style=\"font-family: Arial, Helvetica, sans-serif;\"><span style=\"line-height: 115%;\"><br \/><\/span><\/span><span style=\"font-family: Arial, Helvetica, sans-serif;\"><span style=\"line-height: 115%;\">Foi priorizado tamb\u00e9m, a revitaliza\u00e7\u00e3o do Conselho Municipal de Seguran\u00e7a P\u00fablica. Participaram &nbsp;do evento, o delegado Humberto Matos; promotora de Justi\u00e7a, L\u00edvia Luz; tenente Ant\u00f4nio Cosme, Tenente Coronel, Roosevelt Salustiano \u201cVete\u201d; o coordenador da Guarda Municipal de Itabuna, Valdir Francisco; Vereadores , outras autoridades da comunidade e populares. O presidente da C\u00e2mara, Eduardo Portela conduziu a audi\u00eancia que foi proposta do edil Gean de Vasconcelos.&nbsp;<\/span><\/span><span style=\"font-size: medium; line-height: 115%;\"><o:p><\/o:p><\/span><\/div>\n<\/div>\n","protected":false},"excerpt":{"rendered":"<p>A&nbsp;aconteceu&nbsp;nesta quinta feira (26\/09) na sala das sess\u00f5es da C\u00e2mara de Vereadores uma \u201cAudi\u00eancia P\u00fablica\u201d para tratar da seguran\u00e7a p\u00fablica em Itaju\u00edpe. Na oportunidade o vice-prefeito Ant\u00f4nio Jorge \u201cJorj\u00e3o\u201d representou&#8230;<\/p>\n","protected":false},"author":2,"featured_media":0,"comment_status":"open","ping_status":"open","sticky":false,"template":"","format":"standard","meta":{"_editorskit_title_hidden":false,"_editorskit_reading_time":0,"_editorskit_is_block_options_detached":false,"_editorskit_block_options_position":"{}","om_disable_all_campaigns":false,"_mi_skip_tracking":false,"_kad_post_transparent":"","_kad_post_title":"","_kad_post_layout":"","_kad_post_sidebar_id":"","_kad_post_content_style":"","_kad_post_vertical_padding":"","_kad_post_feature":"","_kad_post_feature_position":"","_kad_post_header":false,"_kad_post_footer":false,"footnotes":""},"categories":[1],"tags":[],"class_list":["post-26666","post","type-post","status-publish","format-standard","hentry","category-destaques"],"yoast_head":"<!-- This site is optimized with the Yoast SEO plugin v20.5 - https:\/\/yoast.com\/wordpress\/plugins\/seo\/ -->\n<title>ITAJU\u00cdPE: EFETIVA\u00c7\u00c3O DA GUARDA MUNICIPAL \u00c9 UNANIMIDADE EM AUDI\u00caNCIA P\u00daBLICA. - blog do er\u00ea<\/title>\n<meta name=\"robots\" content=\"index, follow, max-snippet:-1, max-image-preview:large, max-video-preview:-1\" \/>\n<link rel=\"canonical\" href=\"https:\/\/blogdoere.com.br\/?p=26666\" \/>\n<meta property=\"og:locale\" content=\"pt_PT\" \/>\n<meta property=\"og:type\" content=\"article\" \/>\n<meta property=\"og:title\" content=\"ITAJU\u00cdPE: EFETIVA\u00c7\u00c3O DA GUARDA MUNICIPAL \u00c9 UNANIMIDADE EM AUDI\u00caNCIA P\u00daBLICA. - blog do er\u00ea\" \/>\n<meta property=\"og:description\" content=\"A&nbsp;aconteceu&nbsp;nesta quinta feira (26\/09) na sala das sess\u00f5es da C\u00e2mara de Vereadores uma \u201cAudi\u00eancia P\u00fablica\u201d para tratar da seguran\u00e7a p\u00fablica em Itaju\u00edpe. Na oportunidade o vice-prefeito Ant\u00f4nio Jorge \u201cJorj\u00e3o\u201d representou...\" \/>\n<meta property=\"og:url\" content=\"https:\/\/blogdoere.com.br\/?p=26666\" \/>\n<meta property=\"og:site_name\" content=\"blog do er\u00ea\" \/>\n<meta property=\"article:published_time\" content=\"2013-09-26T23:26:00+00:00\" \/>\n<meta property=\"og:image\" content=\"https:\/\/fbcdn-sphotos-f-a.akamaihd.net\/hphotos-ak-prn2\/1174566_666373986707795_564059785_n.jpg\" \/>\n<meta name=\"author\" content=\"Ere\" \/>\n<meta name=\"twitter:card\" content=\"summary_large_image\" \/>\n<meta name=\"twitter:label1\" content=\"Escrito por\" \/>\n\t<meta name=\"twitter:data1\" content=\"Ere\" \/>\n\t<meta name=\"twitter:label2\" content=\"Tempo estimado de leitura\" \/>\n\t<meta name=\"twitter:data2\" content=\"1 minuto\" \/>\n<script type=\"application\/ld+json\" class=\"yoast-schema-graph\">{\"@context\":\"https:\/\/schema.org\",\"@graph\":[{\"@type\":\"Article\",\"@id\":\"https:\/\/blogdoere.com.br\/?p=26666#article\",\"isPartOf\":{\"@id\":\"https:\/\/blogdoere.com.br\/?p=26666\"},\"author\":{\"name\":\"Ere\",\"@id\":\"https:\/\/blogdoere.com.br\/#\/schema\/person\/4b56ed2336cb28ae3415ce8ffe56742e\"},\"headline\":\"ITAJU\u00cdPE: EFETIVA\u00c7\u00c3O DA GUARDA MUNICIPAL \u00c9 UNANIMIDADE EM AUDI\u00caNCIA P\u00daBLICA.\",\"datePublished\":\"2013-09-26T23:26:00+00:00\",\"dateModified\":\"2013-09-26T23:26:00+00:00\",\"mainEntityOfPage\":{\"@id\":\"https:\/\/blogdoere.com.br\/?p=26666\"},\"wordCount\":179,\"commentCount\":0,\"publisher\":{\"@id\":\"https:\/\/blogdoere.com.br\/#organization\"},\"articleSection\":[\"Destaques\"],\"inLanguage\":\"pt-PT\",\"potentialAction\":[{\"@type\":\"CommentAction\",\"name\":\"Comment\",\"target\":[\"https:\/\/blogdoere.com.br\/?p=26666#respond\"]}]},{\"@type\":\"WebPage\",\"@id\":\"https:\/\/blogdoere.com.br\/?p=26666\",\"url\":\"https:\/\/blogdoere.com.br\/?p=26666\",\"name\":\"ITAJU\u00cdPE: EFETIVA\u00c7\u00c3O DA GUARDA MUNICIPAL \u00c9 UNANIMIDADE EM AUDI\u00caNCIA P\u00daBLICA. - blog do er\u00ea\",\"isPartOf\":{\"@id\":\"https:\/\/blogdoere.com.br\/#website\"},\"datePublished\":\"2013-09-26T23:26:00+00:00\",\"dateModified\":\"2013-09-26T23:26:00+00:00\",\"breadcrumb\":{\"@id\":\"https:\/\/blogdoere.com.br\/?p=26666#breadcrumb\"},\"inLanguage\":\"pt-PT\",\"potentialAction\":[{\"@type\":\"ReadAction\",\"target\":[\"https:\/\/blogdoere.com.br\/?p=26666\"]}]},{\"@type\":\"BreadcrumbList\",\"@id\":\"https:\/\/blogdoere.com.br\/?p=26666#breadcrumb\",\"itemListElement\":[{\"@type\":\"ListItem\",\"position\":1,\"name\":\"In\u00edcio\",\"item\":\"https:\/\/blogdoere.com.br\/\"},{\"@type\":\"ListItem\",\"position\":2,\"name\":\"ITAJU\u00cdPE: EFETIVA\u00c7\u00c3O DA GUARDA MUNICIPAL \u00c9 UNANIMIDADE EM AUDI\u00caNCIA P\u00daBLICA.\"}]},{\"@type\":\"WebSite\",\"@id\":\"https:\/\/blogdoere.com.br\/#website\",\"url\":\"https:\/\/blogdoere.com.br\/\",\"name\":\"blog do er\u00ea\",\"description\":\"\",\"publisher\":{\"@id\":\"https:\/\/blogdoere.com.br\/#organization\"},\"potentialAction\":[{\"@type\":\"SearchAction\",\"target\":{\"@type\":\"EntryPoint\",\"urlTemplate\":\"https:\/\/blogdoere.com.br\/?s={search_term_string}\"},\"query-input\":\"required name=search_term_string\"}],\"inLanguage\":\"pt-PT\"},{\"@type\":\"Organization\",\"@id\":\"https:\/\/blogdoere.com.br\/#organization\",\"name\":\"Blog do Er\u00ea\",\"url\":\"https:\/\/blogdoere.com.br\/\",\"logo\":{\"@type\":\"ImageObject\",\"inLanguage\":\"pt-PT\",\"@id\":\"https:\/\/blogdoere.com.br\/#\/schema\/logo\/image\/\",\"url\":\"https:\/\/blogdoere.com.br\/wp-content\/uploads\/2021\/11\/Logo-Ere-1.png\",\"contentUrl\":\"https:\/\/blogdoere.com.br\/wp-content\/uploads\/2021\/11\/Logo-Ere-1.png\",\"width\":1261,\"height\":1330,\"caption\":\"Blog do Er\u00ea\"},\"image\":{\"@id\":\"https:\/\/blogdoere.com.br\/#\/schema\/logo\/image\/\"}},{\"@type\":\"Person\",\"@id\":\"https:\/\/blogdoere.com.br\/#\/schema\/person\/4b56ed2336cb28ae3415ce8ffe56742e\",\"name\":\"Ere\",\"image\":{\"@type\":\"ImageObject\",\"inLanguage\":\"pt-PT\",\"@id\":\"https:\/\/blogdoere.com.br\/#\/schema\/person\/image\/\",\"url\":\"https:\/\/secure.gravatar.com\/avatar\/?s=96&d=mm&r=g\",\"contentUrl\":\"https:\/\/secure.gravatar.com\/avatar\/?s=96&d=mm&r=g\",\"caption\":\"Ere\"}}]}<\/script>\n<!-- \/ Yoast SEO plugin. -->","yoast_head_json":{"title":"ITAJU\u00cdPE: EFETIVA\u00c7\u00c3O DA GUARDA MUNICIPAL \u00c9 UNANIMIDADE EM AUDI\u00caNCIA P\u00daBLICA. - blog do er\u00ea","robots":{"index":"index","follow":"follow","max-snippet":"max-snippet:-1","max-image-preview":"max-image-preview:large","max-video-preview":"max-video-preview:-1"},"canonical":"https:\/\/blogdoere.com.br\/?p=26666","og_locale":"pt_PT","og_type":"article","og_title":"ITAJU\u00cdPE: EFETIVA\u00c7\u00c3O DA GUARDA MUNICIPAL \u00c9 UNANIMIDADE EM AUDI\u00caNCIA P\u00daBLICA. - blog do er\u00ea","og_description":"A&nbsp;aconteceu&nbsp;nesta quinta feira (26\/09) na sala das sess\u00f5es da C\u00e2mara de Vereadores uma \u201cAudi\u00eancia P\u00fablica\u201d para tratar da seguran\u00e7a p\u00fablica em Itaju\u00edpe. Na oportunidade o vice-prefeito Ant\u00f4nio Jorge \u201cJorj\u00e3o\u201d representou...","og_url":"https:\/\/blogdoere.com.br\/?p=26666","og_site_name":"blog do er\u00ea","article_published_time":"2013-09-26T23:26:00+00:00","og_image":[{"url":"https:\/\/fbcdn-sphotos-f-a.akamaihd.net\/hphotos-ak-prn2\/1174566_666373986707795_564059785_n.jpg"}],"author":"Ere","twitter_card":"summary_large_image","twitter_misc":{"Escrito por":"Ere","Tempo estimado de leitura":"1 minuto"},"schema":{"@context":"https:\/\/schema.org","@graph":[{"@type":"Article","@id":"https:\/\/blogdoere.com.br\/?p=26666#article","isPartOf":{"@id":"https:\/\/blogdoere.com.br\/?p=26666"},"author":{"name":"Ere","@id":"https:\/\/blogdoere.com.br\/#\/schema\/person\/4b56ed2336cb28ae3415ce8ffe56742e"},"headline":"ITAJU\u00cdPE: EFETIVA\u00c7\u00c3O DA GUARDA MUNICIPAL \u00c9 UNANIMIDADE EM AUDI\u00caNCIA P\u00daBLICA.","datePublished":"2013-09-26T23:26:00+00:00","dateModified":"2013-09-26T23:26:00+00:00","mainEntityOfPage":{"@id":"https:\/\/blogdoere.com.br\/?p=26666"},"wordCount":179,"commentCount":0,"publisher":{"@id":"https:\/\/blogdoere.com.br\/#organization"},"articleSection":["Destaques"],"inLanguage":"pt-PT","potentialAction":[{"@type":"CommentAction","name":"Comment","target":["https:\/\/blogdoere.com.br\/?p=26666#respond"]}]},{"@type":"WebPage","@id":"https:\/\/blogdoere.com.br\/?p=26666","url":"https:\/\/blogdoere.com.br\/?p=26666","name":"ITAJU\u00cdPE: EFETIVA\u00c7\u00c3O DA GUARDA MUNICIPAL \u00c9 UNANIMIDADE EM AUDI\u00caNCIA P\u00daBLICA. - blog do er\u00ea","isPartOf":{"@id":"https:\/\/blogdoere.com.br\/#website"},"datePublished":"2013-09-26T23:26:00+00:00","dateModified":"2013-09-26T23:26:00+00:00","breadcrumb":{"@id":"https:\/\/blogdoere.com.br\/?p=26666#breadcrumb"},"inLanguage":"pt-PT","potentialAction":[{"@type":"ReadAction","target":["https:\/\/blogdoere.com.br\/?p=26666"]}]},{"@type":"BreadcrumbList","@id":"https:\/\/blogdoere.com.br\/?p=26666#breadcrumb","itemListElement":[{"@type":"ListItem","position":1,"name":"In\u00edcio","item":"https:\/\/blogdoere.com.br\/"},{"@type":"ListItem","position":2,"name":"ITAJU\u00cdPE: EFETIVA\u00c7\u00c3O DA GUARDA MUNICIPAL \u00c9 UNANIMIDADE EM AUDI\u00caNCIA P\u00daBLICA."}]},{"@type":"WebSite","@id":"https:\/\/blogdoere.com.br\/#website","url":"https:\/\/blogdoere.com.br\/","name":"blog do er\u00ea","description":"","publisher":{"@id":"https:\/\/blogdoere.com.br\/#organization"},"potentialAction":[{"@type":"SearchAction","target":{"@type":"EntryPoint","urlTemplate":"https:\/\/blogdoere.com.br\/?s={search_term_string}"},"query-input":"required name=search_term_string"}],"inLanguage":"pt-PT"},{"@type":"Organization","@id":"https:\/\/blogdoere.com.br\/#organization","name":"Blog do Er\u00ea","url":"https:\/\/blogdoere.com.br\/","logo":{"@type":"ImageObject","inLanguage":"pt-PT","@id":"https:\/\/blogdoere.com.br\/#\/schema\/logo\/image\/","url":"https:\/\/blogdoere.com.br\/wp-content\/uploads\/2021\/11\/Logo-Ere-1.png","contentUrl":"https:\/\/blogdoere.com.br\/wp-content\/uploads\/2021\/11\/Logo-Ere-1.png","width":1261,"height":1330,"caption":"Blog do Er\u00ea"},"image":{"@id":"https:\/\/blogdoere.com.br\/#\/schema\/logo\/image\/"}},{"@type":"Person","@id":"https:\/\/blogdoere.com.br\/#\/schema\/person\/4b56ed2336cb28ae3415ce8ffe56742e","name":"Ere","image":{"@type":"ImageObject","inLanguage":"pt-PT","@id":"https:\/\/blogdoere.com.br\/#\/schema\/person\/image\/","url":"https:\/\/secure.gravatar.com\/avatar\/?s=96&d=mm&r=g","contentUrl":"https:\/\/secure.gravatar.com\/avatar\/?s=96&d=mm&r=g","caption":"Ere"}}]}},"featured_image_urls":{"full":"","thumbnail":"","medium":"","medium_large":"","large":"","1536x1536":"","2048x2048":""},"author_info":{"display_name":"Ere","author_link":"https:\/\/blogdoere.com.br\/?author=2"},"category_info":"<a href=\"https:\/\/blogdoere.com.br\/?cat=1\" rel=\"category\">Destaques<\/a>","tag_info":"Destaques","comment_count":"0","_links":{"self":[{"href":"https:\/\/blogdoere.com.br\/index.php?rest_route=\/wp\/v2\/posts\/26666","targetHints":{"allow":["GET"]}}],"collection":[{"href":"https:\/\/blogdoere.com.br\/index.php?rest_route=\/wp\/v2\/posts"}],"about":[{"href":"https:\/\/blogdoere.com.br\/index.php?rest_route=\/wp\/v2\/types\/post"}],"author":[{"embeddable":true,"href":"https:\/\/blogdoere.com.br\/index.php?rest_route=\/wp\/v2\/users\/2"}],"replies":[{"embeddable":true,"href":"https:\/\/blogdoere.com.br\/index.php?rest_route=%2Fwp%2Fv2%2Fcomments&post=26666"}],"version-history":[{"count":0,"href":"https:\/\/blogdoere.com.br\/index.php?rest_route=\/wp\/v2\/posts\/26666\/revisions"}],"wp:attachment":[{"href":"https:\/\/blogdoere.com.br\/index.php?rest_route=%2Fwp%2Fv2%2Fmedia&parent=26666"}],"wp:term":[{"taxonomy":"category","embeddable":true,"href":"https:\/\/blogdoere.com.br\/index.php?rest_route=%2Fwp%2Fv2%2Fcategories&post=26666"},{"taxonomy":"post_tag","embeddable":true,"href":"https:\/\/blogdoere.com.br\/index.php?rest_route=%2Fwp%2Fv2%2Ftags&post=26666"}],"curies":[{"name":"wp","href":"https:\/\/api.w.org\/{rel}","templated":true}]}}