{"id":26679,"date":"2013-09-13T03:35:00","date_gmt":"2013-09-13T03:35:00","guid":{"rendered":"http:\/\/blogdoere.com.br\/?p=26679"},"modified":"2013-09-13T03:35:00","modified_gmt":"2013-09-13T03:35:00","slug":"itajuipe-vereadores-aprovam-mocao-de-aplausos-para-d-ilza","status":"publish","type":"post","link":"https:\/\/blogdoere.com.br\/?p=26679","title":{"rendered":"ITAJU\u00cdPE: VEREADORES APROVAM MO\u00c7\u00c3O DE APLAUSOS PARA D. ILZA."},"content":{"rendered":"<div style=\"text-align: center;\"><img decoding=\"async\" height=\"265\" src=\"https:\/\/fbcdn-sphotos-d-a.akamaihd.net\/hphotos-ak-prn2\/1187280_342749719194520_608727958_n.jpg\" width=\"400\" \/><\/div>\n<div style=\"text-align: center;\"><\/div>\n<div style=\"text-align: justify;\"><span style=\"font-size: 14.0pt; line-height: 115%;\"><span style=\"font-family: Arial, Helvetica, sans-serif;\">A C\u00e2mara de Vereadores de Itaju\u00edpe aprovou nesta quinta-feira (12\/09) \u201cmo\u00e7\u00e3o de aplausos\u201d \u00e0 cidad\u00e3 itajupense de cora\u00e7\u00e3o Ilza Evangelista dos Santos que do dia 7 de setembro festejou 80 anos de vida.<a href=\"http:\/\/www.ubaitabanoticiasagora.com\/2010\/09\/itajuipe-80-anos-de-vida-sabedoria-e.html\">Veja fotos<\/a>.<o:p><\/o:p><\/span><\/span><\/div>\n<div style=\"text-align: justify;\"><span style=\"font-size: 14.0pt; line-height: 115%;\"><span style=\"font-family: Arial, Helvetica, sans-serif;\"><br \/><\/span><\/span><\/div>\n<div style=\"text-align: justify;\"><span style=\"font-family: Arial, Helvetica, sans-serif;\"><span style=\"font-size: 14.0pt; line-height: 115%;\">A proposi\u00e7\u00e3o de autoria dos Vereadores Ivan Junior (PSD) e P\u00e1dua Gallo (PTN) foi aprovada por unanimidades pelos onze parlamentares que comp\u00f5em a casa Legislativa. Na manifesta\u00e7\u00e3o os vereadores destacaram hist\u00f3ria de vida de D. Ilza que<\/span> <span style=\"font-size: 14.0pt; line-height: 115%;\">nasceu em Belmonte no dia 07 de setembro de 1933, recebendo na pia batismal o nome de Ilza Evangelista dos Santos. <o:p><\/o:p><\/span><\/span><\/div>\n<div style=\"text-align: justify;\"><span style=\"font-family: Arial, Helvetica, sans-serif;\"><span style=\"font-size: 14.0pt; line-height: 115%;\"><br \/><\/span><\/span><\/div>\n<div style=\"text-align: justify;\"><span style=\"font-size: 14.0pt; line-height: 115%;\"><span style=\"font-family: Arial, Helvetica, sans-serif;\">Filha de Ubaldo Evangelista Santos e Adel\u00edcia Flor\u00eancia vive grande parte de sua vida no ber\u00e7o natal. Em 1941, mudou-se para Canavieiras. Tr\u00eas anos depois segue para Itabuna. Neste mesmo ano passou a morar com a madrinha em virtude do falecimento de sua m\u00e3e. Aos 16 anos casou-se com o Sr. Luiz da Silva e foi morar em Mutuns. Com 17 anos foi m\u00e3e do seu primog\u00eanito.<o:p><\/o:p><\/span><\/span><\/div>\n<div style=\"text-align: justify;\"><span style=\"font-size: 14.0pt; line-height: 115%;\"><span style=\"font-family: Arial, Helvetica, sans-serif;\"><br \/><\/span><\/span><\/div>\n<div style=\"text-align: justify;\"><span style=\"font-family: Arial, Helvetica, sans-serif;\"><span style=\"font-size: 14.0pt; line-height: 115%;\">Ficou vi\u00fava aos 21 anos, com tr\u00eas filhos. Algum tempo depois contraiu novas n\u00fapcias com o Sr. Jo\u00e3o Marc\u00edlio com o qual aumentou sua prole. Em sua trajet\u00f3ria morou tamb\u00e9m em Sequeiro do Espinho e em seguida em Itaju\u00edpe onde permanece at\u00e9 hoje.<\/span> <span style=\"font-size: 14.0pt; line-height: 115%;\">Profissionalmente viveu experi\u00eancias como lavadeira, passadeira, vendedora de acaraj\u00e9 e zeladora, nesta \u00faltima permaneceu por 16 anos, onde se aposentou na Escola Rotary. <o:p><\/o:p><\/span><\/span><\/div>\n<div style=\"text-align: justify;\"><span style=\"font-family: Arial, Helvetica, sans-serif;\"><span style=\"font-size: 14.0pt; line-height: 115%;\"><br \/><\/span><\/span><\/div>\n<div style=\"text-align: justify;\"><span style=\"font-size: 14.0pt; line-height: 115%;\"><span style=\"font-family: Arial, Helvetica, sans-serif;\">M\u00e3e de 17 filhos. Destes, sete j\u00e1 repousaram no ber\u00e7o eterno. Av\u00f3 de 71 netos, bisav\u00f3 de 64 bisnetos, tatarav\u00f3 de uma linda menina. Atualmente faz parte do grupo &#8220;Alegria de Viver&#8221; e se doa sem reservas \u00e0 Igreja de Santo Ant\u00f4nio no bairro do mesmo nome onde vive com seus familiares.<o:p><\/o:p><\/span><\/span><\/div>\n<div style=\"text-align: justify;\"><span style=\"font-size: 14.0pt; line-height: 115%;\"><span style=\"font-family: Arial, Helvetica, sans-serif;\"><br \/><\/span><\/span><\/div>\n<div style=\"text-align: center;\"><\/div>\n<div style=\"text-align: justify;\"><span style=\"font-size: 14.0pt; line-height: 115%;\"><span style=\"font-family: Arial, Helvetica, sans-serif;\">D.Ilza deve receber esta justa homenagem, no plen\u00e1rio da C\u00e2mara de Vereadores na pr\u00f3xima quinta-feira (19) das m\u00e3os dos Vereadores. Parab\u00e9ns para esta cidad\u00e3 das bases populares que tem uma hist\u00f3ria de vida not\u00e1vel. Uma mulher lutadora que na pol\u00edtica sempre figurou ao lado dos &#8220;Badar\u00f3s&#8221;. Parab\u00e9ns aos vereadores, em especial Ivan J\u00fanior e P\u00e1dua Gallo pela mo\u00e7\u00e3o de aplausos a esta jovem senhora de 80 anos.<\/span><o:p><\/o:p><\/span><\/div>\n","protected":false},"excerpt":{"rendered":"<p>A C\u00e2mara de Vereadores de Itaju\u00edpe aprovou nesta quinta-feira (12\/09) \u201cmo\u00e7\u00e3o de aplausos\u201d \u00e0 cidad\u00e3 itajupense de cora\u00e7\u00e3o Ilza Evangelista dos Santos que do dia 7 de setembro festejou 80&#8230;<\/p>\n","protected":false},"author":2,"featured_media":0,"comment_status":"open","ping_status":"open","sticky":false,"template":"","format":"standard","meta":{"_editorskit_title_hidden":false,"_editorskit_reading_time":0,"_editorskit_is_block_options_detached":false,"_editorskit_block_options_position":"{}","om_disable_all_campaigns":false,"_mi_skip_tracking":false,"_kad_post_transparent":"","_kad_post_title":"","_kad_post_layout":"","_kad_post_sidebar_id":"","_kad_post_content_style":"","_kad_post_vertical_padding":"","_kad_post_feature":"","_kad_post_feature_position":"","_kad_post_header":false,"_kad_post_footer":false,"footnotes":""},"categories":[1],"tags":[],"class_list":["post-26679","post","type-post","status-publish","format-standard","hentry","category-destaques"],"yoast_head":"<!-- This site is optimized with the Yoast SEO plugin v20.5 - https:\/\/yoast.com\/wordpress\/plugins\/seo\/ -->\n<title>ITAJU\u00cdPE: VEREADORES APROVAM MO\u00c7\u00c3O DE APLAUSOS PARA D. ILZA. - blog do er\u00ea<\/title>\n<meta name=\"robots\" content=\"index, follow, max-snippet:-1, max-image-preview:large, max-video-preview:-1\" \/>\n<link rel=\"canonical\" href=\"https:\/\/blogdoere.com.br\/?p=26679\" \/>\n<meta property=\"og:locale\" content=\"pt_PT\" \/>\n<meta property=\"og:type\" content=\"article\" \/>\n<meta property=\"og:title\" content=\"ITAJU\u00cdPE: VEREADORES APROVAM MO\u00c7\u00c3O DE APLAUSOS PARA D. ILZA. - blog do er\u00ea\" \/>\n<meta property=\"og:description\" content=\"A C\u00e2mara de Vereadores de Itaju\u00edpe aprovou nesta quinta-feira (12\/09) \u201cmo\u00e7\u00e3o de aplausos\u201d \u00e0 cidad\u00e3 itajupense de cora\u00e7\u00e3o Ilza Evangelista dos Santos que do dia 7 de setembro festejou 80...\" \/>\n<meta property=\"og:url\" content=\"https:\/\/blogdoere.com.br\/?p=26679\" \/>\n<meta property=\"og:site_name\" content=\"blog do er\u00ea\" \/>\n<meta property=\"article:published_time\" content=\"2013-09-13T03:35:00+00:00\" \/>\n<meta property=\"og:image\" content=\"https:\/\/fbcdn-sphotos-d-a.akamaihd.net\/hphotos-ak-prn2\/1187280_342749719194520_608727958_n.jpg\" \/>\n<meta name=\"author\" content=\"Ere\" \/>\n<meta name=\"twitter:card\" content=\"summary_large_image\" \/>\n<meta name=\"twitter:label1\" content=\"Escrito por\" \/>\n\t<meta name=\"twitter:data1\" content=\"Ere\" \/>\n\t<meta name=\"twitter:label2\" content=\"Tempo estimado de leitura\" \/>\n\t<meta name=\"twitter:data2\" content=\"2 minutos\" \/>\n<script type=\"application\/ld+json\" class=\"yoast-schema-graph\">{\"@context\":\"https:\/\/schema.org\",\"@graph\":[{\"@type\":\"Article\",\"@id\":\"https:\/\/blogdoere.com.br\/?p=26679#article\",\"isPartOf\":{\"@id\":\"https:\/\/blogdoere.com.br\/?p=26679\"},\"author\":{\"name\":\"Ere\",\"@id\":\"https:\/\/blogdoere.com.br\/#\/schema\/person\/4b56ed2336cb28ae3415ce8ffe56742e\"},\"headline\":\"ITAJU\u00cdPE: VEREADORES APROVAM MO\u00c7\u00c3O DE APLAUSOS PARA D. ILZA.\",\"datePublished\":\"2013-09-13T03:35:00+00:00\",\"dateModified\":\"2013-09-13T03:35:00+00:00\",\"mainEntityOfPage\":{\"@id\":\"https:\/\/blogdoere.com.br\/?p=26679\"},\"wordCount\":381,\"commentCount\":1,\"publisher\":{\"@id\":\"https:\/\/blogdoere.com.br\/#organization\"},\"articleSection\":[\"Destaques\"],\"inLanguage\":\"pt-PT\",\"potentialAction\":[{\"@type\":\"CommentAction\",\"name\":\"Comment\",\"target\":[\"https:\/\/blogdoere.com.br\/?p=26679#respond\"]}]},{\"@type\":\"WebPage\",\"@id\":\"https:\/\/blogdoere.com.br\/?p=26679\",\"url\":\"https:\/\/blogdoere.com.br\/?p=26679\",\"name\":\"ITAJU\u00cdPE: VEREADORES APROVAM MO\u00c7\u00c3O DE APLAUSOS PARA D. ILZA. - blog do er\u00ea\",\"isPartOf\":{\"@id\":\"https:\/\/blogdoere.com.br\/#website\"},\"datePublished\":\"2013-09-13T03:35:00+00:00\",\"dateModified\":\"2013-09-13T03:35:00+00:00\",\"breadcrumb\":{\"@id\":\"https:\/\/blogdoere.com.br\/?p=26679#breadcrumb\"},\"inLanguage\":\"pt-PT\",\"potentialAction\":[{\"@type\":\"ReadAction\",\"target\":[\"https:\/\/blogdoere.com.br\/?p=26679\"]}]},{\"@type\":\"BreadcrumbList\",\"@id\":\"https:\/\/blogdoere.com.br\/?p=26679#breadcrumb\",\"itemListElement\":[{\"@type\":\"ListItem\",\"position\":1,\"name\":\"In\u00edcio\",\"item\":\"https:\/\/blogdoere.com.br\/\"},{\"@type\":\"ListItem\",\"position\":2,\"name\":\"ITAJU\u00cdPE: VEREADORES APROVAM MO\u00c7\u00c3O DE APLAUSOS PARA D. ILZA.\"}]},{\"@type\":\"WebSite\",\"@id\":\"https:\/\/blogdoere.com.br\/#website\",\"url\":\"https:\/\/blogdoere.com.br\/\",\"name\":\"blog do er\u00ea\",\"description\":\"\",\"publisher\":{\"@id\":\"https:\/\/blogdoere.com.br\/#organization\"},\"potentialAction\":[{\"@type\":\"SearchAction\",\"target\":{\"@type\":\"EntryPoint\",\"urlTemplate\":\"https:\/\/blogdoere.com.br\/?s={search_term_string}\"},\"query-input\":\"required name=search_term_string\"}],\"inLanguage\":\"pt-PT\"},{\"@type\":\"Organization\",\"@id\":\"https:\/\/blogdoere.com.br\/#organization\",\"name\":\"Blog do Er\u00ea\",\"url\":\"https:\/\/blogdoere.com.br\/\",\"logo\":{\"@type\":\"ImageObject\",\"inLanguage\":\"pt-PT\",\"@id\":\"https:\/\/blogdoere.com.br\/#\/schema\/logo\/image\/\",\"url\":\"https:\/\/blogdoere.com.br\/wp-content\/uploads\/2021\/11\/Logo-Ere-1.png\",\"contentUrl\":\"https:\/\/blogdoere.com.br\/wp-content\/uploads\/2021\/11\/Logo-Ere-1.png\",\"width\":1261,\"height\":1330,\"caption\":\"Blog do Er\u00ea\"},\"image\":{\"@id\":\"https:\/\/blogdoere.com.br\/#\/schema\/logo\/image\/\"}},{\"@type\":\"Person\",\"@id\":\"https:\/\/blogdoere.com.br\/#\/schema\/person\/4b56ed2336cb28ae3415ce8ffe56742e\",\"name\":\"Ere\",\"image\":{\"@type\":\"ImageObject\",\"inLanguage\":\"pt-PT\",\"@id\":\"https:\/\/blogdoere.com.br\/#\/schema\/person\/image\/\",\"url\":\"https:\/\/secure.gravatar.com\/avatar\/?s=96&d=mm&r=g\",\"contentUrl\":\"https:\/\/secure.gravatar.com\/avatar\/?s=96&d=mm&r=g\",\"caption\":\"Ere\"}}]}<\/script>\n<!-- \/ Yoast SEO plugin. -->","yoast_head_json":{"title":"ITAJU\u00cdPE: VEREADORES APROVAM MO\u00c7\u00c3O DE APLAUSOS PARA D. ILZA. - blog do er\u00ea","robots":{"index":"index","follow":"follow","max-snippet":"max-snippet:-1","max-image-preview":"max-image-preview:large","max-video-preview":"max-video-preview:-1"},"canonical":"https:\/\/blogdoere.com.br\/?p=26679","og_locale":"pt_PT","og_type":"article","og_title":"ITAJU\u00cdPE: VEREADORES APROVAM MO\u00c7\u00c3O DE APLAUSOS PARA D. ILZA. - blog do er\u00ea","og_description":"A C\u00e2mara de Vereadores de Itaju\u00edpe aprovou nesta quinta-feira (12\/09) \u201cmo\u00e7\u00e3o de aplausos\u201d \u00e0 cidad\u00e3 itajupense de cora\u00e7\u00e3o Ilza Evangelista dos Santos que do dia 7 de setembro festejou 80...","og_url":"https:\/\/blogdoere.com.br\/?p=26679","og_site_name":"blog do er\u00ea","article_published_time":"2013-09-13T03:35:00+00:00","og_image":[{"url":"https:\/\/fbcdn-sphotos-d-a.akamaihd.net\/hphotos-ak-prn2\/1187280_342749719194520_608727958_n.jpg"}],"author":"Ere","twitter_card":"summary_large_image","twitter_misc":{"Escrito por":"Ere","Tempo estimado de leitura":"2 minutos"},"schema":{"@context":"https:\/\/schema.org","@graph":[{"@type":"Article","@id":"https:\/\/blogdoere.com.br\/?p=26679#article","isPartOf":{"@id":"https:\/\/blogdoere.com.br\/?p=26679"},"author":{"name":"Ere","@id":"https:\/\/blogdoere.com.br\/#\/schema\/person\/4b56ed2336cb28ae3415ce8ffe56742e"},"headline":"ITAJU\u00cdPE: VEREADORES APROVAM MO\u00c7\u00c3O DE APLAUSOS PARA D. ILZA.","datePublished":"2013-09-13T03:35:00+00:00","dateModified":"2013-09-13T03:35:00+00:00","mainEntityOfPage":{"@id":"https:\/\/blogdoere.com.br\/?p=26679"},"wordCount":381,"commentCount":1,"publisher":{"@id":"https:\/\/blogdoere.com.br\/#organization"},"articleSection":["Destaques"],"inLanguage":"pt-PT","potentialAction":[{"@type":"CommentAction","name":"Comment","target":["https:\/\/blogdoere.com.br\/?p=26679#respond"]}]},{"@type":"WebPage","@id":"https:\/\/blogdoere.com.br\/?p=26679","url":"https:\/\/blogdoere.com.br\/?p=26679","name":"ITAJU\u00cdPE: VEREADORES APROVAM MO\u00c7\u00c3O DE APLAUSOS PARA D. ILZA. - blog do er\u00ea","isPartOf":{"@id":"https:\/\/blogdoere.com.br\/#website"},"datePublished":"2013-09-13T03:35:00+00:00","dateModified":"2013-09-13T03:35:00+00:00","breadcrumb":{"@id":"https:\/\/blogdoere.com.br\/?p=26679#breadcrumb"},"inLanguage":"pt-PT","potentialAction":[{"@type":"ReadAction","target":["https:\/\/blogdoere.com.br\/?p=26679"]}]},{"@type":"BreadcrumbList","@id":"https:\/\/blogdoere.com.br\/?p=26679#breadcrumb","itemListElement":[{"@type":"ListItem","position":1,"name":"In\u00edcio","item":"https:\/\/blogdoere.com.br\/"},{"@type":"ListItem","position":2,"name":"ITAJU\u00cdPE: VEREADORES APROVAM MO\u00c7\u00c3O DE APLAUSOS PARA D. ILZA."}]},{"@type":"WebSite","@id":"https:\/\/blogdoere.com.br\/#website","url":"https:\/\/blogdoere.com.br\/","name":"blog do er\u00ea","description":"","publisher":{"@id":"https:\/\/blogdoere.com.br\/#organization"},"potentialAction":[{"@type":"SearchAction","target":{"@type":"EntryPoint","urlTemplate":"https:\/\/blogdoere.com.br\/?s={search_term_string}"},"query-input":"required name=search_term_string"}],"inLanguage":"pt-PT"},{"@type":"Organization","@id":"https:\/\/blogdoere.com.br\/#organization","name":"Blog do Er\u00ea","url":"https:\/\/blogdoere.com.br\/","logo":{"@type":"ImageObject","inLanguage":"pt-PT","@id":"https:\/\/blogdoere.com.br\/#\/schema\/logo\/image\/","url":"https:\/\/blogdoere.com.br\/wp-content\/uploads\/2021\/11\/Logo-Ere-1.png","contentUrl":"https:\/\/blogdoere.com.br\/wp-content\/uploads\/2021\/11\/Logo-Ere-1.png","width":1261,"height":1330,"caption":"Blog do Er\u00ea"},"image":{"@id":"https:\/\/blogdoere.com.br\/#\/schema\/logo\/image\/"}},{"@type":"Person","@id":"https:\/\/blogdoere.com.br\/#\/schema\/person\/4b56ed2336cb28ae3415ce8ffe56742e","name":"Ere","image":{"@type":"ImageObject","inLanguage":"pt-PT","@id":"https:\/\/blogdoere.com.br\/#\/schema\/person\/image\/","url":"https:\/\/secure.gravatar.com\/avatar\/?s=96&d=mm&r=g","contentUrl":"https:\/\/secure.gravatar.com\/avatar\/?s=96&d=mm&r=g","caption":"Ere"}}]}},"featured_image_urls":{"full":"","thumbnail":"","medium":"","medium_large":"","large":"","1536x1536":"","2048x2048":""},"author_info":{"display_name":"Ere","author_link":"https:\/\/blogdoere.com.br\/?author=2"},"category_info":"<a href=\"https:\/\/blogdoere.com.br\/?cat=1\" rel=\"category\">Destaques<\/a>","tag_info":"Destaques","comment_count":"1","_links":{"self":[{"href":"https:\/\/blogdoere.com.br\/index.php?rest_route=\/wp\/v2\/posts\/26679","targetHints":{"allow":["GET"]}}],"collection":[{"href":"https:\/\/blogdoere.com.br\/index.php?rest_route=\/wp\/v2\/posts"}],"about":[{"href":"https:\/\/blogdoere.com.br\/index.php?rest_route=\/wp\/v2\/types\/post"}],"author":[{"embeddable":true,"href":"https:\/\/blogdoere.com.br\/index.php?rest_route=\/wp\/v2\/users\/2"}],"replies":[{"embeddable":true,"href":"https:\/\/blogdoere.com.br\/index.php?rest_route=%2Fwp%2Fv2%2Fcomments&post=26679"}],"version-history":[{"count":0,"href":"https:\/\/blogdoere.com.br\/index.php?rest_route=\/wp\/v2\/posts\/26679\/revisions"}],"wp:attachment":[{"href":"https:\/\/blogdoere.com.br\/index.php?rest_route=%2Fwp%2Fv2%2Fmedia&parent=26679"}],"wp:term":[{"taxonomy":"category","embeddable":true,"href":"https:\/\/blogdoere.com.br\/index.php?rest_route=%2Fwp%2Fv2%2Fcategories&post=26679"},{"taxonomy":"post_tag","embeddable":true,"href":"https:\/\/blogdoere.com.br\/index.php?rest_route=%2Fwp%2Fv2%2Ftags&post=26679"}],"curies":[{"name":"wp","href":"https:\/\/api.w.org\/{rel}","templated":true}]}}