{"id":26682,"date":"2013-09-11T00:50:00","date_gmt":"2013-09-11T00:50:00","guid":{"rendered":"http:\/\/blogdoere.com.br\/?p=26682"},"modified":"2013-09-11T00:50:00","modified_gmt":"2013-09-11T00:50:00","slug":"itajuipe-sec-de-desenvolvimento-social-firma-parceria-com-a-fundacao-lourdes-lucas","status":"publish","type":"post","link":"https:\/\/blogdoere.com.br\/?p=26682","title":{"rendered":"ITAJU\u00cdPE: SEC. DE DESENVOLVIMENTO SOCIAL FIRMA PARCERIA COM A FUNDA\u00c7\u00c3O LOURDES LUCAS."},"content":{"rendered":"<p><\/p>\n<div style=\"text-align: center;\"><img decoding=\"async\" src=\"http:\/\/1.bp.blogspot.com\/-jhICyLasVZ8\/UipS0O5bqyI\/AAAAAAABJgc\/od23lFACyqg\/s400\/FOTOS+-+CL%C3%81UDIO+066.jpg\" \/><\/div>\n<p><\/p>\n<div style=\"text-align: justify;\"><span style=\"font-family: Arial, Helvetica, sans-serif; font-size: large;\"><span style=\"line-height: 115%;\">A Secretaria de Desenvolvimento Social firmou parceria com a Funda\u00e7\u00e3o Lourdes Lucas para promo\u00e7\u00e3o da qualifica\u00e7\u00e3o profissional de adolescentes de 15 a 17 anos. A pactua\u00e7\u00e3o, segundo a coordenadora de servi\u00e7os de conviv\u00eancia, An\u00e1lia Torres visa fortalecer inclus\u00e3o social e digital, utilizando as tecnologias de informa\u00e7\u00e3o como exerc\u00edcio de cidadania possibilitando a inser\u00e7\u00e3o no mercado de trabalho com forma\u00e7\u00e3o qualificada dos adolescentes em cursos &nbsp;de inform\u00e1tica.<\/span><a href=\"http:\/\/www.ubaitabanoticiasagora.com\/2013\/09\/itajuipe-sec-de-desenvolvimento-social.html?spref=fb\" style=\"background-color: white; line-height: 18px;\">Leia mais no Ubaitaba Not\u00edcia Agora.<\/a><\/span><\/div>\n<div style=\"text-align: justify;\"><\/div>\n","protected":false},"excerpt":{"rendered":"<p>A Secretaria de Desenvolvimento Social firmou parceria com a Funda\u00e7\u00e3o Lourdes Lucas para promo\u00e7\u00e3o da qualifica\u00e7\u00e3o profissional de adolescentes de 15 a 17 anos. A pactua\u00e7\u00e3o, segundo a coordenadora de&#8230;<\/p>\n","protected":false},"author":2,"featured_media":0,"comment_status":"open","ping_status":"open","sticky":false,"template":"","format":"standard","meta":{"_editorskit_title_hidden":false,"_editorskit_reading_time":0,"_editorskit_is_block_options_detached":false,"_editorskit_block_options_position":"{}","om_disable_all_campaigns":false,"_mi_skip_tracking":false,"_kad_post_transparent":"","_kad_post_title":"","_kad_post_layout":"","_kad_post_sidebar_id":"","_kad_post_content_style":"","_kad_post_vertical_padding":"","_kad_post_feature":"","_kad_post_feature_position":"","_kad_post_header":false,"_kad_post_footer":false,"footnotes":""},"categories":[1],"tags":[],"class_list":["post-26682","post","type-post","status-publish","format-standard","hentry","category-destaques"],"yoast_head":"<!-- This site is optimized with the Yoast SEO plugin v20.5 - https:\/\/yoast.com\/wordpress\/plugins\/seo\/ -->\n<title>ITAJU\u00cdPE: SEC. DE DESENVOLVIMENTO SOCIAL FIRMA PARCERIA COM A FUNDA\u00c7\u00c3O LOURDES LUCAS. - blog do er\u00ea<\/title>\n<meta name=\"robots\" content=\"index, follow, max-snippet:-1, max-image-preview:large, max-video-preview:-1\" \/>\n<link rel=\"canonical\" href=\"https:\/\/blogdoere.com.br\/?p=26682\" \/>\n<meta property=\"og:locale\" content=\"pt_PT\" \/>\n<meta property=\"og:type\" content=\"article\" \/>\n<meta property=\"og:title\" content=\"ITAJU\u00cdPE: SEC. DE DESENVOLVIMENTO SOCIAL FIRMA PARCERIA COM A FUNDA\u00c7\u00c3O LOURDES LUCAS. - blog do er\u00ea\" \/>\n<meta property=\"og:description\" content=\"A Secretaria de Desenvolvimento Social firmou parceria com a Funda\u00e7\u00e3o Lourdes Lucas para promo\u00e7\u00e3o da qualifica\u00e7\u00e3o profissional de adolescentes de 15 a 17 anos. A pactua\u00e7\u00e3o, segundo a coordenadora de...\" \/>\n<meta property=\"og:url\" content=\"https:\/\/blogdoere.com.br\/?p=26682\" \/>\n<meta property=\"og:site_name\" content=\"blog do er\u00ea\" \/>\n<meta property=\"article:published_time\" content=\"2013-09-11T00:50:00+00:00\" \/>\n<meta property=\"og:image\" content=\"http:\/\/1.bp.blogspot.com\/-jhICyLasVZ8\/UipS0O5bqyI\/AAAAAAABJgc\/od23lFACyqg\/s400\/FOTOS+-+CL%C3%81UDIO+066.jpg\" \/>\n<meta name=\"author\" content=\"Ere\" \/>\n<meta name=\"twitter:card\" content=\"summary_large_image\" \/>\n<meta name=\"twitter:label1\" content=\"Escrito por\" \/>\n\t<meta name=\"twitter:data1\" content=\"Ere\" \/>\n<script type=\"application\/ld+json\" class=\"yoast-schema-graph\">{\"@context\":\"https:\/\/schema.org\",\"@graph\":[{\"@type\":\"Article\",\"@id\":\"https:\/\/blogdoere.com.br\/?p=26682#article\",\"isPartOf\":{\"@id\":\"https:\/\/blogdoere.com.br\/?p=26682\"},\"author\":{\"name\":\"Ere\",\"@id\":\"https:\/\/blogdoere.com.br\/#\/schema\/person\/4b56ed2336cb28ae3415ce8ffe56742e\"},\"headline\":\"ITAJU\u00cdPE: SEC. DE DESENVOLVIMENTO SOCIAL FIRMA PARCERIA COM A FUNDA\u00c7\u00c3O LOURDES LUCAS.\",\"datePublished\":\"2013-09-11T00:50:00+00:00\",\"dateModified\":\"2013-09-11T00:50:00+00:00\",\"mainEntityOfPage\":{\"@id\":\"https:\/\/blogdoere.com.br\/?p=26682\"},\"wordCount\":99,\"commentCount\":0,\"publisher\":{\"@id\":\"https:\/\/blogdoere.com.br\/#organization\"},\"articleSection\":[\"Destaques\"],\"inLanguage\":\"pt-PT\",\"potentialAction\":[{\"@type\":\"CommentAction\",\"name\":\"Comment\",\"target\":[\"https:\/\/blogdoere.com.br\/?p=26682#respond\"]}]},{\"@type\":\"WebPage\",\"@id\":\"https:\/\/blogdoere.com.br\/?p=26682\",\"url\":\"https:\/\/blogdoere.com.br\/?p=26682\",\"name\":\"ITAJU\u00cdPE: SEC. DE DESENVOLVIMENTO SOCIAL FIRMA PARCERIA COM A FUNDA\u00c7\u00c3O LOURDES LUCAS. - blog do er\u00ea\",\"isPartOf\":{\"@id\":\"https:\/\/blogdoere.com.br\/#website\"},\"datePublished\":\"2013-09-11T00:50:00+00:00\",\"dateModified\":\"2013-09-11T00:50:00+00:00\",\"breadcrumb\":{\"@id\":\"https:\/\/blogdoere.com.br\/?p=26682#breadcrumb\"},\"inLanguage\":\"pt-PT\",\"potentialAction\":[{\"@type\":\"ReadAction\",\"target\":[\"https:\/\/blogdoere.com.br\/?p=26682\"]}]},{\"@type\":\"BreadcrumbList\",\"@id\":\"https:\/\/blogdoere.com.br\/?p=26682#breadcrumb\",\"itemListElement\":[{\"@type\":\"ListItem\",\"position\":1,\"name\":\"In\u00edcio\",\"item\":\"https:\/\/blogdoere.com.br\/\"},{\"@type\":\"ListItem\",\"position\":2,\"name\":\"ITAJU\u00cdPE: SEC. DE DESENVOLVIMENTO SOCIAL FIRMA PARCERIA COM A FUNDA\u00c7\u00c3O LOURDES LUCAS.\"}]},{\"@type\":\"WebSite\",\"@id\":\"https:\/\/blogdoere.com.br\/#website\",\"url\":\"https:\/\/blogdoere.com.br\/\",\"name\":\"blog do er\u00ea\",\"description\":\"\",\"publisher\":{\"@id\":\"https:\/\/blogdoere.com.br\/#organization\"},\"potentialAction\":[{\"@type\":\"SearchAction\",\"target\":{\"@type\":\"EntryPoint\",\"urlTemplate\":\"https:\/\/blogdoere.com.br\/?s={search_term_string}\"},\"query-input\":\"required name=search_term_string\"}],\"inLanguage\":\"pt-PT\"},{\"@type\":\"Organization\",\"@id\":\"https:\/\/blogdoere.com.br\/#organization\",\"name\":\"Blog do Er\u00ea\",\"url\":\"https:\/\/blogdoere.com.br\/\",\"logo\":{\"@type\":\"ImageObject\",\"inLanguage\":\"pt-PT\",\"@id\":\"https:\/\/blogdoere.com.br\/#\/schema\/logo\/image\/\",\"url\":\"https:\/\/blogdoere.com.br\/wp-content\/uploads\/2021\/11\/Logo-Ere-1.png\",\"contentUrl\":\"https:\/\/blogdoere.com.br\/wp-content\/uploads\/2021\/11\/Logo-Ere-1.png\",\"width\":1261,\"height\":1330,\"caption\":\"Blog do Er\u00ea\"},\"image\":{\"@id\":\"https:\/\/blogdoere.com.br\/#\/schema\/logo\/image\/\"}},{\"@type\":\"Person\",\"@id\":\"https:\/\/blogdoere.com.br\/#\/schema\/person\/4b56ed2336cb28ae3415ce8ffe56742e\",\"name\":\"Ere\",\"image\":{\"@type\":\"ImageObject\",\"inLanguage\":\"pt-PT\",\"@id\":\"https:\/\/blogdoere.com.br\/#\/schema\/person\/image\/\",\"url\":\"https:\/\/secure.gravatar.com\/avatar\/?s=96&d=mm&r=g\",\"contentUrl\":\"https:\/\/secure.gravatar.com\/avatar\/?s=96&d=mm&r=g\",\"caption\":\"Ere\"}}]}<\/script>\n<!-- \/ Yoast SEO plugin. -->","yoast_head_json":{"title":"ITAJU\u00cdPE: SEC. DE DESENVOLVIMENTO SOCIAL FIRMA PARCERIA COM A FUNDA\u00c7\u00c3O LOURDES LUCAS. - blog do er\u00ea","robots":{"index":"index","follow":"follow","max-snippet":"max-snippet:-1","max-image-preview":"max-image-preview:large","max-video-preview":"max-video-preview:-1"},"canonical":"https:\/\/blogdoere.com.br\/?p=26682","og_locale":"pt_PT","og_type":"article","og_title":"ITAJU\u00cdPE: SEC. DE DESENVOLVIMENTO SOCIAL FIRMA PARCERIA COM A FUNDA\u00c7\u00c3O LOURDES LUCAS. - blog do er\u00ea","og_description":"A Secretaria de Desenvolvimento Social firmou parceria com a Funda\u00e7\u00e3o Lourdes Lucas para promo\u00e7\u00e3o da qualifica\u00e7\u00e3o profissional de adolescentes de 15 a 17 anos. A pactua\u00e7\u00e3o, segundo a coordenadora de...","og_url":"https:\/\/blogdoere.com.br\/?p=26682","og_site_name":"blog do er\u00ea","article_published_time":"2013-09-11T00:50:00+00:00","og_image":[{"url":"http:\/\/1.bp.blogspot.com\/-jhICyLasVZ8\/UipS0O5bqyI\/AAAAAAABJgc\/od23lFACyqg\/s400\/FOTOS+-+CL%C3%81UDIO+066.jpg"}],"author":"Ere","twitter_card":"summary_large_image","twitter_misc":{"Escrito por":"Ere"},"schema":{"@context":"https:\/\/schema.org","@graph":[{"@type":"Article","@id":"https:\/\/blogdoere.com.br\/?p=26682#article","isPartOf":{"@id":"https:\/\/blogdoere.com.br\/?p=26682"},"author":{"name":"Ere","@id":"https:\/\/blogdoere.com.br\/#\/schema\/person\/4b56ed2336cb28ae3415ce8ffe56742e"},"headline":"ITAJU\u00cdPE: SEC. DE DESENVOLVIMENTO SOCIAL FIRMA PARCERIA COM A FUNDA\u00c7\u00c3O LOURDES LUCAS.","datePublished":"2013-09-11T00:50:00+00:00","dateModified":"2013-09-11T00:50:00+00:00","mainEntityOfPage":{"@id":"https:\/\/blogdoere.com.br\/?p=26682"},"wordCount":99,"commentCount":0,"publisher":{"@id":"https:\/\/blogdoere.com.br\/#organization"},"articleSection":["Destaques"],"inLanguage":"pt-PT","potentialAction":[{"@type":"CommentAction","name":"Comment","target":["https:\/\/blogdoere.com.br\/?p=26682#respond"]}]},{"@type":"WebPage","@id":"https:\/\/blogdoere.com.br\/?p=26682","url":"https:\/\/blogdoere.com.br\/?p=26682","name":"ITAJU\u00cdPE: SEC. DE DESENVOLVIMENTO SOCIAL FIRMA PARCERIA COM A FUNDA\u00c7\u00c3O LOURDES LUCAS. - blog do er\u00ea","isPartOf":{"@id":"https:\/\/blogdoere.com.br\/#website"},"datePublished":"2013-09-11T00:50:00+00:00","dateModified":"2013-09-11T00:50:00+00:00","breadcrumb":{"@id":"https:\/\/blogdoere.com.br\/?p=26682#breadcrumb"},"inLanguage":"pt-PT","potentialAction":[{"@type":"ReadAction","target":["https:\/\/blogdoere.com.br\/?p=26682"]}]},{"@type":"BreadcrumbList","@id":"https:\/\/blogdoere.com.br\/?p=26682#breadcrumb","itemListElement":[{"@type":"ListItem","position":1,"name":"In\u00edcio","item":"https:\/\/blogdoere.com.br\/"},{"@type":"ListItem","position":2,"name":"ITAJU\u00cdPE: SEC. DE DESENVOLVIMENTO SOCIAL FIRMA PARCERIA COM A FUNDA\u00c7\u00c3O LOURDES LUCAS."}]},{"@type":"WebSite","@id":"https:\/\/blogdoere.com.br\/#website","url":"https:\/\/blogdoere.com.br\/","name":"blog do er\u00ea","description":"","publisher":{"@id":"https:\/\/blogdoere.com.br\/#organization"},"potentialAction":[{"@type":"SearchAction","target":{"@type":"EntryPoint","urlTemplate":"https:\/\/blogdoere.com.br\/?s={search_term_string}"},"query-input":"required name=search_term_string"}],"inLanguage":"pt-PT"},{"@type":"Organization","@id":"https:\/\/blogdoere.com.br\/#organization","name":"Blog do Er\u00ea","url":"https:\/\/blogdoere.com.br\/","logo":{"@type":"ImageObject","inLanguage":"pt-PT","@id":"https:\/\/blogdoere.com.br\/#\/schema\/logo\/image\/","url":"https:\/\/blogdoere.com.br\/wp-content\/uploads\/2021\/11\/Logo-Ere-1.png","contentUrl":"https:\/\/blogdoere.com.br\/wp-content\/uploads\/2021\/11\/Logo-Ere-1.png","width":1261,"height":1330,"caption":"Blog do Er\u00ea"},"image":{"@id":"https:\/\/blogdoere.com.br\/#\/schema\/logo\/image\/"}},{"@type":"Person","@id":"https:\/\/blogdoere.com.br\/#\/schema\/person\/4b56ed2336cb28ae3415ce8ffe56742e","name":"Ere","image":{"@type":"ImageObject","inLanguage":"pt-PT","@id":"https:\/\/blogdoere.com.br\/#\/schema\/person\/image\/","url":"https:\/\/secure.gravatar.com\/avatar\/?s=96&d=mm&r=g","contentUrl":"https:\/\/secure.gravatar.com\/avatar\/?s=96&d=mm&r=g","caption":"Ere"}}]}},"featured_image_urls":{"full":"","thumbnail":"","medium":"","medium_large":"","large":"","1536x1536":"","2048x2048":""},"author_info":{"display_name":"Ere","author_link":"https:\/\/blogdoere.com.br\/?author=2"},"category_info":"<a href=\"https:\/\/blogdoere.com.br\/?cat=1\" rel=\"category\">Destaques<\/a>","tag_info":"Destaques","comment_count":"0","_links":{"self":[{"href":"https:\/\/blogdoere.com.br\/index.php?rest_route=\/wp\/v2\/posts\/26682","targetHints":{"allow":["GET"]}}],"collection":[{"href":"https:\/\/blogdoere.com.br\/index.php?rest_route=\/wp\/v2\/posts"}],"about":[{"href":"https:\/\/blogdoere.com.br\/index.php?rest_route=\/wp\/v2\/types\/post"}],"author":[{"embeddable":true,"href":"https:\/\/blogdoere.com.br\/index.php?rest_route=\/wp\/v2\/users\/2"}],"replies":[{"embeddable":true,"href":"https:\/\/blogdoere.com.br\/index.php?rest_route=%2Fwp%2Fv2%2Fcomments&post=26682"}],"version-history":[{"count":0,"href":"https:\/\/blogdoere.com.br\/index.php?rest_route=\/wp\/v2\/posts\/26682\/revisions"}],"wp:attachment":[{"href":"https:\/\/blogdoere.com.br\/index.php?rest_route=%2Fwp%2Fv2%2Fmedia&parent=26682"}],"wp:term":[{"taxonomy":"category","embeddable":true,"href":"https:\/\/blogdoere.com.br\/index.php?rest_route=%2Fwp%2Fv2%2Fcategories&post=26682"},{"taxonomy":"post_tag","embeddable":true,"href":"https:\/\/blogdoere.com.br\/index.php?rest_route=%2Fwp%2Fv2%2Ftags&post=26682"}],"curies":[{"name":"wp","href":"https:\/\/api.w.org\/{rel}","templated":true}]}}