{"id":26684,"date":"2013-09-09T18:01:00","date_gmt":"2013-09-09T18:01:00","guid":{"rendered":"http:\/\/blogdoere.com.br\/?p=26684"},"modified":"2013-09-09T18:01:00","modified_gmt":"2013-09-09T18:01:00","slug":"itajuipe-mesmo-debaixo-de-chuva-desfile-de-7-de-setembro-foi-sucesso","status":"publish","type":"post","link":"https:\/\/blogdoere.com.br\/?p=26684","title":{"rendered":"ITAJU\u00cdPE: &#8216;MESMO DEBAIXO DE CHUVA  DESFILE DE 7 DE SETEMBRO FOI SUCESSO&#8217;."},"content":{"rendered":"<table align=\"center\" cellpadding=\"0\" cellspacing=\"0\" style=\"margin-left: auto; margin-right: auto; text-align: center;\">\n<tbody>\n<tr>\n<td style=\"text-align: center;\"><img decoding=\"async\" src=\"http:\/\/1.bp.blogspot.com\/-Mxv8GLwkLEs\/UivqgwC6rPI\/AAAAAAABM4Q\/WXfykHpYJtk\/s400\/7+DE+SETEMBRO+-+DESFILE-+7-8-13+-+UNA+028.jpg\" style=\"margin-left: auto; margin-right: auto;\" \/><\/td>\n<\/tr>\n<tr>\n<td style=\"text-align: center;\">Prefeita Gilka Badar\u00f3 e o Presidente da C\u00e2mara, Eduardo &nbsp;Portela, SEC, N\u00e1dia do Vale hasteando bandeiras.&nbsp;<\/td>\n<\/tr>\n<\/tbody>\n<\/table>\n<div style=\"text-align: justify;\"><span style=\"font-family: Arial, Helvetica, sans-serif;\"><span style=\"line-height: 115%;\"><br \/><\/span><\/span><\/div>\n<div style=\"text-align: justify;\"><span style=\"font-family: Arial, Helvetica, sans-serif;\"><span style=\"line-height: 115%;\">Em Itaju\u00edpe a Semana da P\u00e1tria teve uma extensa programa\u00e7\u00e3o alusiva a Independ\u00eancia do Brasil durante toda a semana com desfiles. Este ano, tamb\u00e9m foram inclu\u00eddos os distritos (<a href=\"http:\/\/www.blogdoere.com\/2013\/09\/itajuipe-nesta-segunda-feira-comeca.html\">relembre)<\/a>; programa\u00e7\u00e3o voltada para os alunos que moram estudam na zona rura(l<a href=\"http:\/\/www.blogdoere.com\/2013\/09\/itajuipe-estudantes-das-escolas-do.html\">relembre<\/a>).<\/span><span style=\"line-height: 115%;\">&nbsp;<\/span><span style=\"line-height: 115%;\">No s\u00e1bado, mesmo debaixo de fortes chuvas, o desfile de 7 de Setembro foi sucesso, o p\u00fablico n\u00e3o arredou o p\u00e9 da pra\u00e7a,<\/span><span style=\"line-height: 18px;\">assistiu o desfile que<\/span><span style=\"line-height: 115%;\">&nbsp;&nbsp;fez men\u00e7\u00e3o a historia do munic\u00edpio e seu povo. A participa\u00e7\u00e3o popular nas ruas e Pra\u00e7a Regis Pacheco surpreendeu a todos. A prefeita Gilka Badar\u00f3 (PSB) frisou que o seu sonho est\u00e1 sendo realizado, o povo itajuipense est\u00e1 mais feliz. e participativo.&nbsp;<\/span><a href=\"http:\/\/www.ubaitabanoticiasagora.com\/2013\/09\/itajuipe-desfile-da-independencia.html\" style=\"line-height: 115%;\">Veja as fotos no Ubaitaba Not\u00edcias Agora.<\/a><\/span><\/div>\n","protected":false},"excerpt":{"rendered":"<p>Prefeita Gilka Badar\u00f3 e o Presidente da C\u00e2mara, Eduardo &nbsp;Portela, SEC, N\u00e1dia do Vale hasteando bandeiras.&nbsp; Em Itaju\u00edpe a Semana da P\u00e1tria teve uma extensa programa\u00e7\u00e3o alusiva a Independ\u00eancia do&#8230;<\/p>\n","protected":false},"author":2,"featured_media":0,"comment_status":"open","ping_status":"open","sticky":false,"template":"","format":"standard","meta":{"_editorskit_title_hidden":false,"_editorskit_reading_time":0,"_editorskit_is_block_options_detached":false,"_editorskit_block_options_position":"{}","om_disable_all_campaigns":false,"_mi_skip_tracking":false,"_kad_post_transparent":"","_kad_post_title":"","_kad_post_layout":"","_kad_post_sidebar_id":"","_kad_post_content_style":"","_kad_post_vertical_padding":"","_kad_post_feature":"","_kad_post_feature_position":"","_kad_post_header":false,"_kad_post_footer":false,"footnotes":""},"categories":[1],"tags":[],"class_list":["post-26684","post","type-post","status-publish","format-standard","hentry","category-destaques"],"yoast_head":"<!-- This site is optimized with the Yoast SEO plugin v20.5 - https:\/\/yoast.com\/wordpress\/plugins\/seo\/ -->\n<title>ITAJU\u00cdPE: &#039;MESMO DEBAIXO DE CHUVA DESFILE DE 7 DE SETEMBRO FOI SUCESSO&#039;. - blog do er\u00ea<\/title>\n<meta name=\"robots\" content=\"index, follow, max-snippet:-1, max-image-preview:large, max-video-preview:-1\" \/>\n<link rel=\"canonical\" href=\"https:\/\/blogdoere.com.br\/?p=26684\" \/>\n<meta property=\"og:locale\" content=\"pt_PT\" \/>\n<meta property=\"og:type\" content=\"article\" \/>\n<meta property=\"og:title\" content=\"ITAJU\u00cdPE: &#039;MESMO DEBAIXO DE CHUVA DESFILE DE 7 DE SETEMBRO FOI SUCESSO&#039;. - blog do er\u00ea\" \/>\n<meta property=\"og:description\" content=\"Prefeita Gilka Badar\u00f3 e o Presidente da C\u00e2mara, Eduardo &nbsp;Portela, SEC, N\u00e1dia do Vale hasteando bandeiras.&nbsp; Em Itaju\u00edpe a Semana da P\u00e1tria teve uma extensa programa\u00e7\u00e3o alusiva a Independ\u00eancia do...\" \/>\n<meta property=\"og:url\" content=\"https:\/\/blogdoere.com.br\/?p=26684\" \/>\n<meta property=\"og:site_name\" content=\"blog do er\u00ea\" \/>\n<meta property=\"article:published_time\" content=\"2013-09-09T18:01:00+00:00\" \/>\n<meta property=\"og:image\" content=\"http:\/\/1.bp.blogspot.com\/-Mxv8GLwkLEs\/UivqgwC6rPI\/AAAAAAABM4Q\/WXfykHpYJtk\/s400\/7+DE+SETEMBRO+-+DESFILE-+7-8-13+-+UNA+028.jpg\" \/>\n<meta name=\"author\" content=\"Ere\" \/>\n<meta name=\"twitter:card\" content=\"summary_large_image\" \/>\n<meta name=\"twitter:label1\" content=\"Escrito por\" \/>\n\t<meta name=\"twitter:data1\" content=\"Ere\" \/>\n\t<meta name=\"twitter:label2\" content=\"Tempo estimado de leitura\" \/>\n\t<meta name=\"twitter:data2\" content=\"1 minuto\" \/>\n<script type=\"application\/ld+json\" class=\"yoast-schema-graph\">{\"@context\":\"https:\/\/schema.org\",\"@graph\":[{\"@type\":\"Article\",\"@id\":\"https:\/\/blogdoere.com.br\/?p=26684#article\",\"isPartOf\":{\"@id\":\"https:\/\/blogdoere.com.br\/?p=26684\"},\"author\":{\"name\":\"Ere\",\"@id\":\"https:\/\/blogdoere.com.br\/#\/schema\/person\/4b56ed2336cb28ae3415ce8ffe56742e\"},\"headline\":\"ITAJU\u00cdPE: &#8216;MESMO DEBAIXO DE CHUVA DESFILE DE 7 DE SETEMBRO FOI SUCESSO&#8217;.\",\"datePublished\":\"2013-09-09T18:01:00+00:00\",\"dateModified\":\"2013-09-09T18:01:00+00:00\",\"mainEntityOfPage\":{\"@id\":\"https:\/\/blogdoere.com.br\/?p=26684\"},\"wordCount\":168,\"commentCount\":0,\"publisher\":{\"@id\":\"https:\/\/blogdoere.com.br\/#organization\"},\"articleSection\":[\"Destaques\"],\"inLanguage\":\"pt-PT\",\"potentialAction\":[{\"@type\":\"CommentAction\",\"name\":\"Comment\",\"target\":[\"https:\/\/blogdoere.com.br\/?p=26684#respond\"]}]},{\"@type\":\"WebPage\",\"@id\":\"https:\/\/blogdoere.com.br\/?p=26684\",\"url\":\"https:\/\/blogdoere.com.br\/?p=26684\",\"name\":\"ITAJU\u00cdPE: 'MESMO DEBAIXO DE CHUVA DESFILE DE 7 DE SETEMBRO FOI SUCESSO'. - blog do er\u00ea\",\"isPartOf\":{\"@id\":\"https:\/\/blogdoere.com.br\/#website\"},\"datePublished\":\"2013-09-09T18:01:00+00:00\",\"dateModified\":\"2013-09-09T18:01:00+00:00\",\"breadcrumb\":{\"@id\":\"https:\/\/blogdoere.com.br\/?p=26684#breadcrumb\"},\"inLanguage\":\"pt-PT\",\"potentialAction\":[{\"@type\":\"ReadAction\",\"target\":[\"https:\/\/blogdoere.com.br\/?p=26684\"]}]},{\"@type\":\"BreadcrumbList\",\"@id\":\"https:\/\/blogdoere.com.br\/?p=26684#breadcrumb\",\"itemListElement\":[{\"@type\":\"ListItem\",\"position\":1,\"name\":\"In\u00edcio\",\"item\":\"https:\/\/blogdoere.com.br\/\"},{\"@type\":\"ListItem\",\"position\":2,\"name\":\"ITAJU\u00cdPE: &#8216;MESMO DEBAIXO DE CHUVA DESFILE DE 7 DE SETEMBRO FOI SUCESSO&#8217;.\"}]},{\"@type\":\"WebSite\",\"@id\":\"https:\/\/blogdoere.com.br\/#website\",\"url\":\"https:\/\/blogdoere.com.br\/\",\"name\":\"blog do er\u00ea\",\"description\":\"\",\"publisher\":{\"@id\":\"https:\/\/blogdoere.com.br\/#organization\"},\"potentialAction\":[{\"@type\":\"SearchAction\",\"target\":{\"@type\":\"EntryPoint\",\"urlTemplate\":\"https:\/\/blogdoere.com.br\/?s={search_term_string}\"},\"query-input\":\"required name=search_term_string\"}],\"inLanguage\":\"pt-PT\"},{\"@type\":\"Organization\",\"@id\":\"https:\/\/blogdoere.com.br\/#organization\",\"name\":\"Blog do Er\u00ea\",\"url\":\"https:\/\/blogdoere.com.br\/\",\"logo\":{\"@type\":\"ImageObject\",\"inLanguage\":\"pt-PT\",\"@id\":\"https:\/\/blogdoere.com.br\/#\/schema\/logo\/image\/\",\"url\":\"https:\/\/blogdoere.com.br\/wp-content\/uploads\/2021\/11\/Logo-Ere-1.png\",\"contentUrl\":\"https:\/\/blogdoere.com.br\/wp-content\/uploads\/2021\/11\/Logo-Ere-1.png\",\"width\":1261,\"height\":1330,\"caption\":\"Blog do Er\u00ea\"},\"image\":{\"@id\":\"https:\/\/blogdoere.com.br\/#\/schema\/logo\/image\/\"}},{\"@type\":\"Person\",\"@id\":\"https:\/\/blogdoere.com.br\/#\/schema\/person\/4b56ed2336cb28ae3415ce8ffe56742e\",\"name\":\"Ere\",\"image\":{\"@type\":\"ImageObject\",\"inLanguage\":\"pt-PT\",\"@id\":\"https:\/\/blogdoere.com.br\/#\/schema\/person\/image\/\",\"url\":\"https:\/\/secure.gravatar.com\/avatar\/?s=96&d=mm&r=g\",\"contentUrl\":\"https:\/\/secure.gravatar.com\/avatar\/?s=96&d=mm&r=g\",\"caption\":\"Ere\"}}]}<\/script>\n<!-- \/ Yoast SEO plugin. -->","yoast_head_json":{"title":"ITAJU\u00cdPE: 'MESMO DEBAIXO DE CHUVA DESFILE DE 7 DE SETEMBRO FOI SUCESSO'. - blog do er\u00ea","robots":{"index":"index","follow":"follow","max-snippet":"max-snippet:-1","max-image-preview":"max-image-preview:large","max-video-preview":"max-video-preview:-1"},"canonical":"https:\/\/blogdoere.com.br\/?p=26684","og_locale":"pt_PT","og_type":"article","og_title":"ITAJU\u00cdPE: 'MESMO DEBAIXO DE CHUVA DESFILE DE 7 DE SETEMBRO FOI SUCESSO'. - blog do er\u00ea","og_description":"Prefeita Gilka Badar\u00f3 e o Presidente da C\u00e2mara, Eduardo &nbsp;Portela, SEC, N\u00e1dia do Vale hasteando bandeiras.&nbsp; Em Itaju\u00edpe a Semana da P\u00e1tria teve uma extensa programa\u00e7\u00e3o alusiva a Independ\u00eancia do...","og_url":"https:\/\/blogdoere.com.br\/?p=26684","og_site_name":"blog do er\u00ea","article_published_time":"2013-09-09T18:01:00+00:00","og_image":[{"url":"http:\/\/1.bp.blogspot.com\/-Mxv8GLwkLEs\/UivqgwC6rPI\/AAAAAAABM4Q\/WXfykHpYJtk\/s400\/7+DE+SETEMBRO+-+DESFILE-+7-8-13+-+UNA+028.jpg"}],"author":"Ere","twitter_card":"summary_large_image","twitter_misc":{"Escrito por":"Ere","Tempo estimado de leitura":"1 minuto"},"schema":{"@context":"https:\/\/schema.org","@graph":[{"@type":"Article","@id":"https:\/\/blogdoere.com.br\/?p=26684#article","isPartOf":{"@id":"https:\/\/blogdoere.com.br\/?p=26684"},"author":{"name":"Ere","@id":"https:\/\/blogdoere.com.br\/#\/schema\/person\/4b56ed2336cb28ae3415ce8ffe56742e"},"headline":"ITAJU\u00cdPE: &#8216;MESMO DEBAIXO DE CHUVA DESFILE DE 7 DE SETEMBRO FOI SUCESSO&#8217;.","datePublished":"2013-09-09T18:01:00+00:00","dateModified":"2013-09-09T18:01:00+00:00","mainEntityOfPage":{"@id":"https:\/\/blogdoere.com.br\/?p=26684"},"wordCount":168,"commentCount":0,"publisher":{"@id":"https:\/\/blogdoere.com.br\/#organization"},"articleSection":["Destaques"],"inLanguage":"pt-PT","potentialAction":[{"@type":"CommentAction","name":"Comment","target":["https:\/\/blogdoere.com.br\/?p=26684#respond"]}]},{"@type":"WebPage","@id":"https:\/\/blogdoere.com.br\/?p=26684","url":"https:\/\/blogdoere.com.br\/?p=26684","name":"ITAJU\u00cdPE: 'MESMO DEBAIXO DE CHUVA DESFILE DE 7 DE SETEMBRO FOI SUCESSO'. - blog do er\u00ea","isPartOf":{"@id":"https:\/\/blogdoere.com.br\/#website"},"datePublished":"2013-09-09T18:01:00+00:00","dateModified":"2013-09-09T18:01:00+00:00","breadcrumb":{"@id":"https:\/\/blogdoere.com.br\/?p=26684#breadcrumb"},"inLanguage":"pt-PT","potentialAction":[{"@type":"ReadAction","target":["https:\/\/blogdoere.com.br\/?p=26684"]}]},{"@type":"BreadcrumbList","@id":"https:\/\/blogdoere.com.br\/?p=26684#breadcrumb","itemListElement":[{"@type":"ListItem","position":1,"name":"In\u00edcio","item":"https:\/\/blogdoere.com.br\/"},{"@type":"ListItem","position":2,"name":"ITAJU\u00cdPE: &#8216;MESMO DEBAIXO DE CHUVA DESFILE DE 7 DE SETEMBRO FOI SUCESSO&#8217;."}]},{"@type":"WebSite","@id":"https:\/\/blogdoere.com.br\/#website","url":"https:\/\/blogdoere.com.br\/","name":"blog do er\u00ea","description":"","publisher":{"@id":"https:\/\/blogdoere.com.br\/#organization"},"potentialAction":[{"@type":"SearchAction","target":{"@type":"EntryPoint","urlTemplate":"https:\/\/blogdoere.com.br\/?s={search_term_string}"},"query-input":"required name=search_term_string"}],"inLanguage":"pt-PT"},{"@type":"Organization","@id":"https:\/\/blogdoere.com.br\/#organization","name":"Blog do Er\u00ea","url":"https:\/\/blogdoere.com.br\/","logo":{"@type":"ImageObject","inLanguage":"pt-PT","@id":"https:\/\/blogdoere.com.br\/#\/schema\/logo\/image\/","url":"https:\/\/blogdoere.com.br\/wp-content\/uploads\/2021\/11\/Logo-Ere-1.png","contentUrl":"https:\/\/blogdoere.com.br\/wp-content\/uploads\/2021\/11\/Logo-Ere-1.png","width":1261,"height":1330,"caption":"Blog do Er\u00ea"},"image":{"@id":"https:\/\/blogdoere.com.br\/#\/schema\/logo\/image\/"}},{"@type":"Person","@id":"https:\/\/blogdoere.com.br\/#\/schema\/person\/4b56ed2336cb28ae3415ce8ffe56742e","name":"Ere","image":{"@type":"ImageObject","inLanguage":"pt-PT","@id":"https:\/\/blogdoere.com.br\/#\/schema\/person\/image\/","url":"https:\/\/secure.gravatar.com\/avatar\/?s=96&d=mm&r=g","contentUrl":"https:\/\/secure.gravatar.com\/avatar\/?s=96&d=mm&r=g","caption":"Ere"}}]}},"featured_image_urls":{"full":"","thumbnail":"","medium":"","medium_large":"","large":"","1536x1536":"","2048x2048":""},"author_info":{"display_name":"Ere","author_link":"https:\/\/blogdoere.com.br\/?author=2"},"category_info":"<a href=\"https:\/\/blogdoere.com.br\/?cat=1\" rel=\"category\">Destaques<\/a>","tag_info":"Destaques","comment_count":"0","_links":{"self":[{"href":"https:\/\/blogdoere.com.br\/index.php?rest_route=\/wp\/v2\/posts\/26684","targetHints":{"allow":["GET"]}}],"collection":[{"href":"https:\/\/blogdoere.com.br\/index.php?rest_route=\/wp\/v2\/posts"}],"about":[{"href":"https:\/\/blogdoere.com.br\/index.php?rest_route=\/wp\/v2\/types\/post"}],"author":[{"embeddable":true,"href":"https:\/\/blogdoere.com.br\/index.php?rest_route=\/wp\/v2\/users\/2"}],"replies":[{"embeddable":true,"href":"https:\/\/blogdoere.com.br\/index.php?rest_route=%2Fwp%2Fv2%2Fcomments&post=26684"}],"version-history":[{"count":0,"href":"https:\/\/blogdoere.com.br\/index.php?rest_route=\/wp\/v2\/posts\/26684\/revisions"}],"wp:attachment":[{"href":"https:\/\/blogdoere.com.br\/index.php?rest_route=%2Fwp%2Fv2%2Fmedia&parent=26684"}],"wp:term":[{"taxonomy":"category","embeddable":true,"href":"https:\/\/blogdoere.com.br\/index.php?rest_route=%2Fwp%2Fv2%2Fcategories&post=26684"},{"taxonomy":"post_tag","embeddable":true,"href":"https:\/\/blogdoere.com.br\/index.php?rest_route=%2Fwp%2Fv2%2Ftags&post=26684"}],"curies":[{"name":"wp","href":"https:\/\/api.w.org\/{rel}","templated":true}]}}