{"id":26688,"date":"2013-09-05T22:55:00","date_gmt":"2013-09-05T22:55:00","guid":{"rendered":"http:\/\/blogdoere.com.br\/?p=26688"},"modified":"2013-09-05T22:55:00","modified_gmt":"2013-09-05T22:55:00","slug":"itajuipe-escola-veja-a-vida-comemora-semana-da-patria-com-projeto-que-visa-fortalecer-a-cidadania","status":"publish","type":"post","link":"https:\/\/blogdoere.com.br\/?p=26688","title":{"rendered":"ITAJU\u00cdPE: ESCOLA VEJA A VIDA COMEMORA  SEMANA DA P\u00c1TRIA COM PROJETO QUE VISA FORTALECER A CIDADANIA."},"content":{"rendered":"<div style=\"clear: both; text-align: center;\"><\/div>\n<div style=\"clear: both; text-align: center;\"><a href=\"http:\/\/3.bp.blogspot.com\/-UrVVd0dUHhw\/UikBFEQY3nI\/AAAAAAAAFhQ\/4GXIUsXrTiQ\/s1600\/DSC_0141.JPG\" style=\"margin-left: 1em; margin-right: 1em;\"><img decoding=\"async\" border=\"0\" height=\"212\" src=\"http:\/\/3.bp.blogspot.com\/-UrVVd0dUHhw\/UikBFEQY3nI\/AAAAAAAAFhQ\/4GXIUsXrTiQ\/s320\/DSC_0141.JPG\" width=\"320\" \/><\/a><\/div>\n<div style=\"clear: both; text-align: center;\"><\/div>\n<div style=\"clear: both; text-align: center;\"><a href=\"http:\/\/4.bp.blogspot.com\/-AXXxPvthL50\/UikEF7k3yvI\/AAAAAAAAFiA\/sLDRt3JWO44\/s1600\/DSC_0024.JPG\" style=\"margin-left: 1em; margin-right: 1em;\"><img decoding=\"async\" border=\"0\" height=\"212\" src=\"http:\/\/4.bp.blogspot.com\/-AXXxPvthL50\/UikEF7k3yvI\/AAAAAAAAFiA\/sLDRt3JWO44\/s320\/DSC_0024.JPG\" width=\"320\" \/><\/a>&nbsp;<\/div>\n<div style=\"clear: both; text-align: center;\"><a href=\"http:\/\/1.bp.blogspot.com\/-aoXfIHlVme4\/UikBomwH3pI\/AAAAAAAAFhY\/s-zax5ERwww\/s1600\/DSC_0058.JPG\" style=\"margin-left: 1em; margin-right: 1em;\"><img decoding=\"async\" border=\"0\" height=\"212\" src=\"http:\/\/1.bp.blogspot.com\/-aoXfIHlVme4\/UikBomwH3pI\/AAAAAAAAFhY\/s-zax5ERwww\/s320\/DSC_0058.JPG\" width=\"320\" \/><\/a><\/div>\n<div style=\"clear: both; text-align: center;\"><\/div>\n<div style=\"clear: both; text-align: center;\"><a href=\"http:\/\/1.bp.blogspot.com\/-DjbZvpuhOvI\/UikCgqUD0OI\/AAAAAAAAFhk\/up6qZBhrEcg\/s1600\/DSC_0232.JPG\" style=\"margin-left: 1em; margin-right: 1em;\"><img decoding=\"async\" border=\"0\" height=\"212\" src=\"http:\/\/1.bp.blogspot.com\/-DjbZvpuhOvI\/UikCgqUD0OI\/AAAAAAAAFhk\/up6qZBhrEcg\/s320\/DSC_0232.JPG\" width=\"320\" \/><\/a><\/div>\n<div style=\"clear: both; text-align: center;\"><\/div>\n<div style=\"clear: both; text-align: center;\"><a href=\"http:\/\/1.bp.blogspot.com\/-yWHlofUHXHA\/UikDBW6VJaI\/AAAAAAAAFhs\/dpLinlHKBkE\/s1600\/DSC_0149.JPG\" style=\"margin-left: 1em; margin-right: 1em;\"><img decoding=\"async\" border=\"0\" height=\"212\" src=\"http:\/\/1.bp.blogspot.com\/-yWHlofUHXHA\/UikDBW6VJaI\/AAAAAAAAFhs\/dpLinlHKBkE\/s320\/DSC_0149.JPG\" width=\"320\" \/><\/a><\/div>\n<div style=\"clear: both; text-align: center;\"><\/div>\n<div style=\"clear: both; text-align: center;\"><\/div>\n<div style=\"clear: both; text-align: center;\"><a href=\"http:\/\/2.bp.blogspot.com\/-dPrJ6FLSEOs\/UikDcta6I2I\/AAAAAAAAFh0\/nrcnkiweklY\/s1600\/DSC_0245.JPG\" style=\"margin-left: 1em; margin-right: 1em;\"><img decoding=\"async\" border=\"0\" height=\"212\" src=\"http:\/\/2.bp.blogspot.com\/-dPrJ6FLSEOs\/UikDcta6I2I\/AAAAAAAAFh0\/nrcnkiweklY\/s320\/DSC_0245.JPG\" width=\"320\" \/><\/a><\/div>\n<div style=\"clear: both; text-align: center;\"><span style=\"font-family: Arial, Helvetica, sans-serif;\"><br \/><\/span><\/div>\n<div style=\"text-align: justify;\"><span style=\"font-family: Arial, Helvetica, sans-serif;\">Em comemora\u00e7\u00e3o &nbsp;a &nbsp;\u201cSemana da P\u00e1tria\u201d, a escola particular itajuipense \u201cVeja a Vida\u201d desenvolveu e apresentou o \u201cProjeto Vivenciando e Construindo Valores: Juventude Mostre a Tua Cara!\u201d. Segundo a coordenadora do projeto professora Arlete Fontes, a escola de hoje enfrenta um dilema de conjugar compet\u00eancia cognitiva com a forma\u00e7\u00e3o de valores \u00e9ticos, isto \u00e9, aliar o conhecimento cientifico \u00e0s possibilidades de uso racional e respons\u00e1vel para com a vida humana. Portanto, trabalhar o tema &nbsp;valores faz-se necess\u00e1rio e urgente para desenvolver e ampliar nos jovens o senso de respeito, justi\u00e7a, solidariedade e responsabilidade social.<\/span><br \/><span style=\"font-family: Arial, Helvetica, sans-serif;\"><br \/><\/span><span style=\"font-family: Arial, Helvetica, sans-serif;\">Nessa perspectiva foi elaborado pelos docentes atividades e visitas de campo visando o exerc\u00edcio de uma cidadania efetiva e transformadora.<\/span><span style=\"font-family: Arial, Helvetica, sans-serif;\">&nbsp;Os alunos do 8\u00ba ano, visitaram o abrigo S\u00e3o Francisco de Assis em Itabuna; os alunos 6\u00ba ano visitaram C\u00e2mara de Vereadores e os alunos 9\u00ba visitaram a Beira Rio, comunidade carente da cidade onde fizeram um document\u00e1rio sobre a real situa\u00e7\u00e3o dos moradores.&nbsp;<\/span><span style=\"font-family: Arial, Helvetica, sans-serif;\">No primeiro dia do evento na escola &nbsp;teve &nbsp;&#8216;mesa redonda&#8217; &nbsp;com o ambientalista, Alessandro G\u00f3es que discutiu &nbsp;propostas de&nbsp;poss\u00edveis&nbsp;solu\u00e7\u00f5es para os problemas sociais em &nbsp;cidades&nbsp;fict\u00edcias&nbsp;constru\u00eddas&nbsp;pelos alunos, destacando a preserva\u00e7\u00e3o do meio ambiente&nbsp;atrav\u00e9s da sustentabilidade&nbsp;&#8211; &nbsp;tema este que fez parte de estudo de campo dos alunos do 7\u00ba ano do ensino fundamental em visita ao deposito de lixo do&nbsp;munic\u00edpio.<\/span><br \/><span style=\"font-family: Arial, Helvetica, sans-serif;\"><br \/><\/span><span style=\"font-family: Arial, Helvetica, sans-serif;\">No segundo dia das atividades do projeto, o p\u00e1roco da comunidade &nbsp;Edson Hagge palestrou sobre o \u2018papel da juventude na constru\u00e7\u00e3o de um mundo melhor\u2019.Padre Edson falou para os alunos sobre a import\u00e2ncia&nbsp;do respeito as pessoas e as autoridades, principalmente ao professor na sala de aula. No terceiro e ultimo dia, o Grupo da Melhor Idade fez uma apresenta\u00e7\u00e3o musical deixando uma mensagem para os alunos qu\u00e3o importante \u00e9 a valoriza\u00e7\u00e3o da vida e o respeito aos idosos. &nbsp;<\/span><br \/><span style=\"font-family: Arial, Helvetica, sans-serif;\"><br \/><\/span><\/div>\n","protected":false},"excerpt":{"rendered":"<p>&nbsp; Em comemora\u00e7\u00e3o &nbsp;a &nbsp;\u201cSemana da P\u00e1tria\u201d, a escola particular itajuipense \u201cVeja a Vida\u201d desenvolveu e apresentou o \u201cProjeto Vivenciando e Construindo Valores: Juventude Mostre a Tua Cara!\u201d. Segundo a&#8230;<\/p>\n","protected":false},"author":2,"featured_media":0,"comment_status":"open","ping_status":"open","sticky":false,"template":"","format":"standard","meta":{"_editorskit_title_hidden":false,"_editorskit_reading_time":0,"_editorskit_is_block_options_detached":false,"_editorskit_block_options_position":"{}","om_disable_all_campaigns":false,"_mi_skip_tracking":false,"_kad_post_transparent":"","_kad_post_title":"","_kad_post_layout":"","_kad_post_sidebar_id":"","_kad_post_content_style":"","_kad_post_vertical_padding":"","_kad_post_feature":"","_kad_post_feature_position":"","_kad_post_header":false,"_kad_post_footer":false,"footnotes":""},"categories":[1],"tags":[],"class_list":["post-26688","post","type-post","status-publish","format-standard","hentry","category-destaques"],"yoast_head":"<!-- This site is optimized with the Yoast SEO plugin v20.5 - https:\/\/yoast.com\/wordpress\/plugins\/seo\/ -->\n<title>ITAJU\u00cdPE: ESCOLA VEJA A VIDA COMEMORA SEMANA DA P\u00c1TRIA COM PROJETO QUE VISA FORTALECER A CIDADANIA. - blog do er\u00ea<\/title>\n<meta name=\"robots\" content=\"index, follow, max-snippet:-1, max-image-preview:large, max-video-preview:-1\" \/>\n<link rel=\"canonical\" href=\"https:\/\/blogdoere.com.br\/?p=26688\" \/>\n<meta property=\"og:locale\" content=\"pt_PT\" \/>\n<meta property=\"og:type\" content=\"article\" \/>\n<meta property=\"og:title\" content=\"ITAJU\u00cdPE: ESCOLA VEJA A VIDA COMEMORA SEMANA DA P\u00c1TRIA COM PROJETO QUE VISA FORTALECER A CIDADANIA. - blog do er\u00ea\" \/>\n<meta property=\"og:description\" content=\"&nbsp; Em comemora\u00e7\u00e3o &nbsp;a &nbsp;\u201cSemana da P\u00e1tria\u201d, a escola particular itajuipense \u201cVeja a Vida\u201d desenvolveu e apresentou o \u201cProjeto Vivenciando e Construindo Valores: Juventude Mostre a Tua Cara!\u201d. Segundo a...\" \/>\n<meta property=\"og:url\" content=\"https:\/\/blogdoere.com.br\/?p=26688\" \/>\n<meta property=\"og:site_name\" content=\"blog do er\u00ea\" \/>\n<meta property=\"article:published_time\" content=\"2013-09-05T22:55:00+00:00\" \/>\n<meta property=\"og:image\" content=\"http:\/\/3.bp.blogspot.com\/-UrVVd0dUHhw\/UikBFEQY3nI\/AAAAAAAAFhQ\/4GXIUsXrTiQ\/s320\/DSC_0141.JPG\" \/>\n<meta name=\"author\" content=\"Ere\" \/>\n<meta name=\"twitter:card\" content=\"summary_large_image\" \/>\n<meta name=\"twitter:label1\" content=\"Escrito por\" \/>\n\t<meta name=\"twitter:data1\" content=\"Ere\" \/>\n\t<meta name=\"twitter:label2\" content=\"Tempo estimado de leitura\" \/>\n\t<meta name=\"twitter:data2\" content=\"2 minutos\" \/>\n<script type=\"application\/ld+json\" class=\"yoast-schema-graph\">{\"@context\":\"https:\/\/schema.org\",\"@graph\":[{\"@type\":\"Article\",\"@id\":\"https:\/\/blogdoere.com.br\/?p=26688#article\",\"isPartOf\":{\"@id\":\"https:\/\/blogdoere.com.br\/?p=26688\"},\"author\":{\"name\":\"Ere\",\"@id\":\"https:\/\/blogdoere.com.br\/#\/schema\/person\/4b56ed2336cb28ae3415ce8ffe56742e\"},\"headline\":\"ITAJU\u00cdPE: ESCOLA VEJA A VIDA COMEMORA SEMANA DA P\u00c1TRIA COM PROJETO QUE VISA FORTALECER A CIDADANIA.\",\"datePublished\":\"2013-09-05T22:55:00+00:00\",\"dateModified\":\"2013-09-05T22:55:00+00:00\",\"mainEntityOfPage\":{\"@id\":\"https:\/\/blogdoere.com.br\/?p=26688\"},\"wordCount\":365,\"commentCount\":0,\"publisher\":{\"@id\":\"https:\/\/blogdoere.com.br\/#organization\"},\"articleSection\":[\"Destaques\"],\"inLanguage\":\"pt-PT\",\"potentialAction\":[{\"@type\":\"CommentAction\",\"name\":\"Comment\",\"target\":[\"https:\/\/blogdoere.com.br\/?p=26688#respond\"]}]},{\"@type\":\"WebPage\",\"@id\":\"https:\/\/blogdoere.com.br\/?p=26688\",\"url\":\"https:\/\/blogdoere.com.br\/?p=26688\",\"name\":\"ITAJU\u00cdPE: ESCOLA VEJA A VIDA COMEMORA SEMANA DA P\u00c1TRIA COM PROJETO QUE VISA FORTALECER A CIDADANIA. - blog do er\u00ea\",\"isPartOf\":{\"@id\":\"https:\/\/blogdoere.com.br\/#website\"},\"datePublished\":\"2013-09-05T22:55:00+00:00\",\"dateModified\":\"2013-09-05T22:55:00+00:00\",\"breadcrumb\":{\"@id\":\"https:\/\/blogdoere.com.br\/?p=26688#breadcrumb\"},\"inLanguage\":\"pt-PT\",\"potentialAction\":[{\"@type\":\"ReadAction\",\"target\":[\"https:\/\/blogdoere.com.br\/?p=26688\"]}]},{\"@type\":\"BreadcrumbList\",\"@id\":\"https:\/\/blogdoere.com.br\/?p=26688#breadcrumb\",\"itemListElement\":[{\"@type\":\"ListItem\",\"position\":1,\"name\":\"In\u00edcio\",\"item\":\"https:\/\/blogdoere.com.br\/\"},{\"@type\":\"ListItem\",\"position\":2,\"name\":\"ITAJU\u00cdPE: ESCOLA VEJA A VIDA COMEMORA SEMANA DA P\u00c1TRIA COM PROJETO QUE VISA FORTALECER A CIDADANIA.\"}]},{\"@type\":\"WebSite\",\"@id\":\"https:\/\/blogdoere.com.br\/#website\",\"url\":\"https:\/\/blogdoere.com.br\/\",\"name\":\"blog do er\u00ea\",\"description\":\"\",\"publisher\":{\"@id\":\"https:\/\/blogdoere.com.br\/#organization\"},\"potentialAction\":[{\"@type\":\"SearchAction\",\"target\":{\"@type\":\"EntryPoint\",\"urlTemplate\":\"https:\/\/blogdoere.com.br\/?s={search_term_string}\"},\"query-input\":\"required name=search_term_string\"}],\"inLanguage\":\"pt-PT\"},{\"@type\":\"Organization\",\"@id\":\"https:\/\/blogdoere.com.br\/#organization\",\"name\":\"Blog do Er\u00ea\",\"url\":\"https:\/\/blogdoere.com.br\/\",\"logo\":{\"@type\":\"ImageObject\",\"inLanguage\":\"pt-PT\",\"@id\":\"https:\/\/blogdoere.com.br\/#\/schema\/logo\/image\/\",\"url\":\"https:\/\/blogdoere.com.br\/wp-content\/uploads\/2021\/11\/Logo-Ere-1.png\",\"contentUrl\":\"https:\/\/blogdoere.com.br\/wp-content\/uploads\/2021\/11\/Logo-Ere-1.png\",\"width\":1261,\"height\":1330,\"caption\":\"Blog do Er\u00ea\"},\"image\":{\"@id\":\"https:\/\/blogdoere.com.br\/#\/schema\/logo\/image\/\"}},{\"@type\":\"Person\",\"@id\":\"https:\/\/blogdoere.com.br\/#\/schema\/person\/4b56ed2336cb28ae3415ce8ffe56742e\",\"name\":\"Ere\",\"image\":{\"@type\":\"ImageObject\",\"inLanguage\":\"pt-PT\",\"@id\":\"https:\/\/blogdoere.com.br\/#\/schema\/person\/image\/\",\"url\":\"https:\/\/secure.gravatar.com\/avatar\/?s=96&d=mm&r=g\",\"contentUrl\":\"https:\/\/secure.gravatar.com\/avatar\/?s=96&d=mm&r=g\",\"caption\":\"Ere\"}}]}<\/script>\n<!-- \/ Yoast SEO plugin. -->","yoast_head_json":{"title":"ITAJU\u00cdPE: ESCOLA VEJA A VIDA COMEMORA SEMANA DA P\u00c1TRIA COM PROJETO QUE VISA FORTALECER A CIDADANIA. - blog do er\u00ea","robots":{"index":"index","follow":"follow","max-snippet":"max-snippet:-1","max-image-preview":"max-image-preview:large","max-video-preview":"max-video-preview:-1"},"canonical":"https:\/\/blogdoere.com.br\/?p=26688","og_locale":"pt_PT","og_type":"article","og_title":"ITAJU\u00cdPE: ESCOLA VEJA A VIDA COMEMORA SEMANA DA P\u00c1TRIA COM PROJETO QUE VISA FORTALECER A CIDADANIA. - blog do er\u00ea","og_description":"&nbsp; Em comemora\u00e7\u00e3o &nbsp;a &nbsp;\u201cSemana da P\u00e1tria\u201d, a escola particular itajuipense \u201cVeja a Vida\u201d desenvolveu e apresentou o \u201cProjeto Vivenciando e Construindo Valores: Juventude Mostre a Tua Cara!\u201d. Segundo a...","og_url":"https:\/\/blogdoere.com.br\/?p=26688","og_site_name":"blog do er\u00ea","article_published_time":"2013-09-05T22:55:00+00:00","og_image":[{"url":"http:\/\/3.bp.blogspot.com\/-UrVVd0dUHhw\/UikBFEQY3nI\/AAAAAAAAFhQ\/4GXIUsXrTiQ\/s320\/DSC_0141.JPG"}],"author":"Ere","twitter_card":"summary_large_image","twitter_misc":{"Escrito por":"Ere","Tempo estimado de leitura":"2 minutos"},"schema":{"@context":"https:\/\/schema.org","@graph":[{"@type":"Article","@id":"https:\/\/blogdoere.com.br\/?p=26688#article","isPartOf":{"@id":"https:\/\/blogdoere.com.br\/?p=26688"},"author":{"name":"Ere","@id":"https:\/\/blogdoere.com.br\/#\/schema\/person\/4b56ed2336cb28ae3415ce8ffe56742e"},"headline":"ITAJU\u00cdPE: ESCOLA VEJA A VIDA COMEMORA SEMANA DA P\u00c1TRIA COM PROJETO QUE VISA FORTALECER A CIDADANIA.","datePublished":"2013-09-05T22:55:00+00:00","dateModified":"2013-09-05T22:55:00+00:00","mainEntityOfPage":{"@id":"https:\/\/blogdoere.com.br\/?p=26688"},"wordCount":365,"commentCount":0,"publisher":{"@id":"https:\/\/blogdoere.com.br\/#organization"},"articleSection":["Destaques"],"inLanguage":"pt-PT","potentialAction":[{"@type":"CommentAction","name":"Comment","target":["https:\/\/blogdoere.com.br\/?p=26688#respond"]}]},{"@type":"WebPage","@id":"https:\/\/blogdoere.com.br\/?p=26688","url":"https:\/\/blogdoere.com.br\/?p=26688","name":"ITAJU\u00cdPE: ESCOLA VEJA A VIDA COMEMORA SEMANA DA P\u00c1TRIA COM PROJETO QUE VISA FORTALECER A CIDADANIA. - blog do er\u00ea","isPartOf":{"@id":"https:\/\/blogdoere.com.br\/#website"},"datePublished":"2013-09-05T22:55:00+00:00","dateModified":"2013-09-05T22:55:00+00:00","breadcrumb":{"@id":"https:\/\/blogdoere.com.br\/?p=26688#breadcrumb"},"inLanguage":"pt-PT","potentialAction":[{"@type":"ReadAction","target":["https:\/\/blogdoere.com.br\/?p=26688"]}]},{"@type":"BreadcrumbList","@id":"https:\/\/blogdoere.com.br\/?p=26688#breadcrumb","itemListElement":[{"@type":"ListItem","position":1,"name":"In\u00edcio","item":"https:\/\/blogdoere.com.br\/"},{"@type":"ListItem","position":2,"name":"ITAJU\u00cdPE: ESCOLA VEJA A VIDA COMEMORA SEMANA DA P\u00c1TRIA COM PROJETO QUE VISA FORTALECER A CIDADANIA."}]},{"@type":"WebSite","@id":"https:\/\/blogdoere.com.br\/#website","url":"https:\/\/blogdoere.com.br\/","name":"blog do er\u00ea","description":"","publisher":{"@id":"https:\/\/blogdoere.com.br\/#organization"},"potentialAction":[{"@type":"SearchAction","target":{"@type":"EntryPoint","urlTemplate":"https:\/\/blogdoere.com.br\/?s={search_term_string}"},"query-input":"required name=search_term_string"}],"inLanguage":"pt-PT"},{"@type":"Organization","@id":"https:\/\/blogdoere.com.br\/#organization","name":"Blog do Er\u00ea","url":"https:\/\/blogdoere.com.br\/","logo":{"@type":"ImageObject","inLanguage":"pt-PT","@id":"https:\/\/blogdoere.com.br\/#\/schema\/logo\/image\/","url":"https:\/\/blogdoere.com.br\/wp-content\/uploads\/2021\/11\/Logo-Ere-1.png","contentUrl":"https:\/\/blogdoere.com.br\/wp-content\/uploads\/2021\/11\/Logo-Ere-1.png","width":1261,"height":1330,"caption":"Blog do Er\u00ea"},"image":{"@id":"https:\/\/blogdoere.com.br\/#\/schema\/logo\/image\/"}},{"@type":"Person","@id":"https:\/\/blogdoere.com.br\/#\/schema\/person\/4b56ed2336cb28ae3415ce8ffe56742e","name":"Ere","image":{"@type":"ImageObject","inLanguage":"pt-PT","@id":"https:\/\/blogdoere.com.br\/#\/schema\/person\/image\/","url":"https:\/\/secure.gravatar.com\/avatar\/?s=96&d=mm&r=g","contentUrl":"https:\/\/secure.gravatar.com\/avatar\/?s=96&d=mm&r=g","caption":"Ere"}}]}},"featured_image_urls":{"full":"","thumbnail":"","medium":"","medium_large":"","large":"","1536x1536":"","2048x2048":""},"author_info":{"display_name":"Ere","author_link":"https:\/\/blogdoere.com.br\/?author=2"},"category_info":"<a href=\"https:\/\/blogdoere.com.br\/?cat=1\" rel=\"category\">Destaques<\/a>","tag_info":"Destaques","comment_count":"0","_links":{"self":[{"href":"https:\/\/blogdoere.com.br\/index.php?rest_route=\/wp\/v2\/posts\/26688","targetHints":{"allow":["GET"]}}],"collection":[{"href":"https:\/\/blogdoere.com.br\/index.php?rest_route=\/wp\/v2\/posts"}],"about":[{"href":"https:\/\/blogdoere.com.br\/index.php?rest_route=\/wp\/v2\/types\/post"}],"author":[{"embeddable":true,"href":"https:\/\/blogdoere.com.br\/index.php?rest_route=\/wp\/v2\/users\/2"}],"replies":[{"embeddable":true,"href":"https:\/\/blogdoere.com.br\/index.php?rest_route=%2Fwp%2Fv2%2Fcomments&post=26688"}],"version-history":[{"count":0,"href":"https:\/\/blogdoere.com.br\/index.php?rest_route=\/wp\/v2\/posts\/26688\/revisions"}],"wp:attachment":[{"href":"https:\/\/blogdoere.com.br\/index.php?rest_route=%2Fwp%2Fv2%2Fmedia&parent=26688"}],"wp:term":[{"taxonomy":"category","embeddable":true,"href":"https:\/\/blogdoere.com.br\/index.php?rest_route=%2Fwp%2Fv2%2Fcategories&post=26688"},{"taxonomy":"post_tag","embeddable":true,"href":"https:\/\/blogdoere.com.br\/index.php?rest_route=%2Fwp%2Fv2%2Ftags&post=26688"}],"curies":[{"name":"wp","href":"https:\/\/api.w.org\/{rel}","templated":true}]}}