{"id":26689,"date":"2013-09-05T03:26:00","date_gmt":"2013-09-05T03:26:00","guid":{"rendered":"http:\/\/blogdoere.com.br\/?p=26689"},"modified":"2013-09-05T03:26:00","modified_gmt":"2013-09-05T03:26:00","slug":"itajuipe-prefeitura-recebe-novo-onibus-escolar","status":"publish","type":"post","link":"https:\/\/blogdoere.com.br\/?p=26689","title":{"rendered":"ITAJU\u00cdPE: PREFEITURA RECEBE NOVO \u00d4NIBUS ESCOLAR."},"content":{"rendered":"<div style=\"clear: both; text-align: center;\"><\/div>\n<div style=\"clear: both; text-align: center;\"><img decoding=\"async\" height=\"400\" src=\"https:\/\/fbcdn-sphotos-c-a.akamaihd.net\/hphotos-ak-prn2\/1174720_3401370889601_771048505_n.jpg\" width=\"300\" \/><\/div>\n<div style=\"clear: both; text-align: center;\"><\/div>\n<div style=\"clear: right; float: right; margin-bottom: 1em; margin-left: 1em; text-align: justify;\"><span style=\"font-family: Arial, Helvetica, sans-serif;\"><span style=\"font-size: 12pt; line-height: 115%;\">A Prefeitura de Itaju\u00edpe recebeu ontem (03\/08) um \u00f4nibus adquirido pelo programa \u201cNo Caminho da Escola\u201d, Minist\u00e9rio da Educa\u00e7\u00e3o. O \u00f4nibus tem capacidade para 48 passageiros sentados &nbsp;com poltronas para cadeirantes. O novo ve\u00edculo ir\u00e1 melhorar o atendimento dos estudantes da rede municipal, principalmente os alunos do ensino fundamental que residem na zona rural e estudam na sede do munic\u00edpio.<\/span> <span style=\"font-size: 12pt; line-height: 115%;\">&nbsp;Mais uma conquista do &#8220;Governo Trabalhando para Todos&#8221;. A secret\u00e1ria de educa\u00e7\u00e3o, N\u00e1dia do Vale; o secret\u00e1rio de administra\u00e7\u00e3o, Humberto Badar\u00f3 e o diretor de transportes, Josmar Neves receberam os documentos das m\u00e3os do motorista M\u00e1rcio, enviado pelo FNDE(Fundo Nacional de Desenvolvimento da Educa\u00e7\u00e3o) que conduziu o \u00f4nibus at\u00e9 a cidade de Itaju\u00edpe.<\/span><\/span><\/div>\n<div style=\"text-align: justify;\"><\/div>\n<p><\/p>\n<div style=\"text-align: justify;\"><\/div>\n","protected":false},"excerpt":{"rendered":"<p>A Prefeitura de Itaju\u00edpe recebeu ontem (03\/08) um \u00f4nibus adquirido pelo programa \u201cNo Caminho da Escola\u201d, Minist\u00e9rio da Educa\u00e7\u00e3o. O \u00f4nibus tem capacidade para 48 passageiros sentados &nbsp;com poltronas para&#8230;<\/p>\n","protected":false},"author":2,"featured_media":0,"comment_status":"open","ping_status":"open","sticky":false,"template":"","format":"standard","meta":{"_editorskit_title_hidden":false,"_editorskit_reading_time":0,"_editorskit_is_block_options_detached":false,"_editorskit_block_options_position":"{}","om_disable_all_campaigns":false,"_mi_skip_tracking":false,"_kad_post_transparent":"","_kad_post_title":"","_kad_post_layout":"","_kad_post_sidebar_id":"","_kad_post_content_style":"","_kad_post_vertical_padding":"","_kad_post_feature":"","_kad_post_feature_position":"","_kad_post_header":false,"_kad_post_footer":false,"footnotes":""},"categories":[1],"tags":[],"class_list":["post-26689","post","type-post","status-publish","format-standard","hentry","category-destaques"],"yoast_head":"<!-- This site is optimized with the Yoast SEO plugin v20.5 - https:\/\/yoast.com\/wordpress\/plugins\/seo\/ -->\n<title>ITAJU\u00cdPE: PREFEITURA RECEBE NOVO \u00d4NIBUS ESCOLAR. - blog do er\u00ea<\/title>\n<meta name=\"robots\" content=\"index, follow, max-snippet:-1, max-image-preview:large, max-video-preview:-1\" \/>\n<link rel=\"canonical\" href=\"https:\/\/blogdoere.com.br\/?p=26689\" \/>\n<meta property=\"og:locale\" content=\"pt_PT\" \/>\n<meta property=\"og:type\" content=\"article\" \/>\n<meta property=\"og:title\" content=\"ITAJU\u00cdPE: PREFEITURA RECEBE NOVO \u00d4NIBUS ESCOLAR. - blog do er\u00ea\" \/>\n<meta property=\"og:description\" content=\"A Prefeitura de Itaju\u00edpe recebeu ontem (03\/08) um \u00f4nibus adquirido pelo programa \u201cNo Caminho da Escola\u201d, Minist\u00e9rio da Educa\u00e7\u00e3o. O \u00f4nibus tem capacidade para 48 passageiros sentados &nbsp;com poltronas para...\" \/>\n<meta property=\"og:url\" content=\"https:\/\/blogdoere.com.br\/?p=26689\" \/>\n<meta property=\"og:site_name\" content=\"blog do er\u00ea\" \/>\n<meta property=\"article:published_time\" content=\"2013-09-05T03:26:00+00:00\" \/>\n<meta property=\"og:image\" content=\"https:\/\/fbcdn-sphotos-c-a.akamaihd.net\/hphotos-ak-prn2\/1174720_3401370889601_771048505_n.jpg\" \/>\n<meta name=\"author\" content=\"Ere\" \/>\n<meta name=\"twitter:card\" content=\"summary_large_image\" \/>\n<meta name=\"twitter:label1\" content=\"Escrito por\" \/>\n\t<meta name=\"twitter:data1\" content=\"Ere\" \/>\n\t<meta name=\"twitter:label2\" content=\"Tempo estimado de leitura\" \/>\n\t<meta name=\"twitter:data2\" content=\"1 minuto\" \/>\n<script type=\"application\/ld+json\" class=\"yoast-schema-graph\">{\"@context\":\"https:\/\/schema.org\",\"@graph\":[{\"@type\":\"Article\",\"@id\":\"https:\/\/blogdoere.com.br\/?p=26689#article\",\"isPartOf\":{\"@id\":\"https:\/\/blogdoere.com.br\/?p=26689\"},\"author\":{\"name\":\"Ere\",\"@id\":\"https:\/\/blogdoere.com.br\/#\/schema\/person\/4b56ed2336cb28ae3415ce8ffe56742e\"},\"headline\":\"ITAJU\u00cdPE: PREFEITURA RECEBE NOVO \u00d4NIBUS ESCOLAR.\",\"datePublished\":\"2013-09-05T03:26:00+00:00\",\"dateModified\":\"2013-09-05T03:26:00+00:00\",\"mainEntityOfPage\":{\"@id\":\"https:\/\/blogdoere.com.br\/?p=26689\"},\"wordCount\":135,\"commentCount\":0,\"publisher\":{\"@id\":\"https:\/\/blogdoere.com.br\/#organization\"},\"articleSection\":[\"Destaques\"],\"inLanguage\":\"pt-PT\",\"potentialAction\":[{\"@type\":\"CommentAction\",\"name\":\"Comment\",\"target\":[\"https:\/\/blogdoere.com.br\/?p=26689#respond\"]}]},{\"@type\":\"WebPage\",\"@id\":\"https:\/\/blogdoere.com.br\/?p=26689\",\"url\":\"https:\/\/blogdoere.com.br\/?p=26689\",\"name\":\"ITAJU\u00cdPE: PREFEITURA RECEBE NOVO \u00d4NIBUS ESCOLAR. - blog do er\u00ea\",\"isPartOf\":{\"@id\":\"https:\/\/blogdoere.com.br\/#website\"},\"datePublished\":\"2013-09-05T03:26:00+00:00\",\"dateModified\":\"2013-09-05T03:26:00+00:00\",\"breadcrumb\":{\"@id\":\"https:\/\/blogdoere.com.br\/?p=26689#breadcrumb\"},\"inLanguage\":\"pt-PT\",\"potentialAction\":[{\"@type\":\"ReadAction\",\"target\":[\"https:\/\/blogdoere.com.br\/?p=26689\"]}]},{\"@type\":\"BreadcrumbList\",\"@id\":\"https:\/\/blogdoere.com.br\/?p=26689#breadcrumb\",\"itemListElement\":[{\"@type\":\"ListItem\",\"position\":1,\"name\":\"In\u00edcio\",\"item\":\"https:\/\/blogdoere.com.br\/\"},{\"@type\":\"ListItem\",\"position\":2,\"name\":\"ITAJU\u00cdPE: PREFEITURA RECEBE NOVO \u00d4NIBUS ESCOLAR.\"}]},{\"@type\":\"WebSite\",\"@id\":\"https:\/\/blogdoere.com.br\/#website\",\"url\":\"https:\/\/blogdoere.com.br\/\",\"name\":\"blog do er\u00ea\",\"description\":\"\",\"publisher\":{\"@id\":\"https:\/\/blogdoere.com.br\/#organization\"},\"potentialAction\":[{\"@type\":\"SearchAction\",\"target\":{\"@type\":\"EntryPoint\",\"urlTemplate\":\"https:\/\/blogdoere.com.br\/?s={search_term_string}\"},\"query-input\":\"required name=search_term_string\"}],\"inLanguage\":\"pt-PT\"},{\"@type\":\"Organization\",\"@id\":\"https:\/\/blogdoere.com.br\/#organization\",\"name\":\"Blog do Er\u00ea\",\"url\":\"https:\/\/blogdoere.com.br\/\",\"logo\":{\"@type\":\"ImageObject\",\"inLanguage\":\"pt-PT\",\"@id\":\"https:\/\/blogdoere.com.br\/#\/schema\/logo\/image\/\",\"url\":\"https:\/\/blogdoere.com.br\/wp-content\/uploads\/2021\/11\/Logo-Ere-1.png\",\"contentUrl\":\"https:\/\/blogdoere.com.br\/wp-content\/uploads\/2021\/11\/Logo-Ere-1.png\",\"width\":1261,\"height\":1330,\"caption\":\"Blog do Er\u00ea\"},\"image\":{\"@id\":\"https:\/\/blogdoere.com.br\/#\/schema\/logo\/image\/\"}},{\"@type\":\"Person\",\"@id\":\"https:\/\/blogdoere.com.br\/#\/schema\/person\/4b56ed2336cb28ae3415ce8ffe56742e\",\"name\":\"Ere\",\"image\":{\"@type\":\"ImageObject\",\"inLanguage\":\"pt-PT\",\"@id\":\"https:\/\/blogdoere.com.br\/#\/schema\/person\/image\/\",\"url\":\"https:\/\/secure.gravatar.com\/avatar\/?s=96&d=mm&r=g\",\"contentUrl\":\"https:\/\/secure.gravatar.com\/avatar\/?s=96&d=mm&r=g\",\"caption\":\"Ere\"}}]}<\/script>\n<!-- \/ Yoast SEO plugin. -->","yoast_head_json":{"title":"ITAJU\u00cdPE: PREFEITURA RECEBE NOVO \u00d4NIBUS ESCOLAR. - blog do er\u00ea","robots":{"index":"index","follow":"follow","max-snippet":"max-snippet:-1","max-image-preview":"max-image-preview:large","max-video-preview":"max-video-preview:-1"},"canonical":"https:\/\/blogdoere.com.br\/?p=26689","og_locale":"pt_PT","og_type":"article","og_title":"ITAJU\u00cdPE: PREFEITURA RECEBE NOVO \u00d4NIBUS ESCOLAR. - blog do er\u00ea","og_description":"A Prefeitura de Itaju\u00edpe recebeu ontem (03\/08) um \u00f4nibus adquirido pelo programa \u201cNo Caminho da Escola\u201d, Minist\u00e9rio da Educa\u00e7\u00e3o. O \u00f4nibus tem capacidade para 48 passageiros sentados &nbsp;com poltronas para...","og_url":"https:\/\/blogdoere.com.br\/?p=26689","og_site_name":"blog do er\u00ea","article_published_time":"2013-09-05T03:26:00+00:00","og_image":[{"url":"https:\/\/fbcdn-sphotos-c-a.akamaihd.net\/hphotos-ak-prn2\/1174720_3401370889601_771048505_n.jpg"}],"author":"Ere","twitter_card":"summary_large_image","twitter_misc":{"Escrito por":"Ere","Tempo estimado de leitura":"1 minuto"},"schema":{"@context":"https:\/\/schema.org","@graph":[{"@type":"Article","@id":"https:\/\/blogdoere.com.br\/?p=26689#article","isPartOf":{"@id":"https:\/\/blogdoere.com.br\/?p=26689"},"author":{"name":"Ere","@id":"https:\/\/blogdoere.com.br\/#\/schema\/person\/4b56ed2336cb28ae3415ce8ffe56742e"},"headline":"ITAJU\u00cdPE: PREFEITURA RECEBE NOVO \u00d4NIBUS ESCOLAR.","datePublished":"2013-09-05T03:26:00+00:00","dateModified":"2013-09-05T03:26:00+00:00","mainEntityOfPage":{"@id":"https:\/\/blogdoere.com.br\/?p=26689"},"wordCount":135,"commentCount":0,"publisher":{"@id":"https:\/\/blogdoere.com.br\/#organization"},"articleSection":["Destaques"],"inLanguage":"pt-PT","potentialAction":[{"@type":"CommentAction","name":"Comment","target":["https:\/\/blogdoere.com.br\/?p=26689#respond"]}]},{"@type":"WebPage","@id":"https:\/\/blogdoere.com.br\/?p=26689","url":"https:\/\/blogdoere.com.br\/?p=26689","name":"ITAJU\u00cdPE: PREFEITURA RECEBE NOVO \u00d4NIBUS ESCOLAR. - blog do er\u00ea","isPartOf":{"@id":"https:\/\/blogdoere.com.br\/#website"},"datePublished":"2013-09-05T03:26:00+00:00","dateModified":"2013-09-05T03:26:00+00:00","breadcrumb":{"@id":"https:\/\/blogdoere.com.br\/?p=26689#breadcrumb"},"inLanguage":"pt-PT","potentialAction":[{"@type":"ReadAction","target":["https:\/\/blogdoere.com.br\/?p=26689"]}]},{"@type":"BreadcrumbList","@id":"https:\/\/blogdoere.com.br\/?p=26689#breadcrumb","itemListElement":[{"@type":"ListItem","position":1,"name":"In\u00edcio","item":"https:\/\/blogdoere.com.br\/"},{"@type":"ListItem","position":2,"name":"ITAJU\u00cdPE: PREFEITURA RECEBE NOVO \u00d4NIBUS ESCOLAR."}]},{"@type":"WebSite","@id":"https:\/\/blogdoere.com.br\/#website","url":"https:\/\/blogdoere.com.br\/","name":"blog do er\u00ea","description":"","publisher":{"@id":"https:\/\/blogdoere.com.br\/#organization"},"potentialAction":[{"@type":"SearchAction","target":{"@type":"EntryPoint","urlTemplate":"https:\/\/blogdoere.com.br\/?s={search_term_string}"},"query-input":"required name=search_term_string"}],"inLanguage":"pt-PT"},{"@type":"Organization","@id":"https:\/\/blogdoere.com.br\/#organization","name":"Blog do Er\u00ea","url":"https:\/\/blogdoere.com.br\/","logo":{"@type":"ImageObject","inLanguage":"pt-PT","@id":"https:\/\/blogdoere.com.br\/#\/schema\/logo\/image\/","url":"https:\/\/blogdoere.com.br\/wp-content\/uploads\/2021\/11\/Logo-Ere-1.png","contentUrl":"https:\/\/blogdoere.com.br\/wp-content\/uploads\/2021\/11\/Logo-Ere-1.png","width":1261,"height":1330,"caption":"Blog do Er\u00ea"},"image":{"@id":"https:\/\/blogdoere.com.br\/#\/schema\/logo\/image\/"}},{"@type":"Person","@id":"https:\/\/blogdoere.com.br\/#\/schema\/person\/4b56ed2336cb28ae3415ce8ffe56742e","name":"Ere","image":{"@type":"ImageObject","inLanguage":"pt-PT","@id":"https:\/\/blogdoere.com.br\/#\/schema\/person\/image\/","url":"https:\/\/secure.gravatar.com\/avatar\/?s=96&d=mm&r=g","contentUrl":"https:\/\/secure.gravatar.com\/avatar\/?s=96&d=mm&r=g","caption":"Ere"}}]}},"featured_image_urls":{"full":"","thumbnail":"","medium":"","medium_large":"","large":"","1536x1536":"","2048x2048":""},"author_info":{"display_name":"Ere","author_link":"https:\/\/blogdoere.com.br\/?author=2"},"category_info":"<a href=\"https:\/\/blogdoere.com.br\/?cat=1\" rel=\"category\">Destaques<\/a>","tag_info":"Destaques","comment_count":"0","_links":{"self":[{"href":"https:\/\/blogdoere.com.br\/index.php?rest_route=\/wp\/v2\/posts\/26689","targetHints":{"allow":["GET"]}}],"collection":[{"href":"https:\/\/blogdoere.com.br\/index.php?rest_route=\/wp\/v2\/posts"}],"about":[{"href":"https:\/\/blogdoere.com.br\/index.php?rest_route=\/wp\/v2\/types\/post"}],"author":[{"embeddable":true,"href":"https:\/\/blogdoere.com.br\/index.php?rest_route=\/wp\/v2\/users\/2"}],"replies":[{"embeddable":true,"href":"https:\/\/blogdoere.com.br\/index.php?rest_route=%2Fwp%2Fv2%2Fcomments&post=26689"}],"version-history":[{"count":0,"href":"https:\/\/blogdoere.com.br\/index.php?rest_route=\/wp\/v2\/posts\/26689\/revisions"}],"wp:attachment":[{"href":"https:\/\/blogdoere.com.br\/index.php?rest_route=%2Fwp%2Fv2%2Fmedia&parent=26689"}],"wp:term":[{"taxonomy":"category","embeddable":true,"href":"https:\/\/blogdoere.com.br\/index.php?rest_route=%2Fwp%2Fv2%2Fcategories&post=26689"},{"taxonomy":"post_tag","embeddable":true,"href":"https:\/\/blogdoere.com.br\/index.php?rest_route=%2Fwp%2Fv2%2Ftags&post=26689"}],"curies":[{"name":"wp","href":"https:\/\/api.w.org\/{rel}","templated":true}]}}