{"id":26698,"date":"2013-08-28T13:21:00","date_gmt":"2013-08-28T13:21:00","guid":{"rendered":"http:\/\/blogdoere.com.br\/?p=26698"},"modified":"2013-08-28T13:21:00","modified_gmt":"2013-08-28T13:21:00","slug":"eleicoes-2014-psb-quer-lidice-candidata-ao-governo","status":"publish","type":"post","link":"https:\/\/blogdoere.com.br\/?p=26698","title":{"rendered":"ELEI\u00c7\u00d5ES 2014: PSB QUER LIDICE CANDIDATA AO GOVERNO."},"content":{"rendered":"<div style=\"background-color: white; color: #403f3f; font-family: 'Times New Roman', Times, serif; font-size: 18px; line-height: 18px; margin-top: 20px; padding: 0px; text-align: center;\"><xwqitkf style=\"margin: 0px; padding: 0px;\"><img decoding=\"async\" height=\"276\" src=\"http:\/\/www.mobilize.org.br\/midias\/noticias\/a-senadora-lidice-da-mata-psb-ba-em-discurso.jpeg\" width=\"400\" \/><\/xwqitkf><\/div>\n<div style=\"background-color: white; color: #403f3f; font-family: 'Times New Roman', Times, serif; font-size: 18px; line-height: 18px; margin-top: 20px; padding: 0px; text-align: justify;\"><xwqitkf style=\"margin: 0px; padding: 0px;\">Apesar de algumas resist\u00eancias \u00e0 antecipa\u00e7\u00e3o do debate sobre as elei\u00e7\u00f5es de 2014, a senadora L\u00eddice da Mata,&nbsp;<a href=\"http:\/\/www.tribunadabahia.com.br\/2013\/08\/28\/psb-quer-lidice-candidata-ao-governo?utm_source=twitterfeed&amp;utm_medium=twitter#\" rel=\"nofollow\" style=\"border-bottom-style: dotted; border-bottom-width: 1px; color: #009900; margin: 0px; padding: 0px;\">l\u00edder<\/a>&nbsp;do PSB, est\u00e1 no centro das discuss\u00f5es que possibilitam a ascens\u00e3o de seu nome para a disputa ao governo baiano no pr\u00f3ximo ano.<\/xwqitkf><\/div>\n<div style=\"background-color: white; color: #403f3f; font-family: 'Times New Roman', Times, serif; font-size: 18px; line-height: 18px; margin-top: 20px; padding: 0px; text-align: justify;\"><xwqitkf style=\"margin: 0px; padding: 0px;\">Socialistas baianos reafirmaram essa tend\u00eancia ao divulgarem uma resolu\u00e7\u00e3o recente do partido que destaca o total&nbsp;<a href=\"http:\/\/www.tribunadabahia.com.br\/2013\/08\/28\/psb-quer-lidice-candidata-ao-governo?utm_source=twitterfeed&amp;utm_medium=twitter#\" rel=\"nofollow\" style=\"border-bottom-style: dotted; border-bottom-width: 1px; color: #009900; margin: 0px; padding: 0px;\">apoio<\/a>&nbsp;\u00e0 candidatura do presidente nacional da sigla, o governador de Pernambuco, Eduardo Campos, \u00e0 Presid\u00eancia da Rep\u00fablica. A partir dessa conclus\u00e3o, no \u00e2mbito partid\u00e1rio, o ambiente \u00e9 de muita expectativa para que o cen\u00e1rio favor\u00e1vel a L\u00eddice permane\u00e7a.<\/xwqitkf><\/div>\n<div style=\"background-color: white; color: #403f3f; font-family: 'Times New Roman', Times, serif; font-size: 18px; line-height: 18px; margin-top: 20px; padding: 0px; text-align: justify;\"><xwqitkf style=\"margin: 0px; padding: 0px;\">Nos bastidores consta que at\u00e9 mesmo o secret\u00e1rio estadual de<a href=\"http:\/\/www.tribunadabahia.com.br\/2013\/08\/28\/psb-quer-lidice-candidata-ao-governo?utm_source=twitterfeed&amp;utm_medium=twitter#\" rel=\"nofollow\" style=\"border-bottom-style: dotted; border-bottom-width: 1px; color: #009900; margin: 0px; padding: 0px;\">Turismo<\/a>, Domingos Leonelli, que teria ponderado ao lembrar a necessidade de apoio do governador Jaques Wagner (PT), mudou o posicionamento ao ressaltar a naturalidade da sigla em planejar um salto maior.<\/xwqitkf><\/div>\n<div style=\"background-color: white; color: #403f3f; font-family: 'Times New Roman', Times, serif; font-size: 18px; line-height: 18px; margin-top: 20px; padding: 0px; text-align: justify;\">A convic\u00e7\u00e3o de que o momento viabiliza esse desejo, a falta de representa\u00e7\u00e3o na C\u00e2mara Federal e a presen\u00e7a de apenas dois deputados na Assembleia tamb\u00e9m t\u00eam servido de est\u00edmulo. H\u00e1 lideran\u00e7as que enfatizam a tentativa de convencer o PT a ceder espa\u00e7o para a senadora na empreitada ao Pal\u00e1cio de Ondina.<\/div>\n<div style=\"background-color: white; color: #403f3f; font-family: 'Times New Roman', Times, serif; font-size: 18px; line-height: 18px; margin-top: 20px; padding: 0px; text-align: justify;\"><xwqitkf style=\"margin: 0px; padding: 0px;\">\u201cSe o PT for inteligente&nbsp;<a href=\"http:\/\/www.tribunadabahia.com.br\/2013\/08\/28\/psb-quer-lidice-candidata-ao-governo?utm_source=twitterfeed&amp;utm_medium=twitter#\" rel=\"nofollow\" style=\"border-bottom-style: dotted; border-bottom-width: 1px; color: #009900; margin: 0px; padding: 0px;\">apoia<\/a>&nbsp;a senadora L\u00eddice para o governo da Bahia, pois nas pesquisas ela est\u00e1 bem mais na frente do que os pr\u00e9-candidatos do PT. Al\u00e9m disso, sempre abriu m\u00e3o de suas postula\u00e7\u00f5es para apoiar os petistas, como aconteceu na disputa \u00e0 prefeitura de Salvador, quando deixou de sair candidata para apoiar Walter Pinheiro (atual senador) e Nelson Pelegrino (deputado federal)\u201d, defendeu o deputado estadual Capit\u00e3o Tadeu.<\/xwqitkf><\/div>\n<div style=\"background-color: white; color: #403f3f; font-family: 'Times New Roman', Times, serif; font-size: 18px; line-height: 18px; margin-top: 20px; padding: 0px; text-align: justify;\">Segundo o parlamentar, a senadora deve se candidatar independentemente de Campos entrar na briga pelo Pal\u00e1cio do Planalto. \u201c\u00c9 desejo de todo o partido\u201d. O secret\u00e1rio geral do PSB, Rodrigo Hitta, admitiu que as pesquisas estimulam essa perspectiva. \u201cEstamos animados com os \u00edndices e esperamos crescer ainda mais para que possamos disputar a candidatura da base do governo\u201d, afirmou. Ele n\u00e3o descarta a possibilidade de L\u00eddice conquistar esse espa\u00e7o junto ao PT. \u201cEm pol\u00edtica, ganha n\u00e3o a amizade, mas a for\u00e7a\u201d, disse. Not\u00edcia da Tribuna da Bahia.<\/div>\n","protected":false},"excerpt":{"rendered":"<p>Apesar de algumas resist\u00eancias \u00e0 antecipa\u00e7\u00e3o do debate sobre as elei\u00e7\u00f5es de 2014, a senadora L\u00eddice da Mata,&nbsp;l\u00edder&nbsp;do PSB, est\u00e1 no centro das discuss\u00f5es que possibilitam a ascens\u00e3o de seu&#8230;<\/p>\n","protected":false},"author":1,"featured_media":0,"comment_status":"open","ping_status":"open","sticky":false,"template":"","format":"standard","meta":{"_editorskit_title_hidden":false,"_editorskit_reading_time":0,"_editorskit_is_block_options_detached":false,"_editorskit_block_options_position":"{}","om_disable_all_campaigns":false,"_mi_skip_tracking":false,"_kad_post_transparent":"","_kad_post_title":"","_kad_post_layout":"","_kad_post_sidebar_id":"","_kad_post_content_style":"","_kad_post_vertical_padding":"","_kad_post_feature":"","_kad_post_feature_position":"","_kad_post_header":false,"_kad_post_footer":false,"footnotes":""},"categories":[1],"tags":[],"class_list":["post-26698","post","type-post","status-publish","format-standard","hentry","category-destaques"],"yoast_head":"<!-- This site is optimized with the Yoast SEO plugin v20.5 - https:\/\/yoast.com\/wordpress\/plugins\/seo\/ -->\n<title>ELEI\u00c7\u00d5ES 2014: PSB QUER LIDICE CANDIDATA AO GOVERNO. - blog do er\u00ea<\/title>\n<meta name=\"robots\" content=\"index, follow, max-snippet:-1, max-image-preview:large, max-video-preview:-1\" \/>\n<link rel=\"canonical\" href=\"https:\/\/blogdoere.com.br\/?p=26698\" \/>\n<meta property=\"og:locale\" content=\"pt_PT\" \/>\n<meta property=\"og:type\" content=\"article\" \/>\n<meta property=\"og:title\" content=\"ELEI\u00c7\u00d5ES 2014: PSB QUER LIDICE CANDIDATA AO GOVERNO. - blog do er\u00ea\" \/>\n<meta property=\"og:description\" content=\"Apesar de algumas resist\u00eancias \u00e0 antecipa\u00e7\u00e3o do debate sobre as elei\u00e7\u00f5es de 2014, a senadora L\u00eddice da Mata,&nbsp;l\u00edder&nbsp;do PSB, est\u00e1 no centro das discuss\u00f5es que possibilitam a ascens\u00e3o de seu...\" \/>\n<meta property=\"og:url\" content=\"https:\/\/blogdoere.com.br\/?p=26698\" \/>\n<meta property=\"og:site_name\" content=\"blog do er\u00ea\" \/>\n<meta property=\"article:published_time\" content=\"2013-08-28T13:21:00+00:00\" \/>\n<meta property=\"og:image\" content=\"http:\/\/www.mobilize.org.br\/midias\/noticias\/a-senadora-lidice-da-mata-psb-ba-em-discurso.jpeg\" \/>\n<meta name=\"author\" content=\"blogdoere@hotmail.com\" \/>\n<meta name=\"twitter:card\" content=\"summary_large_image\" \/>\n<meta name=\"twitter:label1\" content=\"Escrito por\" \/>\n\t<meta name=\"twitter:data1\" content=\"blogdoere@hotmail.com\" \/>\n\t<meta name=\"twitter:label2\" content=\"Tempo estimado de leitura\" \/>\n\t<meta name=\"twitter:data2\" content=\"2 minutos\" \/>\n<script type=\"application\/ld+json\" class=\"yoast-schema-graph\">{\"@context\":\"https:\/\/schema.org\",\"@graph\":[{\"@type\":\"Article\",\"@id\":\"https:\/\/blogdoere.com.br\/?p=26698#article\",\"isPartOf\":{\"@id\":\"https:\/\/blogdoere.com.br\/?p=26698\"},\"author\":{\"name\":\"blogdoere@hotmail.com\",\"@id\":\"https:\/\/blogdoere.com.br\/#\/schema\/person\/c4f6d566a44c7bacdda563667715d18b\"},\"headline\":\"ELEI\u00c7\u00d5ES 2014: PSB QUER LIDICE CANDIDATA AO GOVERNO.\",\"datePublished\":\"2013-08-28T13:21:00+00:00\",\"dateModified\":\"2013-08-28T13:21:00+00:00\",\"mainEntityOfPage\":{\"@id\":\"https:\/\/blogdoere.com.br\/?p=26698\"},\"wordCount\":398,\"commentCount\":0,\"publisher\":{\"@id\":\"https:\/\/blogdoere.com.br\/#organization\"},\"articleSection\":[\"Destaques\"],\"inLanguage\":\"pt-PT\",\"potentialAction\":[{\"@type\":\"CommentAction\",\"name\":\"Comment\",\"target\":[\"https:\/\/blogdoere.com.br\/?p=26698#respond\"]}]},{\"@type\":\"WebPage\",\"@id\":\"https:\/\/blogdoere.com.br\/?p=26698\",\"url\":\"https:\/\/blogdoere.com.br\/?p=26698\",\"name\":\"ELEI\u00c7\u00d5ES 2014: PSB QUER LIDICE CANDIDATA AO GOVERNO. - blog do er\u00ea\",\"isPartOf\":{\"@id\":\"https:\/\/blogdoere.com.br\/#website\"},\"datePublished\":\"2013-08-28T13:21:00+00:00\",\"dateModified\":\"2013-08-28T13:21:00+00:00\",\"breadcrumb\":{\"@id\":\"https:\/\/blogdoere.com.br\/?p=26698#breadcrumb\"},\"inLanguage\":\"pt-PT\",\"potentialAction\":[{\"@type\":\"ReadAction\",\"target\":[\"https:\/\/blogdoere.com.br\/?p=26698\"]}]},{\"@type\":\"BreadcrumbList\",\"@id\":\"https:\/\/blogdoere.com.br\/?p=26698#breadcrumb\",\"itemListElement\":[{\"@type\":\"ListItem\",\"position\":1,\"name\":\"In\u00edcio\",\"item\":\"https:\/\/blogdoere.com.br\/\"},{\"@type\":\"ListItem\",\"position\":2,\"name\":\"ELEI\u00c7\u00d5ES 2014: PSB QUER LIDICE CANDIDATA AO GOVERNO.\"}]},{\"@type\":\"WebSite\",\"@id\":\"https:\/\/blogdoere.com.br\/#website\",\"url\":\"https:\/\/blogdoere.com.br\/\",\"name\":\"blog do er\u00ea\",\"description\":\"\",\"publisher\":{\"@id\":\"https:\/\/blogdoere.com.br\/#organization\"},\"potentialAction\":[{\"@type\":\"SearchAction\",\"target\":{\"@type\":\"EntryPoint\",\"urlTemplate\":\"https:\/\/blogdoere.com.br\/?s={search_term_string}\"},\"query-input\":\"required name=search_term_string\"}],\"inLanguage\":\"pt-PT\"},{\"@type\":\"Organization\",\"@id\":\"https:\/\/blogdoere.com.br\/#organization\",\"name\":\"Blog do Er\u00ea\",\"url\":\"https:\/\/blogdoere.com.br\/\",\"logo\":{\"@type\":\"ImageObject\",\"inLanguage\":\"pt-PT\",\"@id\":\"https:\/\/blogdoere.com.br\/#\/schema\/logo\/image\/\",\"url\":\"https:\/\/blogdoere.com.br\/wp-content\/uploads\/2021\/11\/Logo-Ere-1.png\",\"contentUrl\":\"https:\/\/blogdoere.com.br\/wp-content\/uploads\/2021\/11\/Logo-Ere-1.png\",\"width\":1261,\"height\":1330,\"caption\":\"Blog do Er\u00ea\"},\"image\":{\"@id\":\"https:\/\/blogdoere.com.br\/#\/schema\/logo\/image\/\"}},{\"@type\":\"Person\",\"@id\":\"https:\/\/blogdoere.com.br\/#\/schema\/person\/c4f6d566a44c7bacdda563667715d18b\",\"name\":\"blogdoere@hotmail.com\",\"image\":{\"@type\":\"ImageObject\",\"inLanguage\":\"pt-PT\",\"@id\":\"https:\/\/blogdoere.com.br\/#\/schema\/person\/image\/\",\"url\":\"https:\/\/secure.gravatar.com\/avatar\/5684bd39df1289cb639b4ab539d6fcad69420e4a29521548fc078c58ed122fe6?s=96&d=mm&r=g\",\"contentUrl\":\"https:\/\/secure.gravatar.com\/avatar\/5684bd39df1289cb639b4ab539d6fcad69420e4a29521548fc078c58ed122fe6?s=96&d=mm&r=g\",\"caption\":\"blogdoere@hotmail.com\"},\"sameAs\":[\"http:\/\/blogdoere.com.br\"]}]}<\/script>\n<!-- \/ Yoast SEO plugin. -->","yoast_head_json":{"title":"ELEI\u00c7\u00d5ES 2014: PSB QUER LIDICE CANDIDATA AO GOVERNO. - blog do er\u00ea","robots":{"index":"index","follow":"follow","max-snippet":"max-snippet:-1","max-image-preview":"max-image-preview:large","max-video-preview":"max-video-preview:-1"},"canonical":"https:\/\/blogdoere.com.br\/?p=26698","og_locale":"pt_PT","og_type":"article","og_title":"ELEI\u00c7\u00d5ES 2014: PSB QUER LIDICE CANDIDATA AO GOVERNO. - blog do er\u00ea","og_description":"Apesar de algumas resist\u00eancias \u00e0 antecipa\u00e7\u00e3o do debate sobre as elei\u00e7\u00f5es de 2014, a senadora L\u00eddice da Mata,&nbsp;l\u00edder&nbsp;do PSB, est\u00e1 no centro das discuss\u00f5es que possibilitam a ascens\u00e3o de seu...","og_url":"https:\/\/blogdoere.com.br\/?p=26698","og_site_name":"blog do er\u00ea","article_published_time":"2013-08-28T13:21:00+00:00","og_image":[{"url":"http:\/\/www.mobilize.org.br\/midias\/noticias\/a-senadora-lidice-da-mata-psb-ba-em-discurso.jpeg"}],"author":"blogdoere@hotmail.com","twitter_card":"summary_large_image","twitter_misc":{"Escrito por":"blogdoere@hotmail.com","Tempo estimado de leitura":"2 minutos"},"schema":{"@context":"https:\/\/schema.org","@graph":[{"@type":"Article","@id":"https:\/\/blogdoere.com.br\/?p=26698#article","isPartOf":{"@id":"https:\/\/blogdoere.com.br\/?p=26698"},"author":{"name":"blogdoere@hotmail.com","@id":"https:\/\/blogdoere.com.br\/#\/schema\/person\/c4f6d566a44c7bacdda563667715d18b"},"headline":"ELEI\u00c7\u00d5ES 2014: PSB QUER LIDICE CANDIDATA AO GOVERNO.","datePublished":"2013-08-28T13:21:00+00:00","dateModified":"2013-08-28T13:21:00+00:00","mainEntityOfPage":{"@id":"https:\/\/blogdoere.com.br\/?p=26698"},"wordCount":398,"commentCount":0,"publisher":{"@id":"https:\/\/blogdoere.com.br\/#organization"},"articleSection":["Destaques"],"inLanguage":"pt-PT","potentialAction":[{"@type":"CommentAction","name":"Comment","target":["https:\/\/blogdoere.com.br\/?p=26698#respond"]}]},{"@type":"WebPage","@id":"https:\/\/blogdoere.com.br\/?p=26698","url":"https:\/\/blogdoere.com.br\/?p=26698","name":"ELEI\u00c7\u00d5ES 2014: PSB QUER LIDICE CANDIDATA AO GOVERNO. - blog do er\u00ea","isPartOf":{"@id":"https:\/\/blogdoere.com.br\/#website"},"datePublished":"2013-08-28T13:21:00+00:00","dateModified":"2013-08-28T13:21:00+00:00","breadcrumb":{"@id":"https:\/\/blogdoere.com.br\/?p=26698#breadcrumb"},"inLanguage":"pt-PT","potentialAction":[{"@type":"ReadAction","target":["https:\/\/blogdoere.com.br\/?p=26698"]}]},{"@type":"BreadcrumbList","@id":"https:\/\/blogdoere.com.br\/?p=26698#breadcrumb","itemListElement":[{"@type":"ListItem","position":1,"name":"In\u00edcio","item":"https:\/\/blogdoere.com.br\/"},{"@type":"ListItem","position":2,"name":"ELEI\u00c7\u00d5ES 2014: PSB QUER LIDICE CANDIDATA AO GOVERNO."}]},{"@type":"WebSite","@id":"https:\/\/blogdoere.com.br\/#website","url":"https:\/\/blogdoere.com.br\/","name":"blog do er\u00ea","description":"","publisher":{"@id":"https:\/\/blogdoere.com.br\/#organization"},"potentialAction":[{"@type":"SearchAction","target":{"@type":"EntryPoint","urlTemplate":"https:\/\/blogdoere.com.br\/?s={search_term_string}"},"query-input":"required name=search_term_string"}],"inLanguage":"pt-PT"},{"@type":"Organization","@id":"https:\/\/blogdoere.com.br\/#organization","name":"Blog do Er\u00ea","url":"https:\/\/blogdoere.com.br\/","logo":{"@type":"ImageObject","inLanguage":"pt-PT","@id":"https:\/\/blogdoere.com.br\/#\/schema\/logo\/image\/","url":"https:\/\/blogdoere.com.br\/wp-content\/uploads\/2021\/11\/Logo-Ere-1.png","contentUrl":"https:\/\/blogdoere.com.br\/wp-content\/uploads\/2021\/11\/Logo-Ere-1.png","width":1261,"height":1330,"caption":"Blog do Er\u00ea"},"image":{"@id":"https:\/\/blogdoere.com.br\/#\/schema\/logo\/image\/"}},{"@type":"Person","@id":"https:\/\/blogdoere.com.br\/#\/schema\/person\/c4f6d566a44c7bacdda563667715d18b","name":"blogdoere@hotmail.com","image":{"@type":"ImageObject","inLanguage":"pt-PT","@id":"https:\/\/blogdoere.com.br\/#\/schema\/person\/image\/","url":"https:\/\/secure.gravatar.com\/avatar\/5684bd39df1289cb639b4ab539d6fcad69420e4a29521548fc078c58ed122fe6?s=96&d=mm&r=g","contentUrl":"https:\/\/secure.gravatar.com\/avatar\/5684bd39df1289cb639b4ab539d6fcad69420e4a29521548fc078c58ed122fe6?s=96&d=mm&r=g","caption":"blogdoere@hotmail.com"},"sameAs":["http:\/\/blogdoere.com.br"]}]}},"featured_image_urls":{"full":"","thumbnail":"","medium":"","medium_large":"","large":"","1536x1536":"","2048x2048":""},"author_info":{"display_name":"blogdoere@hotmail.com","author_link":"https:\/\/blogdoere.com.br\/?author=1"},"category_info":"<a href=\"https:\/\/blogdoere.com.br\/?cat=1\" rel=\"category\">Destaques<\/a>","tag_info":"Destaques","comment_count":"0","_links":{"self":[{"href":"https:\/\/blogdoere.com.br\/index.php?rest_route=\/wp\/v2\/posts\/26698","targetHints":{"allow":["GET"]}}],"collection":[{"href":"https:\/\/blogdoere.com.br\/index.php?rest_route=\/wp\/v2\/posts"}],"about":[{"href":"https:\/\/blogdoere.com.br\/index.php?rest_route=\/wp\/v2\/types\/post"}],"author":[{"embeddable":true,"href":"https:\/\/blogdoere.com.br\/index.php?rest_route=\/wp\/v2\/users\/1"}],"replies":[{"embeddable":true,"href":"https:\/\/blogdoere.com.br\/index.php?rest_route=%2Fwp%2Fv2%2Fcomments&post=26698"}],"version-history":[{"count":0,"href":"https:\/\/blogdoere.com.br\/index.php?rest_route=\/wp\/v2\/posts\/26698\/revisions"}],"wp:attachment":[{"href":"https:\/\/blogdoere.com.br\/index.php?rest_route=%2Fwp%2Fv2%2Fmedia&parent=26698"}],"wp:term":[{"taxonomy":"category","embeddable":true,"href":"https:\/\/blogdoere.com.br\/index.php?rest_route=%2Fwp%2Fv2%2Fcategories&post=26698"},{"taxonomy":"post_tag","embeddable":true,"href":"https:\/\/blogdoere.com.br\/index.php?rest_route=%2Fwp%2Fv2%2Ftags&post=26698"}],"curies":[{"name":"wp","href":"https:\/\/api.w.org\/{rel}","templated":true}]}}