{"id":26707,"date":"2013-08-23T02:19:00","date_gmt":"2013-08-23T02:19:00","guid":{"rendered":"http:\/\/blogdoere.com.br\/?p=26707"},"modified":"2021-11-05T05:56:31","modified_gmt":"2021-11-05T05:56:31","slug":"itajuipegilka-badaro-recebe-representantes-do-sebrae-e-do-territorio-da-cidadania-litoral-sul","status":"publish","type":"post","link":"https:\/\/blogdoere.com.br\/?p=26707","title":{"rendered":"ITAJU\u00cdPE:GILKA BADAR\u00d3 RECEBE REPRESENTANTES DO SEBRAE E DO TERRIT\u00d3RIO DA CIDADANIA &#8211; LITORAL SUL."},"content":{"rendered":"<h5 style=\"background-color: white; text-align: justify;\" data-ft=\"{&quot;type&quot;:1,&quot;tn&quot;:&quot;K&quot;}\"><span style=\"font-weight: normal;\"><span style=\"font-family: Arial, Helvetica, sans-serif; font-size: small;\">\u00a0<\/span><\/span><\/h5>\n<h5 style=\"background-color: white; text-align: center;\" data-ft=\"{&quot;type&quot;:1,&quot;tn&quot;:&quot;K&quot;}\"><img decoding=\"async\" src=\"http:\/\/4.bp.blogspot.com\/-E3Z0U6d7hOU\/UhVwWBbrV-I\/AAAAAAAAEwM\/cMUMNv7drjA\/s400\/sebrae1.jpg\" \/><\/h5>\n<h5 style=\"background-color: white; text-align: justify;\" data-ft=\"{&quot;type&quot;:1,&quot;tn&quot;:&quot;K&quot;}\"><span style=\"font-weight: normal;\"><span style=\"font-family: Arial, Helvetica, sans-serif; font-size: small;\">A prefeita Gilka Badar\u00f3(PSB) recebeu na manh\u00e3 desta quarta-feira (21), \u00a0em seu gabinete a visita de Andr\u00e9 Portella, representante do Servi\u00e7o de Apoio \u00e0s Micro e Pequenas Empresas (SEBRAE) e de Jos\u00e9 Carlos Oliveira, gestor do Projeto Territ\u00f3rio da Cidadania \u2013 Litoral Sul.<br \/>\nA visita dos representantes teve como objetivo uma a\u00e7\u00e3o de aproxima\u00e7\u00e3o com o munic\u00edpio. &#8220;Realizar uma a\u00e7\u00e3o para nos aproximar mais dos micros e pequenos empres\u00e1rios locais e sentir as necessidade deles e a partir dai trazer algumas solu\u00e7\u00f5es mais focadas nessas necessidades&#8221;, destacou Portella.\u00a0<a href=\"http:\/\/www.ubaitabanoticiasagora.com\/2013\/08\/itajuipe-prefeita-gilka-badaro-recebe.html\">Leia mais no Blog Ubaitaba Not\u00edcia Agora.<\/a><\/span><\/span><\/h5>\n","protected":false},"excerpt":{"rendered":"<p>\u00a0 A prefeita Gilka Badar\u00f3(PSB) recebeu na manh\u00e3 desta quarta-feira (21), \u00a0em seu gabinete a visita de Andr\u00e9 Portella, representante do Servi\u00e7o de Apoio \u00e0s Micro e Pequenas Empresas (SEBRAE)&#8230;<\/p>\n","protected":false},"author":1,"featured_media":27124,"comment_status":"open","ping_status":"open","sticky":false,"template":"","format":"standard","meta":{"_editorskit_title_hidden":false,"_editorskit_reading_time":0,"_editorskit_is_block_options_detached":false,"_editorskit_block_options_position":"{}","om_disable_all_campaigns":false,"_mi_skip_tracking":false,"_kad_post_transparent":"","_kad_post_title":"","_kad_post_layout":"","_kad_post_sidebar_id":"","_kad_post_content_style":"","_kad_post_vertical_padding":"","_kad_post_feature":"","_kad_post_feature_position":"","_kad_post_header":false,"_kad_post_footer":false,"footnotes":""},"categories":[1],"tags":[],"class_list":["post-26707","post","type-post","status-publish","format-standard","has-post-thumbnail","hentry","category-destaques"],"yoast_head":"<!-- This site is optimized with the Yoast SEO plugin v20.5 - https:\/\/yoast.com\/wordpress\/plugins\/seo\/ -->\n<title>ITAJU\u00cdPE:GILKA BADAR\u00d3 RECEBE REPRESENTANTES DO SEBRAE E DO TERRIT\u00d3RIO DA CIDADANIA - LITORAL SUL. - blog do er\u00ea<\/title>\n<meta name=\"robots\" content=\"index, follow, max-snippet:-1, max-image-preview:large, max-video-preview:-1\" \/>\n<link rel=\"canonical\" href=\"https:\/\/blogdoere.com.br\/?p=26707\" \/>\n<meta property=\"og:locale\" content=\"pt_PT\" \/>\n<meta property=\"og:type\" content=\"article\" \/>\n<meta property=\"og:title\" content=\"ITAJU\u00cdPE:GILKA BADAR\u00d3 RECEBE REPRESENTANTES DO SEBRAE E DO TERRIT\u00d3RIO DA CIDADANIA - LITORAL SUL. - blog do er\u00ea\" \/>\n<meta property=\"og:description\" content=\"\u00a0 A prefeita Gilka Badar\u00f3(PSB) recebeu na manh\u00e3 desta quarta-feira (21), \u00a0em seu gabinete a visita de Andr\u00e9 Portella, representante do Servi\u00e7o de Apoio \u00e0s Micro e Pequenas Empresas (SEBRAE)...\" \/>\n<meta property=\"og:url\" content=\"https:\/\/blogdoere.com.br\/?p=26707\" \/>\n<meta property=\"og:site_name\" content=\"blog do er\u00ea\" \/>\n<meta property=\"article:published_time\" content=\"2013-08-23T02:19:00+00:00\" \/>\n<meta property=\"article:modified_time\" content=\"2021-11-05T05:56:31+00:00\" \/>\n<meta property=\"og:image\" content=\"https:\/\/blogdoere.com.br\/wp-content\/uploads\/2013\/08\/sebrae1.jpg\" \/>\n\t<meta property=\"og:image:width\" content=\"320\" \/>\n\t<meta property=\"og:image:height\" content=\"240\" \/>\n\t<meta property=\"og:image:type\" content=\"image\/jpeg\" \/>\n<meta name=\"author\" content=\"blogdoere@hotmail.com\" \/>\n<meta name=\"twitter:card\" content=\"summary_large_image\" \/>\n<meta name=\"twitter:label1\" content=\"Escrito por\" \/>\n\t<meta name=\"twitter:data1\" content=\"blogdoere@hotmail.com\" \/>\n\t<meta name=\"twitter:label2\" content=\"Tempo estimado de leitura\" \/>\n\t<meta name=\"twitter:data2\" content=\"1 minuto\" \/>\n<script type=\"application\/ld+json\" class=\"yoast-schema-graph\">{\"@context\":\"https:\/\/schema.org\",\"@graph\":[{\"@type\":\"Article\",\"@id\":\"https:\/\/blogdoere.com.br\/?p=26707#article\",\"isPartOf\":{\"@id\":\"https:\/\/blogdoere.com.br\/?p=26707\"},\"author\":{\"name\":\"blogdoere@hotmail.com\",\"@id\":\"https:\/\/blogdoere.com.br\/#\/schema\/person\/c4f6d566a44c7bacdda563667715d18b\"},\"headline\":\"ITAJU\u00cdPE:GILKA BADAR\u00d3 RECEBE REPRESENTANTES DO SEBRAE E DO TERRIT\u00d3RIO DA CIDADANIA &#8211; LITORAL SUL.\",\"datePublished\":\"2013-08-23T02:19:00+00:00\",\"dateModified\":\"2021-11-05T05:56:31+00:00\",\"mainEntityOfPage\":{\"@id\":\"https:\/\/blogdoere.com.br\/?p=26707\"},\"wordCount\":120,\"commentCount\":5,\"publisher\":{\"@id\":\"https:\/\/blogdoere.com.br\/#organization\"},\"articleSection\":[\"Destaques\"],\"inLanguage\":\"pt-PT\",\"potentialAction\":[{\"@type\":\"CommentAction\",\"name\":\"Comment\",\"target\":[\"https:\/\/blogdoere.com.br\/?p=26707#respond\"]}]},{\"@type\":\"WebPage\",\"@id\":\"https:\/\/blogdoere.com.br\/?p=26707\",\"url\":\"https:\/\/blogdoere.com.br\/?p=26707\",\"name\":\"ITAJU\u00cdPE:GILKA BADAR\u00d3 RECEBE REPRESENTANTES DO SEBRAE E DO TERRIT\u00d3RIO DA CIDADANIA - LITORAL SUL. - blog do er\u00ea\",\"isPartOf\":{\"@id\":\"https:\/\/blogdoere.com.br\/#website\"},\"datePublished\":\"2013-08-23T02:19:00+00:00\",\"dateModified\":\"2021-11-05T05:56:31+00:00\",\"breadcrumb\":{\"@id\":\"https:\/\/blogdoere.com.br\/?p=26707#breadcrumb\"},\"inLanguage\":\"pt-PT\",\"potentialAction\":[{\"@type\":\"ReadAction\",\"target\":[\"https:\/\/blogdoere.com.br\/?p=26707\"]}]},{\"@type\":\"BreadcrumbList\",\"@id\":\"https:\/\/blogdoere.com.br\/?p=26707#breadcrumb\",\"itemListElement\":[{\"@type\":\"ListItem\",\"position\":1,\"name\":\"In\u00edcio\",\"item\":\"https:\/\/blogdoere.com.br\/\"},{\"@type\":\"ListItem\",\"position\":2,\"name\":\"ITAJU\u00cdPE:GILKA BADAR\u00d3 RECEBE REPRESENTANTES DO SEBRAE E DO TERRIT\u00d3RIO DA CIDADANIA &#8211; LITORAL SUL.\"}]},{\"@type\":\"WebSite\",\"@id\":\"https:\/\/blogdoere.com.br\/#website\",\"url\":\"https:\/\/blogdoere.com.br\/\",\"name\":\"blog do er\u00ea\",\"description\":\"\",\"publisher\":{\"@id\":\"https:\/\/blogdoere.com.br\/#organization\"},\"potentialAction\":[{\"@type\":\"SearchAction\",\"target\":{\"@type\":\"EntryPoint\",\"urlTemplate\":\"https:\/\/blogdoere.com.br\/?s={search_term_string}\"},\"query-input\":\"required name=search_term_string\"}],\"inLanguage\":\"pt-PT\"},{\"@type\":\"Organization\",\"@id\":\"https:\/\/blogdoere.com.br\/#organization\",\"name\":\"Blog do Er\u00ea\",\"url\":\"https:\/\/blogdoere.com.br\/\",\"logo\":{\"@type\":\"ImageObject\",\"inLanguage\":\"pt-PT\",\"@id\":\"https:\/\/blogdoere.com.br\/#\/schema\/logo\/image\/\",\"url\":\"https:\/\/blogdoere.com.br\/wp-content\/uploads\/2021\/11\/Logo-Ere-1.png\",\"contentUrl\":\"https:\/\/blogdoere.com.br\/wp-content\/uploads\/2021\/11\/Logo-Ere-1.png\",\"width\":1261,\"height\":1330,\"caption\":\"Blog do Er\u00ea\"},\"image\":{\"@id\":\"https:\/\/blogdoere.com.br\/#\/schema\/logo\/image\/\"}},{\"@type\":\"Person\",\"@id\":\"https:\/\/blogdoere.com.br\/#\/schema\/person\/c4f6d566a44c7bacdda563667715d18b\",\"name\":\"blogdoere@hotmail.com\",\"image\":{\"@type\":\"ImageObject\",\"inLanguage\":\"pt-PT\",\"@id\":\"https:\/\/blogdoere.com.br\/#\/schema\/person\/image\/\",\"url\":\"https:\/\/secure.gravatar.com\/avatar\/5684bd39df1289cb639b4ab539d6fcad69420e4a29521548fc078c58ed122fe6?s=96&d=mm&r=g\",\"contentUrl\":\"https:\/\/secure.gravatar.com\/avatar\/5684bd39df1289cb639b4ab539d6fcad69420e4a29521548fc078c58ed122fe6?s=96&d=mm&r=g\",\"caption\":\"blogdoere@hotmail.com\"},\"sameAs\":[\"http:\/\/blogdoere.com.br\"]}]}<\/script>\n<!-- \/ Yoast SEO plugin. -->","yoast_head_json":{"title":"ITAJU\u00cdPE:GILKA BADAR\u00d3 RECEBE REPRESENTANTES DO SEBRAE E DO TERRIT\u00d3RIO DA CIDADANIA - LITORAL SUL. - blog do er\u00ea","robots":{"index":"index","follow":"follow","max-snippet":"max-snippet:-1","max-image-preview":"max-image-preview:large","max-video-preview":"max-video-preview:-1"},"canonical":"https:\/\/blogdoere.com.br\/?p=26707","og_locale":"pt_PT","og_type":"article","og_title":"ITAJU\u00cdPE:GILKA BADAR\u00d3 RECEBE REPRESENTANTES DO SEBRAE E DO TERRIT\u00d3RIO DA CIDADANIA - LITORAL SUL. - blog do er\u00ea","og_description":"\u00a0 A prefeita Gilka Badar\u00f3(PSB) recebeu na manh\u00e3 desta quarta-feira (21), \u00a0em seu gabinete a visita de Andr\u00e9 Portella, representante do Servi\u00e7o de Apoio \u00e0s Micro e Pequenas Empresas (SEBRAE)...","og_url":"https:\/\/blogdoere.com.br\/?p=26707","og_site_name":"blog do er\u00ea","article_published_time":"2013-08-23T02:19:00+00:00","article_modified_time":"2021-11-05T05:56:31+00:00","og_image":[{"width":320,"height":240,"url":"https:\/\/blogdoere.com.br\/wp-content\/uploads\/2013\/08\/sebrae1.jpg","type":"image\/jpeg"}],"author":"blogdoere@hotmail.com","twitter_card":"summary_large_image","twitter_misc":{"Escrito por":"blogdoere@hotmail.com","Tempo estimado de leitura":"1 minuto"},"schema":{"@context":"https:\/\/schema.org","@graph":[{"@type":"Article","@id":"https:\/\/blogdoere.com.br\/?p=26707#article","isPartOf":{"@id":"https:\/\/blogdoere.com.br\/?p=26707"},"author":{"name":"blogdoere@hotmail.com","@id":"https:\/\/blogdoere.com.br\/#\/schema\/person\/c4f6d566a44c7bacdda563667715d18b"},"headline":"ITAJU\u00cdPE:GILKA BADAR\u00d3 RECEBE REPRESENTANTES DO SEBRAE E DO TERRIT\u00d3RIO DA CIDADANIA &#8211; LITORAL SUL.","datePublished":"2013-08-23T02:19:00+00:00","dateModified":"2021-11-05T05:56:31+00:00","mainEntityOfPage":{"@id":"https:\/\/blogdoere.com.br\/?p=26707"},"wordCount":120,"commentCount":5,"publisher":{"@id":"https:\/\/blogdoere.com.br\/#organization"},"articleSection":["Destaques"],"inLanguage":"pt-PT","potentialAction":[{"@type":"CommentAction","name":"Comment","target":["https:\/\/blogdoere.com.br\/?p=26707#respond"]}]},{"@type":"WebPage","@id":"https:\/\/blogdoere.com.br\/?p=26707","url":"https:\/\/blogdoere.com.br\/?p=26707","name":"ITAJU\u00cdPE:GILKA BADAR\u00d3 RECEBE REPRESENTANTES DO SEBRAE E DO TERRIT\u00d3RIO DA CIDADANIA - LITORAL SUL. - blog do er\u00ea","isPartOf":{"@id":"https:\/\/blogdoere.com.br\/#website"},"datePublished":"2013-08-23T02:19:00+00:00","dateModified":"2021-11-05T05:56:31+00:00","breadcrumb":{"@id":"https:\/\/blogdoere.com.br\/?p=26707#breadcrumb"},"inLanguage":"pt-PT","potentialAction":[{"@type":"ReadAction","target":["https:\/\/blogdoere.com.br\/?p=26707"]}]},{"@type":"BreadcrumbList","@id":"https:\/\/blogdoere.com.br\/?p=26707#breadcrumb","itemListElement":[{"@type":"ListItem","position":1,"name":"In\u00edcio","item":"https:\/\/blogdoere.com.br\/"},{"@type":"ListItem","position":2,"name":"ITAJU\u00cdPE:GILKA BADAR\u00d3 RECEBE REPRESENTANTES DO SEBRAE E DO TERRIT\u00d3RIO DA CIDADANIA &#8211; LITORAL SUL."}]},{"@type":"WebSite","@id":"https:\/\/blogdoere.com.br\/#website","url":"https:\/\/blogdoere.com.br\/","name":"blog do er\u00ea","description":"","publisher":{"@id":"https:\/\/blogdoere.com.br\/#organization"},"potentialAction":[{"@type":"SearchAction","target":{"@type":"EntryPoint","urlTemplate":"https:\/\/blogdoere.com.br\/?s={search_term_string}"},"query-input":"required name=search_term_string"}],"inLanguage":"pt-PT"},{"@type":"Organization","@id":"https:\/\/blogdoere.com.br\/#organization","name":"Blog do Er\u00ea","url":"https:\/\/blogdoere.com.br\/","logo":{"@type":"ImageObject","inLanguage":"pt-PT","@id":"https:\/\/blogdoere.com.br\/#\/schema\/logo\/image\/","url":"https:\/\/blogdoere.com.br\/wp-content\/uploads\/2021\/11\/Logo-Ere-1.png","contentUrl":"https:\/\/blogdoere.com.br\/wp-content\/uploads\/2021\/11\/Logo-Ere-1.png","width":1261,"height":1330,"caption":"Blog do Er\u00ea"},"image":{"@id":"https:\/\/blogdoere.com.br\/#\/schema\/logo\/image\/"}},{"@type":"Person","@id":"https:\/\/blogdoere.com.br\/#\/schema\/person\/c4f6d566a44c7bacdda563667715d18b","name":"blogdoere@hotmail.com","image":{"@type":"ImageObject","inLanguage":"pt-PT","@id":"https:\/\/blogdoere.com.br\/#\/schema\/person\/image\/","url":"https:\/\/secure.gravatar.com\/avatar\/5684bd39df1289cb639b4ab539d6fcad69420e4a29521548fc078c58ed122fe6?s=96&d=mm&r=g","contentUrl":"https:\/\/secure.gravatar.com\/avatar\/5684bd39df1289cb639b4ab539d6fcad69420e4a29521548fc078c58ed122fe6?s=96&d=mm&r=g","caption":"blogdoere@hotmail.com"},"sameAs":["http:\/\/blogdoere.com.br"]}]}},"featured_image_urls":{"full":["https:\/\/blogdoere.com.br\/wp-content\/uploads\/2013\/08\/sebrae1.jpg",320,240,false],"thumbnail":["https:\/\/blogdoere.com.br\/wp-content\/uploads\/2013\/08\/sebrae1-150x150.jpg",150,150,true],"medium":["https:\/\/blogdoere.com.br\/wp-content\/uploads\/2013\/08\/sebrae1-300x225.jpg",300,225,true],"medium_large":["https:\/\/blogdoere.com.br\/wp-content\/uploads\/2013\/08\/sebrae1.jpg",320,240,false],"large":["https:\/\/blogdoere.com.br\/wp-content\/uploads\/2013\/08\/sebrae1.jpg",320,240,false],"1536x1536":["https:\/\/blogdoere.com.br\/wp-content\/uploads\/2013\/08\/sebrae1.jpg",320,240,false],"2048x2048":["https:\/\/blogdoere.com.br\/wp-content\/uploads\/2013\/08\/sebrae1.jpg",320,240,false]},"author_info":{"display_name":"blogdoere@hotmail.com","author_link":"https:\/\/blogdoere.com.br\/?author=1"},"category_info":"<a href=\"https:\/\/blogdoere.com.br\/?cat=1\" rel=\"category\">Destaques<\/a>","tag_info":"Destaques","comment_count":"5","_links":{"self":[{"href":"https:\/\/blogdoere.com.br\/index.php?rest_route=\/wp\/v2\/posts\/26707","targetHints":{"allow":["GET"]}}],"collection":[{"href":"https:\/\/blogdoere.com.br\/index.php?rest_route=\/wp\/v2\/posts"}],"about":[{"href":"https:\/\/blogdoere.com.br\/index.php?rest_route=\/wp\/v2\/types\/post"}],"author":[{"embeddable":true,"href":"https:\/\/blogdoere.com.br\/index.php?rest_route=\/wp\/v2\/users\/1"}],"replies":[{"embeddable":true,"href":"https:\/\/blogdoere.com.br\/index.php?rest_route=%2Fwp%2Fv2%2Fcomments&post=26707"}],"version-history":[{"count":1,"href":"https:\/\/blogdoere.com.br\/index.php?rest_route=\/wp\/v2\/posts\/26707\/revisions"}],"predecessor-version":[{"id":27125,"href":"https:\/\/blogdoere.com.br\/index.php?rest_route=\/wp\/v2\/posts\/26707\/revisions\/27125"}],"wp:featuredmedia":[{"embeddable":true,"href":"https:\/\/blogdoere.com.br\/index.php?rest_route=\/wp\/v2\/media\/27124"}],"wp:attachment":[{"href":"https:\/\/blogdoere.com.br\/index.php?rest_route=%2Fwp%2Fv2%2Fmedia&parent=26707"}],"wp:term":[{"taxonomy":"category","embeddable":true,"href":"https:\/\/blogdoere.com.br\/index.php?rest_route=%2Fwp%2Fv2%2Fcategories&post=26707"},{"taxonomy":"post_tag","embeddable":true,"href":"https:\/\/blogdoere.com.br\/index.php?rest_route=%2Fwp%2Fv2%2Ftags&post=26707"}],"curies":[{"name":"wp","href":"https:\/\/api.w.org\/{rel}","templated":true}]}}