{"id":26750,"date":"2013-07-25T02:52:00","date_gmt":"2013-07-25T02:52:00","guid":{"rendered":"http:\/\/blogdoere.com.br\/?p=26750"},"modified":"2013-07-25T02:52:00","modified_gmt":"2013-07-25T02:52:00","slug":"itajuipe-gilka-badaro-comemora-aprovacao-de-projeto-pela-funasa","status":"publish","type":"post","link":"https:\/\/blogdoere.com.br\/?p=26750","title":{"rendered":"ITAJU\u00cdPE:  GILKA BADAR\u00d3 COMEMORA APROVA\u00c7\u00c3O DE PROJETO PELA FUNASA."},"content":{"rendered":"<div style=\"text-align: justify;\"><\/div>\n<div style=\"text-align: justify;\"><span style=\"line-height: 115%;\"><span style=\"font-family: Arial, Helvetica, sans-serif; font-size: large;\"><br \/><\/span><\/span><\/div>\n<div style=\"clear: both; text-align: center;\"><a href=\"http:\/\/1.bp.blogspot.com\/-FTfVFgWKGYM\/UfCRH0_jDwI\/AAAAAAAAFcM\/ng8yF_TZOlk\/s1600\/gilka-bad.jpg\" style=\"margin-left: 1em; margin-right: 1em;\"><img decoding=\"async\" border=\"0\" height=\"256\" src=\"http:\/\/1.bp.blogspot.com\/-FTfVFgWKGYM\/UfCRH0_jDwI\/AAAAAAAAFcM\/ng8yF_TZOlk\/s320\/gilka-bad.jpg\" width=\"320\" \/><\/a><\/div>\n<div style=\"clear: both; text-align: center;\"><\/div>\n<div style=\"text-align: justify;\"><span style=\"line-height: 115%;\"><span style=\"font-family: Arial, Helvetica, sans-serif; font-size: large;\">A prefeita Gilka Badar\u00f3 (PSB) comemorou com sua equipe de Governo, nesta quarta-feira (24), a aprova\u00e7\u00e3o do Projeto que visa \u00e0 implanta\u00e7\u00e3o de um Sistema de Esgotamento Sanit\u00e1rio (SES), com o tratamento de todo o esgoto gerado na sede do munic\u00edpio.<\/span><\/span><\/div>\n<div style=\"text-align: justify;\"><span style=\"line-height: 115%;\"><span style=\"font-family: Arial, Helvetica, sans-serif; font-size: large;\"><br \/><\/span><\/span><\/div>\n<div style=\"text-align: justify;\"><span style=\"line-height: 115%;\"><span style=\"font-family: Arial, Helvetica, sans-serif; font-size: large;\">O projeto foi aprovado em Salvador pela FUNASA. A Prefeita Gilka Badar\u00f3 compartilhou sua alegria com a aprova\u00e7\u00e3o do projeto, que segundo ela ser\u00e1 um grande investimento para o munic\u00edpio. \u201cSem duvida ser\u00e1 a maior obra de Itaju\u00edpe\u201d &nbsp;&#8211; Externou a Prefeita.<\/span><span style=\"font-size: small;\"><o:p><\/o:p><\/span><\/span><\/div>\n","protected":false},"excerpt":{"rendered":"<p>A prefeita Gilka Badar\u00f3 (PSB) comemorou com sua equipe de Governo, nesta quarta-feira (24), a aprova\u00e7\u00e3o do Projeto que visa \u00e0 implanta\u00e7\u00e3o de um Sistema de Esgotamento Sanit\u00e1rio (SES), com&#8230;<\/p>\n","protected":false},"author":1,"featured_media":0,"comment_status":"open","ping_status":"open","sticky":false,"template":"","format":"standard","meta":{"_editorskit_title_hidden":false,"_editorskit_reading_time":0,"_editorskit_is_block_options_detached":false,"_editorskit_block_options_position":"{}","om_disable_all_campaigns":false,"_mi_skip_tracking":false,"_kad_post_transparent":"","_kad_post_title":"","_kad_post_layout":"","_kad_post_sidebar_id":"","_kad_post_content_style":"","_kad_post_vertical_padding":"","_kad_post_feature":"","_kad_post_feature_position":"","_kad_post_header":false,"_kad_post_footer":false,"footnotes":""},"categories":[1],"tags":[],"class_list":["post-26750","post","type-post","status-publish","format-standard","hentry","category-destaques"],"yoast_head":"<!-- This site is optimized with the Yoast SEO plugin v20.5 - https:\/\/yoast.com\/wordpress\/plugins\/seo\/ -->\n<title>ITAJU\u00cdPE: GILKA BADAR\u00d3 COMEMORA APROVA\u00c7\u00c3O DE PROJETO PELA FUNASA. - blog do er\u00ea<\/title>\n<meta name=\"robots\" content=\"index, follow, max-snippet:-1, max-image-preview:large, max-video-preview:-1\" \/>\n<link rel=\"canonical\" href=\"https:\/\/blogdoere.com.br\/?p=26750\" \/>\n<meta property=\"og:locale\" content=\"pt_PT\" \/>\n<meta property=\"og:type\" content=\"article\" \/>\n<meta property=\"og:title\" content=\"ITAJU\u00cdPE: GILKA BADAR\u00d3 COMEMORA APROVA\u00c7\u00c3O DE PROJETO PELA FUNASA. - blog do er\u00ea\" \/>\n<meta property=\"og:description\" content=\"A prefeita Gilka Badar\u00f3 (PSB) comemorou com sua equipe de Governo, nesta quarta-feira (24), a aprova\u00e7\u00e3o do Projeto que visa \u00e0 implanta\u00e7\u00e3o de um Sistema de Esgotamento Sanit\u00e1rio (SES), com...\" \/>\n<meta property=\"og:url\" content=\"https:\/\/blogdoere.com.br\/?p=26750\" \/>\n<meta property=\"og:site_name\" content=\"blog do er\u00ea\" \/>\n<meta property=\"article:published_time\" content=\"2013-07-25T02:52:00+00:00\" \/>\n<meta property=\"og:image\" content=\"http:\/\/1.bp.blogspot.com\/-FTfVFgWKGYM\/UfCRH0_jDwI\/AAAAAAAAFcM\/ng8yF_TZOlk\/s320\/gilka-bad.jpg\" \/>\n<meta name=\"author\" content=\"blogdoere@hotmail.com\" \/>\n<meta name=\"twitter:card\" content=\"summary_large_image\" \/>\n<meta name=\"twitter:label1\" content=\"Escrito por\" \/>\n\t<meta name=\"twitter:data1\" content=\"blogdoere@hotmail.com\" \/>\n<script type=\"application\/ld+json\" class=\"yoast-schema-graph\">{\"@context\":\"https:\/\/schema.org\",\"@graph\":[{\"@type\":\"Article\",\"@id\":\"https:\/\/blogdoere.com.br\/?p=26750#article\",\"isPartOf\":{\"@id\":\"https:\/\/blogdoere.com.br\/?p=26750\"},\"author\":{\"name\":\"blogdoere@hotmail.com\",\"@id\":\"https:\/\/blogdoere.com.br\/#\/schema\/person\/c4f6d566a44c7bacdda563667715d18b\"},\"headline\":\"ITAJU\u00cdPE: GILKA BADAR\u00d3 COMEMORA APROVA\u00c7\u00c3O DE PROJETO PELA FUNASA.\",\"datePublished\":\"2013-07-25T02:52:00+00:00\",\"dateModified\":\"2013-07-25T02:52:00+00:00\",\"mainEntityOfPage\":{\"@id\":\"https:\/\/blogdoere.com.br\/?p=26750\"},\"wordCount\":100,\"commentCount\":0,\"publisher\":{\"@id\":\"https:\/\/blogdoere.com.br\/#organization\"},\"articleSection\":[\"Destaques\"],\"inLanguage\":\"pt-PT\",\"potentialAction\":[{\"@type\":\"CommentAction\",\"name\":\"Comment\",\"target\":[\"https:\/\/blogdoere.com.br\/?p=26750#respond\"]}]},{\"@type\":\"WebPage\",\"@id\":\"https:\/\/blogdoere.com.br\/?p=26750\",\"url\":\"https:\/\/blogdoere.com.br\/?p=26750\",\"name\":\"ITAJU\u00cdPE: GILKA BADAR\u00d3 COMEMORA APROVA\u00c7\u00c3O DE PROJETO PELA FUNASA. - blog do er\u00ea\",\"isPartOf\":{\"@id\":\"https:\/\/blogdoere.com.br\/#website\"},\"datePublished\":\"2013-07-25T02:52:00+00:00\",\"dateModified\":\"2013-07-25T02:52:00+00:00\",\"breadcrumb\":{\"@id\":\"https:\/\/blogdoere.com.br\/?p=26750#breadcrumb\"},\"inLanguage\":\"pt-PT\",\"potentialAction\":[{\"@type\":\"ReadAction\",\"target\":[\"https:\/\/blogdoere.com.br\/?p=26750\"]}]},{\"@type\":\"BreadcrumbList\",\"@id\":\"https:\/\/blogdoere.com.br\/?p=26750#breadcrumb\",\"itemListElement\":[{\"@type\":\"ListItem\",\"position\":1,\"name\":\"In\u00edcio\",\"item\":\"https:\/\/blogdoere.com.br\/\"},{\"@type\":\"ListItem\",\"position\":2,\"name\":\"ITAJU\u00cdPE: GILKA BADAR\u00d3 COMEMORA APROVA\u00c7\u00c3O DE PROJETO PELA FUNASA.\"}]},{\"@type\":\"WebSite\",\"@id\":\"https:\/\/blogdoere.com.br\/#website\",\"url\":\"https:\/\/blogdoere.com.br\/\",\"name\":\"blog do er\u00ea\",\"description\":\"\",\"publisher\":{\"@id\":\"https:\/\/blogdoere.com.br\/#organization\"},\"potentialAction\":[{\"@type\":\"SearchAction\",\"target\":{\"@type\":\"EntryPoint\",\"urlTemplate\":\"https:\/\/blogdoere.com.br\/?s={search_term_string}\"},\"query-input\":\"required name=search_term_string\"}],\"inLanguage\":\"pt-PT\"},{\"@type\":\"Organization\",\"@id\":\"https:\/\/blogdoere.com.br\/#organization\",\"name\":\"Blog do Er\u00ea\",\"url\":\"https:\/\/blogdoere.com.br\/\",\"logo\":{\"@type\":\"ImageObject\",\"inLanguage\":\"pt-PT\",\"@id\":\"https:\/\/blogdoere.com.br\/#\/schema\/logo\/image\/\",\"url\":\"https:\/\/blogdoere.com.br\/wp-content\/uploads\/2021\/11\/Logo-Ere-1.png\",\"contentUrl\":\"https:\/\/blogdoere.com.br\/wp-content\/uploads\/2021\/11\/Logo-Ere-1.png\",\"width\":1261,\"height\":1330,\"caption\":\"Blog do Er\u00ea\"},\"image\":{\"@id\":\"https:\/\/blogdoere.com.br\/#\/schema\/logo\/image\/\"}},{\"@type\":\"Person\",\"@id\":\"https:\/\/blogdoere.com.br\/#\/schema\/person\/c4f6d566a44c7bacdda563667715d18b\",\"name\":\"blogdoere@hotmail.com\",\"image\":{\"@type\":\"ImageObject\",\"inLanguage\":\"pt-PT\",\"@id\":\"https:\/\/blogdoere.com.br\/#\/schema\/person\/image\/\",\"url\":\"https:\/\/secure.gravatar.com\/avatar\/5684bd39df1289cb639b4ab539d6fcad69420e4a29521548fc078c58ed122fe6?s=96&d=mm&r=g\",\"contentUrl\":\"https:\/\/secure.gravatar.com\/avatar\/5684bd39df1289cb639b4ab539d6fcad69420e4a29521548fc078c58ed122fe6?s=96&d=mm&r=g\",\"caption\":\"blogdoere@hotmail.com\"},\"sameAs\":[\"http:\/\/blogdoere.com.br\"]}]}<\/script>\n<!-- \/ Yoast SEO plugin. -->","yoast_head_json":{"title":"ITAJU\u00cdPE: GILKA BADAR\u00d3 COMEMORA APROVA\u00c7\u00c3O DE PROJETO PELA FUNASA. - blog do er\u00ea","robots":{"index":"index","follow":"follow","max-snippet":"max-snippet:-1","max-image-preview":"max-image-preview:large","max-video-preview":"max-video-preview:-1"},"canonical":"https:\/\/blogdoere.com.br\/?p=26750","og_locale":"pt_PT","og_type":"article","og_title":"ITAJU\u00cdPE: GILKA BADAR\u00d3 COMEMORA APROVA\u00c7\u00c3O DE PROJETO PELA FUNASA. - blog do er\u00ea","og_description":"A prefeita Gilka Badar\u00f3 (PSB) comemorou com sua equipe de Governo, nesta quarta-feira (24), a aprova\u00e7\u00e3o do Projeto que visa \u00e0 implanta\u00e7\u00e3o de um Sistema de Esgotamento Sanit\u00e1rio (SES), com...","og_url":"https:\/\/blogdoere.com.br\/?p=26750","og_site_name":"blog do er\u00ea","article_published_time":"2013-07-25T02:52:00+00:00","og_image":[{"url":"http:\/\/1.bp.blogspot.com\/-FTfVFgWKGYM\/UfCRH0_jDwI\/AAAAAAAAFcM\/ng8yF_TZOlk\/s320\/gilka-bad.jpg"}],"author":"blogdoere@hotmail.com","twitter_card":"summary_large_image","twitter_misc":{"Escrito por":"blogdoere@hotmail.com"},"schema":{"@context":"https:\/\/schema.org","@graph":[{"@type":"Article","@id":"https:\/\/blogdoere.com.br\/?p=26750#article","isPartOf":{"@id":"https:\/\/blogdoere.com.br\/?p=26750"},"author":{"name":"blogdoere@hotmail.com","@id":"https:\/\/blogdoere.com.br\/#\/schema\/person\/c4f6d566a44c7bacdda563667715d18b"},"headline":"ITAJU\u00cdPE: GILKA BADAR\u00d3 COMEMORA APROVA\u00c7\u00c3O DE PROJETO PELA FUNASA.","datePublished":"2013-07-25T02:52:00+00:00","dateModified":"2013-07-25T02:52:00+00:00","mainEntityOfPage":{"@id":"https:\/\/blogdoere.com.br\/?p=26750"},"wordCount":100,"commentCount":0,"publisher":{"@id":"https:\/\/blogdoere.com.br\/#organization"},"articleSection":["Destaques"],"inLanguage":"pt-PT","potentialAction":[{"@type":"CommentAction","name":"Comment","target":["https:\/\/blogdoere.com.br\/?p=26750#respond"]}]},{"@type":"WebPage","@id":"https:\/\/blogdoere.com.br\/?p=26750","url":"https:\/\/blogdoere.com.br\/?p=26750","name":"ITAJU\u00cdPE: GILKA BADAR\u00d3 COMEMORA APROVA\u00c7\u00c3O DE PROJETO PELA FUNASA. - blog do er\u00ea","isPartOf":{"@id":"https:\/\/blogdoere.com.br\/#website"},"datePublished":"2013-07-25T02:52:00+00:00","dateModified":"2013-07-25T02:52:00+00:00","breadcrumb":{"@id":"https:\/\/blogdoere.com.br\/?p=26750#breadcrumb"},"inLanguage":"pt-PT","potentialAction":[{"@type":"ReadAction","target":["https:\/\/blogdoere.com.br\/?p=26750"]}]},{"@type":"BreadcrumbList","@id":"https:\/\/blogdoere.com.br\/?p=26750#breadcrumb","itemListElement":[{"@type":"ListItem","position":1,"name":"In\u00edcio","item":"https:\/\/blogdoere.com.br\/"},{"@type":"ListItem","position":2,"name":"ITAJU\u00cdPE: GILKA BADAR\u00d3 COMEMORA APROVA\u00c7\u00c3O DE PROJETO PELA FUNASA."}]},{"@type":"WebSite","@id":"https:\/\/blogdoere.com.br\/#website","url":"https:\/\/blogdoere.com.br\/","name":"blog do er\u00ea","description":"","publisher":{"@id":"https:\/\/blogdoere.com.br\/#organization"},"potentialAction":[{"@type":"SearchAction","target":{"@type":"EntryPoint","urlTemplate":"https:\/\/blogdoere.com.br\/?s={search_term_string}"},"query-input":"required name=search_term_string"}],"inLanguage":"pt-PT"},{"@type":"Organization","@id":"https:\/\/blogdoere.com.br\/#organization","name":"Blog do Er\u00ea","url":"https:\/\/blogdoere.com.br\/","logo":{"@type":"ImageObject","inLanguage":"pt-PT","@id":"https:\/\/blogdoere.com.br\/#\/schema\/logo\/image\/","url":"https:\/\/blogdoere.com.br\/wp-content\/uploads\/2021\/11\/Logo-Ere-1.png","contentUrl":"https:\/\/blogdoere.com.br\/wp-content\/uploads\/2021\/11\/Logo-Ere-1.png","width":1261,"height":1330,"caption":"Blog do Er\u00ea"},"image":{"@id":"https:\/\/blogdoere.com.br\/#\/schema\/logo\/image\/"}},{"@type":"Person","@id":"https:\/\/blogdoere.com.br\/#\/schema\/person\/c4f6d566a44c7bacdda563667715d18b","name":"blogdoere@hotmail.com","image":{"@type":"ImageObject","inLanguage":"pt-PT","@id":"https:\/\/blogdoere.com.br\/#\/schema\/person\/image\/","url":"https:\/\/secure.gravatar.com\/avatar\/5684bd39df1289cb639b4ab539d6fcad69420e4a29521548fc078c58ed122fe6?s=96&d=mm&r=g","contentUrl":"https:\/\/secure.gravatar.com\/avatar\/5684bd39df1289cb639b4ab539d6fcad69420e4a29521548fc078c58ed122fe6?s=96&d=mm&r=g","caption":"blogdoere@hotmail.com"},"sameAs":["http:\/\/blogdoere.com.br"]}]}},"featured_image_urls":{"full":"","thumbnail":"","medium":"","medium_large":"","large":"","1536x1536":"","2048x2048":""},"author_info":{"display_name":"blogdoere@hotmail.com","author_link":"https:\/\/blogdoere.com.br\/?author=1"},"category_info":"<a href=\"https:\/\/blogdoere.com.br\/?cat=1\" rel=\"category\">Destaques<\/a>","tag_info":"Destaques","comment_count":"0","_links":{"self":[{"href":"https:\/\/blogdoere.com.br\/index.php?rest_route=\/wp\/v2\/posts\/26750","targetHints":{"allow":["GET"]}}],"collection":[{"href":"https:\/\/blogdoere.com.br\/index.php?rest_route=\/wp\/v2\/posts"}],"about":[{"href":"https:\/\/blogdoere.com.br\/index.php?rest_route=\/wp\/v2\/types\/post"}],"author":[{"embeddable":true,"href":"https:\/\/blogdoere.com.br\/index.php?rest_route=\/wp\/v2\/users\/1"}],"replies":[{"embeddable":true,"href":"https:\/\/blogdoere.com.br\/index.php?rest_route=%2Fwp%2Fv2%2Fcomments&post=26750"}],"version-history":[{"count":0,"href":"https:\/\/blogdoere.com.br\/index.php?rest_route=\/wp\/v2\/posts\/26750\/revisions"}],"wp:attachment":[{"href":"https:\/\/blogdoere.com.br\/index.php?rest_route=%2Fwp%2Fv2%2Fmedia&parent=26750"}],"wp:term":[{"taxonomy":"category","embeddable":true,"href":"https:\/\/blogdoere.com.br\/index.php?rest_route=%2Fwp%2Fv2%2Fcategories&post=26750"},{"taxonomy":"post_tag","embeddable":true,"href":"https:\/\/blogdoere.com.br\/index.php?rest_route=%2Fwp%2Fv2%2Ftags&post=26750"}],"curies":[{"name":"wp","href":"https:\/\/api.w.org\/{rel}","templated":true}]}}