{"id":26754,"date":"2013-07-23T22:37:00","date_gmt":"2013-07-23T22:37:00","guid":{"rendered":"http:\/\/blogdoere.com.br\/?p=26754"},"modified":"2013-07-23T22:37:00","modified_gmt":"2013-07-23T22:37:00","slug":"itajuipe-prefeitura-realizara-audiencia-publica-para-debater-ppa-participativo-2014-2017","status":"publish","type":"post","link":"https:\/\/blogdoere.com.br\/?p=26754","title":{"rendered":"ITAJU\u00cdPE: PREFEITURA REALIZAR\u00c1 AUDI\u00caNCIA PUBLICA PARA DEBATER PPA PARTICIPATIVO 2014-2017."},"content":{"rendered":"<div style=\"clear: both; text-align: center;\"><a href=\"http:\/\/2.bp.blogspot.com\/-7p6br2R2BBo\/Ue8E-VgLbJI\/AAAAAAAAFb8\/w3hnPxeMQCA\/s1600\/DSC_5610.jpg\" style=\"margin-left: 1em; margin-right: 1em;\"><img decoding=\"async\" border=\"0\" height=\"212\" src=\"http:\/\/2.bp.blogspot.com\/-7p6br2R2BBo\/Ue8E-VgLbJI\/AAAAAAAAFb8\/w3hnPxeMQCA\/s320\/DSC_5610.jpg\" width=\"320\" \/><\/a><\/div>\n<div style=\"clear: both; text-align: center;\"><\/div>\n<div style=\"clear: both; text-align: center;\"><a href=\"http:\/\/3.bp.blogspot.com\/-80NFbSmj9ww\/Ue8DiIYIkiI\/AAAAAAAAFbk\/L3XrkDEwT_0\/s1600\/DSC_5593.jpg\" style=\"font-family: Arial, sans-serif; font-size: 19px; margin-left: 1em; margin-right: 1em; text-align: center;\"><img decoding=\"async\" border=\"0\" height=\"212\" src=\"http:\/\/3.bp.blogspot.com\/-80NFbSmj9ww\/Ue8DiIYIkiI\/AAAAAAAAFbk\/L3XrkDEwT_0\/s320\/DSC_5593.jpg\" width=\"320\" \/><\/a><\/div>\n<div style=\"clear: both; text-align: center;\"><\/div>\n<p><\/p>\n<div><\/div>\n<div style=\"text-align: justify;\"><span style=\"font-family: &quot;Arial&quot;,&quot;sans-serif&quot;; font-size: 14.0pt;\">A Prefeitura de Itaju\u00edpe realizou reuni\u00f5es preparat\u00f3rias para levantamento e elabora\u00e7\u00e3o do Plano Plurianual Participativo (PPA) 2014-2017. A \u00faltima reuni\u00e3o foi realizada ontem (22), no anexo do Hospital Dr. Montival Lucas, quando foi formada uma comiss\u00e3o para conduzir os trabalhos do PPA, que acontecer\u00e1 de 5 a 9 de agosto. Estiveram presentes na reuni\u00e3o a Prefeita, Gilka Badar\u00f3, Secret\u00e1rios, Coordenadores, Diretores e Servidores P\u00fablicos. O Controlador Geral do Munic\u00edpio, Antoniester Matos Gon\u00e7alves dos Santos, realizou a abertura e explanou sobre a import\u00e2ncia do cumprimento do PPA. Segundo Antoniester o Plano Plurianual Participativo \u00e9 uma ferramenta de planejamento, exigida por lei na gest\u00e3o p\u00fablica, a qual serve como instrumento para diretrizes, metas e objetivos da administra\u00e7\u00e3o p\u00fablica para os pr\u00f3ximos quatro anos a contar do segundo ano de gest\u00e3o. <o:p><\/o:p><\/span><\/div>\n<div style=\"text-align: justify;\"><span style=\"font-family: &quot;Arial&quot;,&quot;sans-serif&quot;; font-size: 14.0pt;\"><br \/><\/span><\/div>\n<div style=\"text-align: justify;\"><span style=\"font-family: &quot;Arial&quot;,&quot;sans-serif&quot;; font-size: 14.0pt;\">A prefeita Gilka Badar\u00f3(PSB) pediu empenho de todas as Secretarias e servidores destacando a import\u00e2ncia da elabora\u00e7\u00e3o do PPA Participativo em conjunto com a comunidade, permitindo assim uma gest\u00e3o democr\u00e1tica. \u201cPrecisamos da dedica\u00e7\u00e3o de todos, assim poderemos ouvir as necessidades a curto e m\u00e9dio prazo, melhorando ainda mais a qualidade de vida dos itajuipenses.\u201d Pontuou a prefeita.<o:p><\/o:p><\/span><\/div>\n<div style=\"text-align: justify;\"><span style=\"font-family: &quot;Arial&quot;,&quot;sans-serif&quot;; font-size: 14.0pt;\"><br \/><\/span><\/div>\n<div style=\"text-align: justify;\"><span style=\"color: red; font-family: Arial, Helvetica, sans-serif; font-size: large;\">AUDI\u00caNCIA P\u00daBLICA<\/span><\/div>\n<div style=\"text-align: justify;\"><span style=\"font-family: &quot;Arial&quot;,&quot;sans-serif&quot;; font-size: 14.0pt;\">Como parte da primeira etapa do PPA 2014-2017 acontecer\u00e1 no Col\u00e9gio Dr. Luiz Viana Filho, dia 26 de julho, \u00e0s 18:00h, uma Audi\u00eancia P\u00fablica para tratar da apresenta\u00e7\u00e3o da composi\u00e7\u00e3o e leitura do Regimento Interno, bem como apresenta\u00e7\u00e3o da metodologia de trabalho para elabora\u00e7\u00e3o do PPA Participativo em conformidade com a Constitui\u00e7\u00e3o Federal de 1988. Not\u00edcia da Ascom da PMI.<\/span><\/div>\n<div style=\"clear: both; text-align: center;\"><\/div>\n<div style=\"clear: both; text-align: center;\"><\/div>\n<p><o:p><\/o:p><\/p>\n<div style=\"text-align: justify;\"><\/div>\n<p><\/p>\n<div style=\"text-align: justify;\"><\/div>\n","protected":false},"excerpt":{"rendered":"<p>A Prefeitura de Itaju\u00edpe realizou reuni\u00f5es preparat\u00f3rias para levantamento e elabora\u00e7\u00e3o do Plano Plurianual Participativo (PPA) 2014-2017. A \u00faltima reuni\u00e3o foi realizada ontem (22), no anexo do Hospital Dr. Montival&#8230;<\/p>\n","protected":false},"author":1,"featured_media":0,"comment_status":"open","ping_status":"open","sticky":false,"template":"","format":"standard","meta":{"_editorskit_title_hidden":false,"_editorskit_reading_time":0,"_editorskit_is_block_options_detached":false,"_editorskit_block_options_position":"{}","om_disable_all_campaigns":false,"_mi_skip_tracking":false,"_kad_post_transparent":"","_kad_post_title":"","_kad_post_layout":"","_kad_post_sidebar_id":"","_kad_post_content_style":"","_kad_post_vertical_padding":"","_kad_post_feature":"","_kad_post_feature_position":"","_kad_post_header":false,"_kad_post_footer":false,"footnotes":""},"categories":[1],"tags":[],"class_list":["post-26754","post","type-post","status-publish","format-standard","hentry","category-destaques"],"yoast_head":"<!-- This site is optimized with the Yoast SEO plugin v20.5 - https:\/\/yoast.com\/wordpress\/plugins\/seo\/ -->\n<title>ITAJU\u00cdPE: PREFEITURA REALIZAR\u00c1 AUDI\u00caNCIA PUBLICA PARA DEBATER PPA PARTICIPATIVO 2014-2017. - blog do er\u00ea<\/title>\n<meta name=\"robots\" content=\"index, follow, max-snippet:-1, max-image-preview:large, max-video-preview:-1\" \/>\n<link rel=\"canonical\" href=\"https:\/\/blogdoere.com.br\/?p=26754\" \/>\n<meta property=\"og:locale\" content=\"pt_PT\" \/>\n<meta property=\"og:type\" content=\"article\" \/>\n<meta property=\"og:title\" content=\"ITAJU\u00cdPE: PREFEITURA REALIZAR\u00c1 AUDI\u00caNCIA PUBLICA PARA DEBATER PPA PARTICIPATIVO 2014-2017. - blog do er\u00ea\" \/>\n<meta property=\"og:description\" content=\"A Prefeitura de Itaju\u00edpe realizou reuni\u00f5es preparat\u00f3rias para levantamento e elabora\u00e7\u00e3o do Plano Plurianual Participativo (PPA) 2014-2017. A \u00faltima reuni\u00e3o foi realizada ontem (22), no anexo do Hospital Dr. Montival...\" \/>\n<meta property=\"og:url\" content=\"https:\/\/blogdoere.com.br\/?p=26754\" \/>\n<meta property=\"og:site_name\" content=\"blog do er\u00ea\" \/>\n<meta property=\"article:published_time\" content=\"2013-07-23T22:37:00+00:00\" \/>\n<meta property=\"og:image\" content=\"http:\/\/2.bp.blogspot.com\/-7p6br2R2BBo\/Ue8E-VgLbJI\/AAAAAAAAFb8\/w3hnPxeMQCA\/s320\/DSC_5610.jpg\" \/>\n<meta name=\"author\" content=\"blogdoere@hotmail.com\" \/>\n<meta name=\"twitter:card\" content=\"summary_large_image\" \/>\n<meta name=\"twitter:label1\" content=\"Escrito por\" \/>\n\t<meta name=\"twitter:data1\" content=\"blogdoere@hotmail.com\" \/>\n\t<meta name=\"twitter:label2\" content=\"Tempo estimado de leitura\" \/>\n\t<meta name=\"twitter:data2\" content=\"1 minuto\" \/>\n<script type=\"application\/ld+json\" class=\"yoast-schema-graph\">{\"@context\":\"https:\/\/schema.org\",\"@graph\":[{\"@type\":\"Article\",\"@id\":\"https:\/\/blogdoere.com.br\/?p=26754#article\",\"isPartOf\":{\"@id\":\"https:\/\/blogdoere.com.br\/?p=26754\"},\"author\":{\"name\":\"blogdoere@hotmail.com\",\"@id\":\"https:\/\/blogdoere.com.br\/#\/schema\/person\/c4f6d566a44c7bacdda563667715d18b\"},\"headline\":\"ITAJU\u00cdPE: PREFEITURA REALIZAR\u00c1 AUDI\u00caNCIA PUBLICA PARA DEBATER PPA PARTICIPATIVO 2014-2017.\",\"datePublished\":\"2013-07-23T22:37:00+00:00\",\"dateModified\":\"2013-07-23T22:37:00+00:00\",\"mainEntityOfPage\":{\"@id\":\"https:\/\/blogdoere.com.br\/?p=26754\"},\"wordCount\":289,\"commentCount\":0,\"publisher\":{\"@id\":\"https:\/\/blogdoere.com.br\/#organization\"},\"articleSection\":[\"Destaques\"],\"inLanguage\":\"pt-PT\",\"potentialAction\":[{\"@type\":\"CommentAction\",\"name\":\"Comment\",\"target\":[\"https:\/\/blogdoere.com.br\/?p=26754#respond\"]}]},{\"@type\":\"WebPage\",\"@id\":\"https:\/\/blogdoere.com.br\/?p=26754\",\"url\":\"https:\/\/blogdoere.com.br\/?p=26754\",\"name\":\"ITAJU\u00cdPE: PREFEITURA REALIZAR\u00c1 AUDI\u00caNCIA PUBLICA PARA DEBATER PPA PARTICIPATIVO 2014-2017. - blog do er\u00ea\",\"isPartOf\":{\"@id\":\"https:\/\/blogdoere.com.br\/#website\"},\"datePublished\":\"2013-07-23T22:37:00+00:00\",\"dateModified\":\"2013-07-23T22:37:00+00:00\",\"breadcrumb\":{\"@id\":\"https:\/\/blogdoere.com.br\/?p=26754#breadcrumb\"},\"inLanguage\":\"pt-PT\",\"potentialAction\":[{\"@type\":\"ReadAction\",\"target\":[\"https:\/\/blogdoere.com.br\/?p=26754\"]}]},{\"@type\":\"BreadcrumbList\",\"@id\":\"https:\/\/blogdoere.com.br\/?p=26754#breadcrumb\",\"itemListElement\":[{\"@type\":\"ListItem\",\"position\":1,\"name\":\"In\u00edcio\",\"item\":\"https:\/\/blogdoere.com.br\/\"},{\"@type\":\"ListItem\",\"position\":2,\"name\":\"ITAJU\u00cdPE: PREFEITURA REALIZAR\u00c1 AUDI\u00caNCIA PUBLICA PARA DEBATER PPA PARTICIPATIVO 2014-2017.\"}]},{\"@type\":\"WebSite\",\"@id\":\"https:\/\/blogdoere.com.br\/#website\",\"url\":\"https:\/\/blogdoere.com.br\/\",\"name\":\"blog do er\u00ea\",\"description\":\"\",\"publisher\":{\"@id\":\"https:\/\/blogdoere.com.br\/#organization\"},\"potentialAction\":[{\"@type\":\"SearchAction\",\"target\":{\"@type\":\"EntryPoint\",\"urlTemplate\":\"https:\/\/blogdoere.com.br\/?s={search_term_string}\"},\"query-input\":\"required name=search_term_string\"}],\"inLanguage\":\"pt-PT\"},{\"@type\":\"Organization\",\"@id\":\"https:\/\/blogdoere.com.br\/#organization\",\"name\":\"Blog do Er\u00ea\",\"url\":\"https:\/\/blogdoere.com.br\/\",\"logo\":{\"@type\":\"ImageObject\",\"inLanguage\":\"pt-PT\",\"@id\":\"https:\/\/blogdoere.com.br\/#\/schema\/logo\/image\/\",\"url\":\"https:\/\/blogdoere.com.br\/wp-content\/uploads\/2021\/11\/Logo-Ere-1.png\",\"contentUrl\":\"https:\/\/blogdoere.com.br\/wp-content\/uploads\/2021\/11\/Logo-Ere-1.png\",\"width\":1261,\"height\":1330,\"caption\":\"Blog do Er\u00ea\"},\"image\":{\"@id\":\"https:\/\/blogdoere.com.br\/#\/schema\/logo\/image\/\"}},{\"@type\":\"Person\",\"@id\":\"https:\/\/blogdoere.com.br\/#\/schema\/person\/c4f6d566a44c7bacdda563667715d18b\",\"name\":\"blogdoere@hotmail.com\",\"image\":{\"@type\":\"ImageObject\",\"inLanguage\":\"pt-PT\",\"@id\":\"https:\/\/blogdoere.com.br\/#\/schema\/person\/image\/\",\"url\":\"https:\/\/secure.gravatar.com\/avatar\/5684bd39df1289cb639b4ab539d6fcad69420e4a29521548fc078c58ed122fe6?s=96&d=mm&r=g\",\"contentUrl\":\"https:\/\/secure.gravatar.com\/avatar\/5684bd39df1289cb639b4ab539d6fcad69420e4a29521548fc078c58ed122fe6?s=96&d=mm&r=g\",\"caption\":\"blogdoere@hotmail.com\"},\"sameAs\":[\"http:\/\/blogdoere.com.br\"]}]}<\/script>\n<!-- \/ Yoast SEO plugin. -->","yoast_head_json":{"title":"ITAJU\u00cdPE: PREFEITURA REALIZAR\u00c1 AUDI\u00caNCIA PUBLICA PARA DEBATER PPA PARTICIPATIVO 2014-2017. - blog do er\u00ea","robots":{"index":"index","follow":"follow","max-snippet":"max-snippet:-1","max-image-preview":"max-image-preview:large","max-video-preview":"max-video-preview:-1"},"canonical":"https:\/\/blogdoere.com.br\/?p=26754","og_locale":"pt_PT","og_type":"article","og_title":"ITAJU\u00cdPE: PREFEITURA REALIZAR\u00c1 AUDI\u00caNCIA PUBLICA PARA DEBATER PPA PARTICIPATIVO 2014-2017. - blog do er\u00ea","og_description":"A Prefeitura de Itaju\u00edpe realizou reuni\u00f5es preparat\u00f3rias para levantamento e elabora\u00e7\u00e3o do Plano Plurianual Participativo (PPA) 2014-2017. A \u00faltima reuni\u00e3o foi realizada ontem (22), no anexo do Hospital Dr. Montival...","og_url":"https:\/\/blogdoere.com.br\/?p=26754","og_site_name":"blog do er\u00ea","article_published_time":"2013-07-23T22:37:00+00:00","og_image":[{"url":"http:\/\/2.bp.blogspot.com\/-7p6br2R2BBo\/Ue8E-VgLbJI\/AAAAAAAAFb8\/w3hnPxeMQCA\/s320\/DSC_5610.jpg"}],"author":"blogdoere@hotmail.com","twitter_card":"summary_large_image","twitter_misc":{"Escrito por":"blogdoere@hotmail.com","Tempo estimado de leitura":"1 minuto"},"schema":{"@context":"https:\/\/schema.org","@graph":[{"@type":"Article","@id":"https:\/\/blogdoere.com.br\/?p=26754#article","isPartOf":{"@id":"https:\/\/blogdoere.com.br\/?p=26754"},"author":{"name":"blogdoere@hotmail.com","@id":"https:\/\/blogdoere.com.br\/#\/schema\/person\/c4f6d566a44c7bacdda563667715d18b"},"headline":"ITAJU\u00cdPE: PREFEITURA REALIZAR\u00c1 AUDI\u00caNCIA PUBLICA PARA DEBATER PPA PARTICIPATIVO 2014-2017.","datePublished":"2013-07-23T22:37:00+00:00","dateModified":"2013-07-23T22:37:00+00:00","mainEntityOfPage":{"@id":"https:\/\/blogdoere.com.br\/?p=26754"},"wordCount":289,"commentCount":0,"publisher":{"@id":"https:\/\/blogdoere.com.br\/#organization"},"articleSection":["Destaques"],"inLanguage":"pt-PT","potentialAction":[{"@type":"CommentAction","name":"Comment","target":["https:\/\/blogdoere.com.br\/?p=26754#respond"]}]},{"@type":"WebPage","@id":"https:\/\/blogdoere.com.br\/?p=26754","url":"https:\/\/blogdoere.com.br\/?p=26754","name":"ITAJU\u00cdPE: PREFEITURA REALIZAR\u00c1 AUDI\u00caNCIA PUBLICA PARA DEBATER PPA PARTICIPATIVO 2014-2017. - blog do er\u00ea","isPartOf":{"@id":"https:\/\/blogdoere.com.br\/#website"},"datePublished":"2013-07-23T22:37:00+00:00","dateModified":"2013-07-23T22:37:00+00:00","breadcrumb":{"@id":"https:\/\/blogdoere.com.br\/?p=26754#breadcrumb"},"inLanguage":"pt-PT","potentialAction":[{"@type":"ReadAction","target":["https:\/\/blogdoere.com.br\/?p=26754"]}]},{"@type":"BreadcrumbList","@id":"https:\/\/blogdoere.com.br\/?p=26754#breadcrumb","itemListElement":[{"@type":"ListItem","position":1,"name":"In\u00edcio","item":"https:\/\/blogdoere.com.br\/"},{"@type":"ListItem","position":2,"name":"ITAJU\u00cdPE: PREFEITURA REALIZAR\u00c1 AUDI\u00caNCIA PUBLICA PARA DEBATER PPA PARTICIPATIVO 2014-2017."}]},{"@type":"WebSite","@id":"https:\/\/blogdoere.com.br\/#website","url":"https:\/\/blogdoere.com.br\/","name":"blog do er\u00ea","description":"","publisher":{"@id":"https:\/\/blogdoere.com.br\/#organization"},"potentialAction":[{"@type":"SearchAction","target":{"@type":"EntryPoint","urlTemplate":"https:\/\/blogdoere.com.br\/?s={search_term_string}"},"query-input":"required name=search_term_string"}],"inLanguage":"pt-PT"},{"@type":"Organization","@id":"https:\/\/blogdoere.com.br\/#organization","name":"Blog do Er\u00ea","url":"https:\/\/blogdoere.com.br\/","logo":{"@type":"ImageObject","inLanguage":"pt-PT","@id":"https:\/\/blogdoere.com.br\/#\/schema\/logo\/image\/","url":"https:\/\/blogdoere.com.br\/wp-content\/uploads\/2021\/11\/Logo-Ere-1.png","contentUrl":"https:\/\/blogdoere.com.br\/wp-content\/uploads\/2021\/11\/Logo-Ere-1.png","width":1261,"height":1330,"caption":"Blog do Er\u00ea"},"image":{"@id":"https:\/\/blogdoere.com.br\/#\/schema\/logo\/image\/"}},{"@type":"Person","@id":"https:\/\/blogdoere.com.br\/#\/schema\/person\/c4f6d566a44c7bacdda563667715d18b","name":"blogdoere@hotmail.com","image":{"@type":"ImageObject","inLanguage":"pt-PT","@id":"https:\/\/blogdoere.com.br\/#\/schema\/person\/image\/","url":"https:\/\/secure.gravatar.com\/avatar\/5684bd39df1289cb639b4ab539d6fcad69420e4a29521548fc078c58ed122fe6?s=96&d=mm&r=g","contentUrl":"https:\/\/secure.gravatar.com\/avatar\/5684bd39df1289cb639b4ab539d6fcad69420e4a29521548fc078c58ed122fe6?s=96&d=mm&r=g","caption":"blogdoere@hotmail.com"},"sameAs":["http:\/\/blogdoere.com.br"]}]}},"featured_image_urls":{"full":"","thumbnail":"","medium":"","medium_large":"","large":"","1536x1536":"","2048x2048":""},"author_info":{"display_name":"blogdoere@hotmail.com","author_link":"https:\/\/blogdoere.com.br\/?author=1"},"category_info":"<a href=\"https:\/\/blogdoere.com.br\/?cat=1\" rel=\"category\">Destaques<\/a>","tag_info":"Destaques","comment_count":"0","_links":{"self":[{"href":"https:\/\/blogdoere.com.br\/index.php?rest_route=\/wp\/v2\/posts\/26754","targetHints":{"allow":["GET"]}}],"collection":[{"href":"https:\/\/blogdoere.com.br\/index.php?rest_route=\/wp\/v2\/posts"}],"about":[{"href":"https:\/\/blogdoere.com.br\/index.php?rest_route=\/wp\/v2\/types\/post"}],"author":[{"embeddable":true,"href":"https:\/\/blogdoere.com.br\/index.php?rest_route=\/wp\/v2\/users\/1"}],"replies":[{"embeddable":true,"href":"https:\/\/blogdoere.com.br\/index.php?rest_route=%2Fwp%2Fv2%2Fcomments&post=26754"}],"version-history":[{"count":0,"href":"https:\/\/blogdoere.com.br\/index.php?rest_route=\/wp\/v2\/posts\/26754\/revisions"}],"wp:attachment":[{"href":"https:\/\/blogdoere.com.br\/index.php?rest_route=%2Fwp%2Fv2%2Fmedia&parent=26754"}],"wp:term":[{"taxonomy":"category","embeddable":true,"href":"https:\/\/blogdoere.com.br\/index.php?rest_route=%2Fwp%2Fv2%2Fcategories&post=26754"},{"taxonomy":"post_tag","embeddable":true,"href":"https:\/\/blogdoere.com.br\/index.php?rest_route=%2Fwp%2Fv2%2Ftags&post=26754"}],"curies":[{"name":"wp","href":"https:\/\/api.w.org\/{rel}","templated":true}]}}