{"id":26755,"date":"2013-07-23T02:13:00","date_gmt":"2013-07-23T02:13:00","guid":{"rendered":"http:\/\/blogdoere.com.br\/?p=26755"},"modified":"2013-07-23T02:13:00","modified_gmt":"2013-07-23T02:13:00","slug":"itagiba-prefeitura-da-inicio-a-implantacao-do-uniforme-inteligente-na-educacao","status":"publish","type":"post","link":"https:\/\/blogdoere.com.br\/?p=26755","title":{"rendered":"ITAGIB\u00c1: PREFEITURA D\u00c1 INICIO \u00c0  IMPLANTA\u00c7\u00c3O DO  UNIFORME INTELIGENTE NA EDUCA\u00c7\u00c3O."},"content":{"rendered":"<div style=\"margin-bottom: 0pt; text-align: justify;\"><span style=\"font-family: Arial, Helvetica, sans-serif;\"><br \/><\/span><\/div>\n<div style=\"margin-bottom: 0pt; text-align: justify;\"><span style=\"font-family: Arial, Helvetica, sans-serif;\"><br \/><\/span><\/div>\n<div style=\"clear: both; text-align: center;\"><a href=\"http:\/\/1.bp.blogspot.com\/-advXfJg_5kw\/Ue3lTC4nOeI\/AAAAAAAAFbU\/F90weQdsjxk\/s1600\/ITAGI.jpg\"><img decoding=\"async\" border=\"0\" height=\"213\" src=\"http:\/\/1.bp.blogspot.com\/-advXfJg_5kw\/Ue3lTC4nOeI\/AAAAAAAAFbU\/F90weQdsjxk\/s320\/ITAGI.jpg\" width=\"320\" \/><\/a><\/div>\n<div style=\"clear: both; text-align: center;\"><\/div>\n<div style=\"margin-bottom: 0pt; text-align: justify;\"><span style=\"font-family: Arial, Helvetica, sans-serif;\">Come\u00e7ou pelo Col\u00e9gio 14 de Agosto a implanta\u00e7\u00e3o do uniforme inteligente em Itagib\u00e1, no sul da Bahia. O munic\u00edpio \u00e9 o segundo do pa\u00eds a aderir \u00e0 solu\u00e7\u00e3o tecnol\u00f3gica que ajuda a combater a evas\u00e3o escolar e aproximar a fam\u00edlia da escola.<\/span><\/div>\n<div style=\"margin-bottom: 0pt; text-align: justify;\"><span style=\"font-family: Arial, Helvetica, sans-serif;\"><br \/><\/span><\/div>\n<div style=\"margin-bottom: 0pt;\"><span style=\"font-family: Arial, Helvetica, sans-serif;\"> <\/span><\/div>\n<div style=\"margin-bottom: 0pt; text-align: justify;\"><span style=\"font-family: Arial, Helvetica, sans-serif;\">No inicio deste m\u00eas &nbsp;foi realizada a apresenta\u00e7\u00e3o do sistema para alunos, professores e pa\u00eds de alunos, no audit\u00f3rio da Secretaria Municipal da Educa\u00e7\u00e3o.&nbsp;<\/span><span style=\"font-family: Arial, Helvetica, sans-serif;\">\u201cQueremos fazer de Itagib\u00e1 refer\u00eancia em educa\u00e7\u00e3o n\u00e3o apenas fazendo col\u00e9gios bonitos, mas valorizando os profissionais que fazem a educa\u00e7\u00e3o, os alunos e suas fam\u00edlias\u201d,ressaltou o prefeito Marcos Barreto, o Marquinhos (foto).<\/span><\/div>\n<div style=\"margin-bottom: 0pt; text-align: justify;\"><span style=\"font-family: Arial, Helvetica, sans-serif;\"><br \/><\/span><\/div>\n<div style=\"margin-bottom: 0pt;\"><span style=\"font-family: Arial, Helvetica, sans-serif;\"> <\/span><\/div>\n<div style=\"margin-bottom: 0pt; text-align: justify;\"><span style=\"font-family: Arial, Helvetica, sans-serif;\">O uniforme inteligente funciona da seguinte maneira: Uma etiqueta inteligente de identifica\u00e7\u00e3o \u00e9 instalada no uniforme do aluno. Ao chegar \u00e0 unidade escolar, ele \u00e9 identificado por sensores que registram seu hor\u00e1rio de entrada e sa\u00edda. Os registros s\u00e3o enviados aos pais de alunos ou respons\u00e1veis por mensagem de texto (sms) para celulares cadastrados.<\/span><\/div>\n<div style=\"margin-bottom: 0pt; text-align: justify;\"><span style=\"font-family: Arial, Helvetica, sans-serif;\"><br \/><\/span><\/div>\n<div style=\"margin-bottom: 0pt;\"><span style=\"font-family: Arial, Helvetica, sans-serif;\"> <\/span><\/div>\n<div style=\"margin-bottom: 0pt; text-align: justify;\"><span style=\"font-family: Arial, Helvetica, sans-serif;\">Em Vit\u00f3ria da Conquista, o sistema funciona h\u00e1 dois anos e beneficia 17.500 alunos de 25 escolas da rede municipal de ensino. Na cidade do sudoeste baiano, a solu\u00e7\u00e3o atende do Fundamental ao Ensino M\u00e9dio.&nbsp;<\/span><span style=\"font-family: Arial, Helvetica, sans-serif;\">Al\u00e9m de Itagib\u00e1 e Vit\u00f3ria da Conquista, o uniforme inteligente est\u00e1 presente no Brasil em escolas da rede privada de Santos e S\u00e3o Paulo e no Centro Comunit\u00e1rio Tia Bala, em Salvador.<\/span><\/div>\n<div style=\"margin-bottom: 0pt; text-align: justify;\"><span style=\"font-family: Arial, Helvetica, sans-serif;\"><br \/><\/span><\/div>\n<div style=\"margin-bottom: 0pt;\"><span style=\"font-family: Arial, Helvetica, sans-serif;\"> <\/span><\/div>\n<div style=\"margin-bottom: 0pt; text-align: justify;\"><span style=\"font-family: Arial, Helvetica, sans-serif;\">A secretaria de Educa\u00e7\u00e3o de Itagib\u00e1, professora Elinea Souza, destacou a import\u00e2ncia do uniforme para a educa\u00e7\u00e3o. &#8220;Estamos modernizando a educa\u00e7\u00e3o. E de forma democr\u00e1tica. Antes de decidir pela implanta\u00e7\u00e3o do sistema, realizamos audi\u00eancia p\u00fablica com a participa\u00e7\u00e3o de pais de alunos, Conselho Tutelar e promotoria p\u00fablica. Todos aprovaram o servi\u00e7o\u201d, ressaltou.<\/span><\/div>\n<div style=\"margin-bottom: 0pt; text-align: justify;\"><span style=\"font-family: Arial, Helvetica, sans-serif;\"><br \/><\/span><\/div>\n<div style=\"margin-bottom: 0pt;\"><span style=\"font-family: Arial, Helvetica, sans-serif;\"> <\/span><\/div>\n<div style=\"margin-bottom: 0pt; text-align: justify;\"><span style=\"font-family: Arial, Helvetica, sans-serif;\">A educadora compreende que o uniforme n\u00e3o \u00e9 o &#8220;Salvador da P\u00e1tria&#8221;. \u201cN\u00e3o \u00e9 s\u00f3 o uniforme que combate a evas\u00e3o. \u00c9 necess\u00e1ria a incorpora\u00e7\u00e3o da sociedade para que tenhamos uma educa\u00e7\u00e3o melhor\u201d, afirmou.<\/span><\/div>\n<div style=\"margin-bottom: 0pt; text-align: justify;\"><span style=\"font-family: Arial, Helvetica, sans-serif;\"><br \/><\/span><\/div>\n<div style=\"margin-bottom: 0pt;\"><span style=\"font-family: Arial, Helvetica, sans-serif;\"> <\/span><\/div>\n<div style=\"margin-bottom: 0pt; text-align: justify;\"><span style=\"font-family: Arial, Helvetica, sans-serif;\">\u201cO foco do sistema \u00e9 reduzir a evas\u00e3o escolar. Ele faz  um acompanhamento peri\u00f3dico da vida do aluno. N\u00e3o adianta montar um conselho de evas\u00e3o escolar \u00e9 preciso identificar a motiva\u00e7\u00e3o da aus\u00eancia do aluno na escola\u201d, pondera Edilson Almeida Costa, da empresa Da Costa, respons\u00e1vel pelo sistema. Not\u00edcia da Ascom da Prefeitura de Itagib\u00e1.<\/span><\/div>\n<div style=\"margin-bottom: 0pt; text-align: justify;\"><span style=\"font-family: &quot;Times New Roman&quot;,&quot;serif&quot;; font-size: 12pt;\"><br \/><\/span><\/div>\n","protected":false},"excerpt":{"rendered":"<p>Come\u00e7ou pelo Col\u00e9gio 14 de Agosto a implanta\u00e7\u00e3o do uniforme inteligente em Itagib\u00e1, no sul da Bahia. O munic\u00edpio \u00e9 o segundo do pa\u00eds a aderir \u00e0 solu\u00e7\u00e3o tecnol\u00f3gica que&#8230;<\/p>\n","protected":false},"author":1,"featured_media":0,"comment_status":"open","ping_status":"open","sticky":false,"template":"","format":"standard","meta":{"_editorskit_title_hidden":false,"_editorskit_reading_time":0,"_editorskit_is_block_options_detached":false,"_editorskit_block_options_position":"{}","om_disable_all_campaigns":false,"_mi_skip_tracking":false,"_kad_post_transparent":"","_kad_post_title":"","_kad_post_layout":"","_kad_post_sidebar_id":"","_kad_post_content_style":"","_kad_post_vertical_padding":"","_kad_post_feature":"","_kad_post_feature_position":"","_kad_post_header":false,"_kad_post_footer":false,"footnotes":""},"categories":[1],"tags":[],"class_list":["post-26755","post","type-post","status-publish","format-standard","hentry","category-destaques"],"yoast_head":"<!-- This site is optimized with the Yoast SEO plugin v20.5 - https:\/\/yoast.com\/wordpress\/plugins\/seo\/ -->\n<title>ITAGIB\u00c1: PREFEITURA D\u00c1 INICIO \u00c0 IMPLANTA\u00c7\u00c3O DO UNIFORME INTELIGENTE NA EDUCA\u00c7\u00c3O. - blog do er\u00ea<\/title>\n<meta name=\"robots\" content=\"index, follow, max-snippet:-1, max-image-preview:large, max-video-preview:-1\" \/>\n<link rel=\"canonical\" href=\"https:\/\/blogdoere.com.br\/?p=26755\" \/>\n<meta property=\"og:locale\" content=\"pt_PT\" \/>\n<meta property=\"og:type\" content=\"article\" \/>\n<meta property=\"og:title\" content=\"ITAGIB\u00c1: PREFEITURA D\u00c1 INICIO \u00c0 IMPLANTA\u00c7\u00c3O DO UNIFORME INTELIGENTE NA EDUCA\u00c7\u00c3O. - blog do er\u00ea\" \/>\n<meta property=\"og:description\" content=\"Come\u00e7ou pelo Col\u00e9gio 14 de Agosto a implanta\u00e7\u00e3o do uniforme inteligente em Itagib\u00e1, no sul da Bahia. O munic\u00edpio \u00e9 o segundo do pa\u00eds a aderir \u00e0 solu\u00e7\u00e3o tecnol\u00f3gica que...\" \/>\n<meta property=\"og:url\" content=\"https:\/\/blogdoere.com.br\/?p=26755\" \/>\n<meta property=\"og:site_name\" content=\"blog do er\u00ea\" \/>\n<meta property=\"article:published_time\" content=\"2013-07-23T02:13:00+00:00\" \/>\n<meta property=\"og:image\" content=\"http:\/\/1.bp.blogspot.com\/-advXfJg_5kw\/Ue3lTC4nOeI\/AAAAAAAAFbU\/F90weQdsjxk\/s320\/ITAGI.jpg\" \/>\n<meta name=\"author\" content=\"blogdoere@hotmail.com\" \/>\n<meta name=\"twitter:card\" content=\"summary_large_image\" \/>\n<meta name=\"twitter:label1\" content=\"Escrito por\" \/>\n\t<meta name=\"twitter:data1\" content=\"blogdoere@hotmail.com\" \/>\n\t<meta name=\"twitter:label2\" content=\"Tempo estimado de leitura\" \/>\n\t<meta name=\"twitter:data2\" content=\"2 minutos\" \/>\n<script type=\"application\/ld+json\" class=\"yoast-schema-graph\">{\"@context\":\"https:\/\/schema.org\",\"@graph\":[{\"@type\":\"Article\",\"@id\":\"https:\/\/blogdoere.com.br\/?p=26755#article\",\"isPartOf\":{\"@id\":\"https:\/\/blogdoere.com.br\/?p=26755\"},\"author\":{\"name\":\"blogdoere@hotmail.com\",\"@id\":\"https:\/\/blogdoere.com.br\/#\/schema\/person\/c4f6d566a44c7bacdda563667715d18b\"},\"headline\":\"ITAGIB\u00c1: PREFEITURA D\u00c1 INICIO \u00c0 IMPLANTA\u00c7\u00c3O DO UNIFORME INTELIGENTE NA EDUCA\u00c7\u00c3O.\",\"datePublished\":\"2013-07-23T02:13:00+00:00\",\"dateModified\":\"2013-07-23T02:13:00+00:00\",\"mainEntityOfPage\":{\"@id\":\"https:\/\/blogdoere.com.br\/?p=26755\"},\"wordCount\":421,\"commentCount\":0,\"publisher\":{\"@id\":\"https:\/\/blogdoere.com.br\/#organization\"},\"articleSection\":[\"Destaques\"],\"inLanguage\":\"pt-PT\",\"potentialAction\":[{\"@type\":\"CommentAction\",\"name\":\"Comment\",\"target\":[\"https:\/\/blogdoere.com.br\/?p=26755#respond\"]}]},{\"@type\":\"WebPage\",\"@id\":\"https:\/\/blogdoere.com.br\/?p=26755\",\"url\":\"https:\/\/blogdoere.com.br\/?p=26755\",\"name\":\"ITAGIB\u00c1: PREFEITURA D\u00c1 INICIO \u00c0 IMPLANTA\u00c7\u00c3O DO UNIFORME INTELIGENTE NA EDUCA\u00c7\u00c3O. - blog do er\u00ea\",\"isPartOf\":{\"@id\":\"https:\/\/blogdoere.com.br\/#website\"},\"datePublished\":\"2013-07-23T02:13:00+00:00\",\"dateModified\":\"2013-07-23T02:13:00+00:00\",\"breadcrumb\":{\"@id\":\"https:\/\/blogdoere.com.br\/?p=26755#breadcrumb\"},\"inLanguage\":\"pt-PT\",\"potentialAction\":[{\"@type\":\"ReadAction\",\"target\":[\"https:\/\/blogdoere.com.br\/?p=26755\"]}]},{\"@type\":\"BreadcrumbList\",\"@id\":\"https:\/\/blogdoere.com.br\/?p=26755#breadcrumb\",\"itemListElement\":[{\"@type\":\"ListItem\",\"position\":1,\"name\":\"In\u00edcio\",\"item\":\"https:\/\/blogdoere.com.br\/\"},{\"@type\":\"ListItem\",\"position\":2,\"name\":\"ITAGIB\u00c1: PREFEITURA D\u00c1 INICIO \u00c0 IMPLANTA\u00c7\u00c3O DO UNIFORME INTELIGENTE NA EDUCA\u00c7\u00c3O.\"}]},{\"@type\":\"WebSite\",\"@id\":\"https:\/\/blogdoere.com.br\/#website\",\"url\":\"https:\/\/blogdoere.com.br\/\",\"name\":\"blog do er\u00ea\",\"description\":\"\",\"publisher\":{\"@id\":\"https:\/\/blogdoere.com.br\/#organization\"},\"potentialAction\":[{\"@type\":\"SearchAction\",\"target\":{\"@type\":\"EntryPoint\",\"urlTemplate\":\"https:\/\/blogdoere.com.br\/?s={search_term_string}\"},\"query-input\":\"required name=search_term_string\"}],\"inLanguage\":\"pt-PT\"},{\"@type\":\"Organization\",\"@id\":\"https:\/\/blogdoere.com.br\/#organization\",\"name\":\"Blog do Er\u00ea\",\"url\":\"https:\/\/blogdoere.com.br\/\",\"logo\":{\"@type\":\"ImageObject\",\"inLanguage\":\"pt-PT\",\"@id\":\"https:\/\/blogdoere.com.br\/#\/schema\/logo\/image\/\",\"url\":\"https:\/\/blogdoere.com.br\/wp-content\/uploads\/2021\/11\/Logo-Ere-1.png\",\"contentUrl\":\"https:\/\/blogdoere.com.br\/wp-content\/uploads\/2021\/11\/Logo-Ere-1.png\",\"width\":1261,\"height\":1330,\"caption\":\"Blog do Er\u00ea\"},\"image\":{\"@id\":\"https:\/\/blogdoere.com.br\/#\/schema\/logo\/image\/\"}},{\"@type\":\"Person\",\"@id\":\"https:\/\/blogdoere.com.br\/#\/schema\/person\/c4f6d566a44c7bacdda563667715d18b\",\"name\":\"blogdoere@hotmail.com\",\"image\":{\"@type\":\"ImageObject\",\"inLanguage\":\"pt-PT\",\"@id\":\"https:\/\/blogdoere.com.br\/#\/schema\/person\/image\/\",\"url\":\"https:\/\/secure.gravatar.com\/avatar\/5684bd39df1289cb639b4ab539d6fcad69420e4a29521548fc078c58ed122fe6?s=96&d=mm&r=g\",\"contentUrl\":\"https:\/\/secure.gravatar.com\/avatar\/5684bd39df1289cb639b4ab539d6fcad69420e4a29521548fc078c58ed122fe6?s=96&d=mm&r=g\",\"caption\":\"blogdoere@hotmail.com\"},\"sameAs\":[\"http:\/\/blogdoere.com.br\"]}]}<\/script>\n<!-- \/ Yoast SEO plugin. -->","yoast_head_json":{"title":"ITAGIB\u00c1: PREFEITURA D\u00c1 INICIO \u00c0 IMPLANTA\u00c7\u00c3O DO UNIFORME INTELIGENTE NA EDUCA\u00c7\u00c3O. - blog do er\u00ea","robots":{"index":"index","follow":"follow","max-snippet":"max-snippet:-1","max-image-preview":"max-image-preview:large","max-video-preview":"max-video-preview:-1"},"canonical":"https:\/\/blogdoere.com.br\/?p=26755","og_locale":"pt_PT","og_type":"article","og_title":"ITAGIB\u00c1: PREFEITURA D\u00c1 INICIO \u00c0 IMPLANTA\u00c7\u00c3O DO UNIFORME INTELIGENTE NA EDUCA\u00c7\u00c3O. - blog do er\u00ea","og_description":"Come\u00e7ou pelo Col\u00e9gio 14 de Agosto a implanta\u00e7\u00e3o do uniforme inteligente em Itagib\u00e1, no sul da Bahia. O munic\u00edpio \u00e9 o segundo do pa\u00eds a aderir \u00e0 solu\u00e7\u00e3o tecnol\u00f3gica que...","og_url":"https:\/\/blogdoere.com.br\/?p=26755","og_site_name":"blog do er\u00ea","article_published_time":"2013-07-23T02:13:00+00:00","og_image":[{"url":"http:\/\/1.bp.blogspot.com\/-advXfJg_5kw\/Ue3lTC4nOeI\/AAAAAAAAFbU\/F90weQdsjxk\/s320\/ITAGI.jpg"}],"author":"blogdoere@hotmail.com","twitter_card":"summary_large_image","twitter_misc":{"Escrito por":"blogdoere@hotmail.com","Tempo estimado de leitura":"2 minutos"},"schema":{"@context":"https:\/\/schema.org","@graph":[{"@type":"Article","@id":"https:\/\/blogdoere.com.br\/?p=26755#article","isPartOf":{"@id":"https:\/\/blogdoere.com.br\/?p=26755"},"author":{"name":"blogdoere@hotmail.com","@id":"https:\/\/blogdoere.com.br\/#\/schema\/person\/c4f6d566a44c7bacdda563667715d18b"},"headline":"ITAGIB\u00c1: PREFEITURA D\u00c1 INICIO \u00c0 IMPLANTA\u00c7\u00c3O DO UNIFORME INTELIGENTE NA EDUCA\u00c7\u00c3O.","datePublished":"2013-07-23T02:13:00+00:00","dateModified":"2013-07-23T02:13:00+00:00","mainEntityOfPage":{"@id":"https:\/\/blogdoere.com.br\/?p=26755"},"wordCount":421,"commentCount":0,"publisher":{"@id":"https:\/\/blogdoere.com.br\/#organization"},"articleSection":["Destaques"],"inLanguage":"pt-PT","potentialAction":[{"@type":"CommentAction","name":"Comment","target":["https:\/\/blogdoere.com.br\/?p=26755#respond"]}]},{"@type":"WebPage","@id":"https:\/\/blogdoere.com.br\/?p=26755","url":"https:\/\/blogdoere.com.br\/?p=26755","name":"ITAGIB\u00c1: PREFEITURA D\u00c1 INICIO \u00c0 IMPLANTA\u00c7\u00c3O DO UNIFORME INTELIGENTE NA EDUCA\u00c7\u00c3O. - blog do er\u00ea","isPartOf":{"@id":"https:\/\/blogdoere.com.br\/#website"},"datePublished":"2013-07-23T02:13:00+00:00","dateModified":"2013-07-23T02:13:00+00:00","breadcrumb":{"@id":"https:\/\/blogdoere.com.br\/?p=26755#breadcrumb"},"inLanguage":"pt-PT","potentialAction":[{"@type":"ReadAction","target":["https:\/\/blogdoere.com.br\/?p=26755"]}]},{"@type":"BreadcrumbList","@id":"https:\/\/blogdoere.com.br\/?p=26755#breadcrumb","itemListElement":[{"@type":"ListItem","position":1,"name":"In\u00edcio","item":"https:\/\/blogdoere.com.br\/"},{"@type":"ListItem","position":2,"name":"ITAGIB\u00c1: PREFEITURA D\u00c1 INICIO \u00c0 IMPLANTA\u00c7\u00c3O DO UNIFORME INTELIGENTE NA EDUCA\u00c7\u00c3O."}]},{"@type":"WebSite","@id":"https:\/\/blogdoere.com.br\/#website","url":"https:\/\/blogdoere.com.br\/","name":"blog do er\u00ea","description":"","publisher":{"@id":"https:\/\/blogdoere.com.br\/#organization"},"potentialAction":[{"@type":"SearchAction","target":{"@type":"EntryPoint","urlTemplate":"https:\/\/blogdoere.com.br\/?s={search_term_string}"},"query-input":"required name=search_term_string"}],"inLanguage":"pt-PT"},{"@type":"Organization","@id":"https:\/\/blogdoere.com.br\/#organization","name":"Blog do Er\u00ea","url":"https:\/\/blogdoere.com.br\/","logo":{"@type":"ImageObject","inLanguage":"pt-PT","@id":"https:\/\/blogdoere.com.br\/#\/schema\/logo\/image\/","url":"https:\/\/blogdoere.com.br\/wp-content\/uploads\/2021\/11\/Logo-Ere-1.png","contentUrl":"https:\/\/blogdoere.com.br\/wp-content\/uploads\/2021\/11\/Logo-Ere-1.png","width":1261,"height":1330,"caption":"Blog do Er\u00ea"},"image":{"@id":"https:\/\/blogdoere.com.br\/#\/schema\/logo\/image\/"}},{"@type":"Person","@id":"https:\/\/blogdoere.com.br\/#\/schema\/person\/c4f6d566a44c7bacdda563667715d18b","name":"blogdoere@hotmail.com","image":{"@type":"ImageObject","inLanguage":"pt-PT","@id":"https:\/\/blogdoere.com.br\/#\/schema\/person\/image\/","url":"https:\/\/secure.gravatar.com\/avatar\/5684bd39df1289cb639b4ab539d6fcad69420e4a29521548fc078c58ed122fe6?s=96&d=mm&r=g","contentUrl":"https:\/\/secure.gravatar.com\/avatar\/5684bd39df1289cb639b4ab539d6fcad69420e4a29521548fc078c58ed122fe6?s=96&d=mm&r=g","caption":"blogdoere@hotmail.com"},"sameAs":["http:\/\/blogdoere.com.br"]}]}},"featured_image_urls":{"full":"","thumbnail":"","medium":"","medium_large":"","large":"","1536x1536":"","2048x2048":""},"author_info":{"display_name":"blogdoere@hotmail.com","author_link":"https:\/\/blogdoere.com.br\/?author=1"},"category_info":"<a href=\"https:\/\/blogdoere.com.br\/?cat=1\" rel=\"category\">Destaques<\/a>","tag_info":"Destaques","comment_count":"0","_links":{"self":[{"href":"https:\/\/blogdoere.com.br\/index.php?rest_route=\/wp\/v2\/posts\/26755","targetHints":{"allow":["GET"]}}],"collection":[{"href":"https:\/\/blogdoere.com.br\/index.php?rest_route=\/wp\/v2\/posts"}],"about":[{"href":"https:\/\/blogdoere.com.br\/index.php?rest_route=\/wp\/v2\/types\/post"}],"author":[{"embeddable":true,"href":"https:\/\/blogdoere.com.br\/index.php?rest_route=\/wp\/v2\/users\/1"}],"replies":[{"embeddable":true,"href":"https:\/\/blogdoere.com.br\/index.php?rest_route=%2Fwp%2Fv2%2Fcomments&post=26755"}],"version-history":[{"count":0,"href":"https:\/\/blogdoere.com.br\/index.php?rest_route=\/wp\/v2\/posts\/26755\/revisions"}],"wp:attachment":[{"href":"https:\/\/blogdoere.com.br\/index.php?rest_route=%2Fwp%2Fv2%2Fmedia&parent=26755"}],"wp:term":[{"taxonomy":"category","embeddable":true,"href":"https:\/\/blogdoere.com.br\/index.php?rest_route=%2Fwp%2Fv2%2Fcategories&post=26755"},{"taxonomy":"post_tag","embeddable":true,"href":"https:\/\/blogdoere.com.br\/index.php?rest_route=%2Fwp%2Fv2%2Ftags&post=26755"}],"curies":[{"name":"wp","href":"https:\/\/api.w.org\/{rel}","templated":true}]}}