{"id":26758,"date":"2013-07-21T16:42:00","date_gmt":"2013-07-21T16:42:00","guid":{"rendered":"http:\/\/blogdoere.com.br\/?p=26758"},"modified":"2013-07-21T16:42:00","modified_gmt":"2013-07-21T16:42:00","slug":"itajuipe-acei-elege-nova-diretoria","status":"publish","type":"post","link":"https:\/\/blogdoere.com.br\/?p=26758","title":{"rendered":"ITAJU\u00cdPE: ACEI ELEGE NOVA DIRETORIA."},"content":{"rendered":"<div style=\"text-align: center;\"><img decoding=\"async\" alt=\"1\" height=\"299\" src=\"http:\/\/www.webnewssul.com.br\/upload\/noticias\/wns_imagens_9015_1374419458.jpg\" width=\"400\" \/><\/div>\n<div style=\"text-align: center;\"><\/div>\n<div style=\"text-align: center;\"><\/div>\n<div style=\"text-align: justify;\">&nbsp;<span style=\"font-family: Arial, Helvetica, sans-serif;\"><span style=\"background-color: white; line-height: 17px;\">Atrav\u00e9s do Edital de Convoca\u00e7\u00e3o, que foi&nbsp; divulgado aos comerciantes, bem como \u00e0 imprensa&nbsp;<strong><a href=\"http:\/\/www.webnewssul.com.br\/noticia\/1535-associacao-comercial-de-itajuipe-%28acei%29-convoca-eleicoes.html\" style=\"color: black;\" target=\"_blank\" rel=\"noopener\"><span style=\"color: blue;\">(veja aqui)<\/span><\/a><\/strong>,&nbsp;<\/span><span style=\"background-color: white; line-height: 17px;\">a ACEI (Associa\u00e7\u00e3o Comercial e Empresarial de Itaju\u00edpe) elegeu e deu posse na manh\u00e3 deste domingo (21) \u00e0 nova diretoria. A reuni\u00e3o aconteceu no Casar\u00e3o da AFAI. Estiveram presentes \u00e0 reuni\u00e3o comerciantes locais, o Secret\u00e1rio de Desenvolvimento Econ\u00f4mico&nbsp;<\/span><span style=\"background-color: white; line-height: 17px;\">F\u00e1bio Carvalho<\/span><span style=\"background-color: white;\"><span style=\"line-height: 17px;\">, o Diretor do SAAE Alex Gonzaga e o Assessor de Imprensa da Prefeitura Luiz Cl\u00e1udio. Por aclama\u00e7\u00e3o, foi eleita e&nbsp;empossada&nbsp;a nova diretoria da ACEI para o bi\u00eanio 2013\/2015. A Associa\u00e7\u00e3o vai ser presidida pela empres\u00e1ria Allyne Almeida que promete trabalhar forte no resgate do com\u00e9rcio itajuipense. &nbsp;&#8220;O nosso maior desafio \u00e9 conseguir unir os comerciantes de Itaju\u00edpe para melhorar os nossos servi\u00e7os, nosso atendimento e crescer o com\u00e9rcio. Vamos tentar&nbsp;trazer&nbsp;para a Associa\u00e7\u00e3o o maior n\u00famero de comerciantes, aumentando assim a nossa representatividade para poder lutar por melhorias&#8221;. &nbsp;&#8211; Detalhou Alynne. Informa\u00e7\u00f5es do Web News Sul.<\/span><\/span><\/span><\/div>\n<div style=\"text-align: justify;\"><span style=\"font-family: Arial, Helvetica, sans-serif;\"><span style=\"background-color: white;\"><span style=\"line-height: 17px;\"><br \/><\/span><\/span><\/span><\/div>\n<div style=\"text-align: justify;\"><span style=\"font-family: Arial, Helvetica, sans-serif;\"><span style=\"line-height: 17px;\">Composi\u00e7\u00e3o da nova &nbsp;Diretoria.<\/span><\/span><\/div>\n<div style=\"text-align: justify;\"><span style=\"font-family: Arial, Helvetica, sans-serif;\"><span style=\"background-color: white;\"><span style=\"font-size: x-small;\"><span style=\"line-height: 17px;\"><br \/><\/span><\/span><\/span><\/span><\/div>\n<div style=\"background-color: white; font-family: 'Trebuchet MS', Arial, Helvetica, sans-serif; font-size: 12px; line-height: 17px; text-align: justify;\"><span style=\"font-size: x-small;\">PRESIDENTE: ALLYNE ALMEIDA MARQUES (LOJA DO REAL)<\/span><\/div>\n<div style=\"background-color: white; font-family: 'Trebuchet MS', Arial, Helvetica, sans-serif; font-size: 12px; line-height: 17px; text-align: justify;\"><span style=\"font-size: x-small;\">VICE-PRESIDENTE: JOS\u00c9 IVAN GONZAGA (SUPERMERCADO PAG MENOS)<\/span><\/div>\n<div style=\"background-color: white; font-family: 'Trebuchet MS', Arial, Helvetica, sans-serif; font-size: 12px; line-height: 17px; text-align: justify;\"><span style=\"font-size: x-small;\">1\u00b0 SECRET\u00c1RIO: M\u00c1RCIO DOS SANTOS VINHAS (VINHAS PRODU\u00c7\u00d5ES)<\/span><\/div>\n<div style=\"background-color: white; font-family: 'Trebuchet MS', Arial, Helvetica, sans-serif; font-size: 12px; line-height: 17px; text-align: justify;\"><span style=\"font-size: x-small;\">2\u00b0 SECRET\u00c1RIO: ALESSANDRA ALVES NASCIMENTO (BOUTIQUE FEMININA.COM)<\/span><\/div>\n<div style=\"background-color: white; font-family: 'Trebuchet MS', Arial, Helvetica, sans-serif; font-size: 12px; line-height: 17px; text-align: justify;\"><span style=\"font-size: x-small;\">1\u00b0 TESOUREIRO: JOS\u00c9 FRANCISCO DE ARA\u00daJO (FARM\u00c1CIA NOSSA)<\/span><\/div>\n<div style=\"background-color: white; font-family: 'Trebuchet MS', Arial, Helvetica, sans-serif; font-size: 12px; line-height: 17px; text-align: justify;\"><span style=\"font-size: x-small;\">2\u00b0 TESOUREIRO: PL\u00cdNIO LUIZ BASTOS BARBOSA (PANIFICADORA S\u00c3O LUIZ)<\/span><\/div>\n<div style=\"background-color: white; font-family: 'Trebuchet MS', Arial, Helvetica, sans-serif; font-size: 12px; line-height: 17px; text-align: justify;\"><span style=\"font-size: x-small;\">DIRETORA SOCIAL: JOELMA SANTOS DAS NEVES BRITO (BOUTIQUE RABO DE SAIA)<\/span><\/div>\n<div style=\"background-color: white; font-family: 'Trebuchet MS', Arial, Helvetica, sans-serif; font-size: 12px; line-height: 17px; text-align: justify;\"><span style=\"font-size: x-small;\">DIRETOR DE EVNETOS: OT\u00c1VIO JOS\u00c9 DOS ANJOS J\u00daNIOR (R\u00c1DIO TUDO FM)<\/span><\/div>\n<div style=\"background-color: white; font-family: 'Trebuchet MS', Arial, Helvetica, sans-serif; font-size: 12px; line-height: 17px; text-align: justify;\"><span style=\"font-size: x-small;\">DIRETOR DE SERVI\u00c7O DE PROTE\u00c7\u00c3O AO CR\u00c9DITO: ERON ELIAS DOS SANTOS J\u00daNIOR (SUPERMERCADO NOVO HORIZONTE)<\/span><\/div>\n","protected":false},"excerpt":{"rendered":"<p>&nbsp;Atrav\u00e9s do Edital de Convoca\u00e7\u00e3o, que foi&nbsp; divulgado aos comerciantes, bem como \u00e0 imprensa&nbsp;(veja aqui),&nbsp;a ACEI (Associa\u00e7\u00e3o Comercial e Empresarial de Itaju\u00edpe) elegeu e deu posse na manh\u00e3 deste domingo&#8230;<\/p>\n","protected":false},"author":1,"featured_media":0,"comment_status":"open","ping_status":"open","sticky":false,"template":"","format":"standard","meta":{"_editorskit_title_hidden":false,"_editorskit_reading_time":0,"_editorskit_is_block_options_detached":false,"_editorskit_block_options_position":"{}","om_disable_all_campaigns":false,"_mi_skip_tracking":false,"_kad_post_transparent":"","_kad_post_title":"","_kad_post_layout":"","_kad_post_sidebar_id":"","_kad_post_content_style":"","_kad_post_vertical_padding":"","_kad_post_feature":"","_kad_post_feature_position":"","_kad_post_header":false,"_kad_post_footer":false,"footnotes":""},"categories":[1],"tags":[],"class_list":["post-26758","post","type-post","status-publish","format-standard","hentry","category-destaques"],"yoast_head":"<!-- This site is optimized with the Yoast SEO plugin v20.5 - https:\/\/yoast.com\/wordpress\/plugins\/seo\/ -->\n<title>ITAJU\u00cdPE: ACEI ELEGE NOVA DIRETORIA. - blog do er\u00ea<\/title>\n<meta name=\"robots\" content=\"index, follow, max-snippet:-1, max-image-preview:large, max-video-preview:-1\" \/>\n<link rel=\"canonical\" href=\"https:\/\/blogdoere.com.br\/?p=26758\" \/>\n<meta property=\"og:locale\" content=\"pt_PT\" \/>\n<meta property=\"og:type\" content=\"article\" \/>\n<meta property=\"og:title\" content=\"ITAJU\u00cdPE: ACEI ELEGE NOVA DIRETORIA. - blog do er\u00ea\" \/>\n<meta property=\"og:description\" content=\"&nbsp;Atrav\u00e9s do Edital de Convoca\u00e7\u00e3o, que foi&nbsp; divulgado aos comerciantes, bem como \u00e0 imprensa&nbsp;(veja aqui),&nbsp;a ACEI (Associa\u00e7\u00e3o Comercial e Empresarial de Itaju\u00edpe) elegeu e deu posse na manh\u00e3 deste domingo...\" \/>\n<meta property=\"og:url\" content=\"https:\/\/blogdoere.com.br\/?p=26758\" \/>\n<meta property=\"og:site_name\" content=\"blog do er\u00ea\" \/>\n<meta property=\"article:published_time\" content=\"2013-07-21T16:42:00+00:00\" \/>\n<meta property=\"og:image\" content=\"http:\/\/www.webnewssul.com.br\/upload\/noticias\/wns_imagens_9015_1374419458.jpg\" \/>\n<meta name=\"author\" content=\"blogdoere@hotmail.com\" \/>\n<meta name=\"twitter:card\" content=\"summary_large_image\" \/>\n<meta name=\"twitter:label1\" content=\"Escrito por\" \/>\n\t<meta name=\"twitter:data1\" content=\"blogdoere@hotmail.com\" \/>\n\t<meta name=\"twitter:label2\" content=\"Tempo estimado de leitura\" \/>\n\t<meta name=\"twitter:data2\" content=\"1 minuto\" \/>\n<script type=\"application\/ld+json\" class=\"yoast-schema-graph\">{\"@context\":\"https:\/\/schema.org\",\"@graph\":[{\"@type\":\"Article\",\"@id\":\"https:\/\/blogdoere.com.br\/?p=26758#article\",\"isPartOf\":{\"@id\":\"https:\/\/blogdoere.com.br\/?p=26758\"},\"author\":{\"name\":\"blogdoere@hotmail.com\",\"@id\":\"https:\/\/blogdoere.com.br\/#\/schema\/person\/c4f6d566a44c7bacdda563667715d18b\"},\"headline\":\"ITAJU\u00cdPE: ACEI ELEGE NOVA DIRETORIA.\",\"datePublished\":\"2013-07-21T16:42:00+00:00\",\"dateModified\":\"2013-07-21T16:42:00+00:00\",\"mainEntityOfPage\":{\"@id\":\"https:\/\/blogdoere.com.br\/?p=26758\"},\"wordCount\":289,\"commentCount\":0,\"publisher\":{\"@id\":\"https:\/\/blogdoere.com.br\/#organization\"},\"articleSection\":[\"Destaques\"],\"inLanguage\":\"pt-PT\",\"potentialAction\":[{\"@type\":\"CommentAction\",\"name\":\"Comment\",\"target\":[\"https:\/\/blogdoere.com.br\/?p=26758#respond\"]}]},{\"@type\":\"WebPage\",\"@id\":\"https:\/\/blogdoere.com.br\/?p=26758\",\"url\":\"https:\/\/blogdoere.com.br\/?p=26758\",\"name\":\"ITAJU\u00cdPE: ACEI ELEGE NOVA DIRETORIA. - blog do er\u00ea\",\"isPartOf\":{\"@id\":\"https:\/\/blogdoere.com.br\/#website\"},\"datePublished\":\"2013-07-21T16:42:00+00:00\",\"dateModified\":\"2013-07-21T16:42:00+00:00\",\"breadcrumb\":{\"@id\":\"https:\/\/blogdoere.com.br\/?p=26758#breadcrumb\"},\"inLanguage\":\"pt-PT\",\"potentialAction\":[{\"@type\":\"ReadAction\",\"target\":[\"https:\/\/blogdoere.com.br\/?p=26758\"]}]},{\"@type\":\"BreadcrumbList\",\"@id\":\"https:\/\/blogdoere.com.br\/?p=26758#breadcrumb\",\"itemListElement\":[{\"@type\":\"ListItem\",\"position\":1,\"name\":\"In\u00edcio\",\"item\":\"https:\/\/blogdoere.com.br\/\"},{\"@type\":\"ListItem\",\"position\":2,\"name\":\"ITAJU\u00cdPE: ACEI ELEGE NOVA DIRETORIA.\"}]},{\"@type\":\"WebSite\",\"@id\":\"https:\/\/blogdoere.com.br\/#website\",\"url\":\"https:\/\/blogdoere.com.br\/\",\"name\":\"blog do er\u00ea\",\"description\":\"\",\"publisher\":{\"@id\":\"https:\/\/blogdoere.com.br\/#organization\"},\"potentialAction\":[{\"@type\":\"SearchAction\",\"target\":{\"@type\":\"EntryPoint\",\"urlTemplate\":\"https:\/\/blogdoere.com.br\/?s={search_term_string}\"},\"query-input\":\"required name=search_term_string\"}],\"inLanguage\":\"pt-PT\"},{\"@type\":\"Organization\",\"@id\":\"https:\/\/blogdoere.com.br\/#organization\",\"name\":\"Blog do Er\u00ea\",\"url\":\"https:\/\/blogdoere.com.br\/\",\"logo\":{\"@type\":\"ImageObject\",\"inLanguage\":\"pt-PT\",\"@id\":\"https:\/\/blogdoere.com.br\/#\/schema\/logo\/image\/\",\"url\":\"https:\/\/blogdoere.com.br\/wp-content\/uploads\/2021\/11\/Logo-Ere-1.png\",\"contentUrl\":\"https:\/\/blogdoere.com.br\/wp-content\/uploads\/2021\/11\/Logo-Ere-1.png\",\"width\":1261,\"height\":1330,\"caption\":\"Blog do Er\u00ea\"},\"image\":{\"@id\":\"https:\/\/blogdoere.com.br\/#\/schema\/logo\/image\/\"}},{\"@type\":\"Person\",\"@id\":\"https:\/\/blogdoere.com.br\/#\/schema\/person\/c4f6d566a44c7bacdda563667715d18b\",\"name\":\"blogdoere@hotmail.com\",\"image\":{\"@type\":\"ImageObject\",\"inLanguage\":\"pt-PT\",\"@id\":\"https:\/\/blogdoere.com.br\/#\/schema\/person\/image\/\",\"url\":\"https:\/\/secure.gravatar.com\/avatar\/5684bd39df1289cb639b4ab539d6fcad69420e4a29521548fc078c58ed122fe6?s=96&d=mm&r=g\",\"contentUrl\":\"https:\/\/secure.gravatar.com\/avatar\/5684bd39df1289cb639b4ab539d6fcad69420e4a29521548fc078c58ed122fe6?s=96&d=mm&r=g\",\"caption\":\"blogdoere@hotmail.com\"},\"sameAs\":[\"http:\/\/blogdoere.com.br\"]}]}<\/script>\n<!-- \/ Yoast SEO plugin. -->","yoast_head_json":{"title":"ITAJU\u00cdPE: ACEI ELEGE NOVA DIRETORIA. - blog do er\u00ea","robots":{"index":"index","follow":"follow","max-snippet":"max-snippet:-1","max-image-preview":"max-image-preview:large","max-video-preview":"max-video-preview:-1"},"canonical":"https:\/\/blogdoere.com.br\/?p=26758","og_locale":"pt_PT","og_type":"article","og_title":"ITAJU\u00cdPE: ACEI ELEGE NOVA DIRETORIA. - blog do er\u00ea","og_description":"&nbsp;Atrav\u00e9s do Edital de Convoca\u00e7\u00e3o, que foi&nbsp; divulgado aos comerciantes, bem como \u00e0 imprensa&nbsp;(veja aqui),&nbsp;a ACEI (Associa\u00e7\u00e3o Comercial e Empresarial de Itaju\u00edpe) elegeu e deu posse na manh\u00e3 deste domingo...","og_url":"https:\/\/blogdoere.com.br\/?p=26758","og_site_name":"blog do er\u00ea","article_published_time":"2013-07-21T16:42:00+00:00","og_image":[{"url":"http:\/\/www.webnewssul.com.br\/upload\/noticias\/wns_imagens_9015_1374419458.jpg"}],"author":"blogdoere@hotmail.com","twitter_card":"summary_large_image","twitter_misc":{"Escrito por":"blogdoere@hotmail.com","Tempo estimado de leitura":"1 minuto"},"schema":{"@context":"https:\/\/schema.org","@graph":[{"@type":"Article","@id":"https:\/\/blogdoere.com.br\/?p=26758#article","isPartOf":{"@id":"https:\/\/blogdoere.com.br\/?p=26758"},"author":{"name":"blogdoere@hotmail.com","@id":"https:\/\/blogdoere.com.br\/#\/schema\/person\/c4f6d566a44c7bacdda563667715d18b"},"headline":"ITAJU\u00cdPE: ACEI ELEGE NOVA DIRETORIA.","datePublished":"2013-07-21T16:42:00+00:00","dateModified":"2013-07-21T16:42:00+00:00","mainEntityOfPage":{"@id":"https:\/\/blogdoere.com.br\/?p=26758"},"wordCount":289,"commentCount":0,"publisher":{"@id":"https:\/\/blogdoere.com.br\/#organization"},"articleSection":["Destaques"],"inLanguage":"pt-PT","potentialAction":[{"@type":"CommentAction","name":"Comment","target":["https:\/\/blogdoere.com.br\/?p=26758#respond"]}]},{"@type":"WebPage","@id":"https:\/\/blogdoere.com.br\/?p=26758","url":"https:\/\/blogdoere.com.br\/?p=26758","name":"ITAJU\u00cdPE: ACEI ELEGE NOVA DIRETORIA. - blog do er\u00ea","isPartOf":{"@id":"https:\/\/blogdoere.com.br\/#website"},"datePublished":"2013-07-21T16:42:00+00:00","dateModified":"2013-07-21T16:42:00+00:00","breadcrumb":{"@id":"https:\/\/blogdoere.com.br\/?p=26758#breadcrumb"},"inLanguage":"pt-PT","potentialAction":[{"@type":"ReadAction","target":["https:\/\/blogdoere.com.br\/?p=26758"]}]},{"@type":"BreadcrumbList","@id":"https:\/\/blogdoere.com.br\/?p=26758#breadcrumb","itemListElement":[{"@type":"ListItem","position":1,"name":"In\u00edcio","item":"https:\/\/blogdoere.com.br\/"},{"@type":"ListItem","position":2,"name":"ITAJU\u00cdPE: ACEI ELEGE NOVA DIRETORIA."}]},{"@type":"WebSite","@id":"https:\/\/blogdoere.com.br\/#website","url":"https:\/\/blogdoere.com.br\/","name":"blog do er\u00ea","description":"","publisher":{"@id":"https:\/\/blogdoere.com.br\/#organization"},"potentialAction":[{"@type":"SearchAction","target":{"@type":"EntryPoint","urlTemplate":"https:\/\/blogdoere.com.br\/?s={search_term_string}"},"query-input":"required name=search_term_string"}],"inLanguage":"pt-PT"},{"@type":"Organization","@id":"https:\/\/blogdoere.com.br\/#organization","name":"Blog do Er\u00ea","url":"https:\/\/blogdoere.com.br\/","logo":{"@type":"ImageObject","inLanguage":"pt-PT","@id":"https:\/\/blogdoere.com.br\/#\/schema\/logo\/image\/","url":"https:\/\/blogdoere.com.br\/wp-content\/uploads\/2021\/11\/Logo-Ere-1.png","contentUrl":"https:\/\/blogdoere.com.br\/wp-content\/uploads\/2021\/11\/Logo-Ere-1.png","width":1261,"height":1330,"caption":"Blog do Er\u00ea"},"image":{"@id":"https:\/\/blogdoere.com.br\/#\/schema\/logo\/image\/"}},{"@type":"Person","@id":"https:\/\/blogdoere.com.br\/#\/schema\/person\/c4f6d566a44c7bacdda563667715d18b","name":"blogdoere@hotmail.com","image":{"@type":"ImageObject","inLanguage":"pt-PT","@id":"https:\/\/blogdoere.com.br\/#\/schema\/person\/image\/","url":"https:\/\/secure.gravatar.com\/avatar\/5684bd39df1289cb639b4ab539d6fcad69420e4a29521548fc078c58ed122fe6?s=96&d=mm&r=g","contentUrl":"https:\/\/secure.gravatar.com\/avatar\/5684bd39df1289cb639b4ab539d6fcad69420e4a29521548fc078c58ed122fe6?s=96&d=mm&r=g","caption":"blogdoere@hotmail.com"},"sameAs":["http:\/\/blogdoere.com.br"]}]}},"featured_image_urls":{"full":"","thumbnail":"","medium":"","medium_large":"","large":"","1536x1536":"","2048x2048":""},"author_info":{"display_name":"blogdoere@hotmail.com","author_link":"https:\/\/blogdoere.com.br\/?author=1"},"category_info":"<a href=\"https:\/\/blogdoere.com.br\/?cat=1\" rel=\"category\">Destaques<\/a>","tag_info":"Destaques","comment_count":"0","_links":{"self":[{"href":"https:\/\/blogdoere.com.br\/index.php?rest_route=\/wp\/v2\/posts\/26758","targetHints":{"allow":["GET"]}}],"collection":[{"href":"https:\/\/blogdoere.com.br\/index.php?rest_route=\/wp\/v2\/posts"}],"about":[{"href":"https:\/\/blogdoere.com.br\/index.php?rest_route=\/wp\/v2\/types\/post"}],"author":[{"embeddable":true,"href":"https:\/\/blogdoere.com.br\/index.php?rest_route=\/wp\/v2\/users\/1"}],"replies":[{"embeddable":true,"href":"https:\/\/blogdoere.com.br\/index.php?rest_route=%2Fwp%2Fv2%2Fcomments&post=26758"}],"version-history":[{"count":0,"href":"https:\/\/blogdoere.com.br\/index.php?rest_route=\/wp\/v2\/posts\/26758\/revisions"}],"wp:attachment":[{"href":"https:\/\/blogdoere.com.br\/index.php?rest_route=%2Fwp%2Fv2%2Fmedia&parent=26758"}],"wp:term":[{"taxonomy":"category","embeddable":true,"href":"https:\/\/blogdoere.com.br\/index.php?rest_route=%2Fwp%2Fv2%2Fcategories&post=26758"},{"taxonomy":"post_tag","embeddable":true,"href":"https:\/\/blogdoere.com.br\/index.php?rest_route=%2Fwp%2Fv2%2Ftags&post=26758"}],"curies":[{"name":"wp","href":"https:\/\/api.w.org\/{rel}","templated":true}]}}