{"id":26852,"date":"2013-05-21T22:15:00","date_gmt":"2013-05-21T22:15:00","guid":{"rendered":"http:\/\/blogdoere.com.br\/?p=26852"},"modified":"2013-05-21T22:15:00","modified_gmt":"2013-05-21T22:15:00","slug":"salvador-senadores-e-vereadores-debatem-lei-de-transparencia","status":"publish","type":"post","link":"https:\/\/blogdoere.com.br\/?p=26852","title":{"rendered":"SALVADOR: SENADORES E VEREADORES DEBATEM LEI DE TRANSPAR\u00caNCIA."},"content":{"rendered":"<div style=\"clear: both; text-align: center;\"><\/div>\n<div style=\"background-color: white; clear: left; color: #333333; float: left; font-family: Arial, Tahoma, 'Century gothic', sans-serif; line-height: 19px; margin-bottom: 1em; margin-right: 1em; margin-top: 1em; padding: 0px; text-align: justify;\"><img decoding=\"async\" alt=\"psb_BX\" height=\"265\" src=\"http:\/\/lidice.com.br\/wp-content\/uploads\/2013\/05\/psb_BX-300x199.jpg\" width=\"400\" \/><\/div>\n<div style=\"background-color: white; color: #333333; font-family: Arial, Tahoma, 'Century gothic', sans-serif; line-height: 19px; margin-left: 1em; margin-right: 1em; margin-top: 1em; padding: 0px; text-align: justify;\">Os senadores L\u00eddice da Mata (PSB-BA) e Jo\u00e3o Capiberibe (PSB-AP) estiveram reunidos com mais de 100 dos 231 edis eleitos em outubro passado pela legenda em todo o Estado da Bahia durante todo esta sexta-feira (10\/05), em Salvador.&nbsp;Juntos, eles coordenaram o I Encontro Estadual de Vereadores e Vereadoras do PSB, realizado no Portobello Praia Hotel, em Ondina, que contou ainda com a participa\u00e7\u00e3o da deputada federal Janete Capiberibe (PSB-AP), do deputado estadual Capit\u00e3o Tadeu, e do secret\u00e1rio de Turismo do Estado da Bahia, Domingos Leonelli.&nbsp;Compuseram a mesa ainda os integrantes da executiva estadual do PSB, S\u00e9rgio Gaudenzi, Ant\u00f4nio Carlos Tramm, Genivan Neri, Bebeto Galv\u00e3o e Rodrigo Hita. \u201cO fazer pol\u00edtica exige um trabalho de forma\u00e7\u00e3o permanente. Fui vereadora e sei da import\u00e2ncia desse tipo de instrumento para que os novos vereadores, que muitas vezes assumem sem uma ideia geral de como atuar no seu munic\u00edpio, sem conhecer a lei org\u00e2nica, sem saber como interferir em rela\u00e7\u00e3o ao regimento interno, podem se qualificar para servir melhor ao povo de sua cidade\u201d, destacou L\u00eddice, que \u00e9 presidente do PSB no Estado da Bahia. Autor da Lei da Transpar\u00eancia e Controle Social (131\/2009), o ex-governador do Amap\u00e1 e atual senador Jo\u00e3o Capiberibe fez uma apresenta\u00e7\u00e3o sobre a import\u00e2ncia da lei enquanto instrumento de preven\u00e7\u00e3o e combate \u00e0 corrup\u00e7\u00e3o. &nbsp;\u201dA lei n\u00e3o elimina a corrup\u00e7\u00e3o, mas inibe. Sem contar que \u00e9 um instrumento de fiscaliza\u00e7\u00e3o por parte do cidad\u00e3o, que tem todo o direito de saber se os recursos p\u00fablicos est\u00e3o sendo aplicados da forma devida\u201d, explicou Capiberibe, ressaltando que o Brasil ocupa o 12\u00ba lugar no&nbsp;<em>ranking<\/em>&nbsp;mundial de transpar\u00eancia entre as 90 na\u00e7\u00f5es que possuem leis que regulamentam o acesso \u00e0s contas p\u00fablicas. \u201cEsse<em>ranking,&nbsp;<\/em>obviamente, \u00e9 baseado na transpar\u00eancia das contas do governo federal. Se analisarmos tamb\u00e9m os estados, Assembleias Legislativas, Prefeituras e C\u00e2maras Municipais, veremos que ainda falta muita transpar\u00eancia\u201d, destacou. Quase quatro anos depois de sancionada, a Lei da Transpar\u00eancia ainda n\u00e3o foi colocada em pr\u00e1tica em alguns munic\u00edpios e at\u00e9 mesmo estados. Conforme o texto, o prazo para que os munic\u00edpios com menos de 50 mil habitantes divulguem os dados relativos \u00e0s suas receitas e despesas, at\u00e9 o primeiro dia \u00fatil ap\u00f3s a data de registro das contas, termina no pr\u00f3ximo dia 27 de maio. Os demais entes federativos j\u00e1 deveriam estar prestando contas \u00e0 popula\u00e7\u00e3o desde maio de 2011. Representando os vereadores socialistas da capital baiana, Fab\u00edola Mansur e Silvio Humberto destacaram a import\u00e2ncia de que os legislativos municipais abracem o conceito de transpar\u00eancia n\u00e3o somente na presta\u00e7\u00e3o de contas, mas no pr\u00f3prio processo de vota\u00e7\u00e3o, que \u00e9 secreta em casos de elei\u00e7\u00e3o da mesa diretora, de aprecia\u00e7\u00e3o das contas municipais e de processos de cassa\u00e7\u00e3o de mandatos. \u201cAqui, em Salvador, n\u00f3s encabe\u00e7amos a campanha \u2018Voto Aberto J\u00e1\u2019 e propusemos sua vota\u00e7\u00e3o em car\u00e1ter de urg\u00eancia-urgent\u00edssima. \u00c9 preciso estender essa luta para todo o Brasil\u201d, disse Fab\u00edola. Segundo a deputada Janete Capiberibe, o fim do voto secreto j\u00e1 foi aprovado em primeiro turno pela C\u00e2mara dos Deputados em 2006, mas desde ent\u00e3o aguarda vota\u00e7\u00e3o em segundo turno para ser encaminhado ao Senado. \u201cConstitu\u00edmos a Frente Parlamentar da Transpar\u00eancia com o intuito de pressionar o encaminhamento deste projeto \u00e0 pauta de vota\u00e7\u00f5es\u201d, explicou Janete.<\/div>\n<div style=\"background-color: white; color: #333333; font-family: Arial, Tahoma, 'Century gothic', sans-serif; line-height: 19px; margin-bottom: 1em; margin-top: 1em; padding: 0px; text-align: justify;\"><\/div>\n","protected":false},"excerpt":{"rendered":"<p>Os senadores L\u00eddice da Mata (PSB-BA) e Jo\u00e3o Capiberibe (PSB-AP) estiveram reunidos com mais de 100 dos 231 edis eleitos em outubro passado pela legenda em todo o Estado da&#8230;<\/p>\n","protected":false},"author":1,"featured_media":0,"comment_status":"open","ping_status":"open","sticky":false,"template":"","format":"standard","meta":{"_editorskit_title_hidden":false,"_editorskit_reading_time":0,"_editorskit_is_block_options_detached":false,"_editorskit_block_options_position":"{}","om_disable_all_campaigns":false,"_mi_skip_tracking":false,"_kad_post_transparent":"","_kad_post_title":"","_kad_post_layout":"","_kad_post_sidebar_id":"","_kad_post_content_style":"","_kad_post_vertical_padding":"","_kad_post_feature":"","_kad_post_feature_position":"","_kad_post_header":false,"_kad_post_footer":false,"footnotes":""},"categories":[1],"tags":[],"class_list":["post-26852","post","type-post","status-publish","format-standard","hentry","category-destaques"],"yoast_head":"<!-- This site is optimized with the Yoast SEO plugin v20.5 - https:\/\/yoast.com\/wordpress\/plugins\/seo\/ -->\n<title>SALVADOR: SENADORES E VEREADORES DEBATEM LEI DE TRANSPAR\u00caNCIA. - blog do er\u00ea<\/title>\n<meta name=\"robots\" content=\"index, follow, max-snippet:-1, max-image-preview:large, max-video-preview:-1\" \/>\n<link rel=\"canonical\" href=\"https:\/\/blogdoere.com.br\/?p=26852\" \/>\n<meta property=\"og:locale\" content=\"pt_PT\" \/>\n<meta property=\"og:type\" content=\"article\" \/>\n<meta property=\"og:title\" content=\"SALVADOR: SENADORES E VEREADORES DEBATEM LEI DE TRANSPAR\u00caNCIA. - blog do er\u00ea\" \/>\n<meta property=\"og:description\" content=\"Os senadores L\u00eddice da Mata (PSB-BA) e Jo\u00e3o Capiberibe (PSB-AP) estiveram reunidos com mais de 100 dos 231 edis eleitos em outubro passado pela legenda em todo o Estado da...\" \/>\n<meta property=\"og:url\" content=\"https:\/\/blogdoere.com.br\/?p=26852\" \/>\n<meta property=\"og:site_name\" content=\"blog do er\u00ea\" \/>\n<meta property=\"article:published_time\" content=\"2013-05-21T22:15:00+00:00\" \/>\n<meta property=\"og:image\" content=\"http:\/\/lidice.com.br\/wp-content\/uploads\/2013\/05\/psb_BX-300x199.jpg\" \/>\n<meta name=\"author\" content=\"blogdoere@hotmail.com\" \/>\n<meta name=\"twitter:card\" content=\"summary_large_image\" \/>\n<meta name=\"twitter:label1\" content=\"Escrito por\" \/>\n\t<meta name=\"twitter:data1\" content=\"blogdoere@hotmail.com\" \/>\n\t<meta name=\"twitter:label2\" content=\"Tempo estimado de leitura\" \/>\n\t<meta name=\"twitter:data2\" content=\"3 minutos\" \/>\n<script type=\"application\/ld+json\" class=\"yoast-schema-graph\">{\"@context\":\"https:\/\/schema.org\",\"@graph\":[{\"@type\":\"Article\",\"@id\":\"https:\/\/blogdoere.com.br\/?p=26852#article\",\"isPartOf\":{\"@id\":\"https:\/\/blogdoere.com.br\/?p=26852\"},\"author\":{\"name\":\"blogdoere@hotmail.com\",\"@id\":\"https:\/\/blogdoere.com.br\/#\/schema\/person\/c4f6d566a44c7bacdda563667715d18b\"},\"headline\":\"SALVADOR: SENADORES E VEREADORES DEBATEM LEI DE TRANSPAR\u00caNCIA.\",\"datePublished\":\"2013-05-21T22:15:00+00:00\",\"dateModified\":\"2013-05-21T22:15:00+00:00\",\"mainEntityOfPage\":{\"@id\":\"https:\/\/blogdoere.com.br\/?p=26852\"},\"wordCount\":599,\"commentCount\":0,\"publisher\":{\"@id\":\"https:\/\/blogdoere.com.br\/#organization\"},\"articleSection\":[\"Destaques\"],\"inLanguage\":\"pt-PT\",\"potentialAction\":[{\"@type\":\"CommentAction\",\"name\":\"Comment\",\"target\":[\"https:\/\/blogdoere.com.br\/?p=26852#respond\"]}]},{\"@type\":\"WebPage\",\"@id\":\"https:\/\/blogdoere.com.br\/?p=26852\",\"url\":\"https:\/\/blogdoere.com.br\/?p=26852\",\"name\":\"SALVADOR: SENADORES E VEREADORES DEBATEM LEI DE TRANSPAR\u00caNCIA. - blog do er\u00ea\",\"isPartOf\":{\"@id\":\"https:\/\/blogdoere.com.br\/#website\"},\"datePublished\":\"2013-05-21T22:15:00+00:00\",\"dateModified\":\"2013-05-21T22:15:00+00:00\",\"breadcrumb\":{\"@id\":\"https:\/\/blogdoere.com.br\/?p=26852#breadcrumb\"},\"inLanguage\":\"pt-PT\",\"potentialAction\":[{\"@type\":\"ReadAction\",\"target\":[\"https:\/\/blogdoere.com.br\/?p=26852\"]}]},{\"@type\":\"BreadcrumbList\",\"@id\":\"https:\/\/blogdoere.com.br\/?p=26852#breadcrumb\",\"itemListElement\":[{\"@type\":\"ListItem\",\"position\":1,\"name\":\"In\u00edcio\",\"item\":\"https:\/\/blogdoere.com.br\/\"},{\"@type\":\"ListItem\",\"position\":2,\"name\":\"SALVADOR: SENADORES E VEREADORES DEBATEM LEI DE TRANSPAR\u00caNCIA.\"}]},{\"@type\":\"WebSite\",\"@id\":\"https:\/\/blogdoere.com.br\/#website\",\"url\":\"https:\/\/blogdoere.com.br\/\",\"name\":\"blog do er\u00ea\",\"description\":\"\",\"publisher\":{\"@id\":\"https:\/\/blogdoere.com.br\/#organization\"},\"potentialAction\":[{\"@type\":\"SearchAction\",\"target\":{\"@type\":\"EntryPoint\",\"urlTemplate\":\"https:\/\/blogdoere.com.br\/?s={search_term_string}\"},\"query-input\":\"required name=search_term_string\"}],\"inLanguage\":\"pt-PT\"},{\"@type\":\"Organization\",\"@id\":\"https:\/\/blogdoere.com.br\/#organization\",\"name\":\"Blog do Er\u00ea\",\"url\":\"https:\/\/blogdoere.com.br\/\",\"logo\":{\"@type\":\"ImageObject\",\"inLanguage\":\"pt-PT\",\"@id\":\"https:\/\/blogdoere.com.br\/#\/schema\/logo\/image\/\",\"url\":\"https:\/\/blogdoere.com.br\/wp-content\/uploads\/2021\/11\/Logo-Ere-1.png\",\"contentUrl\":\"https:\/\/blogdoere.com.br\/wp-content\/uploads\/2021\/11\/Logo-Ere-1.png\",\"width\":1261,\"height\":1330,\"caption\":\"Blog do Er\u00ea\"},\"image\":{\"@id\":\"https:\/\/blogdoere.com.br\/#\/schema\/logo\/image\/\"}},{\"@type\":\"Person\",\"@id\":\"https:\/\/blogdoere.com.br\/#\/schema\/person\/c4f6d566a44c7bacdda563667715d18b\",\"name\":\"blogdoere@hotmail.com\",\"image\":{\"@type\":\"ImageObject\",\"inLanguage\":\"pt-PT\",\"@id\":\"https:\/\/blogdoere.com.br\/#\/schema\/person\/image\/\",\"url\":\"https:\/\/secure.gravatar.com\/avatar\/5684bd39df1289cb639b4ab539d6fcad69420e4a29521548fc078c58ed122fe6?s=96&d=mm&r=g\",\"contentUrl\":\"https:\/\/secure.gravatar.com\/avatar\/5684bd39df1289cb639b4ab539d6fcad69420e4a29521548fc078c58ed122fe6?s=96&d=mm&r=g\",\"caption\":\"blogdoere@hotmail.com\"},\"sameAs\":[\"http:\/\/blogdoere.com.br\"]}]}<\/script>\n<!-- \/ Yoast SEO plugin. -->","yoast_head_json":{"title":"SALVADOR: SENADORES E VEREADORES DEBATEM LEI DE TRANSPAR\u00caNCIA. - blog do er\u00ea","robots":{"index":"index","follow":"follow","max-snippet":"max-snippet:-1","max-image-preview":"max-image-preview:large","max-video-preview":"max-video-preview:-1"},"canonical":"https:\/\/blogdoere.com.br\/?p=26852","og_locale":"pt_PT","og_type":"article","og_title":"SALVADOR: SENADORES E VEREADORES DEBATEM LEI DE TRANSPAR\u00caNCIA. - blog do er\u00ea","og_description":"Os senadores L\u00eddice da Mata (PSB-BA) e Jo\u00e3o Capiberibe (PSB-AP) estiveram reunidos com mais de 100 dos 231 edis eleitos em outubro passado pela legenda em todo o Estado da...","og_url":"https:\/\/blogdoere.com.br\/?p=26852","og_site_name":"blog do er\u00ea","article_published_time":"2013-05-21T22:15:00+00:00","og_image":[{"url":"http:\/\/lidice.com.br\/wp-content\/uploads\/2013\/05\/psb_BX-300x199.jpg"}],"author":"blogdoere@hotmail.com","twitter_card":"summary_large_image","twitter_misc":{"Escrito por":"blogdoere@hotmail.com","Tempo estimado de leitura":"3 minutos"},"schema":{"@context":"https:\/\/schema.org","@graph":[{"@type":"Article","@id":"https:\/\/blogdoere.com.br\/?p=26852#article","isPartOf":{"@id":"https:\/\/blogdoere.com.br\/?p=26852"},"author":{"name":"blogdoere@hotmail.com","@id":"https:\/\/blogdoere.com.br\/#\/schema\/person\/c4f6d566a44c7bacdda563667715d18b"},"headline":"SALVADOR: SENADORES E VEREADORES DEBATEM LEI DE TRANSPAR\u00caNCIA.","datePublished":"2013-05-21T22:15:00+00:00","dateModified":"2013-05-21T22:15:00+00:00","mainEntityOfPage":{"@id":"https:\/\/blogdoere.com.br\/?p=26852"},"wordCount":599,"commentCount":0,"publisher":{"@id":"https:\/\/blogdoere.com.br\/#organization"},"articleSection":["Destaques"],"inLanguage":"pt-PT","potentialAction":[{"@type":"CommentAction","name":"Comment","target":["https:\/\/blogdoere.com.br\/?p=26852#respond"]}]},{"@type":"WebPage","@id":"https:\/\/blogdoere.com.br\/?p=26852","url":"https:\/\/blogdoere.com.br\/?p=26852","name":"SALVADOR: SENADORES E VEREADORES DEBATEM LEI DE TRANSPAR\u00caNCIA. - blog do er\u00ea","isPartOf":{"@id":"https:\/\/blogdoere.com.br\/#website"},"datePublished":"2013-05-21T22:15:00+00:00","dateModified":"2013-05-21T22:15:00+00:00","breadcrumb":{"@id":"https:\/\/blogdoere.com.br\/?p=26852#breadcrumb"},"inLanguage":"pt-PT","potentialAction":[{"@type":"ReadAction","target":["https:\/\/blogdoere.com.br\/?p=26852"]}]},{"@type":"BreadcrumbList","@id":"https:\/\/blogdoere.com.br\/?p=26852#breadcrumb","itemListElement":[{"@type":"ListItem","position":1,"name":"In\u00edcio","item":"https:\/\/blogdoere.com.br\/"},{"@type":"ListItem","position":2,"name":"SALVADOR: SENADORES E VEREADORES DEBATEM LEI DE TRANSPAR\u00caNCIA."}]},{"@type":"WebSite","@id":"https:\/\/blogdoere.com.br\/#website","url":"https:\/\/blogdoere.com.br\/","name":"blog do er\u00ea","description":"","publisher":{"@id":"https:\/\/blogdoere.com.br\/#organization"},"potentialAction":[{"@type":"SearchAction","target":{"@type":"EntryPoint","urlTemplate":"https:\/\/blogdoere.com.br\/?s={search_term_string}"},"query-input":"required name=search_term_string"}],"inLanguage":"pt-PT"},{"@type":"Organization","@id":"https:\/\/blogdoere.com.br\/#organization","name":"Blog do Er\u00ea","url":"https:\/\/blogdoere.com.br\/","logo":{"@type":"ImageObject","inLanguage":"pt-PT","@id":"https:\/\/blogdoere.com.br\/#\/schema\/logo\/image\/","url":"https:\/\/blogdoere.com.br\/wp-content\/uploads\/2021\/11\/Logo-Ere-1.png","contentUrl":"https:\/\/blogdoere.com.br\/wp-content\/uploads\/2021\/11\/Logo-Ere-1.png","width":1261,"height":1330,"caption":"Blog do Er\u00ea"},"image":{"@id":"https:\/\/blogdoere.com.br\/#\/schema\/logo\/image\/"}},{"@type":"Person","@id":"https:\/\/blogdoere.com.br\/#\/schema\/person\/c4f6d566a44c7bacdda563667715d18b","name":"blogdoere@hotmail.com","image":{"@type":"ImageObject","inLanguage":"pt-PT","@id":"https:\/\/blogdoere.com.br\/#\/schema\/person\/image\/","url":"https:\/\/secure.gravatar.com\/avatar\/5684bd39df1289cb639b4ab539d6fcad69420e4a29521548fc078c58ed122fe6?s=96&d=mm&r=g","contentUrl":"https:\/\/secure.gravatar.com\/avatar\/5684bd39df1289cb639b4ab539d6fcad69420e4a29521548fc078c58ed122fe6?s=96&d=mm&r=g","caption":"blogdoere@hotmail.com"},"sameAs":["http:\/\/blogdoere.com.br"]}]}},"featured_image_urls":{"full":"","thumbnail":"","medium":"","medium_large":"","large":"","1536x1536":"","2048x2048":""},"author_info":{"display_name":"blogdoere@hotmail.com","author_link":"https:\/\/blogdoere.com.br\/?author=1"},"category_info":"<a href=\"https:\/\/blogdoere.com.br\/?cat=1\" rel=\"category\">Destaques<\/a>","tag_info":"Destaques","comment_count":"0","_links":{"self":[{"href":"https:\/\/blogdoere.com.br\/index.php?rest_route=\/wp\/v2\/posts\/26852","targetHints":{"allow":["GET"]}}],"collection":[{"href":"https:\/\/blogdoere.com.br\/index.php?rest_route=\/wp\/v2\/posts"}],"about":[{"href":"https:\/\/blogdoere.com.br\/index.php?rest_route=\/wp\/v2\/types\/post"}],"author":[{"embeddable":true,"href":"https:\/\/blogdoere.com.br\/index.php?rest_route=\/wp\/v2\/users\/1"}],"replies":[{"embeddable":true,"href":"https:\/\/blogdoere.com.br\/index.php?rest_route=%2Fwp%2Fv2%2Fcomments&post=26852"}],"version-history":[{"count":0,"href":"https:\/\/blogdoere.com.br\/index.php?rest_route=\/wp\/v2\/posts\/26852\/revisions"}],"wp:attachment":[{"href":"https:\/\/blogdoere.com.br\/index.php?rest_route=%2Fwp%2Fv2%2Fmedia&parent=26852"}],"wp:term":[{"taxonomy":"category","embeddable":true,"href":"https:\/\/blogdoere.com.br\/index.php?rest_route=%2Fwp%2Fv2%2Fcategories&post=26852"},{"taxonomy":"post_tag","embeddable":true,"href":"https:\/\/blogdoere.com.br\/index.php?rest_route=%2Fwp%2Fv2%2Ftags&post=26852"}],"curies":[{"name":"wp","href":"https:\/\/api.w.org\/{rel}","templated":true}]}}