{"id":26856,"date":"2013-05-19T19:49:00","date_gmt":"2013-05-19T19:49:00","guid":{"rendered":"http:\/\/blogdoere.com.br\/?p=26856"},"modified":"2013-05-19T19:49:00","modified_gmt":"2013-05-19T19:49:00","slug":"itabuna-luta-pelo-fim-dos-hospitais-psiquiatricos","status":"publish","type":"post","link":"https:\/\/blogdoere.com.br\/?p=26856","title":{"rendered":"ITABUNA: LUTA PELO FIM DOS HOSPITAIS PSIQUI\u00c1TRICOS"},"content":{"rendered":"<p><\/p>\n<div style=\"clear: left; float: left; margin-bottom: 1em; margin-right: 1em; text-align: justify;\"><img decoding=\"async\" src=\"http:\/\/2.bp.blogspot.com\/-TAWYIA2xzLY\/Tb9lZhBi0gI\/AAAAAAAAABQ\/hbIcostshsc\/s1600\/imagem_75882f1316.jpg\" \/><\/div>\n<div style=\"text-align: justify;\"><span style=\"font-family: Arial, Helvetica, sans-serif; font-size: large;\"><br \/><\/span><\/div>\n<div style=\"text-align: justify;\"><span style=\"font-family: Arial, Helvetica, sans-serif; font-size: large;\">Profissionais de sa\u00fade promoveram &nbsp;na manh\u00e3 de sexta-feira, 17, em Itabuna, uma caminhada em que pedem mais investimentos em centros de Aten\u00e7\u00e3o Psicossocial (Caps) e o fim dos hospitais psiqui\u00e1tricos. O evento integra as a\u00e7\u00f5es do movimento de luta &#8216;antimanicomial&#8217; no pa\u00eds. A psic\u00f3loga Marinildes Santos ressalta que a luta \u00e9 por fortalecimento dos Caps para que os usu\u00e1rios possam contar com melhor assist\u00eancia e autonomia, permitindo \u201cque eles possam resgatar sua identidade e liberdade de express\u00e3o\u201d. Informa\u00e7\u00e3o do Pimenta.<o:p><\/o:p><\/span><\/div>\n<div style=\"text-align: justify;\"><\/div>\n","protected":false},"excerpt":{"rendered":"<p>Profissionais de sa\u00fade promoveram &nbsp;na manh\u00e3 de sexta-feira, 17, em Itabuna, uma caminhada em que pedem mais investimentos em centros de Aten\u00e7\u00e3o Psicossocial (Caps) e o fim dos hospitais psiqui\u00e1tricos&#8230;.<\/p>\n","protected":false},"author":1,"featured_media":0,"comment_status":"open","ping_status":"open","sticky":false,"template":"","format":"standard","meta":{"_editorskit_title_hidden":false,"_editorskit_reading_time":0,"_editorskit_is_block_options_detached":false,"_editorskit_block_options_position":"{}","om_disable_all_campaigns":false,"_mi_skip_tracking":false,"_kad_post_transparent":"","_kad_post_title":"","_kad_post_layout":"","_kad_post_sidebar_id":"","_kad_post_content_style":"","_kad_post_vertical_padding":"","_kad_post_feature":"","_kad_post_feature_position":"","_kad_post_header":false,"_kad_post_footer":false,"footnotes":""},"categories":[1],"tags":[],"class_list":["post-26856","post","type-post","status-publish","format-standard","hentry","category-destaques"],"yoast_head":"<!-- This site is optimized with the Yoast SEO plugin v20.5 - https:\/\/yoast.com\/wordpress\/plugins\/seo\/ -->\n<title>ITABUNA: LUTA PELO FIM DOS HOSPITAIS PSIQUI\u00c1TRICOS - blog do er\u00ea<\/title>\n<meta name=\"robots\" content=\"index, follow, max-snippet:-1, max-image-preview:large, max-video-preview:-1\" \/>\n<link rel=\"canonical\" href=\"https:\/\/blogdoere.com.br\/?p=26856\" \/>\n<meta property=\"og:locale\" content=\"pt_PT\" \/>\n<meta property=\"og:type\" content=\"article\" \/>\n<meta property=\"og:title\" content=\"ITABUNA: LUTA PELO FIM DOS HOSPITAIS PSIQUI\u00c1TRICOS - blog do er\u00ea\" \/>\n<meta property=\"og:description\" content=\"Profissionais de sa\u00fade promoveram &nbsp;na manh\u00e3 de sexta-feira, 17, em Itabuna, uma caminhada em que pedem mais investimentos em centros de Aten\u00e7\u00e3o Psicossocial (Caps) e o fim dos hospitais psiqui\u00e1tricos....\" \/>\n<meta property=\"og:url\" content=\"https:\/\/blogdoere.com.br\/?p=26856\" \/>\n<meta property=\"og:site_name\" content=\"blog do er\u00ea\" \/>\n<meta property=\"article:published_time\" content=\"2013-05-19T19:49:00+00:00\" \/>\n<meta property=\"og:image\" content=\"http:\/\/2.bp.blogspot.com\/-TAWYIA2xzLY\/Tb9lZhBi0gI\/AAAAAAAAABQ\/hbIcostshsc\/s1600\/imagem_75882f1316.jpg\" \/>\n<meta name=\"author\" content=\"blogdoere@hotmail.com\" \/>\n<meta name=\"twitter:card\" content=\"summary_large_image\" \/>\n<meta name=\"twitter:label1\" content=\"Escrito por\" \/>\n\t<meta name=\"twitter:data1\" content=\"blogdoere@hotmail.com\" \/>\n<script type=\"application\/ld+json\" class=\"yoast-schema-graph\">{\"@context\":\"https:\/\/schema.org\",\"@graph\":[{\"@type\":\"Article\",\"@id\":\"https:\/\/blogdoere.com.br\/?p=26856#article\",\"isPartOf\":{\"@id\":\"https:\/\/blogdoere.com.br\/?p=26856\"},\"author\":{\"name\":\"blogdoere@hotmail.com\",\"@id\":\"https:\/\/blogdoere.com.br\/#\/schema\/person\/c4f6d566a44c7bacdda563667715d18b\"},\"headline\":\"ITABUNA: LUTA PELO FIM DOS HOSPITAIS PSIQUI\u00c1TRICOS\",\"datePublished\":\"2013-05-19T19:49:00+00:00\",\"dateModified\":\"2013-05-19T19:49:00+00:00\",\"mainEntityOfPage\":{\"@id\":\"https:\/\/blogdoere.com.br\/?p=26856\"},\"wordCount\":97,\"commentCount\":0,\"publisher\":{\"@id\":\"https:\/\/blogdoere.com.br\/#organization\"},\"articleSection\":[\"Destaques\"],\"inLanguage\":\"pt-PT\",\"potentialAction\":[{\"@type\":\"CommentAction\",\"name\":\"Comment\",\"target\":[\"https:\/\/blogdoere.com.br\/?p=26856#respond\"]}]},{\"@type\":\"WebPage\",\"@id\":\"https:\/\/blogdoere.com.br\/?p=26856\",\"url\":\"https:\/\/blogdoere.com.br\/?p=26856\",\"name\":\"ITABUNA: LUTA PELO FIM DOS HOSPITAIS PSIQUI\u00c1TRICOS - blog do er\u00ea\",\"isPartOf\":{\"@id\":\"https:\/\/blogdoere.com.br\/#website\"},\"datePublished\":\"2013-05-19T19:49:00+00:00\",\"dateModified\":\"2013-05-19T19:49:00+00:00\",\"breadcrumb\":{\"@id\":\"https:\/\/blogdoere.com.br\/?p=26856#breadcrumb\"},\"inLanguage\":\"pt-PT\",\"potentialAction\":[{\"@type\":\"ReadAction\",\"target\":[\"https:\/\/blogdoere.com.br\/?p=26856\"]}]},{\"@type\":\"BreadcrumbList\",\"@id\":\"https:\/\/blogdoere.com.br\/?p=26856#breadcrumb\",\"itemListElement\":[{\"@type\":\"ListItem\",\"position\":1,\"name\":\"In\u00edcio\",\"item\":\"https:\/\/blogdoere.com.br\/\"},{\"@type\":\"ListItem\",\"position\":2,\"name\":\"ITABUNA: LUTA PELO FIM DOS HOSPITAIS PSIQUI\u00c1TRICOS\"}]},{\"@type\":\"WebSite\",\"@id\":\"https:\/\/blogdoere.com.br\/#website\",\"url\":\"https:\/\/blogdoere.com.br\/\",\"name\":\"blog do er\u00ea\",\"description\":\"\",\"publisher\":{\"@id\":\"https:\/\/blogdoere.com.br\/#organization\"},\"potentialAction\":[{\"@type\":\"SearchAction\",\"target\":{\"@type\":\"EntryPoint\",\"urlTemplate\":\"https:\/\/blogdoere.com.br\/?s={search_term_string}\"},\"query-input\":\"required name=search_term_string\"}],\"inLanguage\":\"pt-PT\"},{\"@type\":\"Organization\",\"@id\":\"https:\/\/blogdoere.com.br\/#organization\",\"name\":\"Blog do Er\u00ea\",\"url\":\"https:\/\/blogdoere.com.br\/\",\"logo\":{\"@type\":\"ImageObject\",\"inLanguage\":\"pt-PT\",\"@id\":\"https:\/\/blogdoere.com.br\/#\/schema\/logo\/image\/\",\"url\":\"https:\/\/blogdoere.com.br\/wp-content\/uploads\/2021\/11\/Logo-Ere-1.png\",\"contentUrl\":\"https:\/\/blogdoere.com.br\/wp-content\/uploads\/2021\/11\/Logo-Ere-1.png\",\"width\":1261,\"height\":1330,\"caption\":\"Blog do Er\u00ea\"},\"image\":{\"@id\":\"https:\/\/blogdoere.com.br\/#\/schema\/logo\/image\/\"}},{\"@type\":\"Person\",\"@id\":\"https:\/\/blogdoere.com.br\/#\/schema\/person\/c4f6d566a44c7bacdda563667715d18b\",\"name\":\"blogdoere@hotmail.com\",\"image\":{\"@type\":\"ImageObject\",\"inLanguage\":\"pt-PT\",\"@id\":\"https:\/\/blogdoere.com.br\/#\/schema\/person\/image\/\",\"url\":\"https:\/\/secure.gravatar.com\/avatar\/5684bd39df1289cb639b4ab539d6fcad69420e4a29521548fc078c58ed122fe6?s=96&d=mm&r=g\",\"contentUrl\":\"https:\/\/secure.gravatar.com\/avatar\/5684bd39df1289cb639b4ab539d6fcad69420e4a29521548fc078c58ed122fe6?s=96&d=mm&r=g\",\"caption\":\"blogdoere@hotmail.com\"},\"sameAs\":[\"http:\/\/blogdoere.com.br\"]}]}<\/script>\n<!-- \/ Yoast SEO plugin. -->","yoast_head_json":{"title":"ITABUNA: LUTA PELO FIM DOS HOSPITAIS PSIQUI\u00c1TRICOS - blog do er\u00ea","robots":{"index":"index","follow":"follow","max-snippet":"max-snippet:-1","max-image-preview":"max-image-preview:large","max-video-preview":"max-video-preview:-1"},"canonical":"https:\/\/blogdoere.com.br\/?p=26856","og_locale":"pt_PT","og_type":"article","og_title":"ITABUNA: LUTA PELO FIM DOS HOSPITAIS PSIQUI\u00c1TRICOS - blog do er\u00ea","og_description":"Profissionais de sa\u00fade promoveram &nbsp;na manh\u00e3 de sexta-feira, 17, em Itabuna, uma caminhada em que pedem mais investimentos em centros de Aten\u00e7\u00e3o Psicossocial (Caps) e o fim dos hospitais psiqui\u00e1tricos....","og_url":"https:\/\/blogdoere.com.br\/?p=26856","og_site_name":"blog do er\u00ea","article_published_time":"2013-05-19T19:49:00+00:00","og_image":[{"url":"http:\/\/2.bp.blogspot.com\/-TAWYIA2xzLY\/Tb9lZhBi0gI\/AAAAAAAAABQ\/hbIcostshsc\/s1600\/imagem_75882f1316.jpg"}],"author":"blogdoere@hotmail.com","twitter_card":"summary_large_image","twitter_misc":{"Escrito por":"blogdoere@hotmail.com"},"schema":{"@context":"https:\/\/schema.org","@graph":[{"@type":"Article","@id":"https:\/\/blogdoere.com.br\/?p=26856#article","isPartOf":{"@id":"https:\/\/blogdoere.com.br\/?p=26856"},"author":{"name":"blogdoere@hotmail.com","@id":"https:\/\/blogdoere.com.br\/#\/schema\/person\/c4f6d566a44c7bacdda563667715d18b"},"headline":"ITABUNA: LUTA PELO FIM DOS HOSPITAIS PSIQUI\u00c1TRICOS","datePublished":"2013-05-19T19:49:00+00:00","dateModified":"2013-05-19T19:49:00+00:00","mainEntityOfPage":{"@id":"https:\/\/blogdoere.com.br\/?p=26856"},"wordCount":97,"commentCount":0,"publisher":{"@id":"https:\/\/blogdoere.com.br\/#organization"},"articleSection":["Destaques"],"inLanguage":"pt-PT","potentialAction":[{"@type":"CommentAction","name":"Comment","target":["https:\/\/blogdoere.com.br\/?p=26856#respond"]}]},{"@type":"WebPage","@id":"https:\/\/blogdoere.com.br\/?p=26856","url":"https:\/\/blogdoere.com.br\/?p=26856","name":"ITABUNA: LUTA PELO FIM DOS HOSPITAIS PSIQUI\u00c1TRICOS - blog do er\u00ea","isPartOf":{"@id":"https:\/\/blogdoere.com.br\/#website"},"datePublished":"2013-05-19T19:49:00+00:00","dateModified":"2013-05-19T19:49:00+00:00","breadcrumb":{"@id":"https:\/\/blogdoere.com.br\/?p=26856#breadcrumb"},"inLanguage":"pt-PT","potentialAction":[{"@type":"ReadAction","target":["https:\/\/blogdoere.com.br\/?p=26856"]}]},{"@type":"BreadcrumbList","@id":"https:\/\/blogdoere.com.br\/?p=26856#breadcrumb","itemListElement":[{"@type":"ListItem","position":1,"name":"In\u00edcio","item":"https:\/\/blogdoere.com.br\/"},{"@type":"ListItem","position":2,"name":"ITABUNA: LUTA PELO FIM DOS HOSPITAIS PSIQUI\u00c1TRICOS"}]},{"@type":"WebSite","@id":"https:\/\/blogdoere.com.br\/#website","url":"https:\/\/blogdoere.com.br\/","name":"blog do er\u00ea","description":"","publisher":{"@id":"https:\/\/blogdoere.com.br\/#organization"},"potentialAction":[{"@type":"SearchAction","target":{"@type":"EntryPoint","urlTemplate":"https:\/\/blogdoere.com.br\/?s={search_term_string}"},"query-input":"required name=search_term_string"}],"inLanguage":"pt-PT"},{"@type":"Organization","@id":"https:\/\/blogdoere.com.br\/#organization","name":"Blog do Er\u00ea","url":"https:\/\/blogdoere.com.br\/","logo":{"@type":"ImageObject","inLanguage":"pt-PT","@id":"https:\/\/blogdoere.com.br\/#\/schema\/logo\/image\/","url":"https:\/\/blogdoere.com.br\/wp-content\/uploads\/2021\/11\/Logo-Ere-1.png","contentUrl":"https:\/\/blogdoere.com.br\/wp-content\/uploads\/2021\/11\/Logo-Ere-1.png","width":1261,"height":1330,"caption":"Blog do Er\u00ea"},"image":{"@id":"https:\/\/blogdoere.com.br\/#\/schema\/logo\/image\/"}},{"@type":"Person","@id":"https:\/\/blogdoere.com.br\/#\/schema\/person\/c4f6d566a44c7bacdda563667715d18b","name":"blogdoere@hotmail.com","image":{"@type":"ImageObject","inLanguage":"pt-PT","@id":"https:\/\/blogdoere.com.br\/#\/schema\/person\/image\/","url":"https:\/\/secure.gravatar.com\/avatar\/5684bd39df1289cb639b4ab539d6fcad69420e4a29521548fc078c58ed122fe6?s=96&d=mm&r=g","contentUrl":"https:\/\/secure.gravatar.com\/avatar\/5684bd39df1289cb639b4ab539d6fcad69420e4a29521548fc078c58ed122fe6?s=96&d=mm&r=g","caption":"blogdoere@hotmail.com"},"sameAs":["http:\/\/blogdoere.com.br"]}]}},"featured_image_urls":{"full":"","thumbnail":"","medium":"","medium_large":"","large":"","1536x1536":"","2048x2048":""},"author_info":{"display_name":"blogdoere@hotmail.com","author_link":"https:\/\/blogdoere.com.br\/?author=1"},"category_info":"<a href=\"https:\/\/blogdoere.com.br\/?cat=1\" rel=\"category\">Destaques<\/a>","tag_info":"Destaques","comment_count":"0","_links":{"self":[{"href":"https:\/\/blogdoere.com.br\/index.php?rest_route=\/wp\/v2\/posts\/26856","targetHints":{"allow":["GET"]}}],"collection":[{"href":"https:\/\/blogdoere.com.br\/index.php?rest_route=\/wp\/v2\/posts"}],"about":[{"href":"https:\/\/blogdoere.com.br\/index.php?rest_route=\/wp\/v2\/types\/post"}],"author":[{"embeddable":true,"href":"https:\/\/blogdoere.com.br\/index.php?rest_route=\/wp\/v2\/users\/1"}],"replies":[{"embeddable":true,"href":"https:\/\/blogdoere.com.br\/index.php?rest_route=%2Fwp%2Fv2%2Fcomments&post=26856"}],"version-history":[{"count":0,"href":"https:\/\/blogdoere.com.br\/index.php?rest_route=\/wp\/v2\/posts\/26856\/revisions"}],"wp:attachment":[{"href":"https:\/\/blogdoere.com.br\/index.php?rest_route=%2Fwp%2Fv2%2Fmedia&parent=26856"}],"wp:term":[{"taxonomy":"category","embeddable":true,"href":"https:\/\/blogdoere.com.br\/index.php?rest_route=%2Fwp%2Fv2%2Fcategories&post=26856"},{"taxonomy":"post_tag","embeddable":true,"href":"https:\/\/blogdoere.com.br\/index.php?rest_route=%2Fwp%2Fv2%2Ftags&post=26856"}],"curies":[{"name":"wp","href":"https:\/\/api.w.org\/{rel}","templated":true}]}}