{"id":26859,"date":"2013-05-19T04:23:00","date_gmt":"2013-05-19T04:23:00","guid":{"rendered":"http:\/\/blogdoere.com.br\/?p=26859"},"modified":"2013-05-19T04:23:00","modified_gmt":"2013-05-19T04:23:00","slug":"senadora-lidice-da-mata-parabeniza-gilka-badaro","status":"publish","type":"post","link":"https:\/\/blogdoere.com.br\/?p=26859","title":{"rendered":"SENADORA LIDICE DA MATA PARABENIZA GILKA BADAR\u00d3"},"content":{"rendered":"<div style=\"text-align: center;\"><img decoding=\"async\" alt=\"Foto: Um grande abra\u00e7o e votos de muitas felicidades para nossa companheira de partido a prefeita de Itaju\u00edpe, Gilka Badar\u00f3, que est\u00e1 aniversariando hoje.\" src=\"http:\/\/sphotos-d.ak.fbcdn.net\/hphotos-ak-ash3\/p480x480\/935460_513267155392977_1310617703_n.jpg\" \/><\/div>\n<div style=\"text-align: center;\"><span style=\"font-family: Arial, Helvetica, sans-serif; font-size: large;\"><br \/><\/span><\/div>\n<div style=\"background-color: white; border: 0px; color: #37404e; line-height: 14px; margin: 0px 0px 15px; padding: 0px; zoom: 1;\">\n<div style=\"display: table-cell; vertical-align: top; width: 10000px;\">\n<div style=\"color: #89919c; line-height: 15px; text-align: justify;\"><span style=\"color: #37404e; line-height: 18px;\"><span style=\"font-family: Arial, Helvetica, sans-serif; font-size: large;\">&#8220;Um grande abra\u00e7o e votos de muitas felicidades para nossa companheira de partido a prefeita de Itaju\u00edpe, Gilka Badar\u00f3, que est\u00e1 aniversariando hoje 18 de maio&#8221;. &#8211; Postou &nbsp;a Senadora Lidice da Mata em sua fan page no facebook. Durante todo o dia a prefeita Gilka Badar\u00f3 recebeu felicita\u00e7\u00f5es e homenagens &nbsp;da comunidade itajuipense e lideran\u00e7as politicas.<\/span><\/span><\/div>\n<\/div>\n<\/div>\n<div style=\"background-color: white; color: #37404e; line-height: 14px; margin: 0px -12px; position: relative; zoom: 1;\">\n<div data-ft=\"{&quot;tn&quot;:&quot;E&quot;}\" data-gt=\"{&quot;fbid&quot;:&quot;513267155392977&quot;}\" style=\"float: left; position: relative;\"><span style=\"font-family: Arial, Helvetica, sans-serif; font-size: large;\"><a ajaxify=\"http:\/\/www.facebook.com\/photo.php?fbid=513267155392977&amp;set=a.154958451223851.39856.100001290904103&amp;type=1&amp;relevant_count=1&amp;src=http%3A%2F%2Fsphotos-d.ak.fbcdn.net%2Fhphotos-ak-ash3%2F935460_513267155392977_1310617703_n.jpg&amp;size=400%2C265&amp;theater\" href=\"http:\/\/www.facebook.com\/photo.php?fbid=513267155392977&amp;set=a.154958451223851.39856.100001290904103&amp;type=1&amp;relevant_count=1\" rel=\"theater\" style=\"color: #3b5998; cursor: pointer; text-decoration: none;\"><\/a><\/span><\/div>\n<\/div>\n<div style=\"text-align: justify;\"><\/div>\n<div style=\"text-align: justify;\"><\/div>\n<div style=\"text-align: center;\"><\/div>\n<div style=\"text-align: center;\"><\/div>\n","protected":false},"excerpt":{"rendered":"<p>&#8220;Um grande abra\u00e7o e votos de muitas felicidades para nossa companheira de partido a prefeita de Itaju\u00edpe, Gilka Badar\u00f3, que est\u00e1 aniversariando hoje 18 de maio&#8221;. &#8211; Postou &nbsp;a Senadora&#8230;<\/p>\n","protected":false},"author":1,"featured_media":0,"comment_status":"open","ping_status":"open","sticky":false,"template":"","format":"standard","meta":{"_editorskit_title_hidden":false,"_editorskit_reading_time":0,"_editorskit_is_block_options_detached":false,"_editorskit_block_options_position":"{}","om_disable_all_campaigns":false,"_mi_skip_tracking":false,"_kad_post_transparent":"","_kad_post_title":"","_kad_post_layout":"","_kad_post_sidebar_id":"","_kad_post_content_style":"","_kad_post_vertical_padding":"","_kad_post_feature":"","_kad_post_feature_position":"","_kad_post_header":false,"_kad_post_footer":false,"footnotes":""},"categories":[1],"tags":[],"class_list":["post-26859","post","type-post","status-publish","format-standard","hentry","category-destaques"],"yoast_head":"<!-- This site is optimized with the Yoast SEO plugin v20.5 - https:\/\/yoast.com\/wordpress\/plugins\/seo\/ -->\n<title>SENADORA LIDICE DA MATA PARABENIZA GILKA BADAR\u00d3 - blog do er\u00ea<\/title>\n<meta name=\"robots\" content=\"index, follow, max-snippet:-1, max-image-preview:large, max-video-preview:-1\" \/>\n<link rel=\"canonical\" href=\"https:\/\/blogdoere.com.br\/?p=26859\" \/>\n<meta property=\"og:locale\" content=\"pt_PT\" \/>\n<meta property=\"og:type\" content=\"article\" \/>\n<meta property=\"og:title\" content=\"SENADORA LIDICE DA MATA PARABENIZA GILKA BADAR\u00d3 - blog do er\u00ea\" \/>\n<meta property=\"og:description\" content=\"&#8220;Um grande abra\u00e7o e votos de muitas felicidades para nossa companheira de partido a prefeita de Itaju\u00edpe, Gilka Badar\u00f3, que est\u00e1 aniversariando hoje 18 de maio&#8221;. &#8211; Postou &nbsp;a Senadora...\" \/>\n<meta property=\"og:url\" content=\"https:\/\/blogdoere.com.br\/?p=26859\" \/>\n<meta property=\"og:site_name\" content=\"blog do er\u00ea\" \/>\n<meta property=\"article:published_time\" content=\"2013-05-19T04:23:00+00:00\" \/>\n<meta property=\"og:image\" content=\"http:\/\/sphotos-d.ak.fbcdn.net\/hphotos-ak-ash3\/p480x480\/935460_513267155392977_1310617703_n.jpg\" \/>\n<meta name=\"author\" content=\"blogdoere@hotmail.com\" \/>\n<meta name=\"twitter:card\" content=\"summary_large_image\" \/>\n<meta name=\"twitter:label1\" content=\"Escrito por\" \/>\n\t<meta name=\"twitter:data1\" content=\"blogdoere@hotmail.com\" \/>\n<script type=\"application\/ld+json\" class=\"yoast-schema-graph\">{\"@context\":\"https:\/\/schema.org\",\"@graph\":[{\"@type\":\"Article\",\"@id\":\"https:\/\/blogdoere.com.br\/?p=26859#article\",\"isPartOf\":{\"@id\":\"https:\/\/blogdoere.com.br\/?p=26859\"},\"author\":{\"name\":\"blogdoere@hotmail.com\",\"@id\":\"https:\/\/blogdoere.com.br\/#\/schema\/person\/c4f6d566a44c7bacdda563667715d18b\"},\"headline\":\"SENADORA LIDICE DA MATA PARABENIZA GILKA BADAR\u00d3\",\"datePublished\":\"2013-05-19T04:23:00+00:00\",\"dateModified\":\"2013-05-19T04:23:00+00:00\",\"mainEntityOfPage\":{\"@id\":\"https:\/\/blogdoere.com.br\/?p=26859\"},\"wordCount\":69,\"commentCount\":0,\"publisher\":{\"@id\":\"https:\/\/blogdoere.com.br\/#organization\"},\"articleSection\":[\"Destaques\"],\"inLanguage\":\"pt-PT\",\"potentialAction\":[{\"@type\":\"CommentAction\",\"name\":\"Comment\",\"target\":[\"https:\/\/blogdoere.com.br\/?p=26859#respond\"]}]},{\"@type\":\"WebPage\",\"@id\":\"https:\/\/blogdoere.com.br\/?p=26859\",\"url\":\"https:\/\/blogdoere.com.br\/?p=26859\",\"name\":\"SENADORA LIDICE DA MATA PARABENIZA GILKA BADAR\u00d3 - blog do er\u00ea\",\"isPartOf\":{\"@id\":\"https:\/\/blogdoere.com.br\/#website\"},\"datePublished\":\"2013-05-19T04:23:00+00:00\",\"dateModified\":\"2013-05-19T04:23:00+00:00\",\"breadcrumb\":{\"@id\":\"https:\/\/blogdoere.com.br\/?p=26859#breadcrumb\"},\"inLanguage\":\"pt-PT\",\"potentialAction\":[{\"@type\":\"ReadAction\",\"target\":[\"https:\/\/blogdoere.com.br\/?p=26859\"]}]},{\"@type\":\"BreadcrumbList\",\"@id\":\"https:\/\/blogdoere.com.br\/?p=26859#breadcrumb\",\"itemListElement\":[{\"@type\":\"ListItem\",\"position\":1,\"name\":\"In\u00edcio\",\"item\":\"https:\/\/blogdoere.com.br\/\"},{\"@type\":\"ListItem\",\"position\":2,\"name\":\"SENADORA LIDICE DA MATA PARABENIZA GILKA BADAR\u00d3\"}]},{\"@type\":\"WebSite\",\"@id\":\"https:\/\/blogdoere.com.br\/#website\",\"url\":\"https:\/\/blogdoere.com.br\/\",\"name\":\"blog do er\u00ea\",\"description\":\"\",\"publisher\":{\"@id\":\"https:\/\/blogdoere.com.br\/#organization\"},\"potentialAction\":[{\"@type\":\"SearchAction\",\"target\":{\"@type\":\"EntryPoint\",\"urlTemplate\":\"https:\/\/blogdoere.com.br\/?s={search_term_string}\"},\"query-input\":\"required name=search_term_string\"}],\"inLanguage\":\"pt-PT\"},{\"@type\":\"Organization\",\"@id\":\"https:\/\/blogdoere.com.br\/#organization\",\"name\":\"Blog do Er\u00ea\",\"url\":\"https:\/\/blogdoere.com.br\/\",\"logo\":{\"@type\":\"ImageObject\",\"inLanguage\":\"pt-PT\",\"@id\":\"https:\/\/blogdoere.com.br\/#\/schema\/logo\/image\/\",\"url\":\"https:\/\/blogdoere.com.br\/wp-content\/uploads\/2021\/11\/Logo-Ere-1.png\",\"contentUrl\":\"https:\/\/blogdoere.com.br\/wp-content\/uploads\/2021\/11\/Logo-Ere-1.png\",\"width\":1261,\"height\":1330,\"caption\":\"Blog do Er\u00ea\"},\"image\":{\"@id\":\"https:\/\/blogdoere.com.br\/#\/schema\/logo\/image\/\"}},{\"@type\":\"Person\",\"@id\":\"https:\/\/blogdoere.com.br\/#\/schema\/person\/c4f6d566a44c7bacdda563667715d18b\",\"name\":\"blogdoere@hotmail.com\",\"image\":{\"@type\":\"ImageObject\",\"inLanguage\":\"pt-PT\",\"@id\":\"https:\/\/blogdoere.com.br\/#\/schema\/person\/image\/\",\"url\":\"https:\/\/secure.gravatar.com\/avatar\/5684bd39df1289cb639b4ab539d6fcad69420e4a29521548fc078c58ed122fe6?s=96&d=mm&r=g\",\"contentUrl\":\"https:\/\/secure.gravatar.com\/avatar\/5684bd39df1289cb639b4ab539d6fcad69420e4a29521548fc078c58ed122fe6?s=96&d=mm&r=g\",\"caption\":\"blogdoere@hotmail.com\"},\"sameAs\":[\"http:\/\/blogdoere.com.br\"]}]}<\/script>\n<!-- \/ Yoast SEO plugin. -->","yoast_head_json":{"title":"SENADORA LIDICE DA MATA PARABENIZA GILKA BADAR\u00d3 - blog do er\u00ea","robots":{"index":"index","follow":"follow","max-snippet":"max-snippet:-1","max-image-preview":"max-image-preview:large","max-video-preview":"max-video-preview:-1"},"canonical":"https:\/\/blogdoere.com.br\/?p=26859","og_locale":"pt_PT","og_type":"article","og_title":"SENADORA LIDICE DA MATA PARABENIZA GILKA BADAR\u00d3 - blog do er\u00ea","og_description":"&#8220;Um grande abra\u00e7o e votos de muitas felicidades para nossa companheira de partido a prefeita de Itaju\u00edpe, Gilka Badar\u00f3, que est\u00e1 aniversariando hoje 18 de maio&#8221;. &#8211; Postou &nbsp;a Senadora...","og_url":"https:\/\/blogdoere.com.br\/?p=26859","og_site_name":"blog do er\u00ea","article_published_time":"2013-05-19T04:23:00+00:00","og_image":[{"url":"http:\/\/sphotos-d.ak.fbcdn.net\/hphotos-ak-ash3\/p480x480\/935460_513267155392977_1310617703_n.jpg"}],"author":"blogdoere@hotmail.com","twitter_card":"summary_large_image","twitter_misc":{"Escrito por":"blogdoere@hotmail.com"},"schema":{"@context":"https:\/\/schema.org","@graph":[{"@type":"Article","@id":"https:\/\/blogdoere.com.br\/?p=26859#article","isPartOf":{"@id":"https:\/\/blogdoere.com.br\/?p=26859"},"author":{"name":"blogdoere@hotmail.com","@id":"https:\/\/blogdoere.com.br\/#\/schema\/person\/c4f6d566a44c7bacdda563667715d18b"},"headline":"SENADORA LIDICE DA MATA PARABENIZA GILKA BADAR\u00d3","datePublished":"2013-05-19T04:23:00+00:00","dateModified":"2013-05-19T04:23:00+00:00","mainEntityOfPage":{"@id":"https:\/\/blogdoere.com.br\/?p=26859"},"wordCount":69,"commentCount":0,"publisher":{"@id":"https:\/\/blogdoere.com.br\/#organization"},"articleSection":["Destaques"],"inLanguage":"pt-PT","potentialAction":[{"@type":"CommentAction","name":"Comment","target":["https:\/\/blogdoere.com.br\/?p=26859#respond"]}]},{"@type":"WebPage","@id":"https:\/\/blogdoere.com.br\/?p=26859","url":"https:\/\/blogdoere.com.br\/?p=26859","name":"SENADORA LIDICE DA MATA PARABENIZA GILKA BADAR\u00d3 - blog do er\u00ea","isPartOf":{"@id":"https:\/\/blogdoere.com.br\/#website"},"datePublished":"2013-05-19T04:23:00+00:00","dateModified":"2013-05-19T04:23:00+00:00","breadcrumb":{"@id":"https:\/\/blogdoere.com.br\/?p=26859#breadcrumb"},"inLanguage":"pt-PT","potentialAction":[{"@type":"ReadAction","target":["https:\/\/blogdoere.com.br\/?p=26859"]}]},{"@type":"BreadcrumbList","@id":"https:\/\/blogdoere.com.br\/?p=26859#breadcrumb","itemListElement":[{"@type":"ListItem","position":1,"name":"In\u00edcio","item":"https:\/\/blogdoere.com.br\/"},{"@type":"ListItem","position":2,"name":"SENADORA LIDICE DA MATA PARABENIZA GILKA BADAR\u00d3"}]},{"@type":"WebSite","@id":"https:\/\/blogdoere.com.br\/#website","url":"https:\/\/blogdoere.com.br\/","name":"blog do er\u00ea","description":"","publisher":{"@id":"https:\/\/blogdoere.com.br\/#organization"},"potentialAction":[{"@type":"SearchAction","target":{"@type":"EntryPoint","urlTemplate":"https:\/\/blogdoere.com.br\/?s={search_term_string}"},"query-input":"required name=search_term_string"}],"inLanguage":"pt-PT"},{"@type":"Organization","@id":"https:\/\/blogdoere.com.br\/#organization","name":"Blog do Er\u00ea","url":"https:\/\/blogdoere.com.br\/","logo":{"@type":"ImageObject","inLanguage":"pt-PT","@id":"https:\/\/blogdoere.com.br\/#\/schema\/logo\/image\/","url":"https:\/\/blogdoere.com.br\/wp-content\/uploads\/2021\/11\/Logo-Ere-1.png","contentUrl":"https:\/\/blogdoere.com.br\/wp-content\/uploads\/2021\/11\/Logo-Ere-1.png","width":1261,"height":1330,"caption":"Blog do Er\u00ea"},"image":{"@id":"https:\/\/blogdoere.com.br\/#\/schema\/logo\/image\/"}},{"@type":"Person","@id":"https:\/\/blogdoere.com.br\/#\/schema\/person\/c4f6d566a44c7bacdda563667715d18b","name":"blogdoere@hotmail.com","image":{"@type":"ImageObject","inLanguage":"pt-PT","@id":"https:\/\/blogdoere.com.br\/#\/schema\/person\/image\/","url":"https:\/\/secure.gravatar.com\/avatar\/5684bd39df1289cb639b4ab539d6fcad69420e4a29521548fc078c58ed122fe6?s=96&d=mm&r=g","contentUrl":"https:\/\/secure.gravatar.com\/avatar\/5684bd39df1289cb639b4ab539d6fcad69420e4a29521548fc078c58ed122fe6?s=96&d=mm&r=g","caption":"blogdoere@hotmail.com"},"sameAs":["http:\/\/blogdoere.com.br"]}]}},"featured_image_urls":{"full":"","thumbnail":"","medium":"","medium_large":"","large":"","1536x1536":"","2048x2048":""},"author_info":{"display_name":"blogdoere@hotmail.com","author_link":"https:\/\/blogdoere.com.br\/?author=1"},"category_info":"<a href=\"https:\/\/blogdoere.com.br\/?cat=1\" rel=\"category\">Destaques<\/a>","tag_info":"Destaques","comment_count":"0","_links":{"self":[{"href":"https:\/\/blogdoere.com.br\/index.php?rest_route=\/wp\/v2\/posts\/26859","targetHints":{"allow":["GET"]}}],"collection":[{"href":"https:\/\/blogdoere.com.br\/index.php?rest_route=\/wp\/v2\/posts"}],"about":[{"href":"https:\/\/blogdoere.com.br\/index.php?rest_route=\/wp\/v2\/types\/post"}],"author":[{"embeddable":true,"href":"https:\/\/blogdoere.com.br\/index.php?rest_route=\/wp\/v2\/users\/1"}],"replies":[{"embeddable":true,"href":"https:\/\/blogdoere.com.br\/index.php?rest_route=%2Fwp%2Fv2%2Fcomments&post=26859"}],"version-history":[{"count":0,"href":"https:\/\/blogdoere.com.br\/index.php?rest_route=\/wp\/v2\/posts\/26859\/revisions"}],"wp:attachment":[{"href":"https:\/\/blogdoere.com.br\/index.php?rest_route=%2Fwp%2Fv2%2Fmedia&parent=26859"}],"wp:term":[{"taxonomy":"category","embeddable":true,"href":"https:\/\/blogdoere.com.br\/index.php?rest_route=%2Fwp%2Fv2%2Fcategories&post=26859"},{"taxonomy":"post_tag","embeddable":true,"href":"https:\/\/blogdoere.com.br\/index.php?rest_route=%2Fwp%2Fv2%2Ftags&post=26859"}],"curies":[{"name":"wp","href":"https:\/\/api.w.org\/{rel}","templated":true}]}}