{"id":26865,"date":"2013-05-16T23:28:00","date_gmt":"2013-05-16T23:28:00","guid":{"rendered":"http:\/\/blogdoere.com.br\/?p=26865"},"modified":"2013-05-16T23:28:00","modified_gmt":"2013-05-16T23:28:00","slug":"carlos-amorim-assume-divulgacao-do-cantor-mario-ghanna","status":"publish","type":"post","link":"https:\/\/blogdoere.com.br\/?p=26865","title":{"rendered":"CARLOS AMORIM ASSUME DIVULGA\u00c7\u00c3O DO CANTOR M\u00c1RIO GHANNA."},"content":{"rendered":"<div style=\"clear: both; text-align: center;\"><\/div>\n<table cellpadding=\"0\" cellspacing=\"0\" style=\"margin-left: auto; margin-right: auto; text-align: justify;\">\n<tbody>\n<tr>\n<td style=\"text-align: center;\"><img decoding=\"async\" height=\"300\" src=\"http:\/\/sphotos-b.ak.fbcdn.net\/hphotos-ak-ash4\/487496_338350522933986_1059028177_n.jpg\" style=\"margin-left: auto; margin-right: auto;\" width=\"400\" \/><br \/><span style=\"color: red; font-family: Arial, Helvetica, sans-serif;\">Carlos Amorim com Sabrina Sato<\/span><\/p>\n<div style=\"text-align: justify;\"><\/div>\n<\/td>\n<\/tr>\n<\/tbody>\n<\/table>\n<div style=\"text-align: justify;\">\n<div><span style=\"font-size: 18.0pt;\">O renomado produtor musical &nbsp;Carlos Amorim assumiu as \u00e1reas comercial e de divulga\u00e7\u00e3o do cantor Mario Ghanna (foto). A parceria firmada tem como objetivo promover o artista na m\u00eddia especializada e&nbsp; contratantes de shows. A partir de agora Amorim vai ampliar a agenda do cantor e inseri-lo em pra\u00e7as que o artista n\u00e3o teve seu trabalho divulgado. &#8220;Trata-se de um projeto inovador, no qual vamos tentar promov\u00ea-lo tanto no cen\u00e1rio pop rock, como de MPB, j\u00e1 que a sonoridade dele \u00e9 bem ecl\u00e9tica. Isso \u00e9 algo positivo, j\u00e1 que amplia nossa \u00e1rea de atua\u00e7\u00e3o tamb\u00e9m&#8221; &#8211; comenta Amorim.<o:p><\/o:p><\/span><\/div>\n<\/div>\n<div style=\"text-align: justify;\"><\/div>\n<p>&nbsp; &nbsp; &nbsp; &nbsp; &nbsp; &nbsp; &nbsp; &nbsp; &nbsp; &nbsp; &nbsp; &nbsp; &nbsp; &nbsp; &nbsp; &nbsp;.<img decoding=\"async\" height=\"265\" src=\"http:\/\/anoticia.rbsdirect.com.br\/imagesrc\/14723017.jpg?w=620\" width=\"400\" \/><\/p>\n<p><\/p>\n<div style=\"text-align: justify;\"><span style=\"font-family: Arial, Helvetica, sans-serif;\"><br \/><\/span><\/div>\n<div style=\"text-align: justify;\">\n<\/div>\n","protected":false},"excerpt":{"rendered":"<p>Carlos Amorim com Sabrina Sato O renomado produtor musical &nbsp;Carlos Amorim assumiu as \u00e1reas comercial e de divulga\u00e7\u00e3o do cantor Mario Ghanna (foto). A parceria firmada tem como objetivo promover&#8230;<\/p>\n","protected":false},"author":1,"featured_media":0,"comment_status":"open","ping_status":"open","sticky":false,"template":"","format":"standard","meta":{"_editorskit_title_hidden":false,"_editorskit_reading_time":0,"_editorskit_is_block_options_detached":false,"_editorskit_block_options_position":"{}","om_disable_all_campaigns":false,"_mi_skip_tracking":false,"_kad_post_transparent":"","_kad_post_title":"","_kad_post_layout":"","_kad_post_sidebar_id":"","_kad_post_content_style":"","_kad_post_vertical_padding":"","_kad_post_feature":"","_kad_post_feature_position":"","_kad_post_header":false,"_kad_post_footer":false,"footnotes":""},"categories":[59],"tags":[],"class_list":["post-26865","post","type-post","status-publish","format-standard","hentry","category-musica"],"yoast_head":"<!-- This site is optimized with the Yoast SEO plugin v20.5 - https:\/\/yoast.com\/wordpress\/plugins\/seo\/ -->\n<title>CARLOS AMORIM ASSUME DIVULGA\u00c7\u00c3O DO CANTOR M\u00c1RIO GHANNA. - blog do er\u00ea<\/title>\n<meta name=\"robots\" content=\"index, follow, max-snippet:-1, max-image-preview:large, max-video-preview:-1\" \/>\n<link rel=\"canonical\" href=\"https:\/\/blogdoere.com.br\/?p=26865\" \/>\n<meta property=\"og:locale\" content=\"pt_PT\" \/>\n<meta property=\"og:type\" content=\"article\" \/>\n<meta property=\"og:title\" content=\"CARLOS AMORIM ASSUME DIVULGA\u00c7\u00c3O DO CANTOR M\u00c1RIO GHANNA. - blog do er\u00ea\" \/>\n<meta property=\"og:description\" content=\"Carlos Amorim com Sabrina Sato O renomado produtor musical &nbsp;Carlos Amorim assumiu as \u00e1reas comercial e de divulga\u00e7\u00e3o do cantor Mario Ghanna (foto). A parceria firmada tem como objetivo promover...\" \/>\n<meta property=\"og:url\" content=\"https:\/\/blogdoere.com.br\/?p=26865\" \/>\n<meta property=\"og:site_name\" content=\"blog do er\u00ea\" \/>\n<meta property=\"article:published_time\" content=\"2013-05-16T23:28:00+00:00\" \/>\n<meta property=\"og:image\" content=\"http:\/\/sphotos-b.ak.fbcdn.net\/hphotos-ak-ash4\/487496_338350522933986_1059028177_n.jpg\" \/>\n<meta name=\"author\" content=\"blogdoere@hotmail.com\" \/>\n<meta name=\"twitter:card\" content=\"summary_large_image\" \/>\n<meta name=\"twitter:label1\" content=\"Escrito por\" \/>\n\t<meta name=\"twitter:data1\" content=\"blogdoere@hotmail.com\" \/>\n\t<meta name=\"twitter:label2\" content=\"Tempo estimado de leitura\" \/>\n\t<meta name=\"twitter:data2\" content=\"1 minuto\" \/>\n<script type=\"application\/ld+json\" class=\"yoast-schema-graph\">{\"@context\":\"https:\/\/schema.org\",\"@graph\":[{\"@type\":\"Article\",\"@id\":\"https:\/\/blogdoere.com.br\/?p=26865#article\",\"isPartOf\":{\"@id\":\"https:\/\/blogdoere.com.br\/?p=26865\"},\"author\":{\"name\":\"blogdoere@hotmail.com\",\"@id\":\"https:\/\/blogdoere.com.br\/#\/schema\/person\/c4f6d566a44c7bacdda563667715d18b\"},\"headline\":\"CARLOS AMORIM ASSUME DIVULGA\u00c7\u00c3O DO CANTOR M\u00c1RIO GHANNA.\",\"datePublished\":\"2013-05-16T23:28:00+00:00\",\"dateModified\":\"2013-05-16T23:28:00+00:00\",\"mainEntityOfPage\":{\"@id\":\"https:\/\/blogdoere.com.br\/?p=26865\"},\"wordCount\":138,\"commentCount\":0,\"publisher\":{\"@id\":\"https:\/\/blogdoere.com.br\/#organization\"},\"articleSection\":[\"M\u00fasica\"],\"inLanguage\":\"pt-PT\",\"potentialAction\":[{\"@type\":\"CommentAction\",\"name\":\"Comment\",\"target\":[\"https:\/\/blogdoere.com.br\/?p=26865#respond\"]}]},{\"@type\":\"WebPage\",\"@id\":\"https:\/\/blogdoere.com.br\/?p=26865\",\"url\":\"https:\/\/blogdoere.com.br\/?p=26865\",\"name\":\"CARLOS AMORIM ASSUME DIVULGA\u00c7\u00c3O DO CANTOR M\u00c1RIO GHANNA. - blog do er\u00ea\",\"isPartOf\":{\"@id\":\"https:\/\/blogdoere.com.br\/#website\"},\"datePublished\":\"2013-05-16T23:28:00+00:00\",\"dateModified\":\"2013-05-16T23:28:00+00:00\",\"breadcrumb\":{\"@id\":\"https:\/\/blogdoere.com.br\/?p=26865#breadcrumb\"},\"inLanguage\":\"pt-PT\",\"potentialAction\":[{\"@type\":\"ReadAction\",\"target\":[\"https:\/\/blogdoere.com.br\/?p=26865\"]}]},{\"@type\":\"BreadcrumbList\",\"@id\":\"https:\/\/blogdoere.com.br\/?p=26865#breadcrumb\",\"itemListElement\":[{\"@type\":\"ListItem\",\"position\":1,\"name\":\"In\u00edcio\",\"item\":\"https:\/\/blogdoere.com.br\/\"},{\"@type\":\"ListItem\",\"position\":2,\"name\":\"CARLOS AMORIM ASSUME DIVULGA\u00c7\u00c3O DO CANTOR M\u00c1RIO GHANNA.\"}]},{\"@type\":\"WebSite\",\"@id\":\"https:\/\/blogdoere.com.br\/#website\",\"url\":\"https:\/\/blogdoere.com.br\/\",\"name\":\"blog do er\u00ea\",\"description\":\"\",\"publisher\":{\"@id\":\"https:\/\/blogdoere.com.br\/#organization\"},\"potentialAction\":[{\"@type\":\"SearchAction\",\"target\":{\"@type\":\"EntryPoint\",\"urlTemplate\":\"https:\/\/blogdoere.com.br\/?s={search_term_string}\"},\"query-input\":\"required name=search_term_string\"}],\"inLanguage\":\"pt-PT\"},{\"@type\":\"Organization\",\"@id\":\"https:\/\/blogdoere.com.br\/#organization\",\"name\":\"Blog do Er\u00ea\",\"url\":\"https:\/\/blogdoere.com.br\/\",\"logo\":{\"@type\":\"ImageObject\",\"inLanguage\":\"pt-PT\",\"@id\":\"https:\/\/blogdoere.com.br\/#\/schema\/logo\/image\/\",\"url\":\"https:\/\/blogdoere.com.br\/wp-content\/uploads\/2021\/11\/Logo-Ere-1.png\",\"contentUrl\":\"https:\/\/blogdoere.com.br\/wp-content\/uploads\/2021\/11\/Logo-Ere-1.png\",\"width\":1261,\"height\":1330,\"caption\":\"Blog do Er\u00ea\"},\"image\":{\"@id\":\"https:\/\/blogdoere.com.br\/#\/schema\/logo\/image\/\"}},{\"@type\":\"Person\",\"@id\":\"https:\/\/blogdoere.com.br\/#\/schema\/person\/c4f6d566a44c7bacdda563667715d18b\",\"name\":\"blogdoere@hotmail.com\",\"image\":{\"@type\":\"ImageObject\",\"inLanguage\":\"pt-PT\",\"@id\":\"https:\/\/blogdoere.com.br\/#\/schema\/person\/image\/\",\"url\":\"https:\/\/secure.gravatar.com\/avatar\/5684bd39df1289cb639b4ab539d6fcad69420e4a29521548fc078c58ed122fe6?s=96&d=mm&r=g\",\"contentUrl\":\"https:\/\/secure.gravatar.com\/avatar\/5684bd39df1289cb639b4ab539d6fcad69420e4a29521548fc078c58ed122fe6?s=96&d=mm&r=g\",\"caption\":\"blogdoere@hotmail.com\"},\"sameAs\":[\"http:\/\/blogdoere.com.br\"]}]}<\/script>\n<!-- \/ Yoast SEO plugin. -->","yoast_head_json":{"title":"CARLOS AMORIM ASSUME DIVULGA\u00c7\u00c3O DO CANTOR M\u00c1RIO GHANNA. - blog do er\u00ea","robots":{"index":"index","follow":"follow","max-snippet":"max-snippet:-1","max-image-preview":"max-image-preview:large","max-video-preview":"max-video-preview:-1"},"canonical":"https:\/\/blogdoere.com.br\/?p=26865","og_locale":"pt_PT","og_type":"article","og_title":"CARLOS AMORIM ASSUME DIVULGA\u00c7\u00c3O DO CANTOR M\u00c1RIO GHANNA. - blog do er\u00ea","og_description":"Carlos Amorim com Sabrina Sato O renomado produtor musical &nbsp;Carlos Amorim assumiu as \u00e1reas comercial e de divulga\u00e7\u00e3o do cantor Mario Ghanna (foto). A parceria firmada tem como objetivo promover...","og_url":"https:\/\/blogdoere.com.br\/?p=26865","og_site_name":"blog do er\u00ea","article_published_time":"2013-05-16T23:28:00+00:00","og_image":[{"url":"http:\/\/sphotos-b.ak.fbcdn.net\/hphotos-ak-ash4\/487496_338350522933986_1059028177_n.jpg"}],"author":"blogdoere@hotmail.com","twitter_card":"summary_large_image","twitter_misc":{"Escrito por":"blogdoere@hotmail.com","Tempo estimado de leitura":"1 minuto"},"schema":{"@context":"https:\/\/schema.org","@graph":[{"@type":"Article","@id":"https:\/\/blogdoere.com.br\/?p=26865#article","isPartOf":{"@id":"https:\/\/blogdoere.com.br\/?p=26865"},"author":{"name":"blogdoere@hotmail.com","@id":"https:\/\/blogdoere.com.br\/#\/schema\/person\/c4f6d566a44c7bacdda563667715d18b"},"headline":"CARLOS AMORIM ASSUME DIVULGA\u00c7\u00c3O DO CANTOR M\u00c1RIO GHANNA.","datePublished":"2013-05-16T23:28:00+00:00","dateModified":"2013-05-16T23:28:00+00:00","mainEntityOfPage":{"@id":"https:\/\/blogdoere.com.br\/?p=26865"},"wordCount":138,"commentCount":0,"publisher":{"@id":"https:\/\/blogdoere.com.br\/#organization"},"articleSection":["M\u00fasica"],"inLanguage":"pt-PT","potentialAction":[{"@type":"CommentAction","name":"Comment","target":["https:\/\/blogdoere.com.br\/?p=26865#respond"]}]},{"@type":"WebPage","@id":"https:\/\/blogdoere.com.br\/?p=26865","url":"https:\/\/blogdoere.com.br\/?p=26865","name":"CARLOS AMORIM ASSUME DIVULGA\u00c7\u00c3O DO CANTOR M\u00c1RIO GHANNA. - blog do er\u00ea","isPartOf":{"@id":"https:\/\/blogdoere.com.br\/#website"},"datePublished":"2013-05-16T23:28:00+00:00","dateModified":"2013-05-16T23:28:00+00:00","breadcrumb":{"@id":"https:\/\/blogdoere.com.br\/?p=26865#breadcrumb"},"inLanguage":"pt-PT","potentialAction":[{"@type":"ReadAction","target":["https:\/\/blogdoere.com.br\/?p=26865"]}]},{"@type":"BreadcrumbList","@id":"https:\/\/blogdoere.com.br\/?p=26865#breadcrumb","itemListElement":[{"@type":"ListItem","position":1,"name":"In\u00edcio","item":"https:\/\/blogdoere.com.br\/"},{"@type":"ListItem","position":2,"name":"CARLOS AMORIM ASSUME DIVULGA\u00c7\u00c3O DO CANTOR M\u00c1RIO GHANNA."}]},{"@type":"WebSite","@id":"https:\/\/blogdoere.com.br\/#website","url":"https:\/\/blogdoere.com.br\/","name":"blog do er\u00ea","description":"","publisher":{"@id":"https:\/\/blogdoere.com.br\/#organization"},"potentialAction":[{"@type":"SearchAction","target":{"@type":"EntryPoint","urlTemplate":"https:\/\/blogdoere.com.br\/?s={search_term_string}"},"query-input":"required name=search_term_string"}],"inLanguage":"pt-PT"},{"@type":"Organization","@id":"https:\/\/blogdoere.com.br\/#organization","name":"Blog do Er\u00ea","url":"https:\/\/blogdoere.com.br\/","logo":{"@type":"ImageObject","inLanguage":"pt-PT","@id":"https:\/\/blogdoere.com.br\/#\/schema\/logo\/image\/","url":"https:\/\/blogdoere.com.br\/wp-content\/uploads\/2021\/11\/Logo-Ere-1.png","contentUrl":"https:\/\/blogdoere.com.br\/wp-content\/uploads\/2021\/11\/Logo-Ere-1.png","width":1261,"height":1330,"caption":"Blog do Er\u00ea"},"image":{"@id":"https:\/\/blogdoere.com.br\/#\/schema\/logo\/image\/"}},{"@type":"Person","@id":"https:\/\/blogdoere.com.br\/#\/schema\/person\/c4f6d566a44c7bacdda563667715d18b","name":"blogdoere@hotmail.com","image":{"@type":"ImageObject","inLanguage":"pt-PT","@id":"https:\/\/blogdoere.com.br\/#\/schema\/person\/image\/","url":"https:\/\/secure.gravatar.com\/avatar\/5684bd39df1289cb639b4ab539d6fcad69420e4a29521548fc078c58ed122fe6?s=96&d=mm&r=g","contentUrl":"https:\/\/secure.gravatar.com\/avatar\/5684bd39df1289cb639b4ab539d6fcad69420e4a29521548fc078c58ed122fe6?s=96&d=mm&r=g","caption":"blogdoere@hotmail.com"},"sameAs":["http:\/\/blogdoere.com.br"]}]}},"featured_image_urls":{"full":"","thumbnail":"","medium":"","medium_large":"","large":"","1536x1536":"","2048x2048":""},"author_info":{"display_name":"blogdoere@hotmail.com","author_link":"https:\/\/blogdoere.com.br\/?author=1"},"category_info":"<a href=\"https:\/\/blogdoere.com.br\/?cat=59\" rel=\"category\">M\u00fasica<\/a>","tag_info":"M\u00fasica","comment_count":"0","_links":{"self":[{"href":"https:\/\/blogdoere.com.br\/index.php?rest_route=\/wp\/v2\/posts\/26865","targetHints":{"allow":["GET"]}}],"collection":[{"href":"https:\/\/blogdoere.com.br\/index.php?rest_route=\/wp\/v2\/posts"}],"about":[{"href":"https:\/\/blogdoere.com.br\/index.php?rest_route=\/wp\/v2\/types\/post"}],"author":[{"embeddable":true,"href":"https:\/\/blogdoere.com.br\/index.php?rest_route=\/wp\/v2\/users\/1"}],"replies":[{"embeddable":true,"href":"https:\/\/blogdoere.com.br\/index.php?rest_route=%2Fwp%2Fv2%2Fcomments&post=26865"}],"version-history":[{"count":0,"href":"https:\/\/blogdoere.com.br\/index.php?rest_route=\/wp\/v2\/posts\/26865\/revisions"}],"wp:attachment":[{"href":"https:\/\/blogdoere.com.br\/index.php?rest_route=%2Fwp%2Fv2%2Fmedia&parent=26865"}],"wp:term":[{"taxonomy":"category","embeddable":true,"href":"https:\/\/blogdoere.com.br\/index.php?rest_route=%2Fwp%2Fv2%2Fcategories&post=26865"},{"taxonomy":"post_tag","embeddable":true,"href":"https:\/\/blogdoere.com.br\/index.php?rest_route=%2Fwp%2Fv2%2Ftags&post=26865"}],"curies":[{"name":"wp","href":"https:\/\/api.w.org\/{rel}","templated":true}]}}