{"id":26866,"date":"2013-05-16T04:22:00","date_gmt":"2013-05-16T04:22:00","guid":{"rendered":"http:\/\/blogdoere.com.br\/?p=26866"},"modified":"2013-05-16T04:22:00","modified_gmt":"2013-05-16T04:22:00","slug":"mario-ghanna-se-divide-entre-a-musica-e-o-trabalho-como-procurador-do-mpf","status":"publish","type":"post","link":"https:\/\/blogdoere.com.br\/?p=26866","title":{"rendered":"MARIO GHANNA SE DIVIDE ENTRE A M\u00daSICA E O TRABALHO COMO PROCURADOR DO MPF"},"content":{"rendered":"<div style=\"clear: both; text-align: center;\"><\/div>\n<div style=\"margin-left: 1em; margin-right: 1em;\"><img decoding=\"async\" alt=\"Caras de Joinville: Mario Ghanna se divide entre a m\u00fasica e o trabalho como procurador do MPF Leo Munhoz\/Agencia RBS\" height=\"265\" src=\"http:\/\/anoticia.rbsdirect.com.br\/imagesrc\/14723017.jpg?w=620\" width=\"400\" \/><\/div>\n<div style=\"margin-left: 1em; margin-right: 1em;\"><span style=\"background-color: white; color: #333333; font-family: georgia; font-size: 16px; line-height: 23px; text-align: start;\"><br \/><\/span><\/div>\n<div style=\"margin-left: 1em; margin-right: 1em; text-align: justify;\"><span style=\"background-color: white; color: #333333; font-family: georgia; font-size: 16px; line-height: 23px; text-align: start;\">Dizem que todos temos um lado B, mas no caso do cantor e procurador da Rep\u00fablica do Minist\u00e9rio P\u00fablico Federal em Joinville, M\u00e1rio S\u00e9rgio Ghannag\u00e9 Barbosa, fica dif\u00edcil definir. Afinal, o que veio primeiro, a paix\u00e3o pela m\u00fasica ou pelo direito?<\/span><\/div>\n<div style=\"text-align: justify;\"><span style=\"color: #333333; font-family: georgia; line-height: 23px;\"><br \/><\/span><\/div>\n<p><span style=\"background-color: white; color: #333333; font-family: georgia; font-size: 16px; line-height: 23px; text-align: start;\"><\/p>\n<div style=\"text-align: justify;\">Segundo ele, o amor pela m\u00fasica surgiu na inf\u00e2ncia. Filho de pianista, com 12 anos M\u00e1rio come\u00e7ou a estudar em um conservat\u00f3rio em Tatu\u00ed, interior de S\u00e3o Paulo, pr\u00f3ximo \u00e0 cidade natal, Sorocaba.&nbsp;<\/div>\n<p><\/span><\/p>\n<div style=\"text-align: justify;\"><span style=\"color: #333333; font-family: georgia; line-height: 23px;\"><br \/><\/span><\/div>\n<p><span style=\"background-color: white; color: #333333; font-family: georgia; font-size: 16px; line-height: 23px; text-align: start;\"><\/p>\n<div style=\"text-align: justify;\">\u2014 Acordava ouvindo meu pai tocar, ent\u00e3o o gosto pela m\u00fasica come\u00e7ou muito cedo. Comecei tocando viol\u00e3o, principalmente MPB e bossa nova \u2014, lembra.<\/div>\n<p><\/span><\/p>\n<div style=\"text-align: justify;\"><span style=\"color: #333333; font-family: georgia; line-height: 23px;\"><br \/><\/span><\/div>\n<p><span style=\"background-color: white; color: #333333; font-family: georgia; font-size: 16px; line-height: 23px; text-align: start;\"><\/p>\n<div style=\"text-align: justify;\">Com 18 anos, na hora do vestibular, a m\u00fasica acabou ficando em segundo plano.&nbsp;<\/div>\n<p><\/span><\/p>\n<div style=\"text-align: justify;\"><span style=\"color: #333333; font-family: georgia; line-height: 23px;\"><br \/><\/span><\/div>\n<p><span style=\"background-color: white; color: #333333; font-family: georgia; font-size: 16px; line-height: 23px; text-align: start;\"><\/p>\n<div style=\"text-align: justify;\">\u2014 Cheguei a pensar em fazer o curso de m\u00fasica, mas dada a dificuldade de ser m\u00fasico instrumental no Brasil, optei pelo direito \u2014, conta.<\/div>\n<p><\/span><\/p>\n<div style=\"text-align: justify;\"><span style=\"color: #333333; font-family: georgia; line-height: 23px;\"><br \/><\/span><\/div>\n<p><span style=\"background-color: white; color: #333333; font-family: georgia; font-size: 16px; line-height: 23px; text-align: start;\"><\/p>\n<div style=\"text-align: justify;\">Paralelamente, M\u00e1rio sempre deu continuidade aos estudos de m\u00fasica e chegou a estudar blues e jazz por um ano e meio na universidade de Berkeley, em Boston, nos Estados Unidos. Mas foi s\u00f3 no ano passado que M\u00e1rio S\u00e9rgio, que atua na procuradoria h\u00e1 oito anos, cinco deles em Joinville, se lan\u00e7ou no mercado da m\u00fasica profissionalmente, lan\u00e7ando o CD &#8220;Xadrez Urbano&#8221;.<\/div>\n<p><\/span><\/p>\n<div style=\"text-align: justify;\"><span style=\"color: #333333; font-family: georgia; line-height: 23px;\"><br \/><\/span><\/div>\n<p><span style=\"background-color: white; color: #333333; font-family: georgia; font-size: 16px; line-height: 23px; text-align: start;\"><\/p>\n<div style=\"text-align: justify;\">O \u00e1lbum \u00e9 um trabalho autoral, com m\u00fasicas compostas por ele, algumas em parceria com m\u00fasicos da banda, inspiradas em viv\u00eancias pessoais e situa\u00e7\u00f5es cotidianas, muitas relacionadas ao trabalho como procurador federal. Mas M\u00e1rio procura separar bem as duas atividades.&nbsp;<\/div>\n<p><\/span><\/p>\n<div style=\"text-align: justify;\"><span style=\"color: #333333; font-family: georgia; line-height: 23px;\"><br \/><\/span><\/div>\n<p><span style=\"background-color: white; color: #333333; font-family: georgia; font-size: 16px; line-height: 23px; text-align: start;\"><\/p>\n<div style=\"text-align: justify;\">\u2014 Quando um m\u00fasico tem outra profiss\u00e3o, \u00e9 comum as pessoas pensarem que, para ele, a m\u00fasica \u00e9 apenas um hobby \u2014, justifica.&nbsp;<\/div>\n<p><\/span><\/p>\n<div style=\"text-align: justify;\"><span style=\"color: #333333; font-family: georgia; line-height: 23px;\"><br \/><\/span><\/div>\n<p><span style=\"background-color: white; color: #333333; font-family: georgia; font-size: 16px; line-height: 23px; text-align: start;\"><\/p>\n<div style=\"text-align: justify;\">Ele inclusive adotou um nome art\u00edstico: quando m\u00fasico, \u00e9 Mario Ghanna. J\u00e1 na procuradoria, ele assina M\u00e1rio S\u00e9rgio Barbosa. E o m\u00fasico-procurador vem conquistando vit\u00f3rias nos tribunais e nos palcos.&nbsp;<\/div>\n<p><\/span><\/p>\n<div style=\"text-align: justify;\"><span style=\"color: #333333; font-family: georgia; line-height: 23px;\"><br \/><\/span><\/div>\n<p><span style=\"background-color: white; color: #333333; font-family: georgia; font-size: 16px; line-height: 23px; text-align: start;\"><\/p>\n<div style=\"text-align: justify;\">Pelo menos duas faixas de seu CD, &#8220;\u00c9 Cedo&#8221; e &#8220;M\u00e3os ao Alto&#8221;, j\u00e1 tocam nas r\u00e1dios de Santa Catarina, Paran\u00e1, Minas Gerais e S\u00e3o Paulo. Al\u00e9m disso, o m\u00fasico deve lan\u00e7ar ainda neste m\u00eas quatro novas can\u00e7\u00f5es.<\/div>\n<p><\/span><\/p>\n<div style=\"text-align: justify;\"><span style=\"color: #333333; font-family: georgia; line-height: 23px;\"><br \/><\/span><\/div>\n<p><span style=\"background-color: white; color: #333333; font-family: georgia; font-size: 16px; line-height: 23px; text-align: start;\"><\/p>\n<div style=\"text-align: justify;\">No repert\u00f3rio, m\u00fasicas que mesclam suas principais influ\u00eancias: MPB, bossa nova, blues e jazz. &#8220;Introduzimos no show o baixo ac\u00fastico, o surdo e o pandeiro, para dar um toque mais brasileiro&#8221;. Tudo acrescido de uma pitada de cr\u00edtica social.<\/div>\n<p><\/span><\/p>\n<div style=\"text-align: justify;\"><span style=\"color: #333333; font-family: georgia; line-height: 23px;\"><br \/><\/span><\/div>\n<p><span style=\"background-color: white; color: #333333; font-family: georgia; font-size: 16px; line-height: 23px; text-align: start;\"><\/p>\n<div style=\"text-align: justify;\">\u2014 As situa\u00e7\u00f5es que vivo na procuradoria s\u00e3o sempre uma inspira\u00e7\u00e3o. A m\u00fasica \u2018M\u00e3os ao Alto\u2019, por exemplo, escrevi depois de vivenciar uma situa\u00e7\u00e3o na regi\u00e3o, um pol\u00edtico que foi preso.&nbsp;<\/div>\n<p><\/span><\/p>\n<div style=\"text-align: justify;\"><span style=\"color: #333333; font-family: georgia; line-height: 23px;\"><br \/><\/span><\/div>\n<p><span style=\"background-color: white; color: #333333; font-family: georgia; font-size: 16px; line-height: 23px; text-align: start;\"><\/p>\n<div style=\"text-align: justify;\">Na ocasi\u00e3o, ele retrucou um policial que lhe disse &#8220;a sua casa caiu&#8221; afirmando, confiante, que dentro de um m\u00eas ningu\u00e9m mais lembraria daquilo.&nbsp;<\/div>\n<p><\/span><\/p>\n<div style=\"text-align: justify;\"><span style=\"color: #333333; font-family: georgia; line-height: 23px;\"><br \/><\/span><\/div>\n<p><span style=\"background-color: white; color: #333333; font-family: georgia; font-size: 16px; line-height: 23px; text-align: start;\"><\/p>\n<div style=\"text-align: justify;\">\u2014 A certeza da impunidade me indignou e acabou inspirando a m\u00fasica \u2014, revela. Informa\u00e7\u00e3o A Noticia.&nbsp;<\/div>\n<p><\/span><\/p>\n<div style=\"margin-left: 1em; margin-right: 1em; text-align: justify;\"><\/div>\n<p><\/p>\n","protected":false},"excerpt":{"rendered":"<p>Dizem que todos temos um lado B, mas no caso do cantor e procurador da Rep\u00fablica do Minist\u00e9rio P\u00fablico Federal em Joinville, M\u00e1rio S\u00e9rgio Ghannag\u00e9 Barbosa, fica dif\u00edcil definir. Afinal,&#8230;<\/p>\n","protected":false},"author":1,"featured_media":0,"comment_status":"open","ping_status":"open","sticky":false,"template":"","format":"standard","meta":{"_editorskit_title_hidden":false,"_editorskit_reading_time":0,"_editorskit_is_block_options_detached":false,"_editorskit_block_options_position":"{}","om_disable_all_campaigns":false,"_mi_skip_tracking":false,"_kad_post_transparent":"","_kad_post_title":"","_kad_post_layout":"","_kad_post_sidebar_id":"","_kad_post_content_style":"","_kad_post_vertical_padding":"","_kad_post_feature":"","_kad_post_feature_position":"","_kad_post_header":false,"_kad_post_footer":false,"footnotes":""},"categories":[1],"tags":[],"class_list":["post-26866","post","type-post","status-publish","format-standard","hentry","category-destaques"],"yoast_head":"<!-- This site is optimized with the Yoast SEO plugin v20.5 - https:\/\/yoast.com\/wordpress\/plugins\/seo\/ -->\n<title>MARIO GHANNA SE DIVIDE ENTRE A M\u00daSICA E O TRABALHO COMO PROCURADOR DO MPF - blog do er\u00ea<\/title>\n<meta name=\"robots\" content=\"index, follow, max-snippet:-1, max-image-preview:large, max-video-preview:-1\" \/>\n<link rel=\"canonical\" href=\"https:\/\/blogdoere.com.br\/?p=26866\" \/>\n<meta property=\"og:locale\" content=\"pt_PT\" \/>\n<meta property=\"og:type\" content=\"article\" \/>\n<meta property=\"og:title\" content=\"MARIO GHANNA SE DIVIDE ENTRE A M\u00daSICA E O TRABALHO COMO PROCURADOR DO MPF - blog do er\u00ea\" \/>\n<meta property=\"og:description\" content=\"Dizem que todos temos um lado B, mas no caso do cantor e procurador da Rep\u00fablica do Minist\u00e9rio P\u00fablico Federal em Joinville, M\u00e1rio S\u00e9rgio Ghannag\u00e9 Barbosa, fica dif\u00edcil definir. Afinal,...\" \/>\n<meta property=\"og:url\" content=\"https:\/\/blogdoere.com.br\/?p=26866\" \/>\n<meta property=\"og:site_name\" content=\"blog do er\u00ea\" \/>\n<meta property=\"article:published_time\" content=\"2013-05-16T04:22:00+00:00\" \/>\n<meta property=\"og:image\" content=\"http:\/\/anoticia.rbsdirect.com.br\/imagesrc\/14723017.jpg?w=620\" \/>\n<meta name=\"author\" content=\"blogdoere@hotmail.com\" \/>\n<meta name=\"twitter:card\" content=\"summary_large_image\" \/>\n<meta name=\"twitter:label1\" content=\"Escrito por\" \/>\n\t<meta name=\"twitter:data1\" content=\"blogdoere@hotmail.com\" \/>\n\t<meta name=\"twitter:label2\" content=\"Tempo estimado de leitura\" \/>\n\t<meta name=\"twitter:data2\" content=\"3 minutos\" \/>\n<script type=\"application\/ld+json\" class=\"yoast-schema-graph\">{\"@context\":\"https:\/\/schema.org\",\"@graph\":[{\"@type\":\"Article\",\"@id\":\"https:\/\/blogdoere.com.br\/?p=26866#article\",\"isPartOf\":{\"@id\":\"https:\/\/blogdoere.com.br\/?p=26866\"},\"author\":{\"name\":\"blogdoere@hotmail.com\",\"@id\":\"https:\/\/blogdoere.com.br\/#\/schema\/person\/c4f6d566a44c7bacdda563667715d18b\"},\"headline\":\"MARIO GHANNA SE DIVIDE ENTRE A M\u00daSICA E O TRABALHO COMO PROCURADOR DO MPF\",\"datePublished\":\"2013-05-16T04:22:00+00:00\",\"dateModified\":\"2013-05-16T04:22:00+00:00\",\"mainEntityOfPage\":{\"@id\":\"https:\/\/blogdoere.com.br\/?p=26866\"},\"wordCount\":516,\"commentCount\":0,\"publisher\":{\"@id\":\"https:\/\/blogdoere.com.br\/#organization\"},\"articleSection\":[\"Destaques\"],\"inLanguage\":\"pt-PT\",\"potentialAction\":[{\"@type\":\"CommentAction\",\"name\":\"Comment\",\"target\":[\"https:\/\/blogdoere.com.br\/?p=26866#respond\"]}]},{\"@type\":\"WebPage\",\"@id\":\"https:\/\/blogdoere.com.br\/?p=26866\",\"url\":\"https:\/\/blogdoere.com.br\/?p=26866\",\"name\":\"MARIO GHANNA SE DIVIDE ENTRE A M\u00daSICA E O TRABALHO COMO PROCURADOR DO MPF - blog do er\u00ea\",\"isPartOf\":{\"@id\":\"https:\/\/blogdoere.com.br\/#website\"},\"datePublished\":\"2013-05-16T04:22:00+00:00\",\"dateModified\":\"2013-05-16T04:22:00+00:00\",\"breadcrumb\":{\"@id\":\"https:\/\/blogdoere.com.br\/?p=26866#breadcrumb\"},\"inLanguage\":\"pt-PT\",\"potentialAction\":[{\"@type\":\"ReadAction\",\"target\":[\"https:\/\/blogdoere.com.br\/?p=26866\"]}]},{\"@type\":\"BreadcrumbList\",\"@id\":\"https:\/\/blogdoere.com.br\/?p=26866#breadcrumb\",\"itemListElement\":[{\"@type\":\"ListItem\",\"position\":1,\"name\":\"In\u00edcio\",\"item\":\"https:\/\/blogdoere.com.br\/\"},{\"@type\":\"ListItem\",\"position\":2,\"name\":\"MARIO GHANNA SE DIVIDE ENTRE A M\u00daSICA E O TRABALHO COMO PROCURADOR DO MPF\"}]},{\"@type\":\"WebSite\",\"@id\":\"https:\/\/blogdoere.com.br\/#website\",\"url\":\"https:\/\/blogdoere.com.br\/\",\"name\":\"blog do er\u00ea\",\"description\":\"\",\"publisher\":{\"@id\":\"https:\/\/blogdoere.com.br\/#organization\"},\"potentialAction\":[{\"@type\":\"SearchAction\",\"target\":{\"@type\":\"EntryPoint\",\"urlTemplate\":\"https:\/\/blogdoere.com.br\/?s={search_term_string}\"},\"query-input\":\"required name=search_term_string\"}],\"inLanguage\":\"pt-PT\"},{\"@type\":\"Organization\",\"@id\":\"https:\/\/blogdoere.com.br\/#organization\",\"name\":\"Blog do Er\u00ea\",\"url\":\"https:\/\/blogdoere.com.br\/\",\"logo\":{\"@type\":\"ImageObject\",\"inLanguage\":\"pt-PT\",\"@id\":\"https:\/\/blogdoere.com.br\/#\/schema\/logo\/image\/\",\"url\":\"https:\/\/blogdoere.com.br\/wp-content\/uploads\/2021\/11\/Logo-Ere-1.png\",\"contentUrl\":\"https:\/\/blogdoere.com.br\/wp-content\/uploads\/2021\/11\/Logo-Ere-1.png\",\"width\":1261,\"height\":1330,\"caption\":\"Blog do Er\u00ea\"},\"image\":{\"@id\":\"https:\/\/blogdoere.com.br\/#\/schema\/logo\/image\/\"}},{\"@type\":\"Person\",\"@id\":\"https:\/\/blogdoere.com.br\/#\/schema\/person\/c4f6d566a44c7bacdda563667715d18b\",\"name\":\"blogdoere@hotmail.com\",\"image\":{\"@type\":\"ImageObject\",\"inLanguage\":\"pt-PT\",\"@id\":\"https:\/\/blogdoere.com.br\/#\/schema\/person\/image\/\",\"url\":\"https:\/\/secure.gravatar.com\/avatar\/5684bd39df1289cb639b4ab539d6fcad69420e4a29521548fc078c58ed122fe6?s=96&d=mm&r=g\",\"contentUrl\":\"https:\/\/secure.gravatar.com\/avatar\/5684bd39df1289cb639b4ab539d6fcad69420e4a29521548fc078c58ed122fe6?s=96&d=mm&r=g\",\"caption\":\"blogdoere@hotmail.com\"},\"sameAs\":[\"http:\/\/blogdoere.com.br\"]}]}<\/script>\n<!-- \/ Yoast SEO plugin. -->","yoast_head_json":{"title":"MARIO GHANNA SE DIVIDE ENTRE A M\u00daSICA E O TRABALHO COMO PROCURADOR DO MPF - blog do er\u00ea","robots":{"index":"index","follow":"follow","max-snippet":"max-snippet:-1","max-image-preview":"max-image-preview:large","max-video-preview":"max-video-preview:-1"},"canonical":"https:\/\/blogdoere.com.br\/?p=26866","og_locale":"pt_PT","og_type":"article","og_title":"MARIO GHANNA SE DIVIDE ENTRE A M\u00daSICA E O TRABALHO COMO PROCURADOR DO MPF - blog do er\u00ea","og_description":"Dizem que todos temos um lado B, mas no caso do cantor e procurador da Rep\u00fablica do Minist\u00e9rio P\u00fablico Federal em Joinville, M\u00e1rio S\u00e9rgio Ghannag\u00e9 Barbosa, fica dif\u00edcil definir. Afinal,...","og_url":"https:\/\/blogdoere.com.br\/?p=26866","og_site_name":"blog do er\u00ea","article_published_time":"2013-05-16T04:22:00+00:00","og_image":[{"url":"http:\/\/anoticia.rbsdirect.com.br\/imagesrc\/14723017.jpg?w=620"}],"author":"blogdoere@hotmail.com","twitter_card":"summary_large_image","twitter_misc":{"Escrito por":"blogdoere@hotmail.com","Tempo estimado de leitura":"3 minutos"},"schema":{"@context":"https:\/\/schema.org","@graph":[{"@type":"Article","@id":"https:\/\/blogdoere.com.br\/?p=26866#article","isPartOf":{"@id":"https:\/\/blogdoere.com.br\/?p=26866"},"author":{"name":"blogdoere@hotmail.com","@id":"https:\/\/blogdoere.com.br\/#\/schema\/person\/c4f6d566a44c7bacdda563667715d18b"},"headline":"MARIO GHANNA SE DIVIDE ENTRE A M\u00daSICA E O TRABALHO COMO PROCURADOR DO MPF","datePublished":"2013-05-16T04:22:00+00:00","dateModified":"2013-05-16T04:22:00+00:00","mainEntityOfPage":{"@id":"https:\/\/blogdoere.com.br\/?p=26866"},"wordCount":516,"commentCount":0,"publisher":{"@id":"https:\/\/blogdoere.com.br\/#organization"},"articleSection":["Destaques"],"inLanguage":"pt-PT","potentialAction":[{"@type":"CommentAction","name":"Comment","target":["https:\/\/blogdoere.com.br\/?p=26866#respond"]}]},{"@type":"WebPage","@id":"https:\/\/blogdoere.com.br\/?p=26866","url":"https:\/\/blogdoere.com.br\/?p=26866","name":"MARIO GHANNA SE DIVIDE ENTRE A M\u00daSICA E O TRABALHO COMO PROCURADOR DO MPF - blog do er\u00ea","isPartOf":{"@id":"https:\/\/blogdoere.com.br\/#website"},"datePublished":"2013-05-16T04:22:00+00:00","dateModified":"2013-05-16T04:22:00+00:00","breadcrumb":{"@id":"https:\/\/blogdoere.com.br\/?p=26866#breadcrumb"},"inLanguage":"pt-PT","potentialAction":[{"@type":"ReadAction","target":["https:\/\/blogdoere.com.br\/?p=26866"]}]},{"@type":"BreadcrumbList","@id":"https:\/\/blogdoere.com.br\/?p=26866#breadcrumb","itemListElement":[{"@type":"ListItem","position":1,"name":"In\u00edcio","item":"https:\/\/blogdoere.com.br\/"},{"@type":"ListItem","position":2,"name":"MARIO GHANNA SE DIVIDE ENTRE A M\u00daSICA E O TRABALHO COMO PROCURADOR DO MPF"}]},{"@type":"WebSite","@id":"https:\/\/blogdoere.com.br\/#website","url":"https:\/\/blogdoere.com.br\/","name":"blog do er\u00ea","description":"","publisher":{"@id":"https:\/\/blogdoere.com.br\/#organization"},"potentialAction":[{"@type":"SearchAction","target":{"@type":"EntryPoint","urlTemplate":"https:\/\/blogdoere.com.br\/?s={search_term_string}"},"query-input":"required name=search_term_string"}],"inLanguage":"pt-PT"},{"@type":"Organization","@id":"https:\/\/blogdoere.com.br\/#organization","name":"Blog do Er\u00ea","url":"https:\/\/blogdoere.com.br\/","logo":{"@type":"ImageObject","inLanguage":"pt-PT","@id":"https:\/\/blogdoere.com.br\/#\/schema\/logo\/image\/","url":"https:\/\/blogdoere.com.br\/wp-content\/uploads\/2021\/11\/Logo-Ere-1.png","contentUrl":"https:\/\/blogdoere.com.br\/wp-content\/uploads\/2021\/11\/Logo-Ere-1.png","width":1261,"height":1330,"caption":"Blog do Er\u00ea"},"image":{"@id":"https:\/\/blogdoere.com.br\/#\/schema\/logo\/image\/"}},{"@type":"Person","@id":"https:\/\/blogdoere.com.br\/#\/schema\/person\/c4f6d566a44c7bacdda563667715d18b","name":"blogdoere@hotmail.com","image":{"@type":"ImageObject","inLanguage":"pt-PT","@id":"https:\/\/blogdoere.com.br\/#\/schema\/person\/image\/","url":"https:\/\/secure.gravatar.com\/avatar\/5684bd39df1289cb639b4ab539d6fcad69420e4a29521548fc078c58ed122fe6?s=96&d=mm&r=g","contentUrl":"https:\/\/secure.gravatar.com\/avatar\/5684bd39df1289cb639b4ab539d6fcad69420e4a29521548fc078c58ed122fe6?s=96&d=mm&r=g","caption":"blogdoere@hotmail.com"},"sameAs":["http:\/\/blogdoere.com.br"]}]}},"featured_image_urls":{"full":"","thumbnail":"","medium":"","medium_large":"","large":"","1536x1536":"","2048x2048":""},"author_info":{"display_name":"blogdoere@hotmail.com","author_link":"https:\/\/blogdoere.com.br\/?author=1"},"category_info":"<a href=\"https:\/\/blogdoere.com.br\/?cat=1\" rel=\"category\">Destaques<\/a>","tag_info":"Destaques","comment_count":"0","_links":{"self":[{"href":"https:\/\/blogdoere.com.br\/index.php?rest_route=\/wp\/v2\/posts\/26866","targetHints":{"allow":["GET"]}}],"collection":[{"href":"https:\/\/blogdoere.com.br\/index.php?rest_route=\/wp\/v2\/posts"}],"about":[{"href":"https:\/\/blogdoere.com.br\/index.php?rest_route=\/wp\/v2\/types\/post"}],"author":[{"embeddable":true,"href":"https:\/\/blogdoere.com.br\/index.php?rest_route=\/wp\/v2\/users\/1"}],"replies":[{"embeddable":true,"href":"https:\/\/blogdoere.com.br\/index.php?rest_route=%2Fwp%2Fv2%2Fcomments&post=26866"}],"version-history":[{"count":0,"href":"https:\/\/blogdoere.com.br\/index.php?rest_route=\/wp\/v2\/posts\/26866\/revisions"}],"wp:attachment":[{"href":"https:\/\/blogdoere.com.br\/index.php?rest_route=%2Fwp%2Fv2%2Fmedia&parent=26866"}],"wp:term":[{"taxonomy":"category","embeddable":true,"href":"https:\/\/blogdoere.com.br\/index.php?rest_route=%2Fwp%2Fv2%2Fcategories&post=26866"},{"taxonomy":"post_tag","embeddable":true,"href":"https:\/\/blogdoere.com.br\/index.php?rest_route=%2Fwp%2Fv2%2Ftags&post=26866"}],"curies":[{"name":"wp","href":"https:\/\/api.w.org\/{rel}","templated":true}]}}