{"id":26869,"date":"2013-05-14T02:08:00","date_gmt":"2013-05-14T02:08:00","guid":{"rendered":"http:\/\/blogdoere.com.br\/?p=26869"},"modified":"2013-05-14T02:08:00","modified_gmt":"2013-05-14T02:08:00","slug":"lidice-confirma-pre-candidatura-ao-governo-vai-lutar-pelo-apoio-de-wagner","status":"publish","type":"post","link":"https:\/\/blogdoere.com.br\/?p=26869","title":{"rendered":"LIDICE CONFIRMA PR\u00c9-CANDIDATURA AO GOVERNO, VAI &#8216;LUTAR&#8217; PELO APOIO DE WAGNER."},"content":{"rendered":"<div style=\"text-align: justify;\"><strong style=\"color: #444444; font-family: Tahoma, Geneva, sans-serif; font-size: 12px; line-height: 18px; margin: 0px; padding: 0px;\"><br \/><\/strong><\/div>\n<div style=\"text-align: justify;\"><strong style=\"clear: right; color: #444444; float: right; font-family: Tahoma, Geneva, sans-serif; font-size: 12px; line-height: 18px; margin-bottom: 1em; margin-left: 1em; margin-top: 0px; padding: 0px;\"><img decoding=\"async\" alt=\"L\u00eddice confirma pr\u00e9-candidatura ao governo e diz que vai 'lutar' pelo apoio de Wagner\" src=\"http:\/\/www.bahianoticias.com.br\/fotos\/principal_noticias\/136421\/IMAGEM_NOTICIA_5.jpg\" \/><\/strong><\/div>\n<div style=\"text-align: justify;\"><strong style=\"color: #444444; font-family: Tahoma, Geneva, sans-serif; font-size: 12px; line-height: 18px; margin: 0px; padding: 0px;\">Se ainda havia alguma r\u00e9stia de d\u00favida sobre o desejo da senadora L\u00eddice da Mata (PSB) participar da disputa pelo Pal\u00e1cio de Ondina em 2014, ela foi eliminada pela pr\u00f3pria parlamentar. \u201cN\u00f3s, o PSB, temos um sonho de ter um candidato ao governo da Bahia e esse sonho nesse momento se expressa em uma candidatura minha\u201d, afirmou a socialista nesta segunda-feira (13), em entrevista ao jornalista Samuel Celestino, no programa Bahia Not\u00edcias no Ar, da Rede Tudo FM 102,5. A parlamentar lembrou que o governador Jaques Wagner (PT) foi eleito com o apoio de uma \u201cfrente pol\u00edtica\u201d e disse que vai lutar para ter o apoio \u201ctanto do governador, quanto dos outros partidos, das outras for\u00e7as que fazem parte da base\u201d. L\u00eddice classificou Wagner como \u201co principal l\u00edder pol\u00edtico do PT depois de Lula e Dilma\u201d, ao associar a lideran\u00e7a ao posicionamento flex\u00edvel do petista sobre temas como, por exemplo, a possibilidade de o nome do candidato governista \u00e0 sua sucess\u00e3o n\u00e3o sair necessariamente das fileiras do Partido dos Trabalhadores. \u201cCertamente a sua import\u00e2ncia pol\u00edtica hoje \u00e9 esta: do governador do maior estado que o PT governa, com vit\u00f3rias acumuladas e com a sua capacidade de lideran\u00e7a e articula\u00e7\u00e3o pol\u00edtica nacional\u201d, avaliou L\u00eddice. A pr\u00e9-candidata do PSB ao governo estadual enfatizou que \u201co governador tem o compromisso em aceitar que outros partidos coloquem os seus nomes e sejam tratados igualmente em rela\u00e7\u00e3o aos nomes do PT, entre eles o meu\u201d. A senadora considera que o momento \u00e9 de \u201crenova\u00e7\u00e3o &nbsp;para amplia\u00e7\u00e3o de for\u00e7as\u201d e acredita que \u201cessa renova\u00e7\u00e3o n\u00e3o se d\u00e1 com a inser\u00e7\u00e3o de novos partidos\u201d e sim a com \u201ca possibilidade um novo partido representar, expressar o projeto pol\u00edtico at\u00e9 ent\u00e3o dirigido pelo governador Jaques Wagner\u201d. Aspirante a ser a primeira governadora da Bahia, L\u00eddice da Mata deixou claro qual ser\u00e1 seu posicionamento pol\u00edtico caso seu nome seja confirmado para a disputa de 2014. \u201cA minha candidatura nunca poder\u00e1 ser uma candidatura de nega\u00e7\u00e3o da lideran\u00e7a de Wagner, governo de Wagner, isso seria uma incoer\u00eancia. Eu concordo com o que foi feito, s\u00f3 que o novo momento exige novos desafios e n\u00f3s vamos nos qualificar para enfrent\u00e1-los\u201d, concluiu a socialista.<\/strong><\/div>\n","protected":false},"excerpt":{"rendered":"<p>Se ainda havia alguma r\u00e9stia de d\u00favida sobre o desejo da senadora L\u00eddice da Mata (PSB) participar da disputa pelo Pal\u00e1cio de Ondina em 2014, ela foi eliminada pela pr\u00f3pria&#8230;<\/p>\n","protected":false},"author":1,"featured_media":0,"comment_status":"open","ping_status":"open","sticky":false,"template":"","format":"standard","meta":{"_editorskit_title_hidden":false,"_editorskit_reading_time":0,"_editorskit_is_block_options_detached":false,"_editorskit_block_options_position":"{}","om_disable_all_campaigns":false,"_mi_skip_tracking":false,"_kad_post_transparent":"","_kad_post_title":"","_kad_post_layout":"","_kad_post_sidebar_id":"","_kad_post_content_style":"","_kad_post_vertical_padding":"","_kad_post_feature":"","_kad_post_feature_position":"","_kad_post_header":false,"_kad_post_footer":false,"footnotes":""},"categories":[1],"tags":[],"class_list":["post-26869","post","type-post","status-publish","format-standard","hentry","category-destaques"],"yoast_head":"<!-- This site is optimized with the Yoast SEO plugin v20.5 - https:\/\/yoast.com\/wordpress\/plugins\/seo\/ -->\n<title>LIDICE CONFIRMA PR\u00c9-CANDIDATURA AO GOVERNO, VAI &#039;LUTAR&#039; PELO APOIO DE WAGNER. - blog do er\u00ea<\/title>\n<meta name=\"robots\" content=\"index, follow, max-snippet:-1, max-image-preview:large, max-video-preview:-1\" \/>\n<link rel=\"canonical\" href=\"https:\/\/blogdoere.com.br\/?p=26869\" \/>\n<meta property=\"og:locale\" content=\"pt_PT\" \/>\n<meta property=\"og:type\" content=\"article\" \/>\n<meta property=\"og:title\" content=\"LIDICE CONFIRMA PR\u00c9-CANDIDATURA AO GOVERNO, VAI &#039;LUTAR&#039; PELO APOIO DE WAGNER. - blog do er\u00ea\" \/>\n<meta property=\"og:description\" content=\"Se ainda havia alguma r\u00e9stia de d\u00favida sobre o desejo da senadora L\u00eddice da Mata (PSB) participar da disputa pelo Pal\u00e1cio de Ondina em 2014, ela foi eliminada pela pr\u00f3pria...\" \/>\n<meta property=\"og:url\" content=\"https:\/\/blogdoere.com.br\/?p=26869\" \/>\n<meta property=\"og:site_name\" content=\"blog do er\u00ea\" \/>\n<meta property=\"article:published_time\" content=\"2013-05-14T02:08:00+00:00\" \/>\n<meta property=\"og:image\" content=\"http:\/\/www.bahianoticias.com.br\/fotos\/principal_noticias\/136421\/IMAGEM_NOTICIA_5.jpg\" \/>\n<meta name=\"author\" content=\"blogdoere@hotmail.com\" \/>\n<meta name=\"twitter:card\" content=\"summary_large_image\" \/>\n<meta name=\"twitter:label1\" content=\"Escrito por\" \/>\n\t<meta name=\"twitter:data1\" content=\"blogdoere@hotmail.com\" \/>\n\t<meta name=\"twitter:label2\" content=\"Tempo estimado de leitura\" \/>\n\t<meta name=\"twitter:data2\" content=\"2 minutos\" \/>\n<script type=\"application\/ld+json\" class=\"yoast-schema-graph\">{\"@context\":\"https:\/\/schema.org\",\"@graph\":[{\"@type\":\"Article\",\"@id\":\"https:\/\/blogdoere.com.br\/?p=26869#article\",\"isPartOf\":{\"@id\":\"https:\/\/blogdoere.com.br\/?p=26869\"},\"author\":{\"name\":\"blogdoere@hotmail.com\",\"@id\":\"https:\/\/blogdoere.com.br\/#\/schema\/person\/c4f6d566a44c7bacdda563667715d18b\"},\"headline\":\"LIDICE CONFIRMA PR\u00c9-CANDIDATURA AO GOVERNO, VAI &#8216;LUTAR&#8217; PELO APOIO DE WAGNER.\",\"datePublished\":\"2013-05-14T02:08:00+00:00\",\"dateModified\":\"2013-05-14T02:08:00+00:00\",\"mainEntityOfPage\":{\"@id\":\"https:\/\/blogdoere.com.br\/?p=26869\"},\"wordCount\":408,\"commentCount\":0,\"publisher\":{\"@id\":\"https:\/\/blogdoere.com.br\/#organization\"},\"articleSection\":[\"Destaques\"],\"inLanguage\":\"pt-PT\",\"potentialAction\":[{\"@type\":\"CommentAction\",\"name\":\"Comment\",\"target\":[\"https:\/\/blogdoere.com.br\/?p=26869#respond\"]}]},{\"@type\":\"WebPage\",\"@id\":\"https:\/\/blogdoere.com.br\/?p=26869\",\"url\":\"https:\/\/blogdoere.com.br\/?p=26869\",\"name\":\"LIDICE CONFIRMA PR\u00c9-CANDIDATURA AO GOVERNO, VAI 'LUTAR' PELO APOIO DE WAGNER. - blog do er\u00ea\",\"isPartOf\":{\"@id\":\"https:\/\/blogdoere.com.br\/#website\"},\"datePublished\":\"2013-05-14T02:08:00+00:00\",\"dateModified\":\"2013-05-14T02:08:00+00:00\",\"breadcrumb\":{\"@id\":\"https:\/\/blogdoere.com.br\/?p=26869#breadcrumb\"},\"inLanguage\":\"pt-PT\",\"potentialAction\":[{\"@type\":\"ReadAction\",\"target\":[\"https:\/\/blogdoere.com.br\/?p=26869\"]}]},{\"@type\":\"BreadcrumbList\",\"@id\":\"https:\/\/blogdoere.com.br\/?p=26869#breadcrumb\",\"itemListElement\":[{\"@type\":\"ListItem\",\"position\":1,\"name\":\"In\u00edcio\",\"item\":\"https:\/\/blogdoere.com.br\/\"},{\"@type\":\"ListItem\",\"position\":2,\"name\":\"LIDICE CONFIRMA PR\u00c9-CANDIDATURA AO GOVERNO, VAI &#8216;LUTAR&#8217; PELO APOIO DE WAGNER.\"}]},{\"@type\":\"WebSite\",\"@id\":\"https:\/\/blogdoere.com.br\/#website\",\"url\":\"https:\/\/blogdoere.com.br\/\",\"name\":\"blog do er\u00ea\",\"description\":\"\",\"publisher\":{\"@id\":\"https:\/\/blogdoere.com.br\/#organization\"},\"potentialAction\":[{\"@type\":\"SearchAction\",\"target\":{\"@type\":\"EntryPoint\",\"urlTemplate\":\"https:\/\/blogdoere.com.br\/?s={search_term_string}\"},\"query-input\":\"required name=search_term_string\"}],\"inLanguage\":\"pt-PT\"},{\"@type\":\"Organization\",\"@id\":\"https:\/\/blogdoere.com.br\/#organization\",\"name\":\"Blog do Er\u00ea\",\"url\":\"https:\/\/blogdoere.com.br\/\",\"logo\":{\"@type\":\"ImageObject\",\"inLanguage\":\"pt-PT\",\"@id\":\"https:\/\/blogdoere.com.br\/#\/schema\/logo\/image\/\",\"url\":\"https:\/\/blogdoere.com.br\/wp-content\/uploads\/2021\/11\/Logo-Ere-1.png\",\"contentUrl\":\"https:\/\/blogdoere.com.br\/wp-content\/uploads\/2021\/11\/Logo-Ere-1.png\",\"width\":1261,\"height\":1330,\"caption\":\"Blog do Er\u00ea\"},\"image\":{\"@id\":\"https:\/\/blogdoere.com.br\/#\/schema\/logo\/image\/\"}},{\"@type\":\"Person\",\"@id\":\"https:\/\/blogdoere.com.br\/#\/schema\/person\/c4f6d566a44c7bacdda563667715d18b\",\"name\":\"blogdoere@hotmail.com\",\"image\":{\"@type\":\"ImageObject\",\"inLanguage\":\"pt-PT\",\"@id\":\"https:\/\/blogdoere.com.br\/#\/schema\/person\/image\/\",\"url\":\"https:\/\/secure.gravatar.com\/avatar\/5684bd39df1289cb639b4ab539d6fcad69420e4a29521548fc078c58ed122fe6?s=96&d=mm&r=g\",\"contentUrl\":\"https:\/\/secure.gravatar.com\/avatar\/5684bd39df1289cb639b4ab539d6fcad69420e4a29521548fc078c58ed122fe6?s=96&d=mm&r=g\",\"caption\":\"blogdoere@hotmail.com\"},\"sameAs\":[\"http:\/\/blogdoere.com.br\"]}]}<\/script>\n<!-- \/ Yoast SEO plugin. -->","yoast_head_json":{"title":"LIDICE CONFIRMA PR\u00c9-CANDIDATURA AO GOVERNO, VAI 'LUTAR' PELO APOIO DE WAGNER. - blog do er\u00ea","robots":{"index":"index","follow":"follow","max-snippet":"max-snippet:-1","max-image-preview":"max-image-preview:large","max-video-preview":"max-video-preview:-1"},"canonical":"https:\/\/blogdoere.com.br\/?p=26869","og_locale":"pt_PT","og_type":"article","og_title":"LIDICE CONFIRMA PR\u00c9-CANDIDATURA AO GOVERNO, VAI 'LUTAR' PELO APOIO DE WAGNER. - blog do er\u00ea","og_description":"Se ainda havia alguma r\u00e9stia de d\u00favida sobre o desejo da senadora L\u00eddice da Mata (PSB) participar da disputa pelo Pal\u00e1cio de Ondina em 2014, ela foi eliminada pela pr\u00f3pria...","og_url":"https:\/\/blogdoere.com.br\/?p=26869","og_site_name":"blog do er\u00ea","article_published_time":"2013-05-14T02:08:00+00:00","og_image":[{"url":"http:\/\/www.bahianoticias.com.br\/fotos\/principal_noticias\/136421\/IMAGEM_NOTICIA_5.jpg"}],"author":"blogdoere@hotmail.com","twitter_card":"summary_large_image","twitter_misc":{"Escrito por":"blogdoere@hotmail.com","Tempo estimado de leitura":"2 minutos"},"schema":{"@context":"https:\/\/schema.org","@graph":[{"@type":"Article","@id":"https:\/\/blogdoere.com.br\/?p=26869#article","isPartOf":{"@id":"https:\/\/blogdoere.com.br\/?p=26869"},"author":{"name":"blogdoere@hotmail.com","@id":"https:\/\/blogdoere.com.br\/#\/schema\/person\/c4f6d566a44c7bacdda563667715d18b"},"headline":"LIDICE CONFIRMA PR\u00c9-CANDIDATURA AO GOVERNO, VAI &#8216;LUTAR&#8217; PELO APOIO DE WAGNER.","datePublished":"2013-05-14T02:08:00+00:00","dateModified":"2013-05-14T02:08:00+00:00","mainEntityOfPage":{"@id":"https:\/\/blogdoere.com.br\/?p=26869"},"wordCount":408,"commentCount":0,"publisher":{"@id":"https:\/\/blogdoere.com.br\/#organization"},"articleSection":["Destaques"],"inLanguage":"pt-PT","potentialAction":[{"@type":"CommentAction","name":"Comment","target":["https:\/\/blogdoere.com.br\/?p=26869#respond"]}]},{"@type":"WebPage","@id":"https:\/\/blogdoere.com.br\/?p=26869","url":"https:\/\/blogdoere.com.br\/?p=26869","name":"LIDICE CONFIRMA PR\u00c9-CANDIDATURA AO GOVERNO, VAI 'LUTAR' PELO APOIO DE WAGNER. - blog do er\u00ea","isPartOf":{"@id":"https:\/\/blogdoere.com.br\/#website"},"datePublished":"2013-05-14T02:08:00+00:00","dateModified":"2013-05-14T02:08:00+00:00","breadcrumb":{"@id":"https:\/\/blogdoere.com.br\/?p=26869#breadcrumb"},"inLanguage":"pt-PT","potentialAction":[{"@type":"ReadAction","target":["https:\/\/blogdoere.com.br\/?p=26869"]}]},{"@type":"BreadcrumbList","@id":"https:\/\/blogdoere.com.br\/?p=26869#breadcrumb","itemListElement":[{"@type":"ListItem","position":1,"name":"In\u00edcio","item":"https:\/\/blogdoere.com.br\/"},{"@type":"ListItem","position":2,"name":"LIDICE CONFIRMA PR\u00c9-CANDIDATURA AO GOVERNO, VAI &#8216;LUTAR&#8217; PELO APOIO DE WAGNER."}]},{"@type":"WebSite","@id":"https:\/\/blogdoere.com.br\/#website","url":"https:\/\/blogdoere.com.br\/","name":"blog do er\u00ea","description":"","publisher":{"@id":"https:\/\/blogdoere.com.br\/#organization"},"potentialAction":[{"@type":"SearchAction","target":{"@type":"EntryPoint","urlTemplate":"https:\/\/blogdoere.com.br\/?s={search_term_string}"},"query-input":"required name=search_term_string"}],"inLanguage":"pt-PT"},{"@type":"Organization","@id":"https:\/\/blogdoere.com.br\/#organization","name":"Blog do Er\u00ea","url":"https:\/\/blogdoere.com.br\/","logo":{"@type":"ImageObject","inLanguage":"pt-PT","@id":"https:\/\/blogdoere.com.br\/#\/schema\/logo\/image\/","url":"https:\/\/blogdoere.com.br\/wp-content\/uploads\/2021\/11\/Logo-Ere-1.png","contentUrl":"https:\/\/blogdoere.com.br\/wp-content\/uploads\/2021\/11\/Logo-Ere-1.png","width":1261,"height":1330,"caption":"Blog do Er\u00ea"},"image":{"@id":"https:\/\/blogdoere.com.br\/#\/schema\/logo\/image\/"}},{"@type":"Person","@id":"https:\/\/blogdoere.com.br\/#\/schema\/person\/c4f6d566a44c7bacdda563667715d18b","name":"blogdoere@hotmail.com","image":{"@type":"ImageObject","inLanguage":"pt-PT","@id":"https:\/\/blogdoere.com.br\/#\/schema\/person\/image\/","url":"https:\/\/secure.gravatar.com\/avatar\/5684bd39df1289cb639b4ab539d6fcad69420e4a29521548fc078c58ed122fe6?s=96&d=mm&r=g","contentUrl":"https:\/\/secure.gravatar.com\/avatar\/5684bd39df1289cb639b4ab539d6fcad69420e4a29521548fc078c58ed122fe6?s=96&d=mm&r=g","caption":"blogdoere@hotmail.com"},"sameAs":["http:\/\/blogdoere.com.br"]}]}},"featured_image_urls":{"full":"","thumbnail":"","medium":"","medium_large":"","large":"","1536x1536":"","2048x2048":""},"author_info":{"display_name":"blogdoere@hotmail.com","author_link":"https:\/\/blogdoere.com.br\/?author=1"},"category_info":"<a href=\"https:\/\/blogdoere.com.br\/?cat=1\" rel=\"category\">Destaques<\/a>","tag_info":"Destaques","comment_count":"0","_links":{"self":[{"href":"https:\/\/blogdoere.com.br\/index.php?rest_route=\/wp\/v2\/posts\/26869","targetHints":{"allow":["GET"]}}],"collection":[{"href":"https:\/\/blogdoere.com.br\/index.php?rest_route=\/wp\/v2\/posts"}],"about":[{"href":"https:\/\/blogdoere.com.br\/index.php?rest_route=\/wp\/v2\/types\/post"}],"author":[{"embeddable":true,"href":"https:\/\/blogdoere.com.br\/index.php?rest_route=\/wp\/v2\/users\/1"}],"replies":[{"embeddable":true,"href":"https:\/\/blogdoere.com.br\/index.php?rest_route=%2Fwp%2Fv2%2Fcomments&post=26869"}],"version-history":[{"count":0,"href":"https:\/\/blogdoere.com.br\/index.php?rest_route=\/wp\/v2\/posts\/26869\/revisions"}],"wp:attachment":[{"href":"https:\/\/blogdoere.com.br\/index.php?rest_route=%2Fwp%2Fv2%2Fmedia&parent=26869"}],"wp:term":[{"taxonomy":"category","embeddable":true,"href":"https:\/\/blogdoere.com.br\/index.php?rest_route=%2Fwp%2Fv2%2Fcategories&post=26869"},{"taxonomy":"post_tag","embeddable":true,"href":"https:\/\/blogdoere.com.br\/index.php?rest_route=%2Fwp%2Fv2%2Ftags&post=26869"}],"curies":[{"name":"wp","href":"https:\/\/api.w.org\/{rel}","templated":true}]}}