{"id":26871,"date":"2013-05-14T00:18:00","date_gmt":"2013-05-14T00:18:00","guid":{"rendered":"http:\/\/blogdoere.com.br\/?p=26871"},"modified":"2013-05-14T00:18:00","modified_gmt":"2013-05-14T00:18:00","slug":"itajuipe-brindes-e-muito-lazer-para-maes-carentes","status":"publish","type":"post","link":"https:\/\/blogdoere.com.br\/?p=26871","title":{"rendered":"ITAJU\u00cdPE: BRINDES E MUITO LAZER PARA M\u00c3ES CARENTES."},"content":{"rendered":"<div style=\"clear: both; text-align: center;\"><\/div>\n<div style=\"margin-left: 1em; margin-right: 1em;\">\n<div style=\"text-align: center;\"><\/div>\n<\/div>\n<table align=\"center\" cellpadding=\"0\" cellspacing=\"0\" style=\"margin-left: auto; margin-right: auto; text-align: center;\">\n<tbody>\n<tr>\n<td style=\"text-align: center;\"><a href=\"http:\/\/1.bp.blogspot.com\/-oWNTZ9O8HFI\/UZGF3Jh9irI\/AAAAAAAAFSY\/2RaraBVKwRU\/s1600\/936210_594754110549535_389780819_n.jpg\" style=\"margin-left: auto; margin-right: auto;\"><img decoding=\"async\" border=\"0\" height=\"270\" src=\"http:\/\/1.bp.blogspot.com\/-oWNTZ9O8HFI\/UZGF3Jh9irI\/AAAAAAAAFSY\/2RaraBVKwRU\/s320\/936210_594754110549535_389780819_n.jpg\" width=\"320\" \/><\/a><\/td>\n<\/tr>\n<tr>\n<td style=\"text-align: center;\">Prefeita Gilka Badar\u00f3 participou de todas as comemora\u00e7\u00f5es.<\/td>\n<\/tr>\n<\/tbody>\n<\/table>\n<div style=\"text-align: center;\"><o:p><img decoding=\"async\" height=\"265\" src=\"http:\/\/sphotos-h.ak.fbcdn.net\/hphotos-ak-ash3\/601767_594750903883189_64757581_n.jpg\" width=\"400\" \/><\/o:p><\/div>\n<div style=\"text-align: center;\"><o:p><br \/><\/o:p><\/div>\n<div style=\"text-align: center;\"><img decoding=\"async\" height=\"265\" src=\"http:\/\/sphotos-e.ak.fbcdn.net\/hphotos-ak-prn1\/164918_594749413883338_727617070_n.jpg\" width=\"400\" \/><\/div>\n<div style=\"text-align: center;\"><\/div>\n<div style=\"text-align: justify;\"><span style=\"font-size: 12.0pt; line-height: 115%;\">O Dia das M\u00e3es, comemorado neste domingo (12), vem sendo festejado em Itaju\u00edpe desde a sexta-feira (10), com a realiza\u00e7\u00e3o de uma s\u00e9rie de atividades sociais e de entretenimento e lazer promovidas pela prefeitura do munic\u00edpio. A programa\u00e7\u00e3o social inclui distribui\u00e7\u00e3o gratuita de flores, cestas b\u00e1sicas e eletrodom\u00e9sticos.<o:p><\/o:p><\/span><\/div>\n<div style=\"text-align: justify;\"><\/div>\n<div style=\"text-align: justify;\"><span style=\"font-size: 12.0pt; line-height: 115%;\">Entre os aparelhos est\u00e3o ventiladores e liquidificadores, entregues a m\u00e3es carentes escolhidas em sorteios feitos na sede e nos&nbsp; distritos \u2013Bandeira do Almada, Sequeiro Grande, Uni\u00e3o Queimada, Ruinha de S\u00e3o Crist\u00f3v\u00e3o e bairro Pitangueiras.<o:p><\/o:p><\/span><\/div>\n<div style=\"text-align: justify;\"><\/div>\n<div style=\"text-align: justify;\"><span style=\"font-size: 12.0pt; line-height: 115%;\">A parte de entretenimento e lazer tem como ponto alto apresenta\u00e7\u00f5es musicais, na Pra\u00e7a R\u00e9gis Pacheco, e no distrito de Bandeira do Almada, sob o comando de um mini trio el\u00e9trico e das bandas Mandala e Pagode do Pretinho.<o:p><\/o:p><\/span><\/div>\n<div style=\"text-align: justify;\"><\/div>\n<div style=\"text-align: justify;\"><span style=\"font-size: 12.0pt; line-height: 115%;\">Tamb\u00e9m h\u00e1 demonstra\u00e7\u00f5es de grupos de dan\u00e7a, do coral do Pr\u00f3 Jovem e exibi\u00e7\u00e3o de v\u00eddeos, entre outras atividades. A prefeita Gilka Badar\u00f3 (PSB) considerou a programa\u00e7\u00e3o \u201cmuito boa\u201d e prometeu fazer ainda melhor ano que vem \u201cporque haver\u00e1 um maior tempo e melhores condi\u00e7\u00f5es para organizarmos os eventos\u201d.<o:p><\/o:p><\/span><\/div>\n<div style=\"text-align: justify;\"><\/div>\n<div style=\"text-align: justify;\"><span style=\"font-size: 12.0pt; line-height: 115%;\">\u201cEste ano fizemos tudo de \u00faltima hora e, mesmo assim, a popula\u00e7\u00e3o, em especial as m\u00e3es carentes, demonstrou muita satisfa\u00e7\u00e3o com a nossa iniciativa\u201d, revelou a prefeita. Ela fez quest\u00e3o de destacar, ainda, o empenho de toda a equipe da secretaria municipal de Desenvolvimento Social, que tem \u00e0 frente C\u00e1dja Nunes. Acom PMI.<o:p><\/o:p><\/span><\/div>\n<div style=\"text-align: justify;\"><\/div>\n","protected":false},"excerpt":{"rendered":"<p>Prefeita Gilka Badar\u00f3 participou de todas as comemora\u00e7\u00f5es. O Dia das M\u00e3es, comemorado neste domingo (12), vem sendo festejado em Itaju\u00edpe desde a sexta-feira (10), com a realiza\u00e7\u00e3o de uma&#8230;<\/p>\n","protected":false},"author":1,"featured_media":0,"comment_status":"open","ping_status":"open","sticky":false,"template":"","format":"standard","meta":{"_editorskit_title_hidden":false,"_editorskit_reading_time":0,"_editorskit_is_block_options_detached":false,"_editorskit_block_options_position":"{}","om_disable_all_campaigns":false,"_mi_skip_tracking":false,"_kad_post_transparent":"","_kad_post_title":"","_kad_post_layout":"","_kad_post_sidebar_id":"","_kad_post_content_style":"","_kad_post_vertical_padding":"","_kad_post_feature":"","_kad_post_feature_position":"","_kad_post_header":false,"_kad_post_footer":false,"footnotes":""},"categories":[1],"tags":[],"class_list":["post-26871","post","type-post","status-publish","format-standard","hentry","category-destaques"],"yoast_head":"<!-- This site is optimized with the Yoast SEO plugin v20.5 - https:\/\/yoast.com\/wordpress\/plugins\/seo\/ -->\n<title>ITAJU\u00cdPE: BRINDES E MUITO LAZER PARA M\u00c3ES CARENTES. - blog do er\u00ea<\/title>\n<meta name=\"robots\" content=\"index, follow, max-snippet:-1, max-image-preview:large, max-video-preview:-1\" \/>\n<link rel=\"canonical\" href=\"https:\/\/blogdoere.com.br\/?p=26871\" \/>\n<meta property=\"og:locale\" content=\"pt_PT\" \/>\n<meta property=\"og:type\" content=\"article\" \/>\n<meta property=\"og:title\" content=\"ITAJU\u00cdPE: BRINDES E MUITO LAZER PARA M\u00c3ES CARENTES. - blog do er\u00ea\" \/>\n<meta property=\"og:description\" content=\"Prefeita Gilka Badar\u00f3 participou de todas as comemora\u00e7\u00f5es. O Dia das M\u00e3es, comemorado neste domingo (12), vem sendo festejado em Itaju\u00edpe desde a sexta-feira (10), com a realiza\u00e7\u00e3o de uma...\" \/>\n<meta property=\"og:url\" content=\"https:\/\/blogdoere.com.br\/?p=26871\" \/>\n<meta property=\"og:site_name\" content=\"blog do er\u00ea\" \/>\n<meta property=\"article:published_time\" content=\"2013-05-14T00:18:00+00:00\" \/>\n<meta property=\"og:image\" content=\"http:\/\/1.bp.blogspot.com\/-oWNTZ9O8HFI\/UZGF3Jh9irI\/AAAAAAAAFSY\/2RaraBVKwRU\/s320\/936210_594754110549535_389780819_n.jpg\" \/>\n<meta name=\"author\" content=\"blogdoere@hotmail.com\" \/>\n<meta name=\"twitter:card\" content=\"summary_large_image\" \/>\n<meta name=\"twitter:label1\" content=\"Escrito por\" \/>\n\t<meta name=\"twitter:data1\" content=\"blogdoere@hotmail.com\" \/>\n\t<meta name=\"twitter:label2\" content=\"Tempo estimado de leitura\" \/>\n\t<meta name=\"twitter:data2\" content=\"1 minuto\" \/>\n<script type=\"application\/ld+json\" class=\"yoast-schema-graph\">{\"@context\":\"https:\/\/schema.org\",\"@graph\":[{\"@type\":\"Article\",\"@id\":\"https:\/\/blogdoere.com.br\/?p=26871#article\",\"isPartOf\":{\"@id\":\"https:\/\/blogdoere.com.br\/?p=26871\"},\"author\":{\"name\":\"blogdoere@hotmail.com\",\"@id\":\"https:\/\/blogdoere.com.br\/#\/schema\/person\/c4f6d566a44c7bacdda563667715d18b\"},\"headline\":\"ITAJU\u00cdPE: BRINDES E MUITO LAZER PARA M\u00c3ES CARENTES.\",\"datePublished\":\"2013-05-14T00:18:00+00:00\",\"dateModified\":\"2013-05-14T00:18:00+00:00\",\"mainEntityOfPage\":{\"@id\":\"https:\/\/blogdoere.com.br\/?p=26871\"},\"wordCount\":271,\"commentCount\":0,\"publisher\":{\"@id\":\"https:\/\/blogdoere.com.br\/#organization\"},\"articleSection\":[\"Destaques\"],\"inLanguage\":\"pt-PT\",\"potentialAction\":[{\"@type\":\"CommentAction\",\"name\":\"Comment\",\"target\":[\"https:\/\/blogdoere.com.br\/?p=26871#respond\"]}]},{\"@type\":\"WebPage\",\"@id\":\"https:\/\/blogdoere.com.br\/?p=26871\",\"url\":\"https:\/\/blogdoere.com.br\/?p=26871\",\"name\":\"ITAJU\u00cdPE: BRINDES E MUITO LAZER PARA M\u00c3ES CARENTES. - blog do er\u00ea\",\"isPartOf\":{\"@id\":\"https:\/\/blogdoere.com.br\/#website\"},\"datePublished\":\"2013-05-14T00:18:00+00:00\",\"dateModified\":\"2013-05-14T00:18:00+00:00\",\"breadcrumb\":{\"@id\":\"https:\/\/blogdoere.com.br\/?p=26871#breadcrumb\"},\"inLanguage\":\"pt-PT\",\"potentialAction\":[{\"@type\":\"ReadAction\",\"target\":[\"https:\/\/blogdoere.com.br\/?p=26871\"]}]},{\"@type\":\"BreadcrumbList\",\"@id\":\"https:\/\/blogdoere.com.br\/?p=26871#breadcrumb\",\"itemListElement\":[{\"@type\":\"ListItem\",\"position\":1,\"name\":\"In\u00edcio\",\"item\":\"https:\/\/blogdoere.com.br\/\"},{\"@type\":\"ListItem\",\"position\":2,\"name\":\"ITAJU\u00cdPE: BRINDES E MUITO LAZER PARA M\u00c3ES CARENTES.\"}]},{\"@type\":\"WebSite\",\"@id\":\"https:\/\/blogdoere.com.br\/#website\",\"url\":\"https:\/\/blogdoere.com.br\/\",\"name\":\"blog do er\u00ea\",\"description\":\"\",\"publisher\":{\"@id\":\"https:\/\/blogdoere.com.br\/#organization\"},\"potentialAction\":[{\"@type\":\"SearchAction\",\"target\":{\"@type\":\"EntryPoint\",\"urlTemplate\":\"https:\/\/blogdoere.com.br\/?s={search_term_string}\"},\"query-input\":\"required name=search_term_string\"}],\"inLanguage\":\"pt-PT\"},{\"@type\":\"Organization\",\"@id\":\"https:\/\/blogdoere.com.br\/#organization\",\"name\":\"Blog do Er\u00ea\",\"url\":\"https:\/\/blogdoere.com.br\/\",\"logo\":{\"@type\":\"ImageObject\",\"inLanguage\":\"pt-PT\",\"@id\":\"https:\/\/blogdoere.com.br\/#\/schema\/logo\/image\/\",\"url\":\"https:\/\/blogdoere.com.br\/wp-content\/uploads\/2021\/11\/Logo-Ere-1.png\",\"contentUrl\":\"https:\/\/blogdoere.com.br\/wp-content\/uploads\/2021\/11\/Logo-Ere-1.png\",\"width\":1261,\"height\":1330,\"caption\":\"Blog do Er\u00ea\"},\"image\":{\"@id\":\"https:\/\/blogdoere.com.br\/#\/schema\/logo\/image\/\"}},{\"@type\":\"Person\",\"@id\":\"https:\/\/blogdoere.com.br\/#\/schema\/person\/c4f6d566a44c7bacdda563667715d18b\",\"name\":\"blogdoere@hotmail.com\",\"image\":{\"@type\":\"ImageObject\",\"inLanguage\":\"pt-PT\",\"@id\":\"https:\/\/blogdoere.com.br\/#\/schema\/person\/image\/\",\"url\":\"https:\/\/secure.gravatar.com\/avatar\/5684bd39df1289cb639b4ab539d6fcad69420e4a29521548fc078c58ed122fe6?s=96&d=mm&r=g\",\"contentUrl\":\"https:\/\/secure.gravatar.com\/avatar\/5684bd39df1289cb639b4ab539d6fcad69420e4a29521548fc078c58ed122fe6?s=96&d=mm&r=g\",\"caption\":\"blogdoere@hotmail.com\"},\"sameAs\":[\"http:\/\/blogdoere.com.br\"]}]}<\/script>\n<!-- \/ Yoast SEO plugin. -->","yoast_head_json":{"title":"ITAJU\u00cdPE: BRINDES E MUITO LAZER PARA M\u00c3ES CARENTES. - blog do er\u00ea","robots":{"index":"index","follow":"follow","max-snippet":"max-snippet:-1","max-image-preview":"max-image-preview:large","max-video-preview":"max-video-preview:-1"},"canonical":"https:\/\/blogdoere.com.br\/?p=26871","og_locale":"pt_PT","og_type":"article","og_title":"ITAJU\u00cdPE: BRINDES E MUITO LAZER PARA M\u00c3ES CARENTES. - blog do er\u00ea","og_description":"Prefeita Gilka Badar\u00f3 participou de todas as comemora\u00e7\u00f5es. O Dia das M\u00e3es, comemorado neste domingo (12), vem sendo festejado em Itaju\u00edpe desde a sexta-feira (10), com a realiza\u00e7\u00e3o de uma...","og_url":"https:\/\/blogdoere.com.br\/?p=26871","og_site_name":"blog do er\u00ea","article_published_time":"2013-05-14T00:18:00+00:00","og_image":[{"url":"http:\/\/1.bp.blogspot.com\/-oWNTZ9O8HFI\/UZGF3Jh9irI\/AAAAAAAAFSY\/2RaraBVKwRU\/s320\/936210_594754110549535_389780819_n.jpg"}],"author":"blogdoere@hotmail.com","twitter_card":"summary_large_image","twitter_misc":{"Escrito por":"blogdoere@hotmail.com","Tempo estimado de leitura":"1 minuto"},"schema":{"@context":"https:\/\/schema.org","@graph":[{"@type":"Article","@id":"https:\/\/blogdoere.com.br\/?p=26871#article","isPartOf":{"@id":"https:\/\/blogdoere.com.br\/?p=26871"},"author":{"name":"blogdoere@hotmail.com","@id":"https:\/\/blogdoere.com.br\/#\/schema\/person\/c4f6d566a44c7bacdda563667715d18b"},"headline":"ITAJU\u00cdPE: BRINDES E MUITO LAZER PARA M\u00c3ES CARENTES.","datePublished":"2013-05-14T00:18:00+00:00","dateModified":"2013-05-14T00:18:00+00:00","mainEntityOfPage":{"@id":"https:\/\/blogdoere.com.br\/?p=26871"},"wordCount":271,"commentCount":0,"publisher":{"@id":"https:\/\/blogdoere.com.br\/#organization"},"articleSection":["Destaques"],"inLanguage":"pt-PT","potentialAction":[{"@type":"CommentAction","name":"Comment","target":["https:\/\/blogdoere.com.br\/?p=26871#respond"]}]},{"@type":"WebPage","@id":"https:\/\/blogdoere.com.br\/?p=26871","url":"https:\/\/blogdoere.com.br\/?p=26871","name":"ITAJU\u00cdPE: BRINDES E MUITO LAZER PARA M\u00c3ES CARENTES. - blog do er\u00ea","isPartOf":{"@id":"https:\/\/blogdoere.com.br\/#website"},"datePublished":"2013-05-14T00:18:00+00:00","dateModified":"2013-05-14T00:18:00+00:00","breadcrumb":{"@id":"https:\/\/blogdoere.com.br\/?p=26871#breadcrumb"},"inLanguage":"pt-PT","potentialAction":[{"@type":"ReadAction","target":["https:\/\/blogdoere.com.br\/?p=26871"]}]},{"@type":"BreadcrumbList","@id":"https:\/\/blogdoere.com.br\/?p=26871#breadcrumb","itemListElement":[{"@type":"ListItem","position":1,"name":"In\u00edcio","item":"https:\/\/blogdoere.com.br\/"},{"@type":"ListItem","position":2,"name":"ITAJU\u00cdPE: BRINDES E MUITO LAZER PARA M\u00c3ES CARENTES."}]},{"@type":"WebSite","@id":"https:\/\/blogdoere.com.br\/#website","url":"https:\/\/blogdoere.com.br\/","name":"blog do er\u00ea","description":"","publisher":{"@id":"https:\/\/blogdoere.com.br\/#organization"},"potentialAction":[{"@type":"SearchAction","target":{"@type":"EntryPoint","urlTemplate":"https:\/\/blogdoere.com.br\/?s={search_term_string}"},"query-input":"required name=search_term_string"}],"inLanguage":"pt-PT"},{"@type":"Organization","@id":"https:\/\/blogdoere.com.br\/#organization","name":"Blog do Er\u00ea","url":"https:\/\/blogdoere.com.br\/","logo":{"@type":"ImageObject","inLanguage":"pt-PT","@id":"https:\/\/blogdoere.com.br\/#\/schema\/logo\/image\/","url":"https:\/\/blogdoere.com.br\/wp-content\/uploads\/2021\/11\/Logo-Ere-1.png","contentUrl":"https:\/\/blogdoere.com.br\/wp-content\/uploads\/2021\/11\/Logo-Ere-1.png","width":1261,"height":1330,"caption":"Blog do Er\u00ea"},"image":{"@id":"https:\/\/blogdoere.com.br\/#\/schema\/logo\/image\/"}},{"@type":"Person","@id":"https:\/\/blogdoere.com.br\/#\/schema\/person\/c4f6d566a44c7bacdda563667715d18b","name":"blogdoere@hotmail.com","image":{"@type":"ImageObject","inLanguage":"pt-PT","@id":"https:\/\/blogdoere.com.br\/#\/schema\/person\/image\/","url":"https:\/\/secure.gravatar.com\/avatar\/5684bd39df1289cb639b4ab539d6fcad69420e4a29521548fc078c58ed122fe6?s=96&d=mm&r=g","contentUrl":"https:\/\/secure.gravatar.com\/avatar\/5684bd39df1289cb639b4ab539d6fcad69420e4a29521548fc078c58ed122fe6?s=96&d=mm&r=g","caption":"blogdoere@hotmail.com"},"sameAs":["http:\/\/blogdoere.com.br"]}]}},"featured_image_urls":{"full":"","thumbnail":"","medium":"","medium_large":"","large":"","1536x1536":"","2048x2048":""},"author_info":{"display_name":"blogdoere@hotmail.com","author_link":"https:\/\/blogdoere.com.br\/?author=1"},"category_info":"<a href=\"https:\/\/blogdoere.com.br\/?cat=1\" rel=\"category\">Destaques<\/a>","tag_info":"Destaques","comment_count":"0","_links":{"self":[{"href":"https:\/\/blogdoere.com.br\/index.php?rest_route=\/wp\/v2\/posts\/26871","targetHints":{"allow":["GET"]}}],"collection":[{"href":"https:\/\/blogdoere.com.br\/index.php?rest_route=\/wp\/v2\/posts"}],"about":[{"href":"https:\/\/blogdoere.com.br\/index.php?rest_route=\/wp\/v2\/types\/post"}],"author":[{"embeddable":true,"href":"https:\/\/blogdoere.com.br\/index.php?rest_route=\/wp\/v2\/users\/1"}],"replies":[{"embeddable":true,"href":"https:\/\/blogdoere.com.br\/index.php?rest_route=%2Fwp%2Fv2%2Fcomments&post=26871"}],"version-history":[{"count":0,"href":"https:\/\/blogdoere.com.br\/index.php?rest_route=\/wp\/v2\/posts\/26871\/revisions"}],"wp:attachment":[{"href":"https:\/\/blogdoere.com.br\/index.php?rest_route=%2Fwp%2Fv2%2Fmedia&parent=26871"}],"wp:term":[{"taxonomy":"category","embeddable":true,"href":"https:\/\/blogdoere.com.br\/index.php?rest_route=%2Fwp%2Fv2%2Fcategories&post=26871"},{"taxonomy":"post_tag","embeddable":true,"href":"https:\/\/blogdoere.com.br\/index.php?rest_route=%2Fwp%2Fv2%2Ftags&post=26871"}],"curies":[{"name":"wp","href":"https:\/\/api.w.org\/{rel}","templated":true}]}}