{"id":26873,"date":"2013-05-11T03:44:00","date_gmt":"2013-05-11T03:44:00","guid":{"rendered":"http:\/\/blogdoere.com.br\/?p=26873"},"modified":"2013-05-11T03:44:00","modified_gmt":"2013-05-11T03:44:00","slug":"itajuipe-prefeitura-comemora-dia-das-maes-na-praca-regis-pacheco","status":"publish","type":"post","link":"https:\/\/blogdoere.com.br\/?p=26873","title":{"rendered":"ITAJU\u00cdPE: PREFEITURA COMEMORA DIA DAS M\u00c3ES NA PRA\u00c7A REGIS PACHECO."},"content":{"rendered":"<div style=\"clear: both; text-align: center;\"><\/div>\n<div style=\"margin-left: 1em; margin-right: 1em; text-align: center;\">\n<table align=\"center\" cellpadding=\"0\" cellspacing=\"0\" style=\"margin-left: auto; margin-right: auto; text-align: center;\">\n<tbody>\n<tr>\n<td style=\"text-align: center;\"><a href=\"http:\/\/1.bp.blogspot.com\/-od6Qdf844u0\/UY29Mn2MhVI\/AAAAAAAAFR0\/kN3FY9JY4eU\/s1600\/601839_593641840660762_676926057_n.jpg\" style=\"margin-left: auto; margin-right: auto;\"><img decoding=\"async\" border=\"0\" height=\"212\" src=\"http:\/\/1.bp.blogspot.com\/-od6Qdf844u0\/UY29Mn2MhVI\/AAAAAAAAFR0\/kN3FY9JY4eU\/s320\/601839_593641840660762_676926057_n.jpg\" width=\"320\" \/><\/a><\/td>\n<\/tr>\n<tr>\n<td style=\"text-align: center;\">Secret\u00e1ria&nbsp;de Desenvolvimento Social, Cadja Nunes.<\/td>\n<\/tr>\n<\/tbody>\n<\/table>\n<p><img decoding=\"async\" src=\"http:\/\/2.bp.blogspot.com\/-4SBCo4MyQyA\/UY29MzkL-GI\/AAAAAAAAFR4\/9ADFwfTxEqI\/s320\/935254_593638347327778_2074226794_n.jpg\" \/><\/div>\n<div style=\"text-align: justify;\"><span style=\"font-size: 12.0pt; line-height: 115%;\"><span style=\"font-family: Arial, Helvetica, sans-serif;\"><br \/><\/span><\/span><\/div>\n<div style=\"clear: both; text-align: center;\"><a href=\"http:\/\/4.bp.blogspot.com\/-JoEk1TNo_YI\/UY29MDHNQWI\/AAAAAAAAFRs\/DKLq8RrMd9o\/s1600\/390751_593636300661316_400308537_n.jpg\" style=\"margin-left: 1em; margin-right: 1em;\"><img decoding=\"async\" border=\"0\" height=\"212\" src=\"http:\/\/4.bp.blogspot.com\/-JoEk1TNo_YI\/UY29MDHNQWI\/AAAAAAAAFRs\/DKLq8RrMd9o\/s320\/390751_593636300661316_400308537_n.jpg\" width=\"320\" \/><\/a><\/div>\n<p><\/p>\n<div style=\"clear: both; text-align: center;\"><\/div>\n<p><\/p>\n<div style=\"clear: both; text-align: center;\"><\/div>\n<div style=\"text-align: justify;\"><span style=\"font-size: 12.0pt; line-height: 115%;\"><span style=\"font-family: Arial, Helvetica, sans-serif;\">O retorno da prefeita Gilka Badar\u00f3 (PSB) ao comando da prefeitura vem devolvendo aos itajuipenses o direito de viver numa cidade mais feliz. Prova disso \u00e9 a participa\u00e7\u00e3o dos itajuipenses nas datas comemorativas, antes passadas &nbsp;despercebidas pelo ex- gestor. Hoje (10) a Secretaria de Desenvolvimento Social, liderada pela secret\u00e1ria Cadja Nunes promoveu a comemora\u00e7\u00e3o antecipado do \u2018Dia das M\u00e3es\u2019 com uma grande festa na Pra\u00e7a Regis Pacheco. Durante a programa\u00e7\u00e3o teve apresenta\u00e7\u00e3o art\u00edsticas culturais e sorteios de pr\u00eamios para um grande n\u00famero de m\u00e3es presentes no evento que ficou marcado pela rever\u00eancia, enfim alegria de todas as m\u00e3es que se divertiram &nbsp;pela parte da tarde e inicio da noite. Confira neste blog outros eventos comemorados.<\/span><\/span><\/div>\n","protected":false},"excerpt":{"rendered":"<p>Secret\u00e1ria&nbsp;de Desenvolvimento Social, Cadja Nunes. O retorno da prefeita Gilka Badar\u00f3 (PSB) ao comando da prefeitura vem devolvendo aos itajuipenses o direito de viver numa cidade mais feliz. Prova disso&#8230;<\/p>\n","protected":false},"author":1,"featured_media":0,"comment_status":"open","ping_status":"open","sticky":false,"template":"","format":"standard","meta":{"_editorskit_title_hidden":false,"_editorskit_reading_time":0,"_editorskit_is_block_options_detached":false,"_editorskit_block_options_position":"{}","om_disable_all_campaigns":false,"_mi_skip_tracking":false,"_kad_post_transparent":"","_kad_post_title":"","_kad_post_layout":"","_kad_post_sidebar_id":"","_kad_post_content_style":"","_kad_post_vertical_padding":"","_kad_post_feature":"","_kad_post_feature_position":"","_kad_post_header":false,"_kad_post_footer":false,"footnotes":""},"categories":[1],"tags":[],"class_list":["post-26873","post","type-post","status-publish","format-standard","hentry","category-destaques"],"yoast_head":"<!-- This site is optimized with the Yoast SEO plugin v20.5 - https:\/\/yoast.com\/wordpress\/plugins\/seo\/ -->\n<title>ITAJU\u00cdPE: PREFEITURA COMEMORA DIA DAS M\u00c3ES NA PRA\u00c7A REGIS PACHECO. - blog do er\u00ea<\/title>\n<meta name=\"robots\" content=\"index, follow, max-snippet:-1, max-image-preview:large, max-video-preview:-1\" \/>\n<link rel=\"canonical\" href=\"https:\/\/blogdoere.com.br\/?p=26873\" \/>\n<meta property=\"og:locale\" content=\"pt_PT\" \/>\n<meta property=\"og:type\" content=\"article\" \/>\n<meta property=\"og:title\" content=\"ITAJU\u00cdPE: PREFEITURA COMEMORA DIA DAS M\u00c3ES NA PRA\u00c7A REGIS PACHECO. - blog do er\u00ea\" \/>\n<meta property=\"og:description\" content=\"Secret\u00e1ria&nbsp;de Desenvolvimento Social, Cadja Nunes. O retorno da prefeita Gilka Badar\u00f3 (PSB) ao comando da prefeitura vem devolvendo aos itajuipenses o direito de viver numa cidade mais feliz. Prova disso...\" \/>\n<meta property=\"og:url\" content=\"https:\/\/blogdoere.com.br\/?p=26873\" \/>\n<meta property=\"og:site_name\" content=\"blog do er\u00ea\" \/>\n<meta property=\"article:published_time\" content=\"2013-05-11T03:44:00+00:00\" \/>\n<meta property=\"og:image\" content=\"http:\/\/1.bp.blogspot.com\/-od6Qdf844u0\/UY29Mn2MhVI\/AAAAAAAAFR0\/kN3FY9JY4eU\/s320\/601839_593641840660762_676926057_n.jpg\" \/>\n<meta name=\"author\" content=\"blogdoere@hotmail.com\" \/>\n<meta name=\"twitter:card\" content=\"summary_large_image\" \/>\n<meta name=\"twitter:label1\" content=\"Escrito por\" \/>\n\t<meta name=\"twitter:data1\" content=\"blogdoere@hotmail.com\" \/>\n\t<meta name=\"twitter:label2\" content=\"Tempo estimado de leitura\" \/>\n\t<meta name=\"twitter:data2\" content=\"1 minuto\" \/>\n<script type=\"application\/ld+json\" class=\"yoast-schema-graph\">{\"@context\":\"https:\/\/schema.org\",\"@graph\":[{\"@type\":\"Article\",\"@id\":\"https:\/\/blogdoere.com.br\/?p=26873#article\",\"isPartOf\":{\"@id\":\"https:\/\/blogdoere.com.br\/?p=26873\"},\"author\":{\"name\":\"blogdoere@hotmail.com\",\"@id\":\"https:\/\/blogdoere.com.br\/#\/schema\/person\/c4f6d566a44c7bacdda563667715d18b\"},\"headline\":\"ITAJU\u00cdPE: PREFEITURA COMEMORA DIA DAS M\u00c3ES NA PRA\u00c7A REGIS PACHECO.\",\"datePublished\":\"2013-05-11T03:44:00+00:00\",\"dateModified\":\"2013-05-11T03:44:00+00:00\",\"mainEntityOfPage\":{\"@id\":\"https:\/\/blogdoere.com.br\/?p=26873\"},\"wordCount\":149,\"commentCount\":0,\"publisher\":{\"@id\":\"https:\/\/blogdoere.com.br\/#organization\"},\"articleSection\":[\"Destaques\"],\"inLanguage\":\"pt-PT\",\"potentialAction\":[{\"@type\":\"CommentAction\",\"name\":\"Comment\",\"target\":[\"https:\/\/blogdoere.com.br\/?p=26873#respond\"]}]},{\"@type\":\"WebPage\",\"@id\":\"https:\/\/blogdoere.com.br\/?p=26873\",\"url\":\"https:\/\/blogdoere.com.br\/?p=26873\",\"name\":\"ITAJU\u00cdPE: PREFEITURA COMEMORA DIA DAS M\u00c3ES NA PRA\u00c7A REGIS PACHECO. - blog do er\u00ea\",\"isPartOf\":{\"@id\":\"https:\/\/blogdoere.com.br\/#website\"},\"datePublished\":\"2013-05-11T03:44:00+00:00\",\"dateModified\":\"2013-05-11T03:44:00+00:00\",\"breadcrumb\":{\"@id\":\"https:\/\/blogdoere.com.br\/?p=26873#breadcrumb\"},\"inLanguage\":\"pt-PT\",\"potentialAction\":[{\"@type\":\"ReadAction\",\"target\":[\"https:\/\/blogdoere.com.br\/?p=26873\"]}]},{\"@type\":\"BreadcrumbList\",\"@id\":\"https:\/\/blogdoere.com.br\/?p=26873#breadcrumb\",\"itemListElement\":[{\"@type\":\"ListItem\",\"position\":1,\"name\":\"In\u00edcio\",\"item\":\"https:\/\/blogdoere.com.br\/\"},{\"@type\":\"ListItem\",\"position\":2,\"name\":\"ITAJU\u00cdPE: PREFEITURA COMEMORA DIA DAS M\u00c3ES NA PRA\u00c7A REGIS PACHECO.\"}]},{\"@type\":\"WebSite\",\"@id\":\"https:\/\/blogdoere.com.br\/#website\",\"url\":\"https:\/\/blogdoere.com.br\/\",\"name\":\"blog do er\u00ea\",\"description\":\"\",\"publisher\":{\"@id\":\"https:\/\/blogdoere.com.br\/#organization\"},\"potentialAction\":[{\"@type\":\"SearchAction\",\"target\":{\"@type\":\"EntryPoint\",\"urlTemplate\":\"https:\/\/blogdoere.com.br\/?s={search_term_string}\"},\"query-input\":\"required name=search_term_string\"}],\"inLanguage\":\"pt-PT\"},{\"@type\":\"Organization\",\"@id\":\"https:\/\/blogdoere.com.br\/#organization\",\"name\":\"Blog do Er\u00ea\",\"url\":\"https:\/\/blogdoere.com.br\/\",\"logo\":{\"@type\":\"ImageObject\",\"inLanguage\":\"pt-PT\",\"@id\":\"https:\/\/blogdoere.com.br\/#\/schema\/logo\/image\/\",\"url\":\"https:\/\/blogdoere.com.br\/wp-content\/uploads\/2021\/11\/Logo-Ere-1.png\",\"contentUrl\":\"https:\/\/blogdoere.com.br\/wp-content\/uploads\/2021\/11\/Logo-Ere-1.png\",\"width\":1261,\"height\":1330,\"caption\":\"Blog do Er\u00ea\"},\"image\":{\"@id\":\"https:\/\/blogdoere.com.br\/#\/schema\/logo\/image\/\"}},{\"@type\":\"Person\",\"@id\":\"https:\/\/blogdoere.com.br\/#\/schema\/person\/c4f6d566a44c7bacdda563667715d18b\",\"name\":\"blogdoere@hotmail.com\",\"image\":{\"@type\":\"ImageObject\",\"inLanguage\":\"pt-PT\",\"@id\":\"https:\/\/blogdoere.com.br\/#\/schema\/person\/image\/\",\"url\":\"https:\/\/secure.gravatar.com\/avatar\/5684bd39df1289cb639b4ab539d6fcad69420e4a29521548fc078c58ed122fe6?s=96&d=mm&r=g\",\"contentUrl\":\"https:\/\/secure.gravatar.com\/avatar\/5684bd39df1289cb639b4ab539d6fcad69420e4a29521548fc078c58ed122fe6?s=96&d=mm&r=g\",\"caption\":\"blogdoere@hotmail.com\"},\"sameAs\":[\"http:\/\/blogdoere.com.br\"]}]}<\/script>\n<!-- \/ Yoast SEO plugin. -->","yoast_head_json":{"title":"ITAJU\u00cdPE: PREFEITURA COMEMORA DIA DAS M\u00c3ES NA PRA\u00c7A REGIS PACHECO. - blog do er\u00ea","robots":{"index":"index","follow":"follow","max-snippet":"max-snippet:-1","max-image-preview":"max-image-preview:large","max-video-preview":"max-video-preview:-1"},"canonical":"https:\/\/blogdoere.com.br\/?p=26873","og_locale":"pt_PT","og_type":"article","og_title":"ITAJU\u00cdPE: PREFEITURA COMEMORA DIA DAS M\u00c3ES NA PRA\u00c7A REGIS PACHECO. - blog do er\u00ea","og_description":"Secret\u00e1ria&nbsp;de Desenvolvimento Social, Cadja Nunes. O retorno da prefeita Gilka Badar\u00f3 (PSB) ao comando da prefeitura vem devolvendo aos itajuipenses o direito de viver numa cidade mais feliz. Prova disso...","og_url":"https:\/\/blogdoere.com.br\/?p=26873","og_site_name":"blog do er\u00ea","article_published_time":"2013-05-11T03:44:00+00:00","og_image":[{"url":"http:\/\/1.bp.blogspot.com\/-od6Qdf844u0\/UY29Mn2MhVI\/AAAAAAAAFR0\/kN3FY9JY4eU\/s320\/601839_593641840660762_676926057_n.jpg"}],"author":"blogdoere@hotmail.com","twitter_card":"summary_large_image","twitter_misc":{"Escrito por":"blogdoere@hotmail.com","Tempo estimado de leitura":"1 minuto"},"schema":{"@context":"https:\/\/schema.org","@graph":[{"@type":"Article","@id":"https:\/\/blogdoere.com.br\/?p=26873#article","isPartOf":{"@id":"https:\/\/blogdoere.com.br\/?p=26873"},"author":{"name":"blogdoere@hotmail.com","@id":"https:\/\/blogdoere.com.br\/#\/schema\/person\/c4f6d566a44c7bacdda563667715d18b"},"headline":"ITAJU\u00cdPE: PREFEITURA COMEMORA DIA DAS M\u00c3ES NA PRA\u00c7A REGIS PACHECO.","datePublished":"2013-05-11T03:44:00+00:00","dateModified":"2013-05-11T03:44:00+00:00","mainEntityOfPage":{"@id":"https:\/\/blogdoere.com.br\/?p=26873"},"wordCount":149,"commentCount":0,"publisher":{"@id":"https:\/\/blogdoere.com.br\/#organization"},"articleSection":["Destaques"],"inLanguage":"pt-PT","potentialAction":[{"@type":"CommentAction","name":"Comment","target":["https:\/\/blogdoere.com.br\/?p=26873#respond"]}]},{"@type":"WebPage","@id":"https:\/\/blogdoere.com.br\/?p=26873","url":"https:\/\/blogdoere.com.br\/?p=26873","name":"ITAJU\u00cdPE: PREFEITURA COMEMORA DIA DAS M\u00c3ES NA PRA\u00c7A REGIS PACHECO. - blog do er\u00ea","isPartOf":{"@id":"https:\/\/blogdoere.com.br\/#website"},"datePublished":"2013-05-11T03:44:00+00:00","dateModified":"2013-05-11T03:44:00+00:00","breadcrumb":{"@id":"https:\/\/blogdoere.com.br\/?p=26873#breadcrumb"},"inLanguage":"pt-PT","potentialAction":[{"@type":"ReadAction","target":["https:\/\/blogdoere.com.br\/?p=26873"]}]},{"@type":"BreadcrumbList","@id":"https:\/\/blogdoere.com.br\/?p=26873#breadcrumb","itemListElement":[{"@type":"ListItem","position":1,"name":"In\u00edcio","item":"https:\/\/blogdoere.com.br\/"},{"@type":"ListItem","position":2,"name":"ITAJU\u00cdPE: PREFEITURA COMEMORA DIA DAS M\u00c3ES NA PRA\u00c7A REGIS PACHECO."}]},{"@type":"WebSite","@id":"https:\/\/blogdoere.com.br\/#website","url":"https:\/\/blogdoere.com.br\/","name":"blog do er\u00ea","description":"","publisher":{"@id":"https:\/\/blogdoere.com.br\/#organization"},"potentialAction":[{"@type":"SearchAction","target":{"@type":"EntryPoint","urlTemplate":"https:\/\/blogdoere.com.br\/?s={search_term_string}"},"query-input":"required name=search_term_string"}],"inLanguage":"pt-PT"},{"@type":"Organization","@id":"https:\/\/blogdoere.com.br\/#organization","name":"Blog do Er\u00ea","url":"https:\/\/blogdoere.com.br\/","logo":{"@type":"ImageObject","inLanguage":"pt-PT","@id":"https:\/\/blogdoere.com.br\/#\/schema\/logo\/image\/","url":"https:\/\/blogdoere.com.br\/wp-content\/uploads\/2021\/11\/Logo-Ere-1.png","contentUrl":"https:\/\/blogdoere.com.br\/wp-content\/uploads\/2021\/11\/Logo-Ere-1.png","width":1261,"height":1330,"caption":"Blog do Er\u00ea"},"image":{"@id":"https:\/\/blogdoere.com.br\/#\/schema\/logo\/image\/"}},{"@type":"Person","@id":"https:\/\/blogdoere.com.br\/#\/schema\/person\/c4f6d566a44c7bacdda563667715d18b","name":"blogdoere@hotmail.com","image":{"@type":"ImageObject","inLanguage":"pt-PT","@id":"https:\/\/blogdoere.com.br\/#\/schema\/person\/image\/","url":"https:\/\/secure.gravatar.com\/avatar\/5684bd39df1289cb639b4ab539d6fcad69420e4a29521548fc078c58ed122fe6?s=96&d=mm&r=g","contentUrl":"https:\/\/secure.gravatar.com\/avatar\/5684bd39df1289cb639b4ab539d6fcad69420e4a29521548fc078c58ed122fe6?s=96&d=mm&r=g","caption":"blogdoere@hotmail.com"},"sameAs":["http:\/\/blogdoere.com.br"]}]}},"featured_image_urls":{"full":"","thumbnail":"","medium":"","medium_large":"","large":"","1536x1536":"","2048x2048":""},"author_info":{"display_name":"blogdoere@hotmail.com","author_link":"https:\/\/blogdoere.com.br\/?author=1"},"category_info":"<a href=\"https:\/\/blogdoere.com.br\/?cat=1\" rel=\"category\">Destaques<\/a>","tag_info":"Destaques","comment_count":"0","_links":{"self":[{"href":"https:\/\/blogdoere.com.br\/index.php?rest_route=\/wp\/v2\/posts\/26873","targetHints":{"allow":["GET"]}}],"collection":[{"href":"https:\/\/blogdoere.com.br\/index.php?rest_route=\/wp\/v2\/posts"}],"about":[{"href":"https:\/\/blogdoere.com.br\/index.php?rest_route=\/wp\/v2\/types\/post"}],"author":[{"embeddable":true,"href":"https:\/\/blogdoere.com.br\/index.php?rest_route=\/wp\/v2\/users\/1"}],"replies":[{"embeddable":true,"href":"https:\/\/blogdoere.com.br\/index.php?rest_route=%2Fwp%2Fv2%2Fcomments&post=26873"}],"version-history":[{"count":0,"href":"https:\/\/blogdoere.com.br\/index.php?rest_route=\/wp\/v2\/posts\/26873\/revisions"}],"wp:attachment":[{"href":"https:\/\/blogdoere.com.br\/index.php?rest_route=%2Fwp%2Fv2%2Fmedia&parent=26873"}],"wp:term":[{"taxonomy":"category","embeddable":true,"href":"https:\/\/blogdoere.com.br\/index.php?rest_route=%2Fwp%2Fv2%2Fcategories&post=26873"},{"taxonomy":"post_tag","embeddable":true,"href":"https:\/\/blogdoere.com.br\/index.php?rest_route=%2Fwp%2Fv2%2Ftags&post=26873"}],"curies":[{"name":"wp","href":"https:\/\/api.w.org\/{rel}","templated":true}]}}