{"id":26891,"date":"2013-04-24T00:30:00","date_gmt":"2013-04-24T00:30:00","guid":{"rendered":"http:\/\/blogdoere.com.br\/?p=26891"},"modified":"2013-04-24T00:30:00","modified_gmt":"2013-04-24T00:30:00","slug":"gilka-tem-encontro-com-wagner-em-ilheus-e-itabuna-amanha","status":"publish","type":"post","link":"https:\/\/blogdoere.com.br\/?p=26891","title":{"rendered":"GILKA TEM ENCONTRO COM WAGNER EM ILH\u00c9US E ITABUNA AMANH\u00c3"},"content":{"rendered":"<p><\/p>\n<div style=\"text-align: center;\"><img decoding=\"async\" alt=\"wag]\" src=\"http:\/\/www.ilheus24h.com.br\/v1\/wp-content\/uploads\/2013\/04\/wag.jpg\" \/><\/div>\n<div style=\"text-align: justify;\"><\/div>\n<div style=\"text-align: justify;\"><span style=\"font-family: Arial, Helvetica, sans-serif;\">O governador Jaques Wagner estar\u00e1 em Ilh\u00e9us e Itabuna nessa quarta-feira(24), cumprindo agenda que envolve inaugura\u00e7\u00f5es e lan\u00e7amento de edital. Em Ilh\u00e9us, \u00e0s 9h, no centro de conven\u00e7\u00f5es do hotel Aldeia da Praia, situado no km 0 da rodovia Ilh\u00e9us-Oliven\u00e7a, o governador lan\u00e7ar\u00e1 oficialmente o processo licitat\u00f3rio para a constru\u00e7\u00e3o do gasoduto Itabuna\/Ilh\u00e9us. Com investimentos de R$ 45 milh\u00f5es, o equipamento permitir\u00e1 o fornecimento do g\u00e1s natural para Ilh\u00e9us e aos novos empreendimentos atra\u00eddos pelo Porto Sul, garantindo assim a rede estruturante de distribui\u00e7\u00e3o na regi\u00e3o. O in\u00edcio das obras est\u00e1 previsto para setembro pr\u00f3ximo e conclus\u00e3o em 2015. Em Itabuna, o governador, juntamente com o secret\u00e1rio da Seguran\u00e7a P\u00fablica, Maur\u00edcio Barbosa,&nbsp; o comandante-geral da PM, coronel Alfredo Castro, e o delegado-geral da Pol\u00edcia Civil, H\u00e9lio Jorge Paix\u00e3o, inauguram, no bairro Ja\u00e7an\u00e3, o 5\u00ba Centro Integrado de Comunica\u00e7\u00e3o. A solenidade est\u00e1 prevista para ser iniciada \u00e0s 11h. Localizado na avenida Manoel Chaves, o Cicom vai concentrar as liga\u00e7\u00f5es de urg\u00eancia \u2013 190 (Pol\u00edcia Militar), 197 (Pol\u00edcia Civil) e 193 (Corpo de Bombeiros) \u2013 de mais 32 localidades vizinhas, num s\u00f3 lugar. A iniciativa evitar\u00e1 o congestionamento da central, mesmo em \u00e9poca de grandes demandas, otimizando o tempo de resposta para o atendimento das chamadas. O investimento foi em torno de R$ 1,1 milh\u00f5es. A Prefeita de Itaju\u00edpe Gilka Badar\u00f3(PSB) confirmou presen\u00e7a nos dois encontros, os vereadores P\u00e1dua Gallo(PTN), Ant\u00f4nio Lopes (PP), Orlandy Almeida (PDT), Edmilson Borges(PT), Gean Silva(PT) e Gilm\u00e1rio Costa(PSD) acompanhar\u00e3o a prefeita Gilka Badar\u00f3.<\/span><\/div>\n<div style=\"text-align: justify;\"><\/div>\n","protected":false},"excerpt":{"rendered":"<p>O governador Jaques Wagner estar\u00e1 em Ilh\u00e9us e Itabuna nessa quarta-feira(24), cumprindo agenda que envolve inaugura\u00e7\u00f5es e lan\u00e7amento de edital. Em Ilh\u00e9us, \u00e0s 9h, no centro de conven\u00e7\u00f5es do hotel&#8230;<\/p>\n","protected":false},"author":1,"featured_media":0,"comment_status":"open","ping_status":"open","sticky":false,"template":"","format":"standard","meta":{"_editorskit_title_hidden":false,"_editorskit_reading_time":0,"_editorskit_is_block_options_detached":false,"_editorskit_block_options_position":"{}","om_disable_all_campaigns":false,"_mi_skip_tracking":false,"_kad_post_transparent":"","_kad_post_title":"","_kad_post_layout":"","_kad_post_sidebar_id":"","_kad_post_content_style":"","_kad_post_vertical_padding":"","_kad_post_feature":"","_kad_post_feature_position":"","_kad_post_header":false,"_kad_post_footer":false,"footnotes":""},"categories":[1],"tags":[],"class_list":["post-26891","post","type-post","status-publish","format-standard","hentry","category-destaques"],"yoast_head":"<!-- This site is optimized with the Yoast SEO plugin v20.5 - https:\/\/yoast.com\/wordpress\/plugins\/seo\/ -->\n<title>GILKA TEM ENCONTRO COM WAGNER EM ILH\u00c9US E ITABUNA AMANH\u00c3 - blog do er\u00ea<\/title>\n<meta name=\"robots\" content=\"index, follow, max-snippet:-1, max-image-preview:large, max-video-preview:-1\" \/>\n<link rel=\"canonical\" href=\"https:\/\/blogdoere.com.br\/?p=26891\" \/>\n<meta property=\"og:locale\" content=\"pt_PT\" \/>\n<meta property=\"og:type\" content=\"article\" \/>\n<meta property=\"og:title\" content=\"GILKA TEM ENCONTRO COM WAGNER EM ILH\u00c9US E ITABUNA AMANH\u00c3 - blog do er\u00ea\" \/>\n<meta property=\"og:description\" content=\"O governador Jaques Wagner estar\u00e1 em Ilh\u00e9us e Itabuna nessa quarta-feira(24), cumprindo agenda que envolve inaugura\u00e7\u00f5es e lan\u00e7amento de edital. Em Ilh\u00e9us, \u00e0s 9h, no centro de conven\u00e7\u00f5es do hotel...\" \/>\n<meta property=\"og:url\" content=\"https:\/\/blogdoere.com.br\/?p=26891\" \/>\n<meta property=\"og:site_name\" content=\"blog do er\u00ea\" \/>\n<meta property=\"article:published_time\" content=\"2013-04-24T00:30:00+00:00\" \/>\n<meta property=\"og:image\" content=\"http:\/\/www.ilheus24h.com.br\/v1\/wp-content\/uploads\/2013\/04\/wag.jpg\" \/>\n<meta name=\"author\" content=\"blogdoere@hotmail.com\" \/>\n<meta name=\"twitter:card\" content=\"summary_large_image\" \/>\n<meta name=\"twitter:label1\" content=\"Escrito por\" \/>\n\t<meta name=\"twitter:data1\" content=\"blogdoere@hotmail.com\" \/>\n\t<meta name=\"twitter:label2\" content=\"Tempo estimado de leitura\" \/>\n\t<meta name=\"twitter:data2\" content=\"1 minuto\" \/>\n<script type=\"application\/ld+json\" class=\"yoast-schema-graph\">{\"@context\":\"https:\/\/schema.org\",\"@graph\":[{\"@type\":\"Article\",\"@id\":\"https:\/\/blogdoere.com.br\/?p=26891#article\",\"isPartOf\":{\"@id\":\"https:\/\/blogdoere.com.br\/?p=26891\"},\"author\":{\"name\":\"blogdoere@hotmail.com\",\"@id\":\"https:\/\/blogdoere.com.br\/#\/schema\/person\/c4f6d566a44c7bacdda563667715d18b\"},\"headline\":\"GILKA TEM ENCONTRO COM WAGNER EM ILH\u00c9US E ITABUNA AMANH\u00c3\",\"datePublished\":\"2013-04-24T00:30:00+00:00\",\"dateModified\":\"2013-04-24T00:30:00+00:00\",\"mainEntityOfPage\":{\"@id\":\"https:\/\/blogdoere.com.br\/?p=26891\"},\"wordCount\":293,\"commentCount\":0,\"publisher\":{\"@id\":\"https:\/\/blogdoere.com.br\/#organization\"},\"articleSection\":[\"Destaques\"],\"inLanguage\":\"pt-PT\",\"potentialAction\":[{\"@type\":\"CommentAction\",\"name\":\"Comment\",\"target\":[\"https:\/\/blogdoere.com.br\/?p=26891#respond\"]}]},{\"@type\":\"WebPage\",\"@id\":\"https:\/\/blogdoere.com.br\/?p=26891\",\"url\":\"https:\/\/blogdoere.com.br\/?p=26891\",\"name\":\"GILKA TEM ENCONTRO COM WAGNER EM ILH\u00c9US E ITABUNA AMANH\u00c3 - blog do er\u00ea\",\"isPartOf\":{\"@id\":\"https:\/\/blogdoere.com.br\/#website\"},\"datePublished\":\"2013-04-24T00:30:00+00:00\",\"dateModified\":\"2013-04-24T00:30:00+00:00\",\"breadcrumb\":{\"@id\":\"https:\/\/blogdoere.com.br\/?p=26891#breadcrumb\"},\"inLanguage\":\"pt-PT\",\"potentialAction\":[{\"@type\":\"ReadAction\",\"target\":[\"https:\/\/blogdoere.com.br\/?p=26891\"]}]},{\"@type\":\"BreadcrumbList\",\"@id\":\"https:\/\/blogdoere.com.br\/?p=26891#breadcrumb\",\"itemListElement\":[{\"@type\":\"ListItem\",\"position\":1,\"name\":\"In\u00edcio\",\"item\":\"https:\/\/blogdoere.com.br\/\"},{\"@type\":\"ListItem\",\"position\":2,\"name\":\"GILKA TEM ENCONTRO COM WAGNER EM ILH\u00c9US E ITABUNA AMANH\u00c3\"}]},{\"@type\":\"WebSite\",\"@id\":\"https:\/\/blogdoere.com.br\/#website\",\"url\":\"https:\/\/blogdoere.com.br\/\",\"name\":\"blog do er\u00ea\",\"description\":\"\",\"publisher\":{\"@id\":\"https:\/\/blogdoere.com.br\/#organization\"},\"potentialAction\":[{\"@type\":\"SearchAction\",\"target\":{\"@type\":\"EntryPoint\",\"urlTemplate\":\"https:\/\/blogdoere.com.br\/?s={search_term_string}\"},\"query-input\":\"required name=search_term_string\"}],\"inLanguage\":\"pt-PT\"},{\"@type\":\"Organization\",\"@id\":\"https:\/\/blogdoere.com.br\/#organization\",\"name\":\"Blog do Er\u00ea\",\"url\":\"https:\/\/blogdoere.com.br\/\",\"logo\":{\"@type\":\"ImageObject\",\"inLanguage\":\"pt-PT\",\"@id\":\"https:\/\/blogdoere.com.br\/#\/schema\/logo\/image\/\",\"url\":\"https:\/\/blogdoere.com.br\/wp-content\/uploads\/2021\/11\/Logo-Ere-1.png\",\"contentUrl\":\"https:\/\/blogdoere.com.br\/wp-content\/uploads\/2021\/11\/Logo-Ere-1.png\",\"width\":1261,\"height\":1330,\"caption\":\"Blog do Er\u00ea\"},\"image\":{\"@id\":\"https:\/\/blogdoere.com.br\/#\/schema\/logo\/image\/\"}},{\"@type\":\"Person\",\"@id\":\"https:\/\/blogdoere.com.br\/#\/schema\/person\/c4f6d566a44c7bacdda563667715d18b\",\"name\":\"blogdoere@hotmail.com\",\"image\":{\"@type\":\"ImageObject\",\"inLanguage\":\"pt-PT\",\"@id\":\"https:\/\/blogdoere.com.br\/#\/schema\/person\/image\/\",\"url\":\"https:\/\/secure.gravatar.com\/avatar\/5684bd39df1289cb639b4ab539d6fcad69420e4a29521548fc078c58ed122fe6?s=96&d=mm&r=g\",\"contentUrl\":\"https:\/\/secure.gravatar.com\/avatar\/5684bd39df1289cb639b4ab539d6fcad69420e4a29521548fc078c58ed122fe6?s=96&d=mm&r=g\",\"caption\":\"blogdoere@hotmail.com\"},\"sameAs\":[\"http:\/\/blogdoere.com.br\"]}]}<\/script>\n<!-- \/ Yoast SEO plugin. -->","yoast_head_json":{"title":"GILKA TEM ENCONTRO COM WAGNER EM ILH\u00c9US E ITABUNA AMANH\u00c3 - blog do er\u00ea","robots":{"index":"index","follow":"follow","max-snippet":"max-snippet:-1","max-image-preview":"max-image-preview:large","max-video-preview":"max-video-preview:-1"},"canonical":"https:\/\/blogdoere.com.br\/?p=26891","og_locale":"pt_PT","og_type":"article","og_title":"GILKA TEM ENCONTRO COM WAGNER EM ILH\u00c9US E ITABUNA AMANH\u00c3 - blog do er\u00ea","og_description":"O governador Jaques Wagner estar\u00e1 em Ilh\u00e9us e Itabuna nessa quarta-feira(24), cumprindo agenda que envolve inaugura\u00e7\u00f5es e lan\u00e7amento de edital. Em Ilh\u00e9us, \u00e0s 9h, no centro de conven\u00e7\u00f5es do hotel...","og_url":"https:\/\/blogdoere.com.br\/?p=26891","og_site_name":"blog do er\u00ea","article_published_time":"2013-04-24T00:30:00+00:00","og_image":[{"url":"http:\/\/www.ilheus24h.com.br\/v1\/wp-content\/uploads\/2013\/04\/wag.jpg"}],"author":"blogdoere@hotmail.com","twitter_card":"summary_large_image","twitter_misc":{"Escrito por":"blogdoere@hotmail.com","Tempo estimado de leitura":"1 minuto"},"schema":{"@context":"https:\/\/schema.org","@graph":[{"@type":"Article","@id":"https:\/\/blogdoere.com.br\/?p=26891#article","isPartOf":{"@id":"https:\/\/blogdoere.com.br\/?p=26891"},"author":{"name":"blogdoere@hotmail.com","@id":"https:\/\/blogdoere.com.br\/#\/schema\/person\/c4f6d566a44c7bacdda563667715d18b"},"headline":"GILKA TEM ENCONTRO COM WAGNER EM ILH\u00c9US E ITABUNA AMANH\u00c3","datePublished":"2013-04-24T00:30:00+00:00","dateModified":"2013-04-24T00:30:00+00:00","mainEntityOfPage":{"@id":"https:\/\/blogdoere.com.br\/?p=26891"},"wordCount":293,"commentCount":0,"publisher":{"@id":"https:\/\/blogdoere.com.br\/#organization"},"articleSection":["Destaques"],"inLanguage":"pt-PT","potentialAction":[{"@type":"CommentAction","name":"Comment","target":["https:\/\/blogdoere.com.br\/?p=26891#respond"]}]},{"@type":"WebPage","@id":"https:\/\/blogdoere.com.br\/?p=26891","url":"https:\/\/blogdoere.com.br\/?p=26891","name":"GILKA TEM ENCONTRO COM WAGNER EM ILH\u00c9US E ITABUNA AMANH\u00c3 - blog do er\u00ea","isPartOf":{"@id":"https:\/\/blogdoere.com.br\/#website"},"datePublished":"2013-04-24T00:30:00+00:00","dateModified":"2013-04-24T00:30:00+00:00","breadcrumb":{"@id":"https:\/\/blogdoere.com.br\/?p=26891#breadcrumb"},"inLanguage":"pt-PT","potentialAction":[{"@type":"ReadAction","target":["https:\/\/blogdoere.com.br\/?p=26891"]}]},{"@type":"BreadcrumbList","@id":"https:\/\/blogdoere.com.br\/?p=26891#breadcrumb","itemListElement":[{"@type":"ListItem","position":1,"name":"In\u00edcio","item":"https:\/\/blogdoere.com.br\/"},{"@type":"ListItem","position":2,"name":"GILKA TEM ENCONTRO COM WAGNER EM ILH\u00c9US E ITABUNA AMANH\u00c3"}]},{"@type":"WebSite","@id":"https:\/\/blogdoere.com.br\/#website","url":"https:\/\/blogdoere.com.br\/","name":"blog do er\u00ea","description":"","publisher":{"@id":"https:\/\/blogdoere.com.br\/#organization"},"potentialAction":[{"@type":"SearchAction","target":{"@type":"EntryPoint","urlTemplate":"https:\/\/blogdoere.com.br\/?s={search_term_string}"},"query-input":"required name=search_term_string"}],"inLanguage":"pt-PT"},{"@type":"Organization","@id":"https:\/\/blogdoere.com.br\/#organization","name":"Blog do Er\u00ea","url":"https:\/\/blogdoere.com.br\/","logo":{"@type":"ImageObject","inLanguage":"pt-PT","@id":"https:\/\/blogdoere.com.br\/#\/schema\/logo\/image\/","url":"https:\/\/blogdoere.com.br\/wp-content\/uploads\/2021\/11\/Logo-Ere-1.png","contentUrl":"https:\/\/blogdoere.com.br\/wp-content\/uploads\/2021\/11\/Logo-Ere-1.png","width":1261,"height":1330,"caption":"Blog do Er\u00ea"},"image":{"@id":"https:\/\/blogdoere.com.br\/#\/schema\/logo\/image\/"}},{"@type":"Person","@id":"https:\/\/blogdoere.com.br\/#\/schema\/person\/c4f6d566a44c7bacdda563667715d18b","name":"blogdoere@hotmail.com","image":{"@type":"ImageObject","inLanguage":"pt-PT","@id":"https:\/\/blogdoere.com.br\/#\/schema\/person\/image\/","url":"https:\/\/secure.gravatar.com\/avatar\/5684bd39df1289cb639b4ab539d6fcad69420e4a29521548fc078c58ed122fe6?s=96&d=mm&r=g","contentUrl":"https:\/\/secure.gravatar.com\/avatar\/5684bd39df1289cb639b4ab539d6fcad69420e4a29521548fc078c58ed122fe6?s=96&d=mm&r=g","caption":"blogdoere@hotmail.com"},"sameAs":["http:\/\/blogdoere.com.br"]}]}},"featured_image_urls":{"full":"","thumbnail":"","medium":"","medium_large":"","large":"","1536x1536":"","2048x2048":""},"author_info":{"display_name":"blogdoere@hotmail.com","author_link":"https:\/\/blogdoere.com.br\/?author=1"},"category_info":"<a href=\"https:\/\/blogdoere.com.br\/?cat=1\" rel=\"category\">Destaques<\/a>","tag_info":"Destaques","comment_count":"0","_links":{"self":[{"href":"https:\/\/blogdoere.com.br\/index.php?rest_route=\/wp\/v2\/posts\/26891","targetHints":{"allow":["GET"]}}],"collection":[{"href":"https:\/\/blogdoere.com.br\/index.php?rest_route=\/wp\/v2\/posts"}],"about":[{"href":"https:\/\/blogdoere.com.br\/index.php?rest_route=\/wp\/v2\/types\/post"}],"author":[{"embeddable":true,"href":"https:\/\/blogdoere.com.br\/index.php?rest_route=\/wp\/v2\/users\/1"}],"replies":[{"embeddable":true,"href":"https:\/\/blogdoere.com.br\/index.php?rest_route=%2Fwp%2Fv2%2Fcomments&post=26891"}],"version-history":[{"count":0,"href":"https:\/\/blogdoere.com.br\/index.php?rest_route=\/wp\/v2\/posts\/26891\/revisions"}],"wp:attachment":[{"href":"https:\/\/blogdoere.com.br\/index.php?rest_route=%2Fwp%2Fv2%2Fmedia&parent=26891"}],"wp:term":[{"taxonomy":"category","embeddable":true,"href":"https:\/\/blogdoere.com.br\/index.php?rest_route=%2Fwp%2Fv2%2Fcategories&post=26891"},{"taxonomy":"post_tag","embeddable":true,"href":"https:\/\/blogdoere.com.br\/index.php?rest_route=%2Fwp%2Fv2%2Ftags&post=26891"}],"curies":[{"name":"wp","href":"https:\/\/api.w.org\/{rel}","templated":true}]}}