{"id":26896,"date":"2013-04-22T19:57:00","date_gmt":"2013-04-22T19:57:00","guid":{"rendered":"http:\/\/blogdoere.com.br\/?p=26896"},"modified":"2013-04-22T19:57:00","modified_gmt":"2013-04-22T19:57:00","slug":"durante-missa-filho-de-luis-eduardo-e-lembrado-para-candidato-ao-governo-em-2014","status":"publish","type":"post","link":"https:\/\/blogdoere.com.br\/?p=26896","title":{"rendered":"DURANTE MISSA, FILHO DE LUIS EDUARDO \u00c9 LEMBRADO PARA CANDIDATO AO GOVERNO EM 2014"},"content":{"rendered":"<div style=\"text-align: center;\"><img decoding=\"async\" src=\"http:\/\/www.politicalivre.com.br\/wp-content\/thumbgen_cache\/387c00db98bb3d7649a744f9632b9697.jpg\" \/><\/div>\n<div style=\"text-align: justify;\"><span style=\"color: #4b4a4b; font-family: HelveticaNeue47LightCondensed; font-size: 18px; line-height: 23px;\"><br \/><\/span><\/div>\n<div style=\"text-align: justify;\"><span style=\"color: #4b4a4b; font-family: HelveticaNeue47LightCondensed; font-size: 18px; line-height: 23px;\">Durante a missa em mem\u00f3ria dos 15 anos de morte do ex-deputado federal Luis Eduardo Magalh\u00e3es, ontem, na&nbsp;Igreja da Miseric\u00f3rdia, no Centro Hist\u00f3rico, o filho dele, mais conhecido como Duquinho, foi mais uma vez o centro das aten\u00e7\u00f5es, dadas as semelhan\u00e7as f\u00edsicas e de temperamento com o pai, cuja simpatia, capacidade pol\u00edtica, facilidade de tr\u00e2nsito entre partidos e poder de articula\u00e7\u00e3o sempre foi uma unanimidade. &nbsp;Talvez por este motivo, ainda na cerim\u00f4nia, alguns pol\u00edticos tenham, em contato com o&nbsp;<\/span><span style=\"border: none; color: #993300; font-family: HelveticaNeue47LightCondensed; font-size: 18px; line-height: 23px; margin: 0px; outline: none; padding: 0px; vertical-align: baseline;\"><strong style=\"border: none; font-family: Helvetica57CondensedRoman; font-weight: normal; margin: 0px; outline: none; padding: 0px; vertical-align: baseline;\">Pol\u00edtica Livre<\/strong><\/span><span style=\"color: #4b4a4b; font-family: HelveticaNeue47LightCondensed; font-size: 18px; line-height: 23px;\">, voltado a se referir \u00e0 heran\u00e7a pol\u00edtica de Luis Eduardo Filho como um valor que ele n\u00e3o deveria desprezar, pensando seriamente na possibilidade de concorrer ao governo do Estado em 2014, j\u00e1 que abriu m\u00e3o de disputar um cargo eletivo em 2010, quando muitos queriam que concorresse a uma vaga na Assembleia ou no Congresso. Na \u00e9poca, Duquinho alegou que preferia manter suas posi\u00e7\u00f5es nas empresas da fam\u00edlia e em outros neg\u00f3cios onde atua sozinho e constr\u00f3i uma imagem de empres\u00e1rio de sucesso, sentimento que pode agora estar mais solidificado ou ent\u00e3o se flexibilizado. Informa\u00e7\u00e3o do Politica Livre.<\/span><\/div>\n","protected":false},"excerpt":{"rendered":"<p>Durante a missa em mem\u00f3ria dos 15 anos de morte do ex-deputado federal Luis Eduardo Magalh\u00e3es, ontem, na&nbsp;Igreja da Miseric\u00f3rdia, no Centro Hist\u00f3rico, o filho dele, mais conhecido como Duquinho,&#8230;<\/p>\n","protected":false},"author":1,"featured_media":0,"comment_status":"open","ping_status":"open","sticky":false,"template":"","format":"standard","meta":{"_editorskit_title_hidden":false,"_editorskit_reading_time":0,"_editorskit_is_block_options_detached":false,"_editorskit_block_options_position":"{}","om_disable_all_campaigns":false,"_mi_skip_tracking":false,"_kad_post_transparent":"","_kad_post_title":"","_kad_post_layout":"","_kad_post_sidebar_id":"","_kad_post_content_style":"","_kad_post_vertical_padding":"","_kad_post_feature":"","_kad_post_feature_position":"","_kad_post_header":false,"_kad_post_footer":false,"footnotes":""},"categories":[32],"tags":[],"class_list":["post-26896","post","type-post","status-publish","format-standard","hentry","category-politica"],"yoast_head":"<!-- This site is optimized with the Yoast SEO plugin v20.5 - https:\/\/yoast.com\/wordpress\/plugins\/seo\/ -->\n<title>DURANTE MISSA, FILHO DE LUIS EDUARDO \u00c9 LEMBRADO PARA CANDIDATO AO GOVERNO EM 2014 - blog do er\u00ea<\/title>\n<meta name=\"robots\" content=\"index, follow, max-snippet:-1, max-image-preview:large, max-video-preview:-1\" \/>\n<link rel=\"canonical\" href=\"https:\/\/blogdoere.com.br\/?p=26896\" \/>\n<meta property=\"og:locale\" content=\"pt_PT\" \/>\n<meta property=\"og:type\" content=\"article\" \/>\n<meta property=\"og:title\" content=\"DURANTE MISSA, FILHO DE LUIS EDUARDO \u00c9 LEMBRADO PARA CANDIDATO AO GOVERNO EM 2014 - blog do er\u00ea\" \/>\n<meta property=\"og:description\" content=\"Durante a missa em mem\u00f3ria dos 15 anos de morte do ex-deputado federal Luis Eduardo Magalh\u00e3es, ontem, na&nbsp;Igreja da Miseric\u00f3rdia, no Centro Hist\u00f3rico, o filho dele, mais conhecido como Duquinho,...\" \/>\n<meta property=\"og:url\" content=\"https:\/\/blogdoere.com.br\/?p=26896\" \/>\n<meta property=\"og:site_name\" content=\"blog do er\u00ea\" \/>\n<meta property=\"article:published_time\" content=\"2013-04-22T19:57:00+00:00\" \/>\n<meta property=\"og:image\" content=\"http:\/\/www.politicalivre.com.br\/wp-content\/thumbgen_cache\/387c00db98bb3d7649a744f9632b9697.jpg\" \/>\n<meta name=\"author\" content=\"blogdoere@hotmail.com\" \/>\n<meta name=\"twitter:card\" content=\"summary_large_image\" \/>\n<meta name=\"twitter:label1\" content=\"Escrito por\" \/>\n\t<meta name=\"twitter:data1\" content=\"blogdoere@hotmail.com\" \/>\n\t<meta name=\"twitter:label2\" content=\"Tempo estimado de leitura\" \/>\n\t<meta name=\"twitter:data2\" content=\"1 minuto\" \/>\n<script type=\"application\/ld+json\" class=\"yoast-schema-graph\">{\"@context\":\"https:\/\/schema.org\",\"@graph\":[{\"@type\":\"Article\",\"@id\":\"https:\/\/blogdoere.com.br\/?p=26896#article\",\"isPartOf\":{\"@id\":\"https:\/\/blogdoere.com.br\/?p=26896\"},\"author\":{\"name\":\"blogdoere@hotmail.com\",\"@id\":\"https:\/\/blogdoere.com.br\/#\/schema\/person\/c4f6d566a44c7bacdda563667715d18b\"},\"headline\":\"DURANTE MISSA, FILHO DE LUIS EDUARDO \u00c9 LEMBRADO PARA CANDIDATO AO GOVERNO EM 2014\",\"datePublished\":\"2013-04-22T19:57:00+00:00\",\"dateModified\":\"2013-04-22T19:57:00+00:00\",\"mainEntityOfPage\":{\"@id\":\"https:\/\/blogdoere.com.br\/?p=26896\"},\"wordCount\":215,\"commentCount\":1,\"publisher\":{\"@id\":\"https:\/\/blogdoere.com.br\/#organization\"},\"articleSection\":[\"Pol\u00edtica\"],\"inLanguage\":\"pt-PT\",\"potentialAction\":[{\"@type\":\"CommentAction\",\"name\":\"Comment\",\"target\":[\"https:\/\/blogdoere.com.br\/?p=26896#respond\"]}]},{\"@type\":\"WebPage\",\"@id\":\"https:\/\/blogdoere.com.br\/?p=26896\",\"url\":\"https:\/\/blogdoere.com.br\/?p=26896\",\"name\":\"DURANTE MISSA, FILHO DE LUIS EDUARDO \u00c9 LEMBRADO PARA CANDIDATO AO GOVERNO EM 2014 - blog do er\u00ea\",\"isPartOf\":{\"@id\":\"https:\/\/blogdoere.com.br\/#website\"},\"datePublished\":\"2013-04-22T19:57:00+00:00\",\"dateModified\":\"2013-04-22T19:57:00+00:00\",\"breadcrumb\":{\"@id\":\"https:\/\/blogdoere.com.br\/?p=26896#breadcrumb\"},\"inLanguage\":\"pt-PT\",\"potentialAction\":[{\"@type\":\"ReadAction\",\"target\":[\"https:\/\/blogdoere.com.br\/?p=26896\"]}]},{\"@type\":\"BreadcrumbList\",\"@id\":\"https:\/\/blogdoere.com.br\/?p=26896#breadcrumb\",\"itemListElement\":[{\"@type\":\"ListItem\",\"position\":1,\"name\":\"In\u00edcio\",\"item\":\"https:\/\/blogdoere.com.br\/\"},{\"@type\":\"ListItem\",\"position\":2,\"name\":\"DURANTE MISSA, FILHO DE LUIS EDUARDO \u00c9 LEMBRADO PARA CANDIDATO AO GOVERNO EM 2014\"}]},{\"@type\":\"WebSite\",\"@id\":\"https:\/\/blogdoere.com.br\/#website\",\"url\":\"https:\/\/blogdoere.com.br\/\",\"name\":\"blog do er\u00ea\",\"description\":\"\",\"publisher\":{\"@id\":\"https:\/\/blogdoere.com.br\/#organization\"},\"potentialAction\":[{\"@type\":\"SearchAction\",\"target\":{\"@type\":\"EntryPoint\",\"urlTemplate\":\"https:\/\/blogdoere.com.br\/?s={search_term_string}\"},\"query-input\":\"required name=search_term_string\"}],\"inLanguage\":\"pt-PT\"},{\"@type\":\"Organization\",\"@id\":\"https:\/\/blogdoere.com.br\/#organization\",\"name\":\"Blog do Er\u00ea\",\"url\":\"https:\/\/blogdoere.com.br\/\",\"logo\":{\"@type\":\"ImageObject\",\"inLanguage\":\"pt-PT\",\"@id\":\"https:\/\/blogdoere.com.br\/#\/schema\/logo\/image\/\",\"url\":\"https:\/\/blogdoere.com.br\/wp-content\/uploads\/2021\/11\/Logo-Ere-1.png\",\"contentUrl\":\"https:\/\/blogdoere.com.br\/wp-content\/uploads\/2021\/11\/Logo-Ere-1.png\",\"width\":1261,\"height\":1330,\"caption\":\"Blog do Er\u00ea\"},\"image\":{\"@id\":\"https:\/\/blogdoere.com.br\/#\/schema\/logo\/image\/\"}},{\"@type\":\"Person\",\"@id\":\"https:\/\/blogdoere.com.br\/#\/schema\/person\/c4f6d566a44c7bacdda563667715d18b\",\"name\":\"blogdoere@hotmail.com\",\"image\":{\"@type\":\"ImageObject\",\"inLanguage\":\"pt-PT\",\"@id\":\"https:\/\/blogdoere.com.br\/#\/schema\/person\/image\/\",\"url\":\"https:\/\/secure.gravatar.com\/avatar\/5684bd39df1289cb639b4ab539d6fcad69420e4a29521548fc078c58ed122fe6?s=96&d=mm&r=g\",\"contentUrl\":\"https:\/\/secure.gravatar.com\/avatar\/5684bd39df1289cb639b4ab539d6fcad69420e4a29521548fc078c58ed122fe6?s=96&d=mm&r=g\",\"caption\":\"blogdoere@hotmail.com\"},\"sameAs\":[\"http:\/\/blogdoere.com.br\"]}]}<\/script>\n<!-- \/ Yoast SEO plugin. -->","yoast_head_json":{"title":"DURANTE MISSA, FILHO DE LUIS EDUARDO \u00c9 LEMBRADO PARA CANDIDATO AO GOVERNO EM 2014 - blog do er\u00ea","robots":{"index":"index","follow":"follow","max-snippet":"max-snippet:-1","max-image-preview":"max-image-preview:large","max-video-preview":"max-video-preview:-1"},"canonical":"https:\/\/blogdoere.com.br\/?p=26896","og_locale":"pt_PT","og_type":"article","og_title":"DURANTE MISSA, FILHO DE LUIS EDUARDO \u00c9 LEMBRADO PARA CANDIDATO AO GOVERNO EM 2014 - blog do er\u00ea","og_description":"Durante a missa em mem\u00f3ria dos 15 anos de morte do ex-deputado federal Luis Eduardo Magalh\u00e3es, ontem, na&nbsp;Igreja da Miseric\u00f3rdia, no Centro Hist\u00f3rico, o filho dele, mais conhecido como Duquinho,...","og_url":"https:\/\/blogdoere.com.br\/?p=26896","og_site_name":"blog do er\u00ea","article_published_time":"2013-04-22T19:57:00+00:00","og_image":[{"url":"http:\/\/www.politicalivre.com.br\/wp-content\/thumbgen_cache\/387c00db98bb3d7649a744f9632b9697.jpg"}],"author":"blogdoere@hotmail.com","twitter_card":"summary_large_image","twitter_misc":{"Escrito por":"blogdoere@hotmail.com","Tempo estimado de leitura":"1 minuto"},"schema":{"@context":"https:\/\/schema.org","@graph":[{"@type":"Article","@id":"https:\/\/blogdoere.com.br\/?p=26896#article","isPartOf":{"@id":"https:\/\/blogdoere.com.br\/?p=26896"},"author":{"name":"blogdoere@hotmail.com","@id":"https:\/\/blogdoere.com.br\/#\/schema\/person\/c4f6d566a44c7bacdda563667715d18b"},"headline":"DURANTE MISSA, FILHO DE LUIS EDUARDO \u00c9 LEMBRADO PARA CANDIDATO AO GOVERNO EM 2014","datePublished":"2013-04-22T19:57:00+00:00","dateModified":"2013-04-22T19:57:00+00:00","mainEntityOfPage":{"@id":"https:\/\/blogdoere.com.br\/?p=26896"},"wordCount":215,"commentCount":1,"publisher":{"@id":"https:\/\/blogdoere.com.br\/#organization"},"articleSection":["Pol\u00edtica"],"inLanguage":"pt-PT","potentialAction":[{"@type":"CommentAction","name":"Comment","target":["https:\/\/blogdoere.com.br\/?p=26896#respond"]}]},{"@type":"WebPage","@id":"https:\/\/blogdoere.com.br\/?p=26896","url":"https:\/\/blogdoere.com.br\/?p=26896","name":"DURANTE MISSA, FILHO DE LUIS EDUARDO \u00c9 LEMBRADO PARA CANDIDATO AO GOVERNO EM 2014 - blog do er\u00ea","isPartOf":{"@id":"https:\/\/blogdoere.com.br\/#website"},"datePublished":"2013-04-22T19:57:00+00:00","dateModified":"2013-04-22T19:57:00+00:00","breadcrumb":{"@id":"https:\/\/blogdoere.com.br\/?p=26896#breadcrumb"},"inLanguage":"pt-PT","potentialAction":[{"@type":"ReadAction","target":["https:\/\/blogdoere.com.br\/?p=26896"]}]},{"@type":"BreadcrumbList","@id":"https:\/\/blogdoere.com.br\/?p=26896#breadcrumb","itemListElement":[{"@type":"ListItem","position":1,"name":"In\u00edcio","item":"https:\/\/blogdoere.com.br\/"},{"@type":"ListItem","position":2,"name":"DURANTE MISSA, FILHO DE LUIS EDUARDO \u00c9 LEMBRADO PARA CANDIDATO AO GOVERNO EM 2014"}]},{"@type":"WebSite","@id":"https:\/\/blogdoere.com.br\/#website","url":"https:\/\/blogdoere.com.br\/","name":"blog do er\u00ea","description":"","publisher":{"@id":"https:\/\/blogdoere.com.br\/#organization"},"potentialAction":[{"@type":"SearchAction","target":{"@type":"EntryPoint","urlTemplate":"https:\/\/blogdoere.com.br\/?s={search_term_string}"},"query-input":"required name=search_term_string"}],"inLanguage":"pt-PT"},{"@type":"Organization","@id":"https:\/\/blogdoere.com.br\/#organization","name":"Blog do Er\u00ea","url":"https:\/\/blogdoere.com.br\/","logo":{"@type":"ImageObject","inLanguage":"pt-PT","@id":"https:\/\/blogdoere.com.br\/#\/schema\/logo\/image\/","url":"https:\/\/blogdoere.com.br\/wp-content\/uploads\/2021\/11\/Logo-Ere-1.png","contentUrl":"https:\/\/blogdoere.com.br\/wp-content\/uploads\/2021\/11\/Logo-Ere-1.png","width":1261,"height":1330,"caption":"Blog do Er\u00ea"},"image":{"@id":"https:\/\/blogdoere.com.br\/#\/schema\/logo\/image\/"}},{"@type":"Person","@id":"https:\/\/blogdoere.com.br\/#\/schema\/person\/c4f6d566a44c7bacdda563667715d18b","name":"blogdoere@hotmail.com","image":{"@type":"ImageObject","inLanguage":"pt-PT","@id":"https:\/\/blogdoere.com.br\/#\/schema\/person\/image\/","url":"https:\/\/secure.gravatar.com\/avatar\/5684bd39df1289cb639b4ab539d6fcad69420e4a29521548fc078c58ed122fe6?s=96&d=mm&r=g","contentUrl":"https:\/\/secure.gravatar.com\/avatar\/5684bd39df1289cb639b4ab539d6fcad69420e4a29521548fc078c58ed122fe6?s=96&d=mm&r=g","caption":"blogdoere@hotmail.com"},"sameAs":["http:\/\/blogdoere.com.br"]}]}},"featured_image_urls":{"full":"","thumbnail":"","medium":"","medium_large":"","large":"","1536x1536":"","2048x2048":""},"author_info":{"display_name":"blogdoere@hotmail.com","author_link":"https:\/\/blogdoere.com.br\/?author=1"},"category_info":"<a href=\"https:\/\/blogdoere.com.br\/?cat=32\" rel=\"category\">Pol\u00edtica<\/a>","tag_info":"Pol\u00edtica","comment_count":"1","_links":{"self":[{"href":"https:\/\/blogdoere.com.br\/index.php?rest_route=\/wp\/v2\/posts\/26896","targetHints":{"allow":["GET"]}}],"collection":[{"href":"https:\/\/blogdoere.com.br\/index.php?rest_route=\/wp\/v2\/posts"}],"about":[{"href":"https:\/\/blogdoere.com.br\/index.php?rest_route=\/wp\/v2\/types\/post"}],"author":[{"embeddable":true,"href":"https:\/\/blogdoere.com.br\/index.php?rest_route=\/wp\/v2\/users\/1"}],"replies":[{"embeddable":true,"href":"https:\/\/blogdoere.com.br\/index.php?rest_route=%2Fwp%2Fv2%2Fcomments&post=26896"}],"version-history":[{"count":0,"href":"https:\/\/blogdoere.com.br\/index.php?rest_route=\/wp\/v2\/posts\/26896\/revisions"}],"wp:attachment":[{"href":"https:\/\/blogdoere.com.br\/index.php?rest_route=%2Fwp%2Fv2%2Fmedia&parent=26896"}],"wp:term":[{"taxonomy":"category","embeddable":true,"href":"https:\/\/blogdoere.com.br\/index.php?rest_route=%2Fwp%2Fv2%2Fcategories&post=26896"},{"taxonomy":"post_tag","embeddable":true,"href":"https:\/\/blogdoere.com.br\/index.php?rest_route=%2Fwp%2Fv2%2Ftags&post=26896"}],"curies":[{"name":"wp","href":"https:\/\/api.w.org\/{rel}","templated":true}]}}