{"id":26906,"date":"2013-04-18T01:42:00","date_gmt":"2013-04-18T01:42:00","guid":{"rendered":"http:\/\/blogdoere.com.br\/?p=26906"},"modified":"2013-04-18T01:42:00","modified_gmt":"2013-04-18T01:42:00","slug":"criacao-da-universidade-do-sul-da-bahia-e-aprovada-na-ccj-do-senado","status":"publish","type":"post","link":"https:\/\/blogdoere.com.br\/?p=26906","title":{"rendered":"CRIA\u00c7\u00c3O DA UNIVERSIDADE DO SUL DA BAHIA \u00c9 APROVADA NA CCJ DO SENADO"},"content":{"rendered":"<p><\/p>\n<h4 style=\"background-color: white; border: 0px; color: #555555; font-family: Arial, Helvetica, sans-serif; font-size: 16px; font-weight: normal; line-height: 1; margin: 0px 0px 16px; padding: 0px; text-align: justify; vertical-align: baseline;\"><\/h4>\n<h4 style=\"background-color: white; border: 0px; color: #555555; font-family: Arial, Helvetica, sans-serif; font-size: 16px; font-weight: normal; line-height: 1; margin: 0px 0px 16px; padding: 0px; text-align: center; vertical-align: baseline;\"><img decoding=\"async\" alt=\"541770_433409920086231_641990148_n\" height=\"300\" src=\"http:\/\/www.politicosdosuldabahia.com.br\/v1\/wp-content\/uploads\/2013\/04\/541770_433409920086231_641990148_n.jpg\" width=\"400\" \/><\/h4>\n<h4 style=\"background-color: white; border: 0px; color: #555555; font-size: 16px; font-weight: normal; line-height: 1; margin: 0px 0px 16px; padding: 0px; text-align: justify; vertical-align: baseline;\"><span style=\"font-family: Arial, Helvetica, sans-serif;\">A Comiss\u00e3o de Constitui\u00e7\u00e3o e Justi\u00e7a (CCJ) do Senado aprovou, nesta quarta-feira (17), a cria\u00e7\u00e3o da Universidade Federal do Sul da Bahia (Ufesba). O senador Walter Pinheiro (PT\/BA) apresentou seu relat\u00f3rio favor\u00e1vel \u00e0 mat\u00e9ria e articulou a realiza\u00e7\u00e3o de uma sess\u00e3o extraordin\u00e1ria na Comiss\u00e3o de Educa\u00e7\u00e3o, Cultura e Esporte (CE) para vota\u00e7\u00e3o da proposta ainda hoje.<\/span><\/h4>\n<h4 style=\"background-color: white; border: 0px; color: #555555; font-size: 16px; font-weight: normal; line-height: 1; margin: 0px 0px 16px; padding: 0px; text-align: justify; vertical-align: baseline;\"><span style=\"font-family: Arial, Helvetica, sans-serif;\">\u201cOntem [ter\u00e7a-feira]conversei com o presidente da CE, senador Cyro Miranda, sobre a import\u00e2ncia da celeridade desta tramita\u00e7\u00e3o e combinamos a realiza\u00e7\u00e3o da sess\u00e3o extraordin\u00e1ria. A relatora ser\u00e1 a senadora L\u00eddice da Mata, que poder\u00e1 finalizar a tramita\u00e7\u00e3o aqui no Senado\u201d, disse Pinheiro. \u201cCom isso, o projeto fica pronto para a san\u00e7\u00e3o da presidenta Dilma Rousseff\u201d, comemorou.<\/span><\/h4>\n<h4 style=\"background-color: white; border: 0px; color: #555555; font-size: 16px; font-weight: normal; line-height: 1; margin: 0px 0px 16px; padding: 0px; text-align: justify; vertical-align: baseline;\"><span style=\"font-family: Arial, Helvetica, sans-serif;\">O relator lembrou ainda que a nova Universidade dever\u00e1 atender mais de onze mil alunos, em trinta e seis cursos, representando n\u00e3o apenas um instrumento de inclus\u00e3o social, como fator de desenvolvimento e integra\u00e7\u00e3o dessa importante regi\u00e3o do sul da Bahia.<\/span><\/h4>\n<h4 style=\"background-color: white; border: 0px; color: #555555; font-size: 16px; font-weight: normal; line-height: 1; margin: 0px 0px 16px; padding: 0px; text-align: justify; vertical-align: baseline;\"><span style=\"font-family: Arial, Helvetica, sans-serif;\">ESTRUTURA<\/span><\/h4>\n<h4 style=\"background-color: white; border: 0px; color: #555555; font-size: 16px; font-weight: normal; line-height: 1; margin: 0px 0px 16px; padding: 0px; text-align: justify; vertical-align: baseline;\"><span style=\"font-family: Arial, Helvetica, sans-serif;\">Com natureza jur\u00eddica de autarquia, vinculada ao Minist\u00e9rio da Educa\u00e7\u00e3o, a nova universidade ter\u00e1 como sede o munic\u00edpio de Itabuna, no sul da Bahia, com campi nas cidades de Porto Seguro e Teixeira de Freitas. O PLC que cria Universidade prev\u00ea a cria\u00e7\u00e3o de 617 cargos de professor da Carreira de Magist\u00e9rio Superior e 623 cargos para ocupar o quadro de pessoal da Ufesba. A cria\u00e7\u00e3o dos cargos e fun\u00e7\u00f5es prevista na Lei ficar\u00e1 condicionada \u00e0 autoriza\u00e7\u00e3o da lei or\u00e7ament\u00e1ria anual com a respectiva dota\u00e7\u00e3o suficiente para o preenchimento dos cargos.<\/span><\/h4>\n<h4 style=\"background-color: white; border: 0px; color: #555555; font-size: 16px; font-weight: normal; line-height: 1; margin: 0px 0px 16px; padding: 0px; text-align: justify; vertical-align: baseline;\"><span style=\"font-family: Arial, Helvetica, sans-serif;\">Durante a vota\u00e7\u00e3o, os senadores Ricardo Ferra\u00e7o, Luiz Henrique, Ant\u00f4nio Carlos Valadares, Pedro Taques e L\u00eddice da Mata se manifestaram e felicitaram os baianos por mais essa conquista. Tamb\u00e9m esteve presente \u00e0 vota\u00e7\u00e3o o deputado federal Geraldo Sim\u00f5es (PT\/BA), que foi relator da mat\u00e9ria na C\u00e2mara.<\/span><\/h4>\n","protected":false},"excerpt":{"rendered":"<p>A Comiss\u00e3o de Constitui\u00e7\u00e3o e Justi\u00e7a (CCJ) do Senado aprovou, nesta quarta-feira (17), a cria\u00e7\u00e3o da Universidade Federal do Sul da Bahia (Ufesba). O senador Walter Pinheiro (PT\/BA) apresentou seu&#8230;<\/p>\n","protected":false},"author":1,"featured_media":0,"comment_status":"open","ping_status":"open","sticky":false,"template":"","format":"standard","meta":{"_editorskit_title_hidden":false,"_editorskit_reading_time":0,"_editorskit_is_block_options_detached":false,"_editorskit_block_options_position":"{}","om_disable_all_campaigns":false,"_mi_skip_tracking":false,"_kad_post_transparent":"","_kad_post_title":"","_kad_post_layout":"","_kad_post_sidebar_id":"","_kad_post_content_style":"","_kad_post_vertical_padding":"","_kad_post_feature":"","_kad_post_feature_position":"","_kad_post_header":false,"_kad_post_footer":false,"footnotes":""},"categories":[1],"tags":[],"class_list":["post-26906","post","type-post","status-publish","format-standard","hentry","category-destaques"],"yoast_head":"<!-- This site is optimized with the Yoast SEO plugin v20.5 - https:\/\/yoast.com\/wordpress\/plugins\/seo\/ -->\n<title>CRIA\u00c7\u00c3O DA UNIVERSIDADE DO SUL DA BAHIA \u00c9 APROVADA NA CCJ DO SENADO - blog do er\u00ea<\/title>\n<meta name=\"robots\" content=\"index, follow, max-snippet:-1, max-image-preview:large, max-video-preview:-1\" \/>\n<link rel=\"canonical\" href=\"https:\/\/blogdoere.com.br\/?p=26906\" \/>\n<meta property=\"og:locale\" content=\"pt_PT\" \/>\n<meta property=\"og:type\" content=\"article\" \/>\n<meta property=\"og:title\" content=\"CRIA\u00c7\u00c3O DA UNIVERSIDADE DO SUL DA BAHIA \u00c9 APROVADA NA CCJ DO SENADO - blog do er\u00ea\" \/>\n<meta property=\"og:description\" content=\"A Comiss\u00e3o de Constitui\u00e7\u00e3o e Justi\u00e7a (CCJ) do Senado aprovou, nesta quarta-feira (17), a cria\u00e7\u00e3o da Universidade Federal do Sul da Bahia (Ufesba). O senador Walter Pinheiro (PT\/BA) apresentou seu...\" \/>\n<meta property=\"og:url\" content=\"https:\/\/blogdoere.com.br\/?p=26906\" \/>\n<meta property=\"og:site_name\" content=\"blog do er\u00ea\" \/>\n<meta property=\"article:published_time\" content=\"2013-04-18T01:42:00+00:00\" \/>\n<meta property=\"og:image\" content=\"http:\/\/www.politicosdosuldabahia.com.br\/v1\/wp-content\/uploads\/2013\/04\/541770_433409920086231_641990148_n.jpg\" \/>\n<meta name=\"author\" content=\"blogdoere@hotmail.com\" \/>\n<meta name=\"twitter:card\" content=\"summary_large_image\" \/>\n<meta name=\"twitter:label1\" content=\"Escrito por\" \/>\n\t<meta name=\"twitter:data1\" content=\"blogdoere@hotmail.com\" \/>\n\t<meta name=\"twitter:label2\" content=\"Tempo estimado de leitura\" \/>\n\t<meta name=\"twitter:data2\" content=\"2 minutos\" \/>\n<script type=\"application\/ld+json\" class=\"yoast-schema-graph\">{\"@context\":\"https:\/\/schema.org\",\"@graph\":[{\"@type\":\"Article\",\"@id\":\"https:\/\/blogdoere.com.br\/?p=26906#article\",\"isPartOf\":{\"@id\":\"https:\/\/blogdoere.com.br\/?p=26906\"},\"author\":{\"name\":\"blogdoere@hotmail.com\",\"@id\":\"https:\/\/blogdoere.com.br\/#\/schema\/person\/c4f6d566a44c7bacdda563667715d18b\"},\"headline\":\"CRIA\u00c7\u00c3O DA UNIVERSIDADE DO SUL DA BAHIA \u00c9 APROVADA NA CCJ DO SENADO\",\"datePublished\":\"2013-04-18T01:42:00+00:00\",\"dateModified\":\"2013-04-18T01:42:00+00:00\",\"mainEntityOfPage\":{\"@id\":\"https:\/\/blogdoere.com.br\/?p=26906\"},\"wordCount\":348,\"commentCount\":0,\"publisher\":{\"@id\":\"https:\/\/blogdoere.com.br\/#organization\"},\"articleSection\":[\"Destaques\"],\"inLanguage\":\"pt-PT\",\"potentialAction\":[{\"@type\":\"CommentAction\",\"name\":\"Comment\",\"target\":[\"https:\/\/blogdoere.com.br\/?p=26906#respond\"]}]},{\"@type\":\"WebPage\",\"@id\":\"https:\/\/blogdoere.com.br\/?p=26906\",\"url\":\"https:\/\/blogdoere.com.br\/?p=26906\",\"name\":\"CRIA\u00c7\u00c3O DA UNIVERSIDADE DO SUL DA BAHIA \u00c9 APROVADA NA CCJ DO SENADO - blog do er\u00ea\",\"isPartOf\":{\"@id\":\"https:\/\/blogdoere.com.br\/#website\"},\"datePublished\":\"2013-04-18T01:42:00+00:00\",\"dateModified\":\"2013-04-18T01:42:00+00:00\",\"breadcrumb\":{\"@id\":\"https:\/\/blogdoere.com.br\/?p=26906#breadcrumb\"},\"inLanguage\":\"pt-PT\",\"potentialAction\":[{\"@type\":\"ReadAction\",\"target\":[\"https:\/\/blogdoere.com.br\/?p=26906\"]}]},{\"@type\":\"BreadcrumbList\",\"@id\":\"https:\/\/blogdoere.com.br\/?p=26906#breadcrumb\",\"itemListElement\":[{\"@type\":\"ListItem\",\"position\":1,\"name\":\"In\u00edcio\",\"item\":\"https:\/\/blogdoere.com.br\/\"},{\"@type\":\"ListItem\",\"position\":2,\"name\":\"CRIA\u00c7\u00c3O DA UNIVERSIDADE DO SUL DA BAHIA \u00c9 APROVADA NA CCJ DO SENADO\"}]},{\"@type\":\"WebSite\",\"@id\":\"https:\/\/blogdoere.com.br\/#website\",\"url\":\"https:\/\/blogdoere.com.br\/\",\"name\":\"blog do er\u00ea\",\"description\":\"\",\"publisher\":{\"@id\":\"https:\/\/blogdoere.com.br\/#organization\"},\"potentialAction\":[{\"@type\":\"SearchAction\",\"target\":{\"@type\":\"EntryPoint\",\"urlTemplate\":\"https:\/\/blogdoere.com.br\/?s={search_term_string}\"},\"query-input\":\"required name=search_term_string\"}],\"inLanguage\":\"pt-PT\"},{\"@type\":\"Organization\",\"@id\":\"https:\/\/blogdoere.com.br\/#organization\",\"name\":\"Blog do Er\u00ea\",\"url\":\"https:\/\/blogdoere.com.br\/\",\"logo\":{\"@type\":\"ImageObject\",\"inLanguage\":\"pt-PT\",\"@id\":\"https:\/\/blogdoere.com.br\/#\/schema\/logo\/image\/\",\"url\":\"https:\/\/blogdoere.com.br\/wp-content\/uploads\/2021\/11\/Logo-Ere-1.png\",\"contentUrl\":\"https:\/\/blogdoere.com.br\/wp-content\/uploads\/2021\/11\/Logo-Ere-1.png\",\"width\":1261,\"height\":1330,\"caption\":\"Blog do Er\u00ea\"},\"image\":{\"@id\":\"https:\/\/blogdoere.com.br\/#\/schema\/logo\/image\/\"}},{\"@type\":\"Person\",\"@id\":\"https:\/\/blogdoere.com.br\/#\/schema\/person\/c4f6d566a44c7bacdda563667715d18b\",\"name\":\"blogdoere@hotmail.com\",\"image\":{\"@type\":\"ImageObject\",\"inLanguage\":\"pt-PT\",\"@id\":\"https:\/\/blogdoere.com.br\/#\/schema\/person\/image\/\",\"url\":\"https:\/\/secure.gravatar.com\/avatar\/5684bd39df1289cb639b4ab539d6fcad69420e4a29521548fc078c58ed122fe6?s=96&d=mm&r=g\",\"contentUrl\":\"https:\/\/secure.gravatar.com\/avatar\/5684bd39df1289cb639b4ab539d6fcad69420e4a29521548fc078c58ed122fe6?s=96&d=mm&r=g\",\"caption\":\"blogdoere@hotmail.com\"},\"sameAs\":[\"http:\/\/blogdoere.com.br\"]}]}<\/script>\n<!-- \/ Yoast SEO plugin. -->","yoast_head_json":{"title":"CRIA\u00c7\u00c3O DA UNIVERSIDADE DO SUL DA BAHIA \u00c9 APROVADA NA CCJ DO SENADO - blog do er\u00ea","robots":{"index":"index","follow":"follow","max-snippet":"max-snippet:-1","max-image-preview":"max-image-preview:large","max-video-preview":"max-video-preview:-1"},"canonical":"https:\/\/blogdoere.com.br\/?p=26906","og_locale":"pt_PT","og_type":"article","og_title":"CRIA\u00c7\u00c3O DA UNIVERSIDADE DO SUL DA BAHIA \u00c9 APROVADA NA CCJ DO SENADO - blog do er\u00ea","og_description":"A Comiss\u00e3o de Constitui\u00e7\u00e3o e Justi\u00e7a (CCJ) do Senado aprovou, nesta quarta-feira (17), a cria\u00e7\u00e3o da Universidade Federal do Sul da Bahia (Ufesba). O senador Walter Pinheiro (PT\/BA) apresentou seu...","og_url":"https:\/\/blogdoere.com.br\/?p=26906","og_site_name":"blog do er\u00ea","article_published_time":"2013-04-18T01:42:00+00:00","og_image":[{"url":"http:\/\/www.politicosdosuldabahia.com.br\/v1\/wp-content\/uploads\/2013\/04\/541770_433409920086231_641990148_n.jpg"}],"author":"blogdoere@hotmail.com","twitter_card":"summary_large_image","twitter_misc":{"Escrito por":"blogdoere@hotmail.com","Tempo estimado de leitura":"2 minutos"},"schema":{"@context":"https:\/\/schema.org","@graph":[{"@type":"Article","@id":"https:\/\/blogdoere.com.br\/?p=26906#article","isPartOf":{"@id":"https:\/\/blogdoere.com.br\/?p=26906"},"author":{"name":"blogdoere@hotmail.com","@id":"https:\/\/blogdoere.com.br\/#\/schema\/person\/c4f6d566a44c7bacdda563667715d18b"},"headline":"CRIA\u00c7\u00c3O DA UNIVERSIDADE DO SUL DA BAHIA \u00c9 APROVADA NA CCJ DO SENADO","datePublished":"2013-04-18T01:42:00+00:00","dateModified":"2013-04-18T01:42:00+00:00","mainEntityOfPage":{"@id":"https:\/\/blogdoere.com.br\/?p=26906"},"wordCount":348,"commentCount":0,"publisher":{"@id":"https:\/\/blogdoere.com.br\/#organization"},"articleSection":["Destaques"],"inLanguage":"pt-PT","potentialAction":[{"@type":"CommentAction","name":"Comment","target":["https:\/\/blogdoere.com.br\/?p=26906#respond"]}]},{"@type":"WebPage","@id":"https:\/\/blogdoere.com.br\/?p=26906","url":"https:\/\/blogdoere.com.br\/?p=26906","name":"CRIA\u00c7\u00c3O DA UNIVERSIDADE DO SUL DA BAHIA \u00c9 APROVADA NA CCJ DO SENADO - blog do er\u00ea","isPartOf":{"@id":"https:\/\/blogdoere.com.br\/#website"},"datePublished":"2013-04-18T01:42:00+00:00","dateModified":"2013-04-18T01:42:00+00:00","breadcrumb":{"@id":"https:\/\/blogdoere.com.br\/?p=26906#breadcrumb"},"inLanguage":"pt-PT","potentialAction":[{"@type":"ReadAction","target":["https:\/\/blogdoere.com.br\/?p=26906"]}]},{"@type":"BreadcrumbList","@id":"https:\/\/blogdoere.com.br\/?p=26906#breadcrumb","itemListElement":[{"@type":"ListItem","position":1,"name":"In\u00edcio","item":"https:\/\/blogdoere.com.br\/"},{"@type":"ListItem","position":2,"name":"CRIA\u00c7\u00c3O DA UNIVERSIDADE DO SUL DA BAHIA \u00c9 APROVADA NA CCJ DO SENADO"}]},{"@type":"WebSite","@id":"https:\/\/blogdoere.com.br\/#website","url":"https:\/\/blogdoere.com.br\/","name":"blog do er\u00ea","description":"","publisher":{"@id":"https:\/\/blogdoere.com.br\/#organization"},"potentialAction":[{"@type":"SearchAction","target":{"@type":"EntryPoint","urlTemplate":"https:\/\/blogdoere.com.br\/?s={search_term_string}"},"query-input":"required name=search_term_string"}],"inLanguage":"pt-PT"},{"@type":"Organization","@id":"https:\/\/blogdoere.com.br\/#organization","name":"Blog do Er\u00ea","url":"https:\/\/blogdoere.com.br\/","logo":{"@type":"ImageObject","inLanguage":"pt-PT","@id":"https:\/\/blogdoere.com.br\/#\/schema\/logo\/image\/","url":"https:\/\/blogdoere.com.br\/wp-content\/uploads\/2021\/11\/Logo-Ere-1.png","contentUrl":"https:\/\/blogdoere.com.br\/wp-content\/uploads\/2021\/11\/Logo-Ere-1.png","width":1261,"height":1330,"caption":"Blog do Er\u00ea"},"image":{"@id":"https:\/\/blogdoere.com.br\/#\/schema\/logo\/image\/"}},{"@type":"Person","@id":"https:\/\/blogdoere.com.br\/#\/schema\/person\/c4f6d566a44c7bacdda563667715d18b","name":"blogdoere@hotmail.com","image":{"@type":"ImageObject","inLanguage":"pt-PT","@id":"https:\/\/blogdoere.com.br\/#\/schema\/person\/image\/","url":"https:\/\/secure.gravatar.com\/avatar\/5684bd39df1289cb639b4ab539d6fcad69420e4a29521548fc078c58ed122fe6?s=96&d=mm&r=g","contentUrl":"https:\/\/secure.gravatar.com\/avatar\/5684bd39df1289cb639b4ab539d6fcad69420e4a29521548fc078c58ed122fe6?s=96&d=mm&r=g","caption":"blogdoere@hotmail.com"},"sameAs":["http:\/\/blogdoere.com.br"]}]}},"featured_image_urls":{"full":"","thumbnail":"","medium":"","medium_large":"","large":"","1536x1536":"","2048x2048":""},"author_info":{"display_name":"blogdoere@hotmail.com","author_link":"https:\/\/blogdoere.com.br\/?author=1"},"category_info":"<a href=\"https:\/\/blogdoere.com.br\/?cat=1\" rel=\"category\">Destaques<\/a>","tag_info":"Destaques","comment_count":"0","_links":{"self":[{"href":"https:\/\/blogdoere.com.br\/index.php?rest_route=\/wp\/v2\/posts\/26906","targetHints":{"allow":["GET"]}}],"collection":[{"href":"https:\/\/blogdoere.com.br\/index.php?rest_route=\/wp\/v2\/posts"}],"about":[{"href":"https:\/\/blogdoere.com.br\/index.php?rest_route=\/wp\/v2\/types\/post"}],"author":[{"embeddable":true,"href":"https:\/\/blogdoere.com.br\/index.php?rest_route=\/wp\/v2\/users\/1"}],"replies":[{"embeddable":true,"href":"https:\/\/blogdoere.com.br\/index.php?rest_route=%2Fwp%2Fv2%2Fcomments&post=26906"}],"version-history":[{"count":0,"href":"https:\/\/blogdoere.com.br\/index.php?rest_route=\/wp\/v2\/posts\/26906\/revisions"}],"wp:attachment":[{"href":"https:\/\/blogdoere.com.br\/index.php?rest_route=%2Fwp%2Fv2%2Fmedia&parent=26906"}],"wp:term":[{"taxonomy":"category","embeddable":true,"href":"https:\/\/blogdoere.com.br\/index.php?rest_route=%2Fwp%2Fv2%2Fcategories&post=26906"},{"taxonomy":"post_tag","embeddable":true,"href":"https:\/\/blogdoere.com.br\/index.php?rest_route=%2Fwp%2Fv2%2Ftags&post=26906"}],"curies":[{"name":"wp","href":"https:\/\/api.w.org\/{rel}","templated":true}]}}