{"id":26923,"date":"2013-04-08T20:00:00","date_gmt":"2013-04-08T20:00:00","guid":{"rendered":"http:\/\/blogdoere.com.br\/?p=26923"},"modified":"2013-04-08T20:00:00","modified_gmt":"2013-04-08T20:00:00","slug":"itajuipeprefeitura-viabiliza-implantacao-do-projeto-cidades-digitais","status":"publish","type":"post","link":"https:\/\/blogdoere.com.br\/?p=26923","title":{"rendered":"ITAJU\u00cdPE:PREFEITURA VIABILIZA IMPLANTA\u00c7\u00c3O  DO PROJETO \u201cCIDADES DIGITAIS\u201d"},"content":{"rendered":"<p><\/p>\n<div style=\"text-align: center;\"><img decoding=\"async\" alt=\"REUNI\u00c3O NA C\u00c2MARA MUNICIPAL APRESENTA PROJETO \u201cCIDADES DIGITAIS\u201d\" height=\"162\" src=\"http:\/\/50.97.105.177\/~itaju173\/wp-content\/uploads\/2013\/04\/Camara-e-Jau-610x250.jpg\" width=\"400\" \/><\/div>\n<div style=\"text-align: center;\"><\/div>\n<div>\n<div style=\"text-align: justify;\"><\/p>\n<div><span style=\"font-family: Arial, Helvetica, sans-serif;\">Em reuni\u00e3o realizada na manh\u00e3 desta segunda-feira (08), os vereadores receberam o &nbsp;Secret\u00e1rio Municipal de Desenvolvimento&nbsp;Econ\u00f4mico&nbsp;F\u00e1bio Carvalho acompanhado Professor Universit\u00e1rio Jauberth Abijaude, para uma explana\u00e7\u00e3o acerca do Projeto Cidades Digitais, do Governo Federal. O projeto, que consiste na moderniza\u00e7\u00e3o da gest\u00e3o das cidades com a implanta\u00e7\u00e3o de infraestrutura de conex\u00e3o de rede entre os \u00f3rg\u00e3os p\u00fablicos, pode vir a ser implantado em Itaju\u00edpe, fortalecer a comunica\u00e7\u00e3o entre os \u00f3rg\u00e3os governamentais do munic\u00edpio. A Secretaria de Desenvolvimento Econ\u00f4mico esteve \u00e0 frente na condu\u00e7\u00e3o do projeto junto a Administra\u00e7\u00e3o Municipal com total aval da prefeita Gilka Badar\u00f3(PSB) que j\u00e1 sinalizou positivamente para a&nbsp;poss\u00edvel&nbsp;implanta\u00e7\u00e3o do projeto.<\/span><\/div>\n<div><span style=\"font-family: Arial, Helvetica, sans-serif;\"><br \/><\/span><\/div>\n<div><span style=\"font-family: Arial, Helvetica, sans-serif;\">Esse projeto inclui, al\u00e9m de programas para a gest\u00e3o p\u00fablica, softwares de gest\u00e3o desde os relacionados a setores financeiro, tribut\u00e1rio, de sa\u00fade e educa\u00e7\u00e3o, al\u00e9m de oferecer acesso livre e gratuito \u00e0 internet, com a instala\u00e7\u00e3o de pontos de acesso dispon\u00edveis aos mun\u00edcipes nas \u00e1reas grande circula\u00e7\u00e3o e em locais definidos a crit\u00e9rio das prefeituras.<\/span><\/div>\n<div><span style=\"font-family: Arial, Helvetica, sans-serif;\"><br \/><\/span><\/div>\n<div><span style=\"font-family: Arial, Helvetica, sans-serif;\">Representando a Universidade Estadual de Santa Cruz, o professor Jauberth Abijaude ressalta que &#8220;o objetivo do projeto \u00e9 melhorar o n\u00edvel de governan\u00e7a dos \u00f3rg\u00e3o municipais al\u00e9m de proporcionar o aumento no n\u00edvel social e de vida dos cidad\u00e3os, democratizando o acesso \u00e0 informa\u00e7\u00e3o e fazendo um fomento \u00e0 economia criativa e sustent\u00e1vel&#8221;, disse.<\/span><\/div>\n<div><span style=\"font-family: Arial, Helvetica, sans-serif;\"><br \/><\/span><\/div>\n<div><span style=\"font-family: Arial, Helvetica, sans-serif;\">Para tornar o projeto real, \u00e9 fundamental a cria\u00e7\u00e3o de \u00f3rg\u00e3os que garantir\u00e3o o funcionamento das atividades da Cidade Digital, dentre eles um Centro de Gest\u00e3o e os Centros de Acesso \u00e0 Internet para a popula\u00e7\u00e3o local, cabendo \u00e0s autoridades locais viabilizar sua implanta\u00e7\u00e3o.<\/span><\/div>\n<div><\/div>\n<\/div>\n<div style=\"text-align: justify;\">\n<\/div>\n<\/div>\n","protected":false},"excerpt":{"rendered":"<p>Em reuni\u00e3o realizada na manh\u00e3 desta segunda-feira (08), os vereadores receberam o &nbsp;Secret\u00e1rio Municipal de Desenvolvimento&nbsp;Econ\u00f4mico&nbsp;F\u00e1bio Carvalho acompanhado Professor Universit\u00e1rio Jauberth Abijaude, para uma explana\u00e7\u00e3o acerca do Projeto Cidades Digitais,&#8230;<\/p>\n","protected":false},"author":1,"featured_media":0,"comment_status":"open","ping_status":"open","sticky":false,"template":"","format":"standard","meta":{"_editorskit_title_hidden":false,"_editorskit_reading_time":0,"_editorskit_is_block_options_detached":false,"_editorskit_block_options_position":"{}","om_disable_all_campaigns":false,"_mi_skip_tracking":false,"_kad_post_transparent":"","_kad_post_title":"","_kad_post_layout":"","_kad_post_sidebar_id":"","_kad_post_content_style":"","_kad_post_vertical_padding":"","_kad_post_feature":"","_kad_post_feature_position":"","_kad_post_header":false,"_kad_post_footer":false,"footnotes":""},"categories":[32],"tags":[],"class_list":["post-26923","post","type-post","status-publish","format-standard","hentry","category-politica"],"yoast_head":"<!-- This site is optimized with the Yoast SEO plugin v20.5 - https:\/\/yoast.com\/wordpress\/plugins\/seo\/ -->\n<title>ITAJU\u00cdPE:PREFEITURA VIABILIZA IMPLANTA\u00c7\u00c3O DO PROJETO \u201cCIDADES DIGITAIS\u201d - blog do er\u00ea<\/title>\n<meta name=\"robots\" content=\"index, follow, max-snippet:-1, max-image-preview:large, max-video-preview:-1\" \/>\n<link rel=\"canonical\" href=\"https:\/\/blogdoere.com.br\/?p=26923\" \/>\n<meta property=\"og:locale\" content=\"pt_PT\" \/>\n<meta property=\"og:type\" content=\"article\" \/>\n<meta property=\"og:title\" content=\"ITAJU\u00cdPE:PREFEITURA VIABILIZA IMPLANTA\u00c7\u00c3O DO PROJETO \u201cCIDADES DIGITAIS\u201d - blog do er\u00ea\" \/>\n<meta property=\"og:description\" content=\"Em reuni\u00e3o realizada na manh\u00e3 desta segunda-feira (08), os vereadores receberam o &nbsp;Secret\u00e1rio Municipal de Desenvolvimento&nbsp;Econ\u00f4mico&nbsp;F\u00e1bio Carvalho acompanhado Professor Universit\u00e1rio Jauberth Abijaude, para uma explana\u00e7\u00e3o acerca do Projeto Cidades Digitais,...\" \/>\n<meta property=\"og:url\" content=\"https:\/\/blogdoere.com.br\/?p=26923\" \/>\n<meta property=\"og:site_name\" content=\"blog do er\u00ea\" \/>\n<meta property=\"article:published_time\" content=\"2013-04-08T20:00:00+00:00\" \/>\n<meta property=\"og:image\" content=\"http:\/\/50.97.105.177\/~itaju173\/wp-content\/uploads\/2013\/04\/Camara-e-Jau-610x250.jpg\" \/>\n<meta name=\"author\" content=\"blogdoere@hotmail.com\" \/>\n<meta name=\"twitter:card\" content=\"summary_large_image\" \/>\n<meta name=\"twitter:label1\" content=\"Escrito por\" \/>\n\t<meta name=\"twitter:data1\" content=\"blogdoere@hotmail.com\" \/>\n\t<meta name=\"twitter:label2\" content=\"Tempo estimado de leitura\" \/>\n\t<meta name=\"twitter:data2\" content=\"2 minutos\" \/>\n<script type=\"application\/ld+json\" class=\"yoast-schema-graph\">{\"@context\":\"https:\/\/schema.org\",\"@graph\":[{\"@type\":\"Article\",\"@id\":\"https:\/\/blogdoere.com.br\/?p=26923#article\",\"isPartOf\":{\"@id\":\"https:\/\/blogdoere.com.br\/?p=26923\"},\"author\":{\"name\":\"blogdoere@hotmail.com\",\"@id\":\"https:\/\/blogdoere.com.br\/#\/schema\/person\/c4f6d566a44c7bacdda563667715d18b\"},\"headline\":\"ITAJU\u00cdPE:PREFEITURA VIABILIZA IMPLANTA\u00c7\u00c3O DO PROJETO \u201cCIDADES DIGITAIS\u201d\",\"datePublished\":\"2013-04-08T20:00:00+00:00\",\"dateModified\":\"2013-04-08T20:00:00+00:00\",\"mainEntityOfPage\":{\"@id\":\"https:\/\/blogdoere.com.br\/?p=26923\"},\"wordCount\":316,\"commentCount\":0,\"publisher\":{\"@id\":\"https:\/\/blogdoere.com.br\/#organization\"},\"articleSection\":[\"Pol\u00edtica\"],\"inLanguage\":\"pt-PT\",\"potentialAction\":[{\"@type\":\"CommentAction\",\"name\":\"Comment\",\"target\":[\"https:\/\/blogdoere.com.br\/?p=26923#respond\"]}]},{\"@type\":\"WebPage\",\"@id\":\"https:\/\/blogdoere.com.br\/?p=26923\",\"url\":\"https:\/\/blogdoere.com.br\/?p=26923\",\"name\":\"ITAJU\u00cdPE:PREFEITURA VIABILIZA IMPLANTA\u00c7\u00c3O DO PROJETO \u201cCIDADES DIGITAIS\u201d - blog do er\u00ea\",\"isPartOf\":{\"@id\":\"https:\/\/blogdoere.com.br\/#website\"},\"datePublished\":\"2013-04-08T20:00:00+00:00\",\"dateModified\":\"2013-04-08T20:00:00+00:00\",\"breadcrumb\":{\"@id\":\"https:\/\/blogdoere.com.br\/?p=26923#breadcrumb\"},\"inLanguage\":\"pt-PT\",\"potentialAction\":[{\"@type\":\"ReadAction\",\"target\":[\"https:\/\/blogdoere.com.br\/?p=26923\"]}]},{\"@type\":\"BreadcrumbList\",\"@id\":\"https:\/\/blogdoere.com.br\/?p=26923#breadcrumb\",\"itemListElement\":[{\"@type\":\"ListItem\",\"position\":1,\"name\":\"In\u00edcio\",\"item\":\"https:\/\/blogdoere.com.br\/\"},{\"@type\":\"ListItem\",\"position\":2,\"name\":\"ITAJU\u00cdPE:PREFEITURA VIABILIZA IMPLANTA\u00c7\u00c3O DO PROJETO \u201cCIDADES DIGITAIS\u201d\"}]},{\"@type\":\"WebSite\",\"@id\":\"https:\/\/blogdoere.com.br\/#website\",\"url\":\"https:\/\/blogdoere.com.br\/\",\"name\":\"blog do er\u00ea\",\"description\":\"\",\"publisher\":{\"@id\":\"https:\/\/blogdoere.com.br\/#organization\"},\"potentialAction\":[{\"@type\":\"SearchAction\",\"target\":{\"@type\":\"EntryPoint\",\"urlTemplate\":\"https:\/\/blogdoere.com.br\/?s={search_term_string}\"},\"query-input\":\"required name=search_term_string\"}],\"inLanguage\":\"pt-PT\"},{\"@type\":\"Organization\",\"@id\":\"https:\/\/blogdoere.com.br\/#organization\",\"name\":\"Blog do Er\u00ea\",\"url\":\"https:\/\/blogdoere.com.br\/\",\"logo\":{\"@type\":\"ImageObject\",\"inLanguage\":\"pt-PT\",\"@id\":\"https:\/\/blogdoere.com.br\/#\/schema\/logo\/image\/\",\"url\":\"https:\/\/blogdoere.com.br\/wp-content\/uploads\/2021\/11\/Logo-Ere-1.png\",\"contentUrl\":\"https:\/\/blogdoere.com.br\/wp-content\/uploads\/2021\/11\/Logo-Ere-1.png\",\"width\":1261,\"height\":1330,\"caption\":\"Blog do Er\u00ea\"},\"image\":{\"@id\":\"https:\/\/blogdoere.com.br\/#\/schema\/logo\/image\/\"}},{\"@type\":\"Person\",\"@id\":\"https:\/\/blogdoere.com.br\/#\/schema\/person\/c4f6d566a44c7bacdda563667715d18b\",\"name\":\"blogdoere@hotmail.com\",\"image\":{\"@type\":\"ImageObject\",\"inLanguage\":\"pt-PT\",\"@id\":\"https:\/\/blogdoere.com.br\/#\/schema\/person\/image\/\",\"url\":\"https:\/\/secure.gravatar.com\/avatar\/5684bd39df1289cb639b4ab539d6fcad69420e4a29521548fc078c58ed122fe6?s=96&d=mm&r=g\",\"contentUrl\":\"https:\/\/secure.gravatar.com\/avatar\/5684bd39df1289cb639b4ab539d6fcad69420e4a29521548fc078c58ed122fe6?s=96&d=mm&r=g\",\"caption\":\"blogdoere@hotmail.com\"},\"sameAs\":[\"http:\/\/blogdoere.com.br\"]}]}<\/script>\n<!-- \/ Yoast SEO plugin. -->","yoast_head_json":{"title":"ITAJU\u00cdPE:PREFEITURA VIABILIZA IMPLANTA\u00c7\u00c3O DO PROJETO \u201cCIDADES DIGITAIS\u201d - blog do er\u00ea","robots":{"index":"index","follow":"follow","max-snippet":"max-snippet:-1","max-image-preview":"max-image-preview:large","max-video-preview":"max-video-preview:-1"},"canonical":"https:\/\/blogdoere.com.br\/?p=26923","og_locale":"pt_PT","og_type":"article","og_title":"ITAJU\u00cdPE:PREFEITURA VIABILIZA IMPLANTA\u00c7\u00c3O DO PROJETO \u201cCIDADES DIGITAIS\u201d - blog do er\u00ea","og_description":"Em reuni\u00e3o realizada na manh\u00e3 desta segunda-feira (08), os vereadores receberam o &nbsp;Secret\u00e1rio Municipal de Desenvolvimento&nbsp;Econ\u00f4mico&nbsp;F\u00e1bio Carvalho acompanhado Professor Universit\u00e1rio Jauberth Abijaude, para uma explana\u00e7\u00e3o acerca do Projeto Cidades Digitais,...","og_url":"https:\/\/blogdoere.com.br\/?p=26923","og_site_name":"blog do er\u00ea","article_published_time":"2013-04-08T20:00:00+00:00","og_image":[{"url":"http:\/\/50.97.105.177\/~itaju173\/wp-content\/uploads\/2013\/04\/Camara-e-Jau-610x250.jpg"}],"author":"blogdoere@hotmail.com","twitter_card":"summary_large_image","twitter_misc":{"Escrito por":"blogdoere@hotmail.com","Tempo estimado de leitura":"2 minutos"},"schema":{"@context":"https:\/\/schema.org","@graph":[{"@type":"Article","@id":"https:\/\/blogdoere.com.br\/?p=26923#article","isPartOf":{"@id":"https:\/\/blogdoere.com.br\/?p=26923"},"author":{"name":"blogdoere@hotmail.com","@id":"https:\/\/blogdoere.com.br\/#\/schema\/person\/c4f6d566a44c7bacdda563667715d18b"},"headline":"ITAJU\u00cdPE:PREFEITURA VIABILIZA IMPLANTA\u00c7\u00c3O DO PROJETO \u201cCIDADES DIGITAIS\u201d","datePublished":"2013-04-08T20:00:00+00:00","dateModified":"2013-04-08T20:00:00+00:00","mainEntityOfPage":{"@id":"https:\/\/blogdoere.com.br\/?p=26923"},"wordCount":316,"commentCount":0,"publisher":{"@id":"https:\/\/blogdoere.com.br\/#organization"},"articleSection":["Pol\u00edtica"],"inLanguage":"pt-PT","potentialAction":[{"@type":"CommentAction","name":"Comment","target":["https:\/\/blogdoere.com.br\/?p=26923#respond"]}]},{"@type":"WebPage","@id":"https:\/\/blogdoere.com.br\/?p=26923","url":"https:\/\/blogdoere.com.br\/?p=26923","name":"ITAJU\u00cdPE:PREFEITURA VIABILIZA IMPLANTA\u00c7\u00c3O DO PROJETO \u201cCIDADES DIGITAIS\u201d - blog do er\u00ea","isPartOf":{"@id":"https:\/\/blogdoere.com.br\/#website"},"datePublished":"2013-04-08T20:00:00+00:00","dateModified":"2013-04-08T20:00:00+00:00","breadcrumb":{"@id":"https:\/\/blogdoere.com.br\/?p=26923#breadcrumb"},"inLanguage":"pt-PT","potentialAction":[{"@type":"ReadAction","target":["https:\/\/blogdoere.com.br\/?p=26923"]}]},{"@type":"BreadcrumbList","@id":"https:\/\/blogdoere.com.br\/?p=26923#breadcrumb","itemListElement":[{"@type":"ListItem","position":1,"name":"In\u00edcio","item":"https:\/\/blogdoere.com.br\/"},{"@type":"ListItem","position":2,"name":"ITAJU\u00cdPE:PREFEITURA VIABILIZA IMPLANTA\u00c7\u00c3O DO PROJETO \u201cCIDADES DIGITAIS\u201d"}]},{"@type":"WebSite","@id":"https:\/\/blogdoere.com.br\/#website","url":"https:\/\/blogdoere.com.br\/","name":"blog do er\u00ea","description":"","publisher":{"@id":"https:\/\/blogdoere.com.br\/#organization"},"potentialAction":[{"@type":"SearchAction","target":{"@type":"EntryPoint","urlTemplate":"https:\/\/blogdoere.com.br\/?s={search_term_string}"},"query-input":"required name=search_term_string"}],"inLanguage":"pt-PT"},{"@type":"Organization","@id":"https:\/\/blogdoere.com.br\/#organization","name":"Blog do Er\u00ea","url":"https:\/\/blogdoere.com.br\/","logo":{"@type":"ImageObject","inLanguage":"pt-PT","@id":"https:\/\/blogdoere.com.br\/#\/schema\/logo\/image\/","url":"https:\/\/blogdoere.com.br\/wp-content\/uploads\/2021\/11\/Logo-Ere-1.png","contentUrl":"https:\/\/blogdoere.com.br\/wp-content\/uploads\/2021\/11\/Logo-Ere-1.png","width":1261,"height":1330,"caption":"Blog do Er\u00ea"},"image":{"@id":"https:\/\/blogdoere.com.br\/#\/schema\/logo\/image\/"}},{"@type":"Person","@id":"https:\/\/blogdoere.com.br\/#\/schema\/person\/c4f6d566a44c7bacdda563667715d18b","name":"blogdoere@hotmail.com","image":{"@type":"ImageObject","inLanguage":"pt-PT","@id":"https:\/\/blogdoere.com.br\/#\/schema\/person\/image\/","url":"https:\/\/secure.gravatar.com\/avatar\/5684bd39df1289cb639b4ab539d6fcad69420e4a29521548fc078c58ed122fe6?s=96&d=mm&r=g","contentUrl":"https:\/\/secure.gravatar.com\/avatar\/5684bd39df1289cb639b4ab539d6fcad69420e4a29521548fc078c58ed122fe6?s=96&d=mm&r=g","caption":"blogdoere@hotmail.com"},"sameAs":["http:\/\/blogdoere.com.br"]}]}},"featured_image_urls":{"full":"","thumbnail":"","medium":"","medium_large":"","large":"","1536x1536":"","2048x2048":""},"author_info":{"display_name":"blogdoere@hotmail.com","author_link":"https:\/\/blogdoere.com.br\/?author=1"},"category_info":"<a href=\"https:\/\/blogdoere.com.br\/?cat=32\" rel=\"category\">Pol\u00edtica<\/a>","tag_info":"Pol\u00edtica","comment_count":"0","_links":{"self":[{"href":"https:\/\/blogdoere.com.br\/index.php?rest_route=\/wp\/v2\/posts\/26923","targetHints":{"allow":["GET"]}}],"collection":[{"href":"https:\/\/blogdoere.com.br\/index.php?rest_route=\/wp\/v2\/posts"}],"about":[{"href":"https:\/\/blogdoere.com.br\/index.php?rest_route=\/wp\/v2\/types\/post"}],"author":[{"embeddable":true,"href":"https:\/\/blogdoere.com.br\/index.php?rest_route=\/wp\/v2\/users\/1"}],"replies":[{"embeddable":true,"href":"https:\/\/blogdoere.com.br\/index.php?rest_route=%2Fwp%2Fv2%2Fcomments&post=26923"}],"version-history":[{"count":0,"href":"https:\/\/blogdoere.com.br\/index.php?rest_route=\/wp\/v2\/posts\/26923\/revisions"}],"wp:attachment":[{"href":"https:\/\/blogdoere.com.br\/index.php?rest_route=%2Fwp%2Fv2%2Fmedia&parent=26923"}],"wp:term":[{"taxonomy":"category","embeddable":true,"href":"https:\/\/blogdoere.com.br\/index.php?rest_route=%2Fwp%2Fv2%2Fcategories&post=26923"},{"taxonomy":"post_tag","embeddable":true,"href":"https:\/\/blogdoere.com.br\/index.php?rest_route=%2Fwp%2Fv2%2Ftags&post=26923"}],"curies":[{"name":"wp","href":"https:\/\/api.w.org\/{rel}","templated":true}]}}