{"id":26926,"date":"2013-04-05T23:59:00","date_gmt":"2013-04-05T23:59:00","guid":{"rendered":"http:\/\/blogdoere.com.br\/?p=26926"},"modified":"2013-04-05T23:59:00","modified_gmt":"2013-04-05T23:59:00","slug":"secretaria-de-educacao-de-amargosa-lanca-o-programa-pacto-nacional-pela-alfabetizacao-na-idade-certa","status":"publish","type":"post","link":"https:\/\/blogdoere.com.br\/?p=26926","title":{"rendered":"SECRETARIA DE EDUCA\u00c7\u00c3O DE AMARGOSA LAN\u00c7A O PROGRAMA PACTO NACIONAL PELA ALFABETIZA\u00c7\u00c3O NA IDADE CERTA"},"content":{"rendered":"<p><\/p>\n<div style=\"background-color: white; border: 0px; color: #242424; line-height: 18px; outline: rgb(0, 0, 0); padding: 0px 0px 13px; text-align: center; vertical-align: baseline;\">\n<div style=\"text-align: center;\"><img decoding=\"async\" height=\"300\" src=\"http:\/\/www.amargosanoticias.com\/wp-content\/uploads\/2013\/04\/assasasa.jpg\" width=\"400\" \/><\/div>\n<div style=\"text-align: center;\"><\/div>\n<\/div>\n<div style=\"background-color: white; border: 0px; color: #242424; line-height: 18px; outline: rgb(0, 0, 0); padding: 0px 0px 13px; text-align: justify; vertical-align: baseline;\"><span style=\"text-align: start;\"><span style=\"font-family: Arial, Helvetica, sans-serif;\">A Secretaria de Educa\u00e7\u00e3o de Amargosa promoveu nesta ter\u00e7a-feira (02), o lan\u00e7amento do PNAIC (Pacto Nacional pela Alfabetiza\u00e7\u00e3o na Idade Certa).<\/span><\/span><\/div>\n<div style=\"background-color: white; border: 0px; color: #242424; line-height: 18px; outline: rgb(0, 0, 0); padding: 0px 0px 13px; text-align: justify; vertical-align: baseline;\"><span style=\"font-family: Arial, Helvetica, sans-serif;\">O evento, realizado no audit\u00f3rio do Espa\u00e7o Nordeste, serviu para apresentar as a\u00e7\u00f5es do programa e trazer uma reflex\u00e3o sobre a forma\u00e7\u00e3o continuada dos professores alfabetizadores do ensino fundamental.<\/span><\/div>\n<div style=\"background-color: white; border: 0px; color: #242424; line-height: 18px; outline: rgb(0, 0, 0); padding: 0px 0px 13px; text-align: justify; vertical-align: baseline;\"><span style=\"font-family: Arial, Helvetica, sans-serif;\">Todas as escolas municipais participam do programa, dentro de uma perspectiva de inclus\u00e3o, o que ir\u00e1 garantir o direito de aprendizagem de todos os alunos.<\/span><\/div>\n<div style=\"background-color: white; border: 0px; color: #242424; line-height: 18px; outline: rgb(0, 0, 0); padding: 0px 0px 13px; text-align: justify; vertical-align: baseline;\"><span style=\"font-family: Arial, Helvetica, sans-serif;\">O Pacto Nacional pela Alfabetiza\u00e7\u00e3o na Idade Certa \u00e9 um compromisso assumido pelo Governo Federal, estados e munic\u00edpios que, em Amargosa, visa alfabetizar todas as crian\u00e7as at\u00e9 o final do 3\u00b0 ano do ensino fundamental. Em todo o Pa\u00eds, o programa pretende assegurar que todas as crian\u00e7as estejam alfabetizadas at\u00e9 os oito anos de idade.<\/span><\/div>\n<div style=\"background-color: white; border: 0px; color: #242424; line-height: 18px; outline: rgb(0, 0, 0); padding: 0px 0px 13px; text-align: justify; vertical-align: baseline;\"><span style=\"font-family: Arial, Helvetica, sans-serif;\">Professoras da rede p\u00fablica municipal j\u00e1 iniciaram os cursos de forma\u00e7\u00e3o continuada atrav\u00e9s do PNAIC e a meta \u00e9 contribuir para a melhor forma\u00e7\u00e3o dos profissionais, o que ir\u00e1 refletir na qualidade da alfabetiza\u00e7\u00e3o.<\/span><\/div>\n<div style=\"background-color: white; border: 0px; color: #242424; line-height: 18px; outline: rgb(0, 0, 0); padding: 0px 0px 13px; text-align: justify; vertical-align: baseline;\"><span style=\"font-family: Arial, Helvetica, sans-serif;\"><b>Fonte:<\/b>&nbsp;Assessoria de imprensa da prefeitura de Amargosa<\/span><\/div>\n","protected":false},"excerpt":{"rendered":"<p>A Secretaria de Educa\u00e7\u00e3o de Amargosa promoveu nesta ter\u00e7a-feira (02), o lan\u00e7amento do PNAIC (Pacto Nacional pela Alfabetiza\u00e7\u00e3o na Idade Certa). O evento, realizado no audit\u00f3rio do Espa\u00e7o Nordeste, serviu&#8230;<\/p>\n","protected":false},"author":1,"featured_media":0,"comment_status":"open","ping_status":"open","sticky":false,"template":"","format":"standard","meta":{"_editorskit_title_hidden":false,"_editorskit_reading_time":0,"_editorskit_is_block_options_detached":false,"_editorskit_block_options_position":"{}","om_disable_all_campaigns":false,"_mi_skip_tracking":false,"_kad_post_transparent":"","_kad_post_title":"","_kad_post_layout":"","_kad_post_sidebar_id":"","_kad_post_content_style":"","_kad_post_vertical_padding":"","_kad_post_feature":"","_kad_post_feature_position":"","_kad_post_header":false,"_kad_post_footer":false,"footnotes":""},"categories":[32],"tags":[],"class_list":["post-26926","post","type-post","status-publish","format-standard","hentry","category-politica"],"yoast_head":"<!-- This site is optimized with the Yoast SEO plugin v20.5 - https:\/\/yoast.com\/wordpress\/plugins\/seo\/ -->\n<title>SECRETARIA DE EDUCA\u00c7\u00c3O DE AMARGOSA LAN\u00c7A O PROGRAMA PACTO NACIONAL PELA ALFABETIZA\u00c7\u00c3O NA IDADE CERTA - blog do er\u00ea<\/title>\n<meta name=\"robots\" content=\"index, follow, max-snippet:-1, max-image-preview:large, max-video-preview:-1\" \/>\n<link rel=\"canonical\" href=\"https:\/\/blogdoere.com.br\/?p=26926\" \/>\n<meta property=\"og:locale\" content=\"pt_PT\" \/>\n<meta property=\"og:type\" content=\"article\" \/>\n<meta property=\"og:title\" content=\"SECRETARIA DE EDUCA\u00c7\u00c3O DE AMARGOSA LAN\u00c7A O PROGRAMA PACTO NACIONAL PELA ALFABETIZA\u00c7\u00c3O NA IDADE CERTA - blog do er\u00ea\" \/>\n<meta property=\"og:description\" content=\"A Secretaria de Educa\u00e7\u00e3o de Amargosa promoveu nesta ter\u00e7a-feira (02), o lan\u00e7amento do PNAIC (Pacto Nacional pela Alfabetiza\u00e7\u00e3o na Idade Certa). O evento, realizado no audit\u00f3rio do Espa\u00e7o Nordeste, serviu...\" \/>\n<meta property=\"og:url\" content=\"https:\/\/blogdoere.com.br\/?p=26926\" \/>\n<meta property=\"og:site_name\" content=\"blog do er\u00ea\" \/>\n<meta property=\"article:published_time\" content=\"2013-04-05T23:59:00+00:00\" \/>\n<meta property=\"og:image\" content=\"http:\/\/www.amargosanoticias.com\/wp-content\/uploads\/2013\/04\/assasasa.jpg\" \/>\n<meta name=\"author\" content=\"blogdoere@hotmail.com\" \/>\n<meta name=\"twitter:card\" content=\"summary_large_image\" \/>\n<meta name=\"twitter:label1\" content=\"Escrito por\" \/>\n\t<meta name=\"twitter:data1\" content=\"blogdoere@hotmail.com\" \/>\n\t<meta name=\"twitter:label2\" content=\"Tempo estimado de leitura\" \/>\n\t<meta name=\"twitter:data2\" content=\"1 minuto\" \/>\n<script type=\"application\/ld+json\" class=\"yoast-schema-graph\">{\"@context\":\"https:\/\/schema.org\",\"@graph\":[{\"@type\":\"Article\",\"@id\":\"https:\/\/blogdoere.com.br\/?p=26926#article\",\"isPartOf\":{\"@id\":\"https:\/\/blogdoere.com.br\/?p=26926\"},\"author\":{\"name\":\"blogdoere@hotmail.com\",\"@id\":\"https:\/\/blogdoere.com.br\/#\/schema\/person\/c4f6d566a44c7bacdda563667715d18b\"},\"headline\":\"SECRETARIA DE EDUCA\u00c7\u00c3O DE AMARGOSA LAN\u00c7A O PROGRAMA PACTO NACIONAL PELA ALFABETIZA\u00c7\u00c3O NA IDADE CERTA\",\"datePublished\":\"2013-04-05T23:59:00+00:00\",\"dateModified\":\"2013-04-05T23:59:00+00:00\",\"mainEntityOfPage\":{\"@id\":\"https:\/\/blogdoere.com.br\/?p=26926\"},\"wordCount\":207,\"commentCount\":0,\"publisher\":{\"@id\":\"https:\/\/blogdoere.com.br\/#organization\"},\"articleSection\":[\"Pol\u00edtica\"],\"inLanguage\":\"pt-PT\",\"potentialAction\":[{\"@type\":\"CommentAction\",\"name\":\"Comment\",\"target\":[\"https:\/\/blogdoere.com.br\/?p=26926#respond\"]}]},{\"@type\":\"WebPage\",\"@id\":\"https:\/\/blogdoere.com.br\/?p=26926\",\"url\":\"https:\/\/blogdoere.com.br\/?p=26926\",\"name\":\"SECRETARIA DE EDUCA\u00c7\u00c3O DE AMARGOSA LAN\u00c7A O PROGRAMA PACTO NACIONAL PELA ALFABETIZA\u00c7\u00c3O NA IDADE CERTA - blog do er\u00ea\",\"isPartOf\":{\"@id\":\"https:\/\/blogdoere.com.br\/#website\"},\"datePublished\":\"2013-04-05T23:59:00+00:00\",\"dateModified\":\"2013-04-05T23:59:00+00:00\",\"breadcrumb\":{\"@id\":\"https:\/\/blogdoere.com.br\/?p=26926#breadcrumb\"},\"inLanguage\":\"pt-PT\",\"potentialAction\":[{\"@type\":\"ReadAction\",\"target\":[\"https:\/\/blogdoere.com.br\/?p=26926\"]}]},{\"@type\":\"BreadcrumbList\",\"@id\":\"https:\/\/blogdoere.com.br\/?p=26926#breadcrumb\",\"itemListElement\":[{\"@type\":\"ListItem\",\"position\":1,\"name\":\"In\u00edcio\",\"item\":\"https:\/\/blogdoere.com.br\/\"},{\"@type\":\"ListItem\",\"position\":2,\"name\":\"SECRETARIA DE EDUCA\u00c7\u00c3O DE AMARGOSA LAN\u00c7A O PROGRAMA PACTO NACIONAL PELA ALFABETIZA\u00c7\u00c3O NA IDADE CERTA\"}]},{\"@type\":\"WebSite\",\"@id\":\"https:\/\/blogdoere.com.br\/#website\",\"url\":\"https:\/\/blogdoere.com.br\/\",\"name\":\"blog do er\u00ea\",\"description\":\"\",\"publisher\":{\"@id\":\"https:\/\/blogdoere.com.br\/#organization\"},\"potentialAction\":[{\"@type\":\"SearchAction\",\"target\":{\"@type\":\"EntryPoint\",\"urlTemplate\":\"https:\/\/blogdoere.com.br\/?s={search_term_string}\"},\"query-input\":\"required name=search_term_string\"}],\"inLanguage\":\"pt-PT\"},{\"@type\":\"Organization\",\"@id\":\"https:\/\/blogdoere.com.br\/#organization\",\"name\":\"Blog do Er\u00ea\",\"url\":\"https:\/\/blogdoere.com.br\/\",\"logo\":{\"@type\":\"ImageObject\",\"inLanguage\":\"pt-PT\",\"@id\":\"https:\/\/blogdoere.com.br\/#\/schema\/logo\/image\/\",\"url\":\"https:\/\/blogdoere.com.br\/wp-content\/uploads\/2021\/11\/Logo-Ere-1.png\",\"contentUrl\":\"https:\/\/blogdoere.com.br\/wp-content\/uploads\/2021\/11\/Logo-Ere-1.png\",\"width\":1261,\"height\":1330,\"caption\":\"Blog do Er\u00ea\"},\"image\":{\"@id\":\"https:\/\/blogdoere.com.br\/#\/schema\/logo\/image\/\"}},{\"@type\":\"Person\",\"@id\":\"https:\/\/blogdoere.com.br\/#\/schema\/person\/c4f6d566a44c7bacdda563667715d18b\",\"name\":\"blogdoere@hotmail.com\",\"image\":{\"@type\":\"ImageObject\",\"inLanguage\":\"pt-PT\",\"@id\":\"https:\/\/blogdoere.com.br\/#\/schema\/person\/image\/\",\"url\":\"https:\/\/secure.gravatar.com\/avatar\/5684bd39df1289cb639b4ab539d6fcad69420e4a29521548fc078c58ed122fe6?s=96&d=mm&r=g\",\"contentUrl\":\"https:\/\/secure.gravatar.com\/avatar\/5684bd39df1289cb639b4ab539d6fcad69420e4a29521548fc078c58ed122fe6?s=96&d=mm&r=g\",\"caption\":\"blogdoere@hotmail.com\"},\"sameAs\":[\"http:\/\/blogdoere.com.br\"]}]}<\/script>\n<!-- \/ Yoast SEO plugin. -->","yoast_head_json":{"title":"SECRETARIA DE EDUCA\u00c7\u00c3O DE AMARGOSA LAN\u00c7A O PROGRAMA PACTO NACIONAL PELA ALFABETIZA\u00c7\u00c3O NA IDADE CERTA - blog do er\u00ea","robots":{"index":"index","follow":"follow","max-snippet":"max-snippet:-1","max-image-preview":"max-image-preview:large","max-video-preview":"max-video-preview:-1"},"canonical":"https:\/\/blogdoere.com.br\/?p=26926","og_locale":"pt_PT","og_type":"article","og_title":"SECRETARIA DE EDUCA\u00c7\u00c3O DE AMARGOSA LAN\u00c7A O PROGRAMA PACTO NACIONAL PELA ALFABETIZA\u00c7\u00c3O NA IDADE CERTA - blog do er\u00ea","og_description":"A Secretaria de Educa\u00e7\u00e3o de Amargosa promoveu nesta ter\u00e7a-feira (02), o lan\u00e7amento do PNAIC (Pacto Nacional pela Alfabetiza\u00e7\u00e3o na Idade Certa). O evento, realizado no audit\u00f3rio do Espa\u00e7o Nordeste, serviu...","og_url":"https:\/\/blogdoere.com.br\/?p=26926","og_site_name":"blog do er\u00ea","article_published_time":"2013-04-05T23:59:00+00:00","og_image":[{"url":"http:\/\/www.amargosanoticias.com\/wp-content\/uploads\/2013\/04\/assasasa.jpg"}],"author":"blogdoere@hotmail.com","twitter_card":"summary_large_image","twitter_misc":{"Escrito por":"blogdoere@hotmail.com","Tempo estimado de leitura":"1 minuto"},"schema":{"@context":"https:\/\/schema.org","@graph":[{"@type":"Article","@id":"https:\/\/blogdoere.com.br\/?p=26926#article","isPartOf":{"@id":"https:\/\/blogdoere.com.br\/?p=26926"},"author":{"name":"blogdoere@hotmail.com","@id":"https:\/\/blogdoere.com.br\/#\/schema\/person\/c4f6d566a44c7bacdda563667715d18b"},"headline":"SECRETARIA DE EDUCA\u00c7\u00c3O DE AMARGOSA LAN\u00c7A O PROGRAMA PACTO NACIONAL PELA ALFABETIZA\u00c7\u00c3O NA IDADE CERTA","datePublished":"2013-04-05T23:59:00+00:00","dateModified":"2013-04-05T23:59:00+00:00","mainEntityOfPage":{"@id":"https:\/\/blogdoere.com.br\/?p=26926"},"wordCount":207,"commentCount":0,"publisher":{"@id":"https:\/\/blogdoere.com.br\/#organization"},"articleSection":["Pol\u00edtica"],"inLanguage":"pt-PT","potentialAction":[{"@type":"CommentAction","name":"Comment","target":["https:\/\/blogdoere.com.br\/?p=26926#respond"]}]},{"@type":"WebPage","@id":"https:\/\/blogdoere.com.br\/?p=26926","url":"https:\/\/blogdoere.com.br\/?p=26926","name":"SECRETARIA DE EDUCA\u00c7\u00c3O DE AMARGOSA LAN\u00c7A O PROGRAMA PACTO NACIONAL PELA ALFABETIZA\u00c7\u00c3O NA IDADE CERTA - blog do er\u00ea","isPartOf":{"@id":"https:\/\/blogdoere.com.br\/#website"},"datePublished":"2013-04-05T23:59:00+00:00","dateModified":"2013-04-05T23:59:00+00:00","breadcrumb":{"@id":"https:\/\/blogdoere.com.br\/?p=26926#breadcrumb"},"inLanguage":"pt-PT","potentialAction":[{"@type":"ReadAction","target":["https:\/\/blogdoere.com.br\/?p=26926"]}]},{"@type":"BreadcrumbList","@id":"https:\/\/blogdoere.com.br\/?p=26926#breadcrumb","itemListElement":[{"@type":"ListItem","position":1,"name":"In\u00edcio","item":"https:\/\/blogdoere.com.br\/"},{"@type":"ListItem","position":2,"name":"SECRETARIA DE EDUCA\u00c7\u00c3O DE AMARGOSA LAN\u00c7A O PROGRAMA PACTO NACIONAL PELA ALFABETIZA\u00c7\u00c3O NA IDADE CERTA"}]},{"@type":"WebSite","@id":"https:\/\/blogdoere.com.br\/#website","url":"https:\/\/blogdoere.com.br\/","name":"blog do er\u00ea","description":"","publisher":{"@id":"https:\/\/blogdoere.com.br\/#organization"},"potentialAction":[{"@type":"SearchAction","target":{"@type":"EntryPoint","urlTemplate":"https:\/\/blogdoere.com.br\/?s={search_term_string}"},"query-input":"required name=search_term_string"}],"inLanguage":"pt-PT"},{"@type":"Organization","@id":"https:\/\/blogdoere.com.br\/#organization","name":"Blog do Er\u00ea","url":"https:\/\/blogdoere.com.br\/","logo":{"@type":"ImageObject","inLanguage":"pt-PT","@id":"https:\/\/blogdoere.com.br\/#\/schema\/logo\/image\/","url":"https:\/\/blogdoere.com.br\/wp-content\/uploads\/2021\/11\/Logo-Ere-1.png","contentUrl":"https:\/\/blogdoere.com.br\/wp-content\/uploads\/2021\/11\/Logo-Ere-1.png","width":1261,"height":1330,"caption":"Blog do Er\u00ea"},"image":{"@id":"https:\/\/blogdoere.com.br\/#\/schema\/logo\/image\/"}},{"@type":"Person","@id":"https:\/\/blogdoere.com.br\/#\/schema\/person\/c4f6d566a44c7bacdda563667715d18b","name":"blogdoere@hotmail.com","image":{"@type":"ImageObject","inLanguage":"pt-PT","@id":"https:\/\/blogdoere.com.br\/#\/schema\/person\/image\/","url":"https:\/\/secure.gravatar.com\/avatar\/5684bd39df1289cb639b4ab539d6fcad69420e4a29521548fc078c58ed122fe6?s=96&d=mm&r=g","contentUrl":"https:\/\/secure.gravatar.com\/avatar\/5684bd39df1289cb639b4ab539d6fcad69420e4a29521548fc078c58ed122fe6?s=96&d=mm&r=g","caption":"blogdoere@hotmail.com"},"sameAs":["http:\/\/blogdoere.com.br"]}]}},"featured_image_urls":{"full":"","thumbnail":"","medium":"","medium_large":"","large":"","1536x1536":"","2048x2048":""},"author_info":{"display_name":"blogdoere@hotmail.com","author_link":"https:\/\/blogdoere.com.br\/?author=1"},"category_info":"<a href=\"https:\/\/blogdoere.com.br\/?cat=32\" rel=\"category\">Pol\u00edtica<\/a>","tag_info":"Pol\u00edtica","comment_count":"0","_links":{"self":[{"href":"https:\/\/blogdoere.com.br\/index.php?rest_route=\/wp\/v2\/posts\/26926","targetHints":{"allow":["GET"]}}],"collection":[{"href":"https:\/\/blogdoere.com.br\/index.php?rest_route=\/wp\/v2\/posts"}],"about":[{"href":"https:\/\/blogdoere.com.br\/index.php?rest_route=\/wp\/v2\/types\/post"}],"author":[{"embeddable":true,"href":"https:\/\/blogdoere.com.br\/index.php?rest_route=\/wp\/v2\/users\/1"}],"replies":[{"embeddable":true,"href":"https:\/\/blogdoere.com.br\/index.php?rest_route=%2Fwp%2Fv2%2Fcomments&post=26926"}],"version-history":[{"count":0,"href":"https:\/\/blogdoere.com.br\/index.php?rest_route=\/wp\/v2\/posts\/26926\/revisions"}],"wp:attachment":[{"href":"https:\/\/blogdoere.com.br\/index.php?rest_route=%2Fwp%2Fv2%2Fmedia&parent=26926"}],"wp:term":[{"taxonomy":"category","embeddable":true,"href":"https:\/\/blogdoere.com.br\/index.php?rest_route=%2Fwp%2Fv2%2Fcategories&post=26926"},{"taxonomy":"post_tag","embeddable":true,"href":"https:\/\/blogdoere.com.br\/index.php?rest_route=%2Fwp%2Fv2%2Ftags&post=26926"}],"curies":[{"name":"wp","href":"https:\/\/api.w.org\/{rel}","templated":true}]}}