{"id":26927,"date":"2013-04-05T18:40:00","date_gmt":"2013-04-05T18:40:00","guid":{"rendered":"http:\/\/blogdoere.com.br\/?p=26927"},"modified":"2013-04-05T18:40:00","modified_gmt":"2013-04-05T18:40:00","slug":"itajuipe-presidente-portela-pulso-firme-na-sessao-que-derrubou-o-monopolio","status":"publish","type":"post","link":"https:\/\/blogdoere.com.br\/?p=26927","title":{"rendered":"ITAJU\u00cdPE: PRESIDENTE PORTELA  PULSO FIRME NA  SESS\u00c3O QUE DERRUBOU O MONOP\u00d3LIO."},"content":{"rendered":"<div style=\"clear: both; text-align: center;\"><a href=\"http:\/\/3.bp.blogspot.com\/-xrYjM028sfU\/UV8dZDTH2eI\/AAAAAAAAFK0\/YaFQUeEw-Gk\/s1600\/poortela.jpg\" style=\"margin-left: 1em; margin-right: 1em;\"><img decoding=\"async\" border=\"0\" height=\"212\" src=\"http:\/\/3.bp.blogspot.com\/-xrYjM028sfU\/UV8dZDTH2eI\/AAAAAAAAFK0\/YaFQUeEw-Gk\/s320\/poortela.jpg\" width=\"320\" \/><\/a><\/div>\n<p><\/p>\n<div style=\"text-align: justify;\"><span style=\"font-family: Arial, Helvetica, sans-serif;\">A C\u00e2mara Municipal de Itaju\u00edpe votou, na \u00faltima Sess\u00e3o Ordin\u00e1ria da casa,&nbsp; os Anteprojetos de Leis, 05\/2013, que altera em parte a lei n\u00ba 644\/2000 e o 06\/2013, que altera os vencimentos dos Agentes Comunit\u00e1rios de Sa\u00fade, este \u00faltimo votado por unanimidade e at\u00e9 mesmo em sess\u00e3o extraordin\u00e1ria, evitando causar maiores preju\u00edzos aos funcion\u00e1rios p\u00fablicos.&nbsp;<\/span><span style=\"font-family: Arial, Helvetica, sans-serif;\">Durante a sess\u00e3o e fazendo o uso da palavra, os edis puderam discutir e opinar a respeito das suas convic\u00e7\u00f5es relativas \u00e0s mat\u00e9rias votadas. Em decorr\u00eancia do debate democr\u00e1tico de diferentes opini\u00f5es, \u00e2nimos se alteraram, causando estranheza aos <\/span><span style=\"font-family: Arial, Helvetica, sans-serif;\">presentes e aos ouvintes da sess\u00e3o da C\u00e2mara, atrav\u00e9s da r\u00e1dio e da internet.<\/span><span style=\"font-family: Arial, Helvetica, sans-serif;\">O presidente da C\u00e2mara, o edil Eduardo Portela, mostrou&nbsp; sabedoria e habilidade na condu\u00e7\u00e3o dos trabalhos durante a 6\u00aa Sess\u00e3o Ordin\u00e1ria, apesar da forma calorosa de alguns edis durante a vota\u00e7\u00e3o do Anteprojeto de Lei n\u00ba 05\/2013. Sendo aut\u00eantico e de pulso firme, o presidente pediu respeito a todos os vereadores, refor\u00e7ando que todos os edis respondem por seus atos.&nbsp;<\/span><span style=\"font-family: Arial, Helvetica, sans-serif;\">Diante de tal fato, o Presidente Eduardo Portela salienta que a C\u00e2mara \u00e9 um espa\u00e7o de debates onde os vereadores, representantes do povo, devem seguir suas convic\u00e7\u00f5es atreladas ao decoro e \u00e0 boa conviv\u00eancia em sociedade, repudiando qualquer fato que venha a lesar a imagem desta Casa Legislativa.<\/span><\/div>\n<div style=\"text-align: justify;\"><span style=\"font-family: Arial, Helvetica, sans-serif;\"><br \/><\/span><\/div>\n<div style=\"text-align: justify;\"><o:p><span style=\"font-family: Arial, Helvetica, sans-serif;\">&nbsp;<\/span><\/o:p>Fonte: ASCOM C\u00e2mara Municipal de Itaju\u00edpe<\/div>\n","protected":false},"excerpt":{"rendered":"<p>A C\u00e2mara Municipal de Itaju\u00edpe votou, na \u00faltima Sess\u00e3o Ordin\u00e1ria da casa,&nbsp; os Anteprojetos de Leis, 05\/2013, que altera em parte a lei n\u00ba 644\/2000 e o 06\/2013, que altera&#8230;<\/p>\n","protected":false},"author":1,"featured_media":0,"comment_status":"open","ping_status":"open","sticky":false,"template":"","format":"standard","meta":{"_editorskit_title_hidden":false,"_editorskit_reading_time":0,"_editorskit_is_block_options_detached":false,"_editorskit_block_options_position":"{}","om_disable_all_campaigns":false,"_mi_skip_tracking":false,"_kad_post_transparent":"","_kad_post_title":"","_kad_post_layout":"","_kad_post_sidebar_id":"","_kad_post_content_style":"","_kad_post_vertical_padding":"","_kad_post_feature":"","_kad_post_feature_position":"","_kad_post_header":false,"_kad_post_footer":false,"footnotes":""},"categories":[32],"tags":[],"class_list":["post-26927","post","type-post","status-publish","format-standard","hentry","category-politica"],"yoast_head":"<!-- This site is optimized with the Yoast SEO plugin v20.5 - https:\/\/yoast.com\/wordpress\/plugins\/seo\/ -->\n<title>ITAJU\u00cdPE: PRESIDENTE PORTELA PULSO FIRME NA SESS\u00c3O QUE DERRUBOU O MONOP\u00d3LIO. - blog do er\u00ea<\/title>\n<meta name=\"robots\" content=\"index, follow, max-snippet:-1, max-image-preview:large, max-video-preview:-1\" \/>\n<link rel=\"canonical\" href=\"https:\/\/blogdoere.com.br\/?p=26927\" \/>\n<meta property=\"og:locale\" content=\"pt_PT\" \/>\n<meta property=\"og:type\" content=\"article\" \/>\n<meta property=\"og:title\" content=\"ITAJU\u00cdPE: PRESIDENTE PORTELA PULSO FIRME NA SESS\u00c3O QUE DERRUBOU O MONOP\u00d3LIO. - blog do er\u00ea\" \/>\n<meta property=\"og:description\" content=\"A C\u00e2mara Municipal de Itaju\u00edpe votou, na \u00faltima Sess\u00e3o Ordin\u00e1ria da casa,&nbsp; os Anteprojetos de Leis, 05\/2013, que altera em parte a lei n\u00ba 644\/2000 e o 06\/2013, que altera...\" \/>\n<meta property=\"og:url\" content=\"https:\/\/blogdoere.com.br\/?p=26927\" \/>\n<meta property=\"og:site_name\" content=\"blog do er\u00ea\" \/>\n<meta property=\"article:published_time\" content=\"2013-04-05T18:40:00+00:00\" \/>\n<meta property=\"og:image\" content=\"http:\/\/3.bp.blogspot.com\/-xrYjM028sfU\/UV8dZDTH2eI\/AAAAAAAAFK0\/YaFQUeEw-Gk\/s320\/poortela.jpg\" \/>\n<meta name=\"author\" content=\"blogdoere@hotmail.com\" \/>\n<meta name=\"twitter:card\" content=\"summary_large_image\" \/>\n<meta name=\"twitter:label1\" content=\"Escrito por\" \/>\n\t<meta name=\"twitter:data1\" content=\"blogdoere@hotmail.com\" \/>\n\t<meta name=\"twitter:label2\" content=\"Tempo estimado de leitura\" \/>\n\t<meta name=\"twitter:data2\" content=\"1 minuto\" \/>\n<script type=\"application\/ld+json\" class=\"yoast-schema-graph\">{\"@context\":\"https:\/\/schema.org\",\"@graph\":[{\"@type\":\"Article\",\"@id\":\"https:\/\/blogdoere.com.br\/?p=26927#article\",\"isPartOf\":{\"@id\":\"https:\/\/blogdoere.com.br\/?p=26927\"},\"author\":{\"name\":\"blogdoere@hotmail.com\",\"@id\":\"https:\/\/blogdoere.com.br\/#\/schema\/person\/c4f6d566a44c7bacdda563667715d18b\"},\"headline\":\"ITAJU\u00cdPE: PRESIDENTE PORTELA PULSO FIRME NA SESS\u00c3O QUE DERRUBOU O MONOP\u00d3LIO.\",\"datePublished\":\"2013-04-05T18:40:00+00:00\",\"dateModified\":\"2013-04-05T18:40:00+00:00\",\"mainEntityOfPage\":{\"@id\":\"https:\/\/blogdoere.com.br\/?p=26927\"},\"wordCount\":267,\"commentCount\":0,\"publisher\":{\"@id\":\"https:\/\/blogdoere.com.br\/#organization\"},\"articleSection\":[\"Pol\u00edtica\"],\"inLanguage\":\"pt-PT\",\"potentialAction\":[{\"@type\":\"CommentAction\",\"name\":\"Comment\",\"target\":[\"https:\/\/blogdoere.com.br\/?p=26927#respond\"]}]},{\"@type\":\"WebPage\",\"@id\":\"https:\/\/blogdoere.com.br\/?p=26927\",\"url\":\"https:\/\/blogdoere.com.br\/?p=26927\",\"name\":\"ITAJU\u00cdPE: PRESIDENTE PORTELA PULSO FIRME NA SESS\u00c3O QUE DERRUBOU O MONOP\u00d3LIO. - blog do er\u00ea\",\"isPartOf\":{\"@id\":\"https:\/\/blogdoere.com.br\/#website\"},\"datePublished\":\"2013-04-05T18:40:00+00:00\",\"dateModified\":\"2013-04-05T18:40:00+00:00\",\"breadcrumb\":{\"@id\":\"https:\/\/blogdoere.com.br\/?p=26927#breadcrumb\"},\"inLanguage\":\"pt-PT\",\"potentialAction\":[{\"@type\":\"ReadAction\",\"target\":[\"https:\/\/blogdoere.com.br\/?p=26927\"]}]},{\"@type\":\"BreadcrumbList\",\"@id\":\"https:\/\/blogdoere.com.br\/?p=26927#breadcrumb\",\"itemListElement\":[{\"@type\":\"ListItem\",\"position\":1,\"name\":\"In\u00edcio\",\"item\":\"https:\/\/blogdoere.com.br\/\"},{\"@type\":\"ListItem\",\"position\":2,\"name\":\"ITAJU\u00cdPE: PRESIDENTE PORTELA PULSO FIRME NA SESS\u00c3O QUE DERRUBOU O MONOP\u00d3LIO.\"}]},{\"@type\":\"WebSite\",\"@id\":\"https:\/\/blogdoere.com.br\/#website\",\"url\":\"https:\/\/blogdoere.com.br\/\",\"name\":\"blog do er\u00ea\",\"description\":\"\",\"publisher\":{\"@id\":\"https:\/\/blogdoere.com.br\/#organization\"},\"potentialAction\":[{\"@type\":\"SearchAction\",\"target\":{\"@type\":\"EntryPoint\",\"urlTemplate\":\"https:\/\/blogdoere.com.br\/?s={search_term_string}\"},\"query-input\":\"required name=search_term_string\"}],\"inLanguage\":\"pt-PT\"},{\"@type\":\"Organization\",\"@id\":\"https:\/\/blogdoere.com.br\/#organization\",\"name\":\"Blog do Er\u00ea\",\"url\":\"https:\/\/blogdoere.com.br\/\",\"logo\":{\"@type\":\"ImageObject\",\"inLanguage\":\"pt-PT\",\"@id\":\"https:\/\/blogdoere.com.br\/#\/schema\/logo\/image\/\",\"url\":\"https:\/\/blogdoere.com.br\/wp-content\/uploads\/2021\/11\/Logo-Ere-1.png\",\"contentUrl\":\"https:\/\/blogdoere.com.br\/wp-content\/uploads\/2021\/11\/Logo-Ere-1.png\",\"width\":1261,\"height\":1330,\"caption\":\"Blog do Er\u00ea\"},\"image\":{\"@id\":\"https:\/\/blogdoere.com.br\/#\/schema\/logo\/image\/\"}},{\"@type\":\"Person\",\"@id\":\"https:\/\/blogdoere.com.br\/#\/schema\/person\/c4f6d566a44c7bacdda563667715d18b\",\"name\":\"blogdoere@hotmail.com\",\"image\":{\"@type\":\"ImageObject\",\"inLanguage\":\"pt-PT\",\"@id\":\"https:\/\/blogdoere.com.br\/#\/schema\/person\/image\/\",\"url\":\"https:\/\/secure.gravatar.com\/avatar\/5684bd39df1289cb639b4ab539d6fcad69420e4a29521548fc078c58ed122fe6?s=96&d=mm&r=g\",\"contentUrl\":\"https:\/\/secure.gravatar.com\/avatar\/5684bd39df1289cb639b4ab539d6fcad69420e4a29521548fc078c58ed122fe6?s=96&d=mm&r=g\",\"caption\":\"blogdoere@hotmail.com\"},\"sameAs\":[\"http:\/\/blogdoere.com.br\"]}]}<\/script>\n<!-- \/ Yoast SEO plugin. -->","yoast_head_json":{"title":"ITAJU\u00cdPE: PRESIDENTE PORTELA PULSO FIRME NA SESS\u00c3O QUE DERRUBOU O MONOP\u00d3LIO. - blog do er\u00ea","robots":{"index":"index","follow":"follow","max-snippet":"max-snippet:-1","max-image-preview":"max-image-preview:large","max-video-preview":"max-video-preview:-1"},"canonical":"https:\/\/blogdoere.com.br\/?p=26927","og_locale":"pt_PT","og_type":"article","og_title":"ITAJU\u00cdPE: PRESIDENTE PORTELA PULSO FIRME NA SESS\u00c3O QUE DERRUBOU O MONOP\u00d3LIO. - blog do er\u00ea","og_description":"A C\u00e2mara Municipal de Itaju\u00edpe votou, na \u00faltima Sess\u00e3o Ordin\u00e1ria da casa,&nbsp; os Anteprojetos de Leis, 05\/2013, que altera em parte a lei n\u00ba 644\/2000 e o 06\/2013, que altera...","og_url":"https:\/\/blogdoere.com.br\/?p=26927","og_site_name":"blog do er\u00ea","article_published_time":"2013-04-05T18:40:00+00:00","og_image":[{"url":"http:\/\/3.bp.blogspot.com\/-xrYjM028sfU\/UV8dZDTH2eI\/AAAAAAAAFK0\/YaFQUeEw-Gk\/s320\/poortela.jpg"}],"author":"blogdoere@hotmail.com","twitter_card":"summary_large_image","twitter_misc":{"Escrito por":"blogdoere@hotmail.com","Tempo estimado de leitura":"1 minuto"},"schema":{"@context":"https:\/\/schema.org","@graph":[{"@type":"Article","@id":"https:\/\/blogdoere.com.br\/?p=26927#article","isPartOf":{"@id":"https:\/\/blogdoere.com.br\/?p=26927"},"author":{"name":"blogdoere@hotmail.com","@id":"https:\/\/blogdoere.com.br\/#\/schema\/person\/c4f6d566a44c7bacdda563667715d18b"},"headline":"ITAJU\u00cdPE: PRESIDENTE PORTELA PULSO FIRME NA SESS\u00c3O QUE DERRUBOU O MONOP\u00d3LIO.","datePublished":"2013-04-05T18:40:00+00:00","dateModified":"2013-04-05T18:40:00+00:00","mainEntityOfPage":{"@id":"https:\/\/blogdoere.com.br\/?p=26927"},"wordCount":267,"commentCount":0,"publisher":{"@id":"https:\/\/blogdoere.com.br\/#organization"},"articleSection":["Pol\u00edtica"],"inLanguage":"pt-PT","potentialAction":[{"@type":"CommentAction","name":"Comment","target":["https:\/\/blogdoere.com.br\/?p=26927#respond"]}]},{"@type":"WebPage","@id":"https:\/\/blogdoere.com.br\/?p=26927","url":"https:\/\/blogdoere.com.br\/?p=26927","name":"ITAJU\u00cdPE: PRESIDENTE PORTELA PULSO FIRME NA SESS\u00c3O QUE DERRUBOU O MONOP\u00d3LIO. - blog do er\u00ea","isPartOf":{"@id":"https:\/\/blogdoere.com.br\/#website"},"datePublished":"2013-04-05T18:40:00+00:00","dateModified":"2013-04-05T18:40:00+00:00","breadcrumb":{"@id":"https:\/\/blogdoere.com.br\/?p=26927#breadcrumb"},"inLanguage":"pt-PT","potentialAction":[{"@type":"ReadAction","target":["https:\/\/blogdoere.com.br\/?p=26927"]}]},{"@type":"BreadcrumbList","@id":"https:\/\/blogdoere.com.br\/?p=26927#breadcrumb","itemListElement":[{"@type":"ListItem","position":1,"name":"In\u00edcio","item":"https:\/\/blogdoere.com.br\/"},{"@type":"ListItem","position":2,"name":"ITAJU\u00cdPE: PRESIDENTE PORTELA PULSO FIRME NA SESS\u00c3O QUE DERRUBOU O MONOP\u00d3LIO."}]},{"@type":"WebSite","@id":"https:\/\/blogdoere.com.br\/#website","url":"https:\/\/blogdoere.com.br\/","name":"blog do er\u00ea","description":"","publisher":{"@id":"https:\/\/blogdoere.com.br\/#organization"},"potentialAction":[{"@type":"SearchAction","target":{"@type":"EntryPoint","urlTemplate":"https:\/\/blogdoere.com.br\/?s={search_term_string}"},"query-input":"required name=search_term_string"}],"inLanguage":"pt-PT"},{"@type":"Organization","@id":"https:\/\/blogdoere.com.br\/#organization","name":"Blog do Er\u00ea","url":"https:\/\/blogdoere.com.br\/","logo":{"@type":"ImageObject","inLanguage":"pt-PT","@id":"https:\/\/blogdoere.com.br\/#\/schema\/logo\/image\/","url":"https:\/\/blogdoere.com.br\/wp-content\/uploads\/2021\/11\/Logo-Ere-1.png","contentUrl":"https:\/\/blogdoere.com.br\/wp-content\/uploads\/2021\/11\/Logo-Ere-1.png","width":1261,"height":1330,"caption":"Blog do Er\u00ea"},"image":{"@id":"https:\/\/blogdoere.com.br\/#\/schema\/logo\/image\/"}},{"@type":"Person","@id":"https:\/\/blogdoere.com.br\/#\/schema\/person\/c4f6d566a44c7bacdda563667715d18b","name":"blogdoere@hotmail.com","image":{"@type":"ImageObject","inLanguage":"pt-PT","@id":"https:\/\/blogdoere.com.br\/#\/schema\/person\/image\/","url":"https:\/\/secure.gravatar.com\/avatar\/5684bd39df1289cb639b4ab539d6fcad69420e4a29521548fc078c58ed122fe6?s=96&d=mm&r=g","contentUrl":"https:\/\/secure.gravatar.com\/avatar\/5684bd39df1289cb639b4ab539d6fcad69420e4a29521548fc078c58ed122fe6?s=96&d=mm&r=g","caption":"blogdoere@hotmail.com"},"sameAs":["http:\/\/blogdoere.com.br"]}]}},"featured_image_urls":{"full":"","thumbnail":"","medium":"","medium_large":"","large":"","1536x1536":"","2048x2048":""},"author_info":{"display_name":"blogdoere@hotmail.com","author_link":"https:\/\/blogdoere.com.br\/?author=1"},"category_info":"<a href=\"https:\/\/blogdoere.com.br\/?cat=32\" rel=\"category\">Pol\u00edtica<\/a>","tag_info":"Pol\u00edtica","comment_count":"0","_links":{"self":[{"href":"https:\/\/blogdoere.com.br\/index.php?rest_route=\/wp\/v2\/posts\/26927","targetHints":{"allow":["GET"]}}],"collection":[{"href":"https:\/\/blogdoere.com.br\/index.php?rest_route=\/wp\/v2\/posts"}],"about":[{"href":"https:\/\/blogdoere.com.br\/index.php?rest_route=\/wp\/v2\/types\/post"}],"author":[{"embeddable":true,"href":"https:\/\/blogdoere.com.br\/index.php?rest_route=\/wp\/v2\/users\/1"}],"replies":[{"embeddable":true,"href":"https:\/\/blogdoere.com.br\/index.php?rest_route=%2Fwp%2Fv2%2Fcomments&post=26927"}],"version-history":[{"count":0,"href":"https:\/\/blogdoere.com.br\/index.php?rest_route=\/wp\/v2\/posts\/26927\/revisions"}],"wp:attachment":[{"href":"https:\/\/blogdoere.com.br\/index.php?rest_route=%2Fwp%2Fv2%2Fmedia&parent=26927"}],"wp:term":[{"taxonomy":"category","embeddable":true,"href":"https:\/\/blogdoere.com.br\/index.php?rest_route=%2Fwp%2Fv2%2Fcategories&post=26927"},{"taxonomy":"post_tag","embeddable":true,"href":"https:\/\/blogdoere.com.br\/index.php?rest_route=%2Fwp%2Fv2%2Ftags&post=26927"}],"curies":[{"name":"wp","href":"https:\/\/api.w.org\/{rel}","templated":true}]}}