{"id":26930,"date":"2013-04-05T00:05:00","date_gmt":"2013-04-05T00:05:00","guid":{"rendered":"http:\/\/blogdoere.com.br\/?p=26930"},"modified":"2013-04-05T00:05:00","modified_gmt":"2013-04-05T00:05:00","slug":"itajuipe-gilka-badaro-assina-termo-de-cooperacao-com-associacao-de-moradores","status":"publish","type":"post","link":"https:\/\/blogdoere.com.br\/?p=26930","title":{"rendered":"ITAJU\u00cdPE:  GILKA BADAR\u00d3 ASSINA TERMO DE COOPERA\u00c7\u00c3O COM ASSOCIA\u00c7\u00c3O DE MORADORES."},"content":{"rendered":"<div style=\"clear: both; text-align: center;\"><a href=\"http:\/\/3.bp.blogspot.com\/-4GHkk14r1y8\/UV4T-L4tSLI\/AAAAAAAAFKE\/h0rtJwS3VLs\/s1600\/DSC_1393.JPG\" style=\"margin-left: 1em; margin-right: 1em;\"><img decoding=\"async\" border=\"0\" height=\"272\" src=\"http:\/\/3.bp.blogspot.com\/-4GHkk14r1y8\/UV4T-L4tSLI\/AAAAAAAAFKE\/h0rtJwS3VLs\/s320\/DSC_1393.JPG\" width=\"320\" \/><\/a><\/div>\n<div style=\"clear: both; text-align: center;\"><\/div>\n<div style=\"clear: both; text-align: center;\"><a href=\"http:\/\/3.bp.blogspot.com\/-Raa71vIek0Y\/UV4UpViU3sI\/AAAAAAAAFKM\/4lv09zrQqqo\/s1600\/DSC_1382.JPG\" style=\"margin-left: 1em; margin-right: 1em;\"><img decoding=\"async\" border=\"0\" height=\"211\" src=\"http:\/\/3.bp.blogspot.com\/-Raa71vIek0Y\/UV4UpViU3sI\/AAAAAAAAFKM\/4lv09zrQqqo\/s320\/DSC_1382.JPG\" width=\"320\" \/><\/a><\/div>\n<div><\/div>\n<div>\n<div style=\"text-align: justify;\"><span style=\"font-size: 12.0pt; line-height: 115%;\"><span style=\"font-family: Arial, Helvetica, sans-serif;\">A prefeita Gilka Badar\u00f3 (PSB) assinou dia 27\/03, Termo de Coopera\u00e7\u00e3o com a Associa\u00e7\u00e3o dos Jovens da Ruinha de S\u00e3o Crist\u00f3v\u00e3o.&nbsp; Segundo Jean Marcos, rela\u00e7\u00f5es publicas da entidade o termo que foi assinado por ambas as partes d\u00e1 respaldo a associa\u00e7\u00e3o continuar pleiteando Plano Local de Habita\u00e7\u00e3o de Interesse Social (PLHIS) que est\u00e1 em tramita\u00e7\u00e3o no Programa Minha Casa Minha Vida para constru\u00e7\u00e3o de unidades habitacionais em Itaju\u00edpe. Em conversa para este blog, a Presidente da Associa\u00e7\u00e3o da Ruinha, Jaciara Morais informou que a mesma associa\u00e7\u00e3o tem 80% de conclus\u00e3o de um projeto de Habita\u00e7\u00e3o Rural, pelo menos, 38 fam\u00edlias itajuipenses &nbsp;ser\u00e3o beneficiadas com moradias ainda este ano.<o:p><\/o:p><\/span><\/span><\/div>\n<div style=\"text-align: justify;\"><\/div>\n<\/div>\n<div><\/div>\n","protected":false},"excerpt":{"rendered":"<p>A prefeita Gilka Badar\u00f3 (PSB) assinou dia 27\/03, Termo de Coopera\u00e7\u00e3o com a Associa\u00e7\u00e3o dos Jovens da Ruinha de S\u00e3o Crist\u00f3v\u00e3o.&nbsp; Segundo Jean Marcos, rela\u00e7\u00f5es publicas da entidade o termo&#8230;<\/p>\n","protected":false},"author":1,"featured_media":0,"comment_status":"open","ping_status":"open","sticky":false,"template":"","format":"standard","meta":{"_editorskit_title_hidden":false,"_editorskit_reading_time":0,"_editorskit_is_block_options_detached":false,"_editorskit_block_options_position":"{}","om_disable_all_campaigns":false,"_mi_skip_tracking":false,"_kad_post_transparent":"","_kad_post_title":"","_kad_post_layout":"","_kad_post_sidebar_id":"","_kad_post_content_style":"","_kad_post_vertical_padding":"","_kad_post_feature":"","_kad_post_feature_position":"","_kad_post_header":false,"_kad_post_footer":false,"footnotes":""},"categories":[32],"tags":[],"class_list":["post-26930","post","type-post","status-publish","format-standard","hentry","category-politica"],"yoast_head":"<!-- This site is optimized with the Yoast SEO plugin v20.5 - https:\/\/yoast.com\/wordpress\/plugins\/seo\/ -->\n<title>ITAJU\u00cdPE: GILKA BADAR\u00d3 ASSINA TERMO DE COOPERA\u00c7\u00c3O COM ASSOCIA\u00c7\u00c3O DE MORADORES. - blog do er\u00ea<\/title>\n<meta name=\"robots\" content=\"index, follow, max-snippet:-1, max-image-preview:large, max-video-preview:-1\" \/>\n<link rel=\"canonical\" href=\"https:\/\/blogdoere.com.br\/?p=26930\" \/>\n<meta property=\"og:locale\" content=\"pt_PT\" \/>\n<meta property=\"og:type\" content=\"article\" \/>\n<meta property=\"og:title\" content=\"ITAJU\u00cdPE: GILKA BADAR\u00d3 ASSINA TERMO DE COOPERA\u00c7\u00c3O COM ASSOCIA\u00c7\u00c3O DE MORADORES. - blog do er\u00ea\" \/>\n<meta property=\"og:description\" content=\"A prefeita Gilka Badar\u00f3 (PSB) assinou dia 27\/03, Termo de Coopera\u00e7\u00e3o com a Associa\u00e7\u00e3o dos Jovens da Ruinha de S\u00e3o Crist\u00f3v\u00e3o.&nbsp; Segundo Jean Marcos, rela\u00e7\u00f5es publicas da entidade o termo...\" \/>\n<meta property=\"og:url\" content=\"https:\/\/blogdoere.com.br\/?p=26930\" \/>\n<meta property=\"og:site_name\" content=\"blog do er\u00ea\" \/>\n<meta property=\"article:published_time\" content=\"2013-04-05T00:05:00+00:00\" \/>\n<meta property=\"og:image\" content=\"http:\/\/3.bp.blogspot.com\/-4GHkk14r1y8\/UV4T-L4tSLI\/AAAAAAAAFKE\/h0rtJwS3VLs\/s320\/DSC_1393.JPG\" \/>\n<meta name=\"author\" content=\"blogdoere@hotmail.com\" \/>\n<meta name=\"twitter:card\" content=\"summary_large_image\" \/>\n<meta name=\"twitter:label1\" content=\"Escrito por\" \/>\n\t<meta name=\"twitter:data1\" content=\"blogdoere@hotmail.com\" \/>\n\t<meta name=\"twitter:label2\" content=\"Tempo estimado de leitura\" \/>\n\t<meta name=\"twitter:data2\" content=\"1 minuto\" \/>\n<script type=\"application\/ld+json\" class=\"yoast-schema-graph\">{\"@context\":\"https:\/\/schema.org\",\"@graph\":[{\"@type\":\"Article\",\"@id\":\"https:\/\/blogdoere.com.br\/?p=26930#article\",\"isPartOf\":{\"@id\":\"https:\/\/blogdoere.com.br\/?p=26930\"},\"author\":{\"name\":\"blogdoere@hotmail.com\",\"@id\":\"https:\/\/blogdoere.com.br\/#\/schema\/person\/c4f6d566a44c7bacdda563667715d18b\"},\"headline\":\"ITAJU\u00cdPE: GILKA BADAR\u00d3 ASSINA TERMO DE COOPERA\u00c7\u00c3O COM ASSOCIA\u00c7\u00c3O DE MORADORES.\",\"datePublished\":\"2013-04-05T00:05:00+00:00\",\"dateModified\":\"2013-04-05T00:05:00+00:00\",\"mainEntityOfPage\":{\"@id\":\"https:\/\/blogdoere.com.br\/?p=26930\"},\"wordCount\":138,\"commentCount\":0,\"publisher\":{\"@id\":\"https:\/\/blogdoere.com.br\/#organization\"},\"articleSection\":[\"Pol\u00edtica\"],\"inLanguage\":\"pt-PT\",\"potentialAction\":[{\"@type\":\"CommentAction\",\"name\":\"Comment\",\"target\":[\"https:\/\/blogdoere.com.br\/?p=26930#respond\"]}]},{\"@type\":\"WebPage\",\"@id\":\"https:\/\/blogdoere.com.br\/?p=26930\",\"url\":\"https:\/\/blogdoere.com.br\/?p=26930\",\"name\":\"ITAJU\u00cdPE: GILKA BADAR\u00d3 ASSINA TERMO DE COOPERA\u00c7\u00c3O COM ASSOCIA\u00c7\u00c3O DE MORADORES. - blog do er\u00ea\",\"isPartOf\":{\"@id\":\"https:\/\/blogdoere.com.br\/#website\"},\"datePublished\":\"2013-04-05T00:05:00+00:00\",\"dateModified\":\"2013-04-05T00:05:00+00:00\",\"breadcrumb\":{\"@id\":\"https:\/\/blogdoere.com.br\/?p=26930#breadcrumb\"},\"inLanguage\":\"pt-PT\",\"potentialAction\":[{\"@type\":\"ReadAction\",\"target\":[\"https:\/\/blogdoere.com.br\/?p=26930\"]}]},{\"@type\":\"BreadcrumbList\",\"@id\":\"https:\/\/blogdoere.com.br\/?p=26930#breadcrumb\",\"itemListElement\":[{\"@type\":\"ListItem\",\"position\":1,\"name\":\"In\u00edcio\",\"item\":\"https:\/\/blogdoere.com.br\/\"},{\"@type\":\"ListItem\",\"position\":2,\"name\":\"ITAJU\u00cdPE: GILKA BADAR\u00d3 ASSINA TERMO DE COOPERA\u00c7\u00c3O COM ASSOCIA\u00c7\u00c3O DE MORADORES.\"}]},{\"@type\":\"WebSite\",\"@id\":\"https:\/\/blogdoere.com.br\/#website\",\"url\":\"https:\/\/blogdoere.com.br\/\",\"name\":\"blog do er\u00ea\",\"description\":\"\",\"publisher\":{\"@id\":\"https:\/\/blogdoere.com.br\/#organization\"},\"potentialAction\":[{\"@type\":\"SearchAction\",\"target\":{\"@type\":\"EntryPoint\",\"urlTemplate\":\"https:\/\/blogdoere.com.br\/?s={search_term_string}\"},\"query-input\":\"required name=search_term_string\"}],\"inLanguage\":\"pt-PT\"},{\"@type\":\"Organization\",\"@id\":\"https:\/\/blogdoere.com.br\/#organization\",\"name\":\"Blog do Er\u00ea\",\"url\":\"https:\/\/blogdoere.com.br\/\",\"logo\":{\"@type\":\"ImageObject\",\"inLanguage\":\"pt-PT\",\"@id\":\"https:\/\/blogdoere.com.br\/#\/schema\/logo\/image\/\",\"url\":\"https:\/\/blogdoere.com.br\/wp-content\/uploads\/2021\/11\/Logo-Ere-1.png\",\"contentUrl\":\"https:\/\/blogdoere.com.br\/wp-content\/uploads\/2021\/11\/Logo-Ere-1.png\",\"width\":1261,\"height\":1330,\"caption\":\"Blog do Er\u00ea\"},\"image\":{\"@id\":\"https:\/\/blogdoere.com.br\/#\/schema\/logo\/image\/\"}},{\"@type\":\"Person\",\"@id\":\"https:\/\/blogdoere.com.br\/#\/schema\/person\/c4f6d566a44c7bacdda563667715d18b\",\"name\":\"blogdoere@hotmail.com\",\"image\":{\"@type\":\"ImageObject\",\"inLanguage\":\"pt-PT\",\"@id\":\"https:\/\/blogdoere.com.br\/#\/schema\/person\/image\/\",\"url\":\"https:\/\/secure.gravatar.com\/avatar\/5684bd39df1289cb639b4ab539d6fcad69420e4a29521548fc078c58ed122fe6?s=96&d=mm&r=g\",\"contentUrl\":\"https:\/\/secure.gravatar.com\/avatar\/5684bd39df1289cb639b4ab539d6fcad69420e4a29521548fc078c58ed122fe6?s=96&d=mm&r=g\",\"caption\":\"blogdoere@hotmail.com\"},\"sameAs\":[\"http:\/\/blogdoere.com.br\"]}]}<\/script>\n<!-- \/ Yoast SEO plugin. -->","yoast_head_json":{"title":"ITAJU\u00cdPE: GILKA BADAR\u00d3 ASSINA TERMO DE COOPERA\u00c7\u00c3O COM ASSOCIA\u00c7\u00c3O DE MORADORES. - blog do er\u00ea","robots":{"index":"index","follow":"follow","max-snippet":"max-snippet:-1","max-image-preview":"max-image-preview:large","max-video-preview":"max-video-preview:-1"},"canonical":"https:\/\/blogdoere.com.br\/?p=26930","og_locale":"pt_PT","og_type":"article","og_title":"ITAJU\u00cdPE: GILKA BADAR\u00d3 ASSINA TERMO DE COOPERA\u00c7\u00c3O COM ASSOCIA\u00c7\u00c3O DE MORADORES. - blog do er\u00ea","og_description":"A prefeita Gilka Badar\u00f3 (PSB) assinou dia 27\/03, Termo de Coopera\u00e7\u00e3o com a Associa\u00e7\u00e3o dos Jovens da Ruinha de S\u00e3o Crist\u00f3v\u00e3o.&nbsp; Segundo Jean Marcos, rela\u00e7\u00f5es publicas da entidade o termo...","og_url":"https:\/\/blogdoere.com.br\/?p=26930","og_site_name":"blog do er\u00ea","article_published_time":"2013-04-05T00:05:00+00:00","og_image":[{"url":"http:\/\/3.bp.blogspot.com\/-4GHkk14r1y8\/UV4T-L4tSLI\/AAAAAAAAFKE\/h0rtJwS3VLs\/s320\/DSC_1393.JPG"}],"author":"blogdoere@hotmail.com","twitter_card":"summary_large_image","twitter_misc":{"Escrito por":"blogdoere@hotmail.com","Tempo estimado de leitura":"1 minuto"},"schema":{"@context":"https:\/\/schema.org","@graph":[{"@type":"Article","@id":"https:\/\/blogdoere.com.br\/?p=26930#article","isPartOf":{"@id":"https:\/\/blogdoere.com.br\/?p=26930"},"author":{"name":"blogdoere@hotmail.com","@id":"https:\/\/blogdoere.com.br\/#\/schema\/person\/c4f6d566a44c7bacdda563667715d18b"},"headline":"ITAJU\u00cdPE: GILKA BADAR\u00d3 ASSINA TERMO DE COOPERA\u00c7\u00c3O COM ASSOCIA\u00c7\u00c3O DE MORADORES.","datePublished":"2013-04-05T00:05:00+00:00","dateModified":"2013-04-05T00:05:00+00:00","mainEntityOfPage":{"@id":"https:\/\/blogdoere.com.br\/?p=26930"},"wordCount":138,"commentCount":0,"publisher":{"@id":"https:\/\/blogdoere.com.br\/#organization"},"articleSection":["Pol\u00edtica"],"inLanguage":"pt-PT","potentialAction":[{"@type":"CommentAction","name":"Comment","target":["https:\/\/blogdoere.com.br\/?p=26930#respond"]}]},{"@type":"WebPage","@id":"https:\/\/blogdoere.com.br\/?p=26930","url":"https:\/\/blogdoere.com.br\/?p=26930","name":"ITAJU\u00cdPE: GILKA BADAR\u00d3 ASSINA TERMO DE COOPERA\u00c7\u00c3O COM ASSOCIA\u00c7\u00c3O DE MORADORES. - blog do er\u00ea","isPartOf":{"@id":"https:\/\/blogdoere.com.br\/#website"},"datePublished":"2013-04-05T00:05:00+00:00","dateModified":"2013-04-05T00:05:00+00:00","breadcrumb":{"@id":"https:\/\/blogdoere.com.br\/?p=26930#breadcrumb"},"inLanguage":"pt-PT","potentialAction":[{"@type":"ReadAction","target":["https:\/\/blogdoere.com.br\/?p=26930"]}]},{"@type":"BreadcrumbList","@id":"https:\/\/blogdoere.com.br\/?p=26930#breadcrumb","itemListElement":[{"@type":"ListItem","position":1,"name":"In\u00edcio","item":"https:\/\/blogdoere.com.br\/"},{"@type":"ListItem","position":2,"name":"ITAJU\u00cdPE: GILKA BADAR\u00d3 ASSINA TERMO DE COOPERA\u00c7\u00c3O COM ASSOCIA\u00c7\u00c3O DE MORADORES."}]},{"@type":"WebSite","@id":"https:\/\/blogdoere.com.br\/#website","url":"https:\/\/blogdoere.com.br\/","name":"blog do er\u00ea","description":"","publisher":{"@id":"https:\/\/blogdoere.com.br\/#organization"},"potentialAction":[{"@type":"SearchAction","target":{"@type":"EntryPoint","urlTemplate":"https:\/\/blogdoere.com.br\/?s={search_term_string}"},"query-input":"required name=search_term_string"}],"inLanguage":"pt-PT"},{"@type":"Organization","@id":"https:\/\/blogdoere.com.br\/#organization","name":"Blog do Er\u00ea","url":"https:\/\/blogdoere.com.br\/","logo":{"@type":"ImageObject","inLanguage":"pt-PT","@id":"https:\/\/blogdoere.com.br\/#\/schema\/logo\/image\/","url":"https:\/\/blogdoere.com.br\/wp-content\/uploads\/2021\/11\/Logo-Ere-1.png","contentUrl":"https:\/\/blogdoere.com.br\/wp-content\/uploads\/2021\/11\/Logo-Ere-1.png","width":1261,"height":1330,"caption":"Blog do Er\u00ea"},"image":{"@id":"https:\/\/blogdoere.com.br\/#\/schema\/logo\/image\/"}},{"@type":"Person","@id":"https:\/\/blogdoere.com.br\/#\/schema\/person\/c4f6d566a44c7bacdda563667715d18b","name":"blogdoere@hotmail.com","image":{"@type":"ImageObject","inLanguage":"pt-PT","@id":"https:\/\/blogdoere.com.br\/#\/schema\/person\/image\/","url":"https:\/\/secure.gravatar.com\/avatar\/5684bd39df1289cb639b4ab539d6fcad69420e4a29521548fc078c58ed122fe6?s=96&d=mm&r=g","contentUrl":"https:\/\/secure.gravatar.com\/avatar\/5684bd39df1289cb639b4ab539d6fcad69420e4a29521548fc078c58ed122fe6?s=96&d=mm&r=g","caption":"blogdoere@hotmail.com"},"sameAs":["http:\/\/blogdoere.com.br"]}]}},"featured_image_urls":{"full":"","thumbnail":"","medium":"","medium_large":"","large":"","1536x1536":"","2048x2048":""},"author_info":{"display_name":"blogdoere@hotmail.com","author_link":"https:\/\/blogdoere.com.br\/?author=1"},"category_info":"<a href=\"https:\/\/blogdoere.com.br\/?cat=32\" rel=\"category\">Pol\u00edtica<\/a>","tag_info":"Pol\u00edtica","comment_count":"0","_links":{"self":[{"href":"https:\/\/blogdoere.com.br\/index.php?rest_route=\/wp\/v2\/posts\/26930","targetHints":{"allow":["GET"]}}],"collection":[{"href":"https:\/\/blogdoere.com.br\/index.php?rest_route=\/wp\/v2\/posts"}],"about":[{"href":"https:\/\/blogdoere.com.br\/index.php?rest_route=\/wp\/v2\/types\/post"}],"author":[{"embeddable":true,"href":"https:\/\/blogdoere.com.br\/index.php?rest_route=\/wp\/v2\/users\/1"}],"replies":[{"embeddable":true,"href":"https:\/\/blogdoere.com.br\/index.php?rest_route=%2Fwp%2Fv2%2Fcomments&post=26930"}],"version-history":[{"count":0,"href":"https:\/\/blogdoere.com.br\/index.php?rest_route=\/wp\/v2\/posts\/26930\/revisions"}],"wp:attachment":[{"href":"https:\/\/blogdoere.com.br\/index.php?rest_route=%2Fwp%2Fv2%2Fmedia&parent=26930"}],"wp:term":[{"taxonomy":"category","embeddable":true,"href":"https:\/\/blogdoere.com.br\/index.php?rest_route=%2Fwp%2Fv2%2Fcategories&post=26930"},{"taxonomy":"post_tag","embeddable":true,"href":"https:\/\/blogdoere.com.br\/index.php?rest_route=%2Fwp%2Fv2%2Ftags&post=26930"}],"curies":[{"name":"wp","href":"https:\/\/api.w.org\/{rel}","templated":true}]}}