{"id":26934,"date":"2013-04-03T01:58:00","date_gmt":"2013-04-03T01:58:00","guid":{"rendered":"http:\/\/blogdoere.com.br\/?p=26934"},"modified":"2013-04-03T01:58:00","modified_gmt":"2013-04-03T01:58:00","slug":"jornalista-da-globo-sai-em-defesa-de-marco-feliciano","status":"publish","type":"post","link":"https:\/\/blogdoere.com.br\/?p=26934","title":{"rendered":"JORNALISTA DA GLOBO SAI EM DEFESA DE MARCO FELICIANO."},"content":{"rendered":"<p><\/p>\n<div style=\"background-color: white; border: 0px; color: #4d4d4d; font-family: arial; line-height: 20px; margin-bottom: 15px; padding: 0px; text-align: center; vertical-align: baseline;\"><img decoding=\"async\" alt=\"ALEXANDRE-GARCIA\" src=\"http:\/\/1-ps.googleusercontent.com\/h\/www.portaldt.com\/wp-content\/uploads\/2013\/04\/xALEXANDRE-GARCIA-300x214.jpg.pagespeed.ic.9DIwSDQWLT.webp\" \/><\/div>\n<div style=\"background-color: white; border: 0px; color: #4d4d4d; font-family: arial; line-height: 20px; margin-bottom: 15px; padding: 0px; text-align: justify; vertical-align: baseline;\">O jornalista Alexandre Garcia, da Globo, comentou no programa da R\u00e1dio Metr\u00f3pole sobre o caso do pastor Marco Feliciano que tem sido alvo de protestos por ter assumido a presid\u00eancia da Comiss\u00e3o de Direitos Humanos e Minorias da C\u00e2mara.<\/div>\n<div style=\"background-color: white; border: 0px; color: #4d4d4d; font-family: arial; line-height: 20px; margin-bottom: 15px; padding: 0px; text-align: justify; vertical-align: baseline;\">Ao falar sobre os protestos realizados nas sess\u00f5es da CDHM, o jornalista falou que o deputado n\u00e3o pode ser incriminado por ter opini\u00f5es contr\u00e1rias a uni\u00e3o homoafetiva, j\u00e1 que no Brasil a opini\u00e3o n\u00e3o \u00e9 criminalizada.<\/div>\n<div style=\"background-color: white; border: 0px; color: #4d4d4d; font-family: arial; line-height: 20px; margin-bottom: 15px; padding: 0px; text-align: justify; vertical-align: baseline;\">\u201cSe ele \u00e9 acusado por opini\u00e3o, sup\u00f5em-se ent\u00e3o que aqui no Brasil exista crime de opini\u00e3o, o que n\u00e3o existe\u201d, disse ele lembrando que no Brasil a opini\u00e3o \u00e9 livre e garantida pela Constitui\u00e7\u00e3o.<\/div>\n<div style=\"background-color: white; border: 0px; color: #4d4d4d; font-family: arial; line-height: 20px; margin-bottom: 15px; padding: 0px; text-align: justify; vertical-align: baseline;\">\u201cNo momento em que ele puser em pr\u00e1tica o racismo e incitar as pessoas ao racismo ou \u00e0 homofobia a\u00ed sim\u201d, disse ele lembrando que se ele como jornalista tivesse feito uma afirma\u00e7\u00e3o parecida com a de Feliciano sobre a \u00c1frica, mas citando a Am\u00e9rica do Sul ningu\u00e9m o acusaria de racismo, porque \u00e9 uma constata\u00e7\u00e3o e n\u00e3o um ato de discrimina\u00e7\u00e3o racial.<\/div>\n<div style=\"background-color: white; border: 0px; color: #4d4d4d; font-family: arial; line-height: 20px; margin-bottom: 15px; padding: 0px; text-align: justify; vertical-align: baseline;\">Garcia tamb\u00e9m lembra que o deputado Marco Feliciano tem apoio do seu partido e que n\u00e3o precisa se submeter ao presidente da C\u00e2mara. \u201cDeputado n\u00e3o tem chefe\u201d, explica ele.<\/div>\n","protected":false},"excerpt":{"rendered":"<p>O jornalista Alexandre Garcia, da Globo, comentou no programa da R\u00e1dio Metr\u00f3pole sobre o caso do pastor Marco Feliciano que tem sido alvo de protestos por ter assumido a presid\u00eancia&#8230;<\/p>\n","protected":false},"author":1,"featured_media":0,"comment_status":"open","ping_status":"open","sticky":false,"template":"","format":"standard","meta":{"_editorskit_title_hidden":false,"_editorskit_reading_time":0,"_editorskit_is_block_options_detached":false,"_editorskit_block_options_position":"{}","om_disable_all_campaigns":false,"_mi_skip_tracking":false,"_kad_post_transparent":"","_kad_post_title":"","_kad_post_layout":"","_kad_post_sidebar_id":"","_kad_post_content_style":"","_kad_post_vertical_padding":"","_kad_post_feature":"","_kad_post_feature_position":"","_kad_post_header":false,"_kad_post_footer":false,"footnotes":""},"categories":[32],"tags":[],"class_list":["post-26934","post","type-post","status-publish","format-standard","hentry","category-politica"],"yoast_head":"<!-- This site is optimized with the Yoast SEO plugin v20.5 - https:\/\/yoast.com\/wordpress\/plugins\/seo\/ -->\n<title>JORNALISTA DA GLOBO SAI EM DEFESA DE MARCO FELICIANO. - blog do er\u00ea<\/title>\n<meta name=\"robots\" content=\"index, follow, max-snippet:-1, max-image-preview:large, max-video-preview:-1\" \/>\n<link rel=\"canonical\" href=\"https:\/\/blogdoere.com.br\/?p=26934\" \/>\n<meta property=\"og:locale\" content=\"pt_PT\" \/>\n<meta property=\"og:type\" content=\"article\" \/>\n<meta property=\"og:title\" content=\"JORNALISTA DA GLOBO SAI EM DEFESA DE MARCO FELICIANO. - blog do er\u00ea\" \/>\n<meta property=\"og:description\" content=\"O jornalista Alexandre Garcia, da Globo, comentou no programa da R\u00e1dio Metr\u00f3pole sobre o caso do pastor Marco Feliciano que tem sido alvo de protestos por ter assumido a presid\u00eancia...\" \/>\n<meta property=\"og:url\" content=\"https:\/\/blogdoere.com.br\/?p=26934\" \/>\n<meta property=\"og:site_name\" content=\"blog do er\u00ea\" \/>\n<meta property=\"article:published_time\" content=\"2013-04-03T01:58:00+00:00\" \/>\n<meta property=\"og:image\" content=\"http:\/\/1-ps.googleusercontent.com\/h\/www.portaldt.com\/wp-content\/uploads\/2013\/04\/xALEXANDRE-GARCIA-300x214.jpg.pagespeed.ic.9DIwSDQWLT.webp\" \/>\n<meta name=\"author\" content=\"blogdoere@hotmail.com\" \/>\n<meta name=\"twitter:card\" content=\"summary_large_image\" \/>\n<meta name=\"twitter:label1\" content=\"Escrito por\" \/>\n\t<meta name=\"twitter:data1\" content=\"blogdoere@hotmail.com\" \/>\n\t<meta name=\"twitter:label2\" content=\"Tempo estimado de leitura\" \/>\n\t<meta name=\"twitter:data2\" content=\"1 minuto\" \/>\n<script type=\"application\/ld+json\" class=\"yoast-schema-graph\">{\"@context\":\"https:\/\/schema.org\",\"@graph\":[{\"@type\":\"Article\",\"@id\":\"https:\/\/blogdoere.com.br\/?p=26934#article\",\"isPartOf\":{\"@id\":\"https:\/\/blogdoere.com.br\/?p=26934\"},\"author\":{\"name\":\"blogdoere@hotmail.com\",\"@id\":\"https:\/\/blogdoere.com.br\/#\/schema\/person\/c4f6d566a44c7bacdda563667715d18b\"},\"headline\":\"JORNALISTA DA GLOBO SAI EM DEFESA DE MARCO FELICIANO.\",\"datePublished\":\"2013-04-03T01:58:00+00:00\",\"dateModified\":\"2013-04-03T01:58:00+00:00\",\"mainEntityOfPage\":{\"@id\":\"https:\/\/blogdoere.com.br\/?p=26934\"},\"wordCount\":235,\"commentCount\":0,\"publisher\":{\"@id\":\"https:\/\/blogdoere.com.br\/#organization\"},\"articleSection\":[\"Pol\u00edtica\"],\"inLanguage\":\"pt-PT\",\"potentialAction\":[{\"@type\":\"CommentAction\",\"name\":\"Comment\",\"target\":[\"https:\/\/blogdoere.com.br\/?p=26934#respond\"]}]},{\"@type\":\"WebPage\",\"@id\":\"https:\/\/blogdoere.com.br\/?p=26934\",\"url\":\"https:\/\/blogdoere.com.br\/?p=26934\",\"name\":\"JORNALISTA DA GLOBO SAI EM DEFESA DE MARCO FELICIANO. - blog do er\u00ea\",\"isPartOf\":{\"@id\":\"https:\/\/blogdoere.com.br\/#website\"},\"datePublished\":\"2013-04-03T01:58:00+00:00\",\"dateModified\":\"2013-04-03T01:58:00+00:00\",\"breadcrumb\":{\"@id\":\"https:\/\/blogdoere.com.br\/?p=26934#breadcrumb\"},\"inLanguage\":\"pt-PT\",\"potentialAction\":[{\"@type\":\"ReadAction\",\"target\":[\"https:\/\/blogdoere.com.br\/?p=26934\"]}]},{\"@type\":\"BreadcrumbList\",\"@id\":\"https:\/\/blogdoere.com.br\/?p=26934#breadcrumb\",\"itemListElement\":[{\"@type\":\"ListItem\",\"position\":1,\"name\":\"In\u00edcio\",\"item\":\"https:\/\/blogdoere.com.br\/\"},{\"@type\":\"ListItem\",\"position\":2,\"name\":\"JORNALISTA DA GLOBO SAI EM DEFESA DE MARCO FELICIANO.\"}]},{\"@type\":\"WebSite\",\"@id\":\"https:\/\/blogdoere.com.br\/#website\",\"url\":\"https:\/\/blogdoere.com.br\/\",\"name\":\"blog do er\u00ea\",\"description\":\"\",\"publisher\":{\"@id\":\"https:\/\/blogdoere.com.br\/#organization\"},\"potentialAction\":[{\"@type\":\"SearchAction\",\"target\":{\"@type\":\"EntryPoint\",\"urlTemplate\":\"https:\/\/blogdoere.com.br\/?s={search_term_string}\"},\"query-input\":\"required name=search_term_string\"}],\"inLanguage\":\"pt-PT\"},{\"@type\":\"Organization\",\"@id\":\"https:\/\/blogdoere.com.br\/#organization\",\"name\":\"Blog do Er\u00ea\",\"url\":\"https:\/\/blogdoere.com.br\/\",\"logo\":{\"@type\":\"ImageObject\",\"inLanguage\":\"pt-PT\",\"@id\":\"https:\/\/blogdoere.com.br\/#\/schema\/logo\/image\/\",\"url\":\"https:\/\/blogdoere.com.br\/wp-content\/uploads\/2021\/11\/Logo-Ere-1.png\",\"contentUrl\":\"https:\/\/blogdoere.com.br\/wp-content\/uploads\/2021\/11\/Logo-Ere-1.png\",\"width\":1261,\"height\":1330,\"caption\":\"Blog do Er\u00ea\"},\"image\":{\"@id\":\"https:\/\/blogdoere.com.br\/#\/schema\/logo\/image\/\"}},{\"@type\":\"Person\",\"@id\":\"https:\/\/blogdoere.com.br\/#\/schema\/person\/c4f6d566a44c7bacdda563667715d18b\",\"name\":\"blogdoere@hotmail.com\",\"image\":{\"@type\":\"ImageObject\",\"inLanguage\":\"pt-PT\",\"@id\":\"https:\/\/blogdoere.com.br\/#\/schema\/person\/image\/\",\"url\":\"https:\/\/secure.gravatar.com\/avatar\/5684bd39df1289cb639b4ab539d6fcad69420e4a29521548fc078c58ed122fe6?s=96&d=mm&r=g\",\"contentUrl\":\"https:\/\/secure.gravatar.com\/avatar\/5684bd39df1289cb639b4ab539d6fcad69420e4a29521548fc078c58ed122fe6?s=96&d=mm&r=g\",\"caption\":\"blogdoere@hotmail.com\"},\"sameAs\":[\"http:\/\/blogdoere.com.br\"]}]}<\/script>\n<!-- \/ Yoast SEO plugin. -->","yoast_head_json":{"title":"JORNALISTA DA GLOBO SAI EM DEFESA DE MARCO FELICIANO. - blog do er\u00ea","robots":{"index":"index","follow":"follow","max-snippet":"max-snippet:-1","max-image-preview":"max-image-preview:large","max-video-preview":"max-video-preview:-1"},"canonical":"https:\/\/blogdoere.com.br\/?p=26934","og_locale":"pt_PT","og_type":"article","og_title":"JORNALISTA DA GLOBO SAI EM DEFESA DE MARCO FELICIANO. - blog do er\u00ea","og_description":"O jornalista Alexandre Garcia, da Globo, comentou no programa da R\u00e1dio Metr\u00f3pole sobre o caso do pastor Marco Feliciano que tem sido alvo de protestos por ter assumido a presid\u00eancia...","og_url":"https:\/\/blogdoere.com.br\/?p=26934","og_site_name":"blog do er\u00ea","article_published_time":"2013-04-03T01:58:00+00:00","og_image":[{"url":"http:\/\/1-ps.googleusercontent.com\/h\/www.portaldt.com\/wp-content\/uploads\/2013\/04\/xALEXANDRE-GARCIA-300x214.jpg.pagespeed.ic.9DIwSDQWLT.webp"}],"author":"blogdoere@hotmail.com","twitter_card":"summary_large_image","twitter_misc":{"Escrito por":"blogdoere@hotmail.com","Tempo estimado de leitura":"1 minuto"},"schema":{"@context":"https:\/\/schema.org","@graph":[{"@type":"Article","@id":"https:\/\/blogdoere.com.br\/?p=26934#article","isPartOf":{"@id":"https:\/\/blogdoere.com.br\/?p=26934"},"author":{"name":"blogdoere@hotmail.com","@id":"https:\/\/blogdoere.com.br\/#\/schema\/person\/c4f6d566a44c7bacdda563667715d18b"},"headline":"JORNALISTA DA GLOBO SAI EM DEFESA DE MARCO FELICIANO.","datePublished":"2013-04-03T01:58:00+00:00","dateModified":"2013-04-03T01:58:00+00:00","mainEntityOfPage":{"@id":"https:\/\/blogdoere.com.br\/?p=26934"},"wordCount":235,"commentCount":0,"publisher":{"@id":"https:\/\/blogdoere.com.br\/#organization"},"articleSection":["Pol\u00edtica"],"inLanguage":"pt-PT","potentialAction":[{"@type":"CommentAction","name":"Comment","target":["https:\/\/blogdoere.com.br\/?p=26934#respond"]}]},{"@type":"WebPage","@id":"https:\/\/blogdoere.com.br\/?p=26934","url":"https:\/\/blogdoere.com.br\/?p=26934","name":"JORNALISTA DA GLOBO SAI EM DEFESA DE MARCO FELICIANO. - blog do er\u00ea","isPartOf":{"@id":"https:\/\/blogdoere.com.br\/#website"},"datePublished":"2013-04-03T01:58:00+00:00","dateModified":"2013-04-03T01:58:00+00:00","breadcrumb":{"@id":"https:\/\/blogdoere.com.br\/?p=26934#breadcrumb"},"inLanguage":"pt-PT","potentialAction":[{"@type":"ReadAction","target":["https:\/\/blogdoere.com.br\/?p=26934"]}]},{"@type":"BreadcrumbList","@id":"https:\/\/blogdoere.com.br\/?p=26934#breadcrumb","itemListElement":[{"@type":"ListItem","position":1,"name":"In\u00edcio","item":"https:\/\/blogdoere.com.br\/"},{"@type":"ListItem","position":2,"name":"JORNALISTA DA GLOBO SAI EM DEFESA DE MARCO FELICIANO."}]},{"@type":"WebSite","@id":"https:\/\/blogdoere.com.br\/#website","url":"https:\/\/blogdoere.com.br\/","name":"blog do er\u00ea","description":"","publisher":{"@id":"https:\/\/blogdoere.com.br\/#organization"},"potentialAction":[{"@type":"SearchAction","target":{"@type":"EntryPoint","urlTemplate":"https:\/\/blogdoere.com.br\/?s={search_term_string}"},"query-input":"required name=search_term_string"}],"inLanguage":"pt-PT"},{"@type":"Organization","@id":"https:\/\/blogdoere.com.br\/#organization","name":"Blog do Er\u00ea","url":"https:\/\/blogdoere.com.br\/","logo":{"@type":"ImageObject","inLanguage":"pt-PT","@id":"https:\/\/blogdoere.com.br\/#\/schema\/logo\/image\/","url":"https:\/\/blogdoere.com.br\/wp-content\/uploads\/2021\/11\/Logo-Ere-1.png","contentUrl":"https:\/\/blogdoere.com.br\/wp-content\/uploads\/2021\/11\/Logo-Ere-1.png","width":1261,"height":1330,"caption":"Blog do Er\u00ea"},"image":{"@id":"https:\/\/blogdoere.com.br\/#\/schema\/logo\/image\/"}},{"@type":"Person","@id":"https:\/\/blogdoere.com.br\/#\/schema\/person\/c4f6d566a44c7bacdda563667715d18b","name":"blogdoere@hotmail.com","image":{"@type":"ImageObject","inLanguage":"pt-PT","@id":"https:\/\/blogdoere.com.br\/#\/schema\/person\/image\/","url":"https:\/\/secure.gravatar.com\/avatar\/5684bd39df1289cb639b4ab539d6fcad69420e4a29521548fc078c58ed122fe6?s=96&d=mm&r=g","contentUrl":"https:\/\/secure.gravatar.com\/avatar\/5684bd39df1289cb639b4ab539d6fcad69420e4a29521548fc078c58ed122fe6?s=96&d=mm&r=g","caption":"blogdoere@hotmail.com"},"sameAs":["http:\/\/blogdoere.com.br"]}]}},"featured_image_urls":{"full":"","thumbnail":"","medium":"","medium_large":"","large":"","1536x1536":"","2048x2048":""},"author_info":{"display_name":"blogdoere@hotmail.com","author_link":"https:\/\/blogdoere.com.br\/?author=1"},"category_info":"<a href=\"https:\/\/blogdoere.com.br\/?cat=32\" rel=\"category\">Pol\u00edtica<\/a>","tag_info":"Pol\u00edtica","comment_count":"0","_links":{"self":[{"href":"https:\/\/blogdoere.com.br\/index.php?rest_route=\/wp\/v2\/posts\/26934","targetHints":{"allow":["GET"]}}],"collection":[{"href":"https:\/\/blogdoere.com.br\/index.php?rest_route=\/wp\/v2\/posts"}],"about":[{"href":"https:\/\/blogdoere.com.br\/index.php?rest_route=\/wp\/v2\/types\/post"}],"author":[{"embeddable":true,"href":"https:\/\/blogdoere.com.br\/index.php?rest_route=\/wp\/v2\/users\/1"}],"replies":[{"embeddable":true,"href":"https:\/\/blogdoere.com.br\/index.php?rest_route=%2Fwp%2Fv2%2Fcomments&post=26934"}],"version-history":[{"count":0,"href":"https:\/\/blogdoere.com.br\/index.php?rest_route=\/wp\/v2\/posts\/26934\/revisions"}],"wp:attachment":[{"href":"https:\/\/blogdoere.com.br\/index.php?rest_route=%2Fwp%2Fv2%2Fmedia&parent=26934"}],"wp:term":[{"taxonomy":"category","embeddable":true,"href":"https:\/\/blogdoere.com.br\/index.php?rest_route=%2Fwp%2Fv2%2Fcategories&post=26934"},{"taxonomy":"post_tag","embeddable":true,"href":"https:\/\/blogdoere.com.br\/index.php?rest_route=%2Fwp%2Fv2%2Ftags&post=26934"}],"curies":[{"name":"wp","href":"https:\/\/api.w.org\/{rel}","templated":true}]}}