{"id":26941,"date":"2013-03-30T15:27:00","date_gmt":"2013-03-30T15:27:00","guid":{"rendered":"http:\/\/blogdoere.com.br\/?p=26941"},"modified":"2021-11-03T21:00:50","modified_gmt":"2021-11-03T21:00:50","slug":"itajuipe-comunidade-reclama-de-poluicao-sonora","status":"publish","type":"post","link":"https:\/\/blogdoere.com.br\/?p=26941","title":{"rendered":"ITAJU\u00cdPE: COMUNIDADE RECLAMA DE POLUI\u00c7\u00c3O SONORA."},"content":{"rendered":"<p><img decoding=\"async\" class=\"size-medium wp-image-27069 aligncenter\" src=\"https:\/\/blogdoere.com.br\/wp-content\/uploads\/2013\/03\/carro-som-automotivo-wimedia-commons-300x169.jpg\" alt=\"\" width=\"300\" height=\"169\" srcset=\"https:\/\/blogdoere.com.br\/wp-content\/uploads\/2013\/03\/carro-som-automotivo-wimedia-commons-300x169.jpg 300w, https:\/\/blogdoere.com.br\/wp-content\/uploads\/2013\/03\/carro-som-automotivo-wimedia-commons.jpg 620w\" sizes=\"(max-width: 300px) 100vw, 300px\" \/><\/p>\n<table style=\"margin-left: auto; margin-right: auto; text-align: center;\" cellspacing=\"0\" cellpadding=\"0\" align=\"center\">\n<tbody>\n<tr>\n<td style=\"text-align: center;\"><\/td>\n<\/tr>\n<tr>\n<td style=\"text-align: center;\">Foto ilustrativa.<\/td>\n<\/tr>\n<\/tbody>\n<\/table>\n<div style=\"text-align: center;\"><\/div>\n<div style=\"text-align: justify;\"><span style=\"font-family: Arial, Helvetica, sans-serif;\">A aprova\u00e7\u00e3o da Lei Estadual pelo Governador Jaques Wagner que pro\u00edbe usar aparelhos sonoros ou musicais, celulares no modo alto-falante no transporte intermunicipal, interior dos \u00f4nibus \u00e9 um avan\u00e7o. A partir de agora quem usar aparelho sem o fone de ouvido poder\u00e1 ser colocado para fora do \u00f4nibus caso insista em perturbar, sob pena de multa, conforme Lei Estadual.\u00a0<\/span><\/div>\n<div style=\"text-align: justify;\"><span style=\"font-family: Arial, Helvetica, sans-serif;\">\u00a0<\/span><\/div>\n<div style=\"text-align: justify;\"><span style=\"font-family: Arial, Helvetica, sans-serif;\">A Lei come\u00e7ou a vigorar desde o dia 28 deste m\u00eas, todos os \u00f4nibus est\u00e3o adesivados com as informa\u00e7\u00f5es. Do mesmo modo deve \u00a0proibido urgentemente carros de som, que mais parece trios el\u00e9tricos, tira o sossego de qualquer mortal.\u00a0<\/span><span style=\"font-family: Arial, Helvetica, sans-serif;\">Em Itaju\u00edpe, espera-se, proibi\u00e7\u00e3o pelos poderes constitu\u00eddos, pois ningu\u00e9m pode continuar sendo vitima de arruaceiros que n\u00e3o sabem \u00a0fazer uso da civilidade. Quanto aos carros de som comercial, deve-se normatizar e controlar em 80 decib\u00e9is. \u00a0Ainda sobre Itajuipe, no bairro Alto da Liberdade, moradores n\u00e3o est\u00e3o suportando as festas de rua \u201cpagod\u00e3o\u201d que tamb\u00e9m \u00a0vem tirando o sossego, polui\u00e7\u00e3o sonora,incomodando toda a comunidade.<\/span><\/div>\n<div style=\"text-align: justify;\"><\/div>\n","protected":false},"excerpt":{"rendered":"<p>Foto ilustrativa. A aprova\u00e7\u00e3o da Lei Estadual pelo Governador Jaques Wagner que pro\u00edbe usar aparelhos sonoros ou musicais, celulares no modo alto-falante no transporte intermunicipal, interior dos \u00f4nibus \u00e9 um&#8230;<\/p>\n","protected":false},"author":1,"featured_media":27069,"comment_status":"open","ping_status":"open","sticky":false,"template":"","format":"standard","meta":{"_editorskit_title_hidden":false,"_editorskit_reading_time":0,"_editorskit_is_block_options_detached":false,"_editorskit_block_options_position":"{}","om_disable_all_campaigns":false,"_mi_skip_tracking":false,"_kad_post_transparent":"","_kad_post_title":"","_kad_post_layout":"","_kad_post_sidebar_id":"","_kad_post_content_style":"","_kad_post_vertical_padding":"","_kad_post_feature":"","_kad_post_feature_position":"","_kad_post_header":false,"_kad_post_footer":false,"footnotes":""},"categories":[56],"tags":[],"class_list":["post-26941","post","type-post","status-publish","format-standard","has-post-thumbnail","hentry","category-meioambiente"],"yoast_head":"<!-- This site is optimized with the Yoast SEO plugin v20.5 - https:\/\/yoast.com\/wordpress\/plugins\/seo\/ -->\n<title>ITAJU\u00cdPE: COMUNIDADE RECLAMA DE POLUI\u00c7\u00c3O SONORA. - blog do er\u00ea<\/title>\n<meta name=\"robots\" content=\"index, follow, max-snippet:-1, max-image-preview:large, max-video-preview:-1\" \/>\n<link rel=\"canonical\" href=\"https:\/\/blogdoere.com.br\/?p=26941\" \/>\n<meta property=\"og:locale\" content=\"pt_PT\" \/>\n<meta property=\"og:type\" content=\"article\" \/>\n<meta property=\"og:title\" content=\"ITAJU\u00cdPE: COMUNIDADE RECLAMA DE POLUI\u00c7\u00c3O SONORA. - blog do er\u00ea\" \/>\n<meta property=\"og:description\" content=\"Foto ilustrativa. A aprova\u00e7\u00e3o da Lei Estadual pelo Governador Jaques Wagner que pro\u00edbe usar aparelhos sonoros ou musicais, celulares no modo alto-falante no transporte intermunicipal, interior dos \u00f4nibus \u00e9 um...\" \/>\n<meta property=\"og:url\" content=\"https:\/\/blogdoere.com.br\/?p=26941\" \/>\n<meta property=\"og:site_name\" content=\"blog do er\u00ea\" \/>\n<meta property=\"article:published_time\" content=\"2013-03-30T15:27:00+00:00\" \/>\n<meta property=\"article:modified_time\" content=\"2021-11-03T21:00:50+00:00\" \/>\n<meta property=\"og:image\" content=\"https:\/\/blogdoere.com.br\/wp-content\/uploads\/2013\/03\/carro-som-automotivo-wimedia-commons.jpg\" \/>\n\t<meta property=\"og:image:width\" content=\"620\" \/>\n\t<meta property=\"og:image:height\" content=\"350\" \/>\n\t<meta property=\"og:image:type\" content=\"image\/jpeg\" \/>\n<meta name=\"author\" content=\"blogdoere@hotmail.com\" \/>\n<meta name=\"twitter:card\" content=\"summary_large_image\" \/>\n<meta name=\"twitter:label1\" content=\"Escrito por\" \/>\n\t<meta name=\"twitter:data1\" content=\"blogdoere@hotmail.com\" \/>\n\t<meta name=\"twitter:label2\" content=\"Tempo estimado de leitura\" \/>\n\t<meta name=\"twitter:data2\" content=\"1 minuto\" \/>\n<script type=\"application\/ld+json\" class=\"yoast-schema-graph\">{\"@context\":\"https:\/\/schema.org\",\"@graph\":[{\"@type\":\"Article\",\"@id\":\"https:\/\/blogdoere.com.br\/?p=26941#article\",\"isPartOf\":{\"@id\":\"https:\/\/blogdoere.com.br\/?p=26941\"},\"author\":{\"name\":\"blogdoere@hotmail.com\",\"@id\":\"https:\/\/blogdoere.com.br\/#\/schema\/person\/c4f6d566a44c7bacdda563667715d18b\"},\"headline\":\"ITAJU\u00cdPE: COMUNIDADE RECLAMA DE POLUI\u00c7\u00c3O SONORA.\",\"datePublished\":\"2013-03-30T15:27:00+00:00\",\"dateModified\":\"2021-11-03T21:00:50+00:00\",\"mainEntityOfPage\":{\"@id\":\"https:\/\/blogdoere.com.br\/?p=26941\"},\"wordCount\":188,\"commentCount\":1,\"publisher\":{\"@id\":\"https:\/\/blogdoere.com.br\/#organization\"},\"articleSection\":[\"Meio Ambiente\"],\"inLanguage\":\"pt-PT\",\"potentialAction\":[{\"@type\":\"CommentAction\",\"name\":\"Comment\",\"target\":[\"https:\/\/blogdoere.com.br\/?p=26941#respond\"]}]},{\"@type\":\"WebPage\",\"@id\":\"https:\/\/blogdoere.com.br\/?p=26941\",\"url\":\"https:\/\/blogdoere.com.br\/?p=26941\",\"name\":\"ITAJU\u00cdPE: COMUNIDADE RECLAMA DE POLUI\u00c7\u00c3O SONORA. - blog do er\u00ea\",\"isPartOf\":{\"@id\":\"https:\/\/blogdoere.com.br\/#website\"},\"datePublished\":\"2013-03-30T15:27:00+00:00\",\"dateModified\":\"2021-11-03T21:00:50+00:00\",\"breadcrumb\":{\"@id\":\"https:\/\/blogdoere.com.br\/?p=26941#breadcrumb\"},\"inLanguage\":\"pt-PT\",\"potentialAction\":[{\"@type\":\"ReadAction\",\"target\":[\"https:\/\/blogdoere.com.br\/?p=26941\"]}]},{\"@type\":\"BreadcrumbList\",\"@id\":\"https:\/\/blogdoere.com.br\/?p=26941#breadcrumb\",\"itemListElement\":[{\"@type\":\"ListItem\",\"position\":1,\"name\":\"In\u00edcio\",\"item\":\"https:\/\/blogdoere.com.br\/\"},{\"@type\":\"ListItem\",\"position\":2,\"name\":\"ITAJU\u00cdPE: COMUNIDADE RECLAMA DE POLUI\u00c7\u00c3O SONORA.\"}]},{\"@type\":\"WebSite\",\"@id\":\"https:\/\/blogdoere.com.br\/#website\",\"url\":\"https:\/\/blogdoere.com.br\/\",\"name\":\"blog do er\u00ea\",\"description\":\"\",\"publisher\":{\"@id\":\"https:\/\/blogdoere.com.br\/#organization\"},\"potentialAction\":[{\"@type\":\"SearchAction\",\"target\":{\"@type\":\"EntryPoint\",\"urlTemplate\":\"https:\/\/blogdoere.com.br\/?s={search_term_string}\"},\"query-input\":\"required name=search_term_string\"}],\"inLanguage\":\"pt-PT\"},{\"@type\":\"Organization\",\"@id\":\"https:\/\/blogdoere.com.br\/#organization\",\"name\":\"Blog do Er\u00ea\",\"url\":\"https:\/\/blogdoere.com.br\/\",\"logo\":{\"@type\":\"ImageObject\",\"inLanguage\":\"pt-PT\",\"@id\":\"https:\/\/blogdoere.com.br\/#\/schema\/logo\/image\/\",\"url\":\"https:\/\/blogdoere.com.br\/wp-content\/uploads\/2021\/11\/Logo-Ere-1.png\",\"contentUrl\":\"https:\/\/blogdoere.com.br\/wp-content\/uploads\/2021\/11\/Logo-Ere-1.png\",\"width\":1261,\"height\":1330,\"caption\":\"Blog do Er\u00ea\"},\"image\":{\"@id\":\"https:\/\/blogdoere.com.br\/#\/schema\/logo\/image\/\"}},{\"@type\":\"Person\",\"@id\":\"https:\/\/blogdoere.com.br\/#\/schema\/person\/c4f6d566a44c7bacdda563667715d18b\",\"name\":\"blogdoere@hotmail.com\",\"image\":{\"@type\":\"ImageObject\",\"inLanguage\":\"pt-PT\",\"@id\":\"https:\/\/blogdoere.com.br\/#\/schema\/person\/image\/\",\"url\":\"https:\/\/secure.gravatar.com\/avatar\/5684bd39df1289cb639b4ab539d6fcad69420e4a29521548fc078c58ed122fe6?s=96&d=mm&r=g\",\"contentUrl\":\"https:\/\/secure.gravatar.com\/avatar\/5684bd39df1289cb639b4ab539d6fcad69420e4a29521548fc078c58ed122fe6?s=96&d=mm&r=g\",\"caption\":\"blogdoere@hotmail.com\"},\"sameAs\":[\"http:\/\/blogdoere.com.br\"]}]}<\/script>\n<!-- \/ Yoast SEO plugin. -->","yoast_head_json":{"title":"ITAJU\u00cdPE: COMUNIDADE RECLAMA DE POLUI\u00c7\u00c3O SONORA. - blog do er\u00ea","robots":{"index":"index","follow":"follow","max-snippet":"max-snippet:-1","max-image-preview":"max-image-preview:large","max-video-preview":"max-video-preview:-1"},"canonical":"https:\/\/blogdoere.com.br\/?p=26941","og_locale":"pt_PT","og_type":"article","og_title":"ITAJU\u00cdPE: COMUNIDADE RECLAMA DE POLUI\u00c7\u00c3O SONORA. - blog do er\u00ea","og_description":"Foto ilustrativa. A aprova\u00e7\u00e3o da Lei Estadual pelo Governador Jaques Wagner que pro\u00edbe usar aparelhos sonoros ou musicais, celulares no modo alto-falante no transporte intermunicipal, interior dos \u00f4nibus \u00e9 um...","og_url":"https:\/\/blogdoere.com.br\/?p=26941","og_site_name":"blog do er\u00ea","article_published_time":"2013-03-30T15:27:00+00:00","article_modified_time":"2021-11-03T21:00:50+00:00","og_image":[{"width":620,"height":350,"url":"https:\/\/blogdoere.com.br\/wp-content\/uploads\/2013\/03\/carro-som-automotivo-wimedia-commons.jpg","type":"image\/jpeg"}],"author":"blogdoere@hotmail.com","twitter_card":"summary_large_image","twitter_misc":{"Escrito por":"blogdoere@hotmail.com","Tempo estimado de leitura":"1 minuto"},"schema":{"@context":"https:\/\/schema.org","@graph":[{"@type":"Article","@id":"https:\/\/blogdoere.com.br\/?p=26941#article","isPartOf":{"@id":"https:\/\/blogdoere.com.br\/?p=26941"},"author":{"name":"blogdoere@hotmail.com","@id":"https:\/\/blogdoere.com.br\/#\/schema\/person\/c4f6d566a44c7bacdda563667715d18b"},"headline":"ITAJU\u00cdPE: COMUNIDADE RECLAMA DE POLUI\u00c7\u00c3O SONORA.","datePublished":"2013-03-30T15:27:00+00:00","dateModified":"2021-11-03T21:00:50+00:00","mainEntityOfPage":{"@id":"https:\/\/blogdoere.com.br\/?p=26941"},"wordCount":188,"commentCount":1,"publisher":{"@id":"https:\/\/blogdoere.com.br\/#organization"},"articleSection":["Meio Ambiente"],"inLanguage":"pt-PT","potentialAction":[{"@type":"CommentAction","name":"Comment","target":["https:\/\/blogdoere.com.br\/?p=26941#respond"]}]},{"@type":"WebPage","@id":"https:\/\/blogdoere.com.br\/?p=26941","url":"https:\/\/blogdoere.com.br\/?p=26941","name":"ITAJU\u00cdPE: COMUNIDADE RECLAMA DE POLUI\u00c7\u00c3O SONORA. - blog do er\u00ea","isPartOf":{"@id":"https:\/\/blogdoere.com.br\/#website"},"datePublished":"2013-03-30T15:27:00+00:00","dateModified":"2021-11-03T21:00:50+00:00","breadcrumb":{"@id":"https:\/\/blogdoere.com.br\/?p=26941#breadcrumb"},"inLanguage":"pt-PT","potentialAction":[{"@type":"ReadAction","target":["https:\/\/blogdoere.com.br\/?p=26941"]}]},{"@type":"BreadcrumbList","@id":"https:\/\/blogdoere.com.br\/?p=26941#breadcrumb","itemListElement":[{"@type":"ListItem","position":1,"name":"In\u00edcio","item":"https:\/\/blogdoere.com.br\/"},{"@type":"ListItem","position":2,"name":"ITAJU\u00cdPE: COMUNIDADE RECLAMA DE POLUI\u00c7\u00c3O SONORA."}]},{"@type":"WebSite","@id":"https:\/\/blogdoere.com.br\/#website","url":"https:\/\/blogdoere.com.br\/","name":"blog do er\u00ea","description":"","publisher":{"@id":"https:\/\/blogdoere.com.br\/#organization"},"potentialAction":[{"@type":"SearchAction","target":{"@type":"EntryPoint","urlTemplate":"https:\/\/blogdoere.com.br\/?s={search_term_string}"},"query-input":"required name=search_term_string"}],"inLanguage":"pt-PT"},{"@type":"Organization","@id":"https:\/\/blogdoere.com.br\/#organization","name":"Blog do Er\u00ea","url":"https:\/\/blogdoere.com.br\/","logo":{"@type":"ImageObject","inLanguage":"pt-PT","@id":"https:\/\/blogdoere.com.br\/#\/schema\/logo\/image\/","url":"https:\/\/blogdoere.com.br\/wp-content\/uploads\/2021\/11\/Logo-Ere-1.png","contentUrl":"https:\/\/blogdoere.com.br\/wp-content\/uploads\/2021\/11\/Logo-Ere-1.png","width":1261,"height":1330,"caption":"Blog do Er\u00ea"},"image":{"@id":"https:\/\/blogdoere.com.br\/#\/schema\/logo\/image\/"}},{"@type":"Person","@id":"https:\/\/blogdoere.com.br\/#\/schema\/person\/c4f6d566a44c7bacdda563667715d18b","name":"blogdoere@hotmail.com","image":{"@type":"ImageObject","inLanguage":"pt-PT","@id":"https:\/\/blogdoere.com.br\/#\/schema\/person\/image\/","url":"https:\/\/secure.gravatar.com\/avatar\/5684bd39df1289cb639b4ab539d6fcad69420e4a29521548fc078c58ed122fe6?s=96&d=mm&r=g","contentUrl":"https:\/\/secure.gravatar.com\/avatar\/5684bd39df1289cb639b4ab539d6fcad69420e4a29521548fc078c58ed122fe6?s=96&d=mm&r=g","caption":"blogdoere@hotmail.com"},"sameAs":["http:\/\/blogdoere.com.br"]}]}},"featured_image_urls":{"full":["https:\/\/blogdoere.com.br\/wp-content\/uploads\/2013\/03\/carro-som-automotivo-wimedia-commons.jpg",620,350,false],"thumbnail":["https:\/\/blogdoere.com.br\/wp-content\/uploads\/2013\/03\/carro-som-automotivo-wimedia-commons-150x150.jpg",150,150,true],"medium":["https:\/\/blogdoere.com.br\/wp-content\/uploads\/2013\/03\/carro-som-automotivo-wimedia-commons-300x169.jpg",300,169,true],"medium_large":["https:\/\/blogdoere.com.br\/wp-content\/uploads\/2013\/03\/carro-som-automotivo-wimedia-commons.jpg",620,350,false],"large":["https:\/\/blogdoere.com.br\/wp-content\/uploads\/2013\/03\/carro-som-automotivo-wimedia-commons.jpg",620,350,false],"1536x1536":["https:\/\/blogdoere.com.br\/wp-content\/uploads\/2013\/03\/carro-som-automotivo-wimedia-commons.jpg",620,350,false],"2048x2048":["https:\/\/blogdoere.com.br\/wp-content\/uploads\/2013\/03\/carro-som-automotivo-wimedia-commons.jpg",620,350,false]},"author_info":{"display_name":"blogdoere@hotmail.com","author_link":"https:\/\/blogdoere.com.br\/?author=1"},"category_info":"<a href=\"https:\/\/blogdoere.com.br\/?cat=56\" rel=\"category\">Meio Ambiente<\/a>","tag_info":"Meio Ambiente","comment_count":"1","_links":{"self":[{"href":"https:\/\/blogdoere.com.br\/index.php?rest_route=\/wp\/v2\/posts\/26941","targetHints":{"allow":["GET"]}}],"collection":[{"href":"https:\/\/blogdoere.com.br\/index.php?rest_route=\/wp\/v2\/posts"}],"about":[{"href":"https:\/\/blogdoere.com.br\/index.php?rest_route=\/wp\/v2\/types\/post"}],"author":[{"embeddable":true,"href":"https:\/\/blogdoere.com.br\/index.php?rest_route=\/wp\/v2\/users\/1"}],"replies":[{"embeddable":true,"href":"https:\/\/blogdoere.com.br\/index.php?rest_route=%2Fwp%2Fv2%2Fcomments&post=26941"}],"version-history":[{"count":1,"href":"https:\/\/blogdoere.com.br\/index.php?rest_route=\/wp\/v2\/posts\/26941\/revisions"}],"predecessor-version":[{"id":27070,"href":"https:\/\/blogdoere.com.br\/index.php?rest_route=\/wp\/v2\/posts\/26941\/revisions\/27070"}],"wp:featuredmedia":[{"embeddable":true,"href":"https:\/\/blogdoere.com.br\/index.php?rest_route=\/wp\/v2\/media\/27069"}],"wp:attachment":[{"href":"https:\/\/blogdoere.com.br\/index.php?rest_route=%2Fwp%2Fv2%2Fmedia&parent=26941"}],"wp:term":[{"taxonomy":"category","embeddable":true,"href":"https:\/\/blogdoere.com.br\/index.php?rest_route=%2Fwp%2Fv2%2Fcategories&post=26941"},{"taxonomy":"post_tag","embeddable":true,"href":"https:\/\/blogdoere.com.br\/index.php?rest_route=%2Fwp%2Fv2%2Ftags&post=26941"}],"curies":[{"name":"wp","href":"https:\/\/api.w.org\/{rel}","templated":true}]}}