{"id":26942,"date":"2013-03-29T20:37:00","date_gmt":"2013-03-29T20:37:00","guid":{"rendered":"http:\/\/blogdoere.com.br\/?p=26942"},"modified":"2013-03-29T20:37:00","modified_gmt":"2013-03-29T20:37:00","slug":"feliciano-ameaca-dilma-com-perda-de-apoio-dos-evangelicos","status":"publish","type":"post","link":"https:\/\/blogdoere.com.br\/?p=26942","title":{"rendered":"FELICIANO AMEA\u00c7A DILMA COM PERDA DE APOIO DOS EVANG\u00c9LICOS"},"content":{"rendered":"<div style=\"text-align: center;\"><img decoding=\"async\" alt=\"Em nome de Jesus: Feliciano amea\u00e7a Dilma com perda de apoio dos evang\u00e9licos\" src=\"http:\/\/www.bahianoticias.com.br\/fotos\/principal_noticias\/133948\/IMAGEM_NOTICIA_5.jpg\" \/><\/div>\n<div style=\"text-align: center;\"><\/div>\n<div style=\"text-align: justify;\"><span style=\"color: #444444; line-height: 18px;\"><span style=\"font-family: Arial, Helvetica, sans-serif;\">Repudiado por minorias e alvo de protestos movimentos sociais e pol\u00edticos da opini\u00e3o p\u00fablica para que renuncie ao cargo de presidente da Comiss\u00e3o dos Direitos Humanos e Minorias da C\u00e2mara, o deputado Marco Feliciano (PSC-SP) cobra apoio do Partido dos Trabalhadores para seguir no cargo: &#8220;se isso est\u00e1 acontecendo (o PT apoiando sua sa\u00edda) a presidente Dilma come\u00e7a a jogar fora o apoio dos evang\u00e9licos, que \u00e9 n\u00e3o \u00e9 pequeno, para a reelei\u00e7\u00e3o em 2014&#8221;, declarou, em entrevista ao programa Agora \u00e9 Tarde, da TV Bandeirantes. As informa\u00e7\u00f5es s\u00e3o do Jornal do Brasil. O parlamentar, que \u00e9 pastor, se considera v\u00edtima de preconceito religioso e tratado como um &#8220;bode expiat\u00f3rio do jogo pol\u00edtico&#8221;. Feliciano disse que &#8220;ao meu partido, que \u00e9 pequeno, coube a comiss\u00e3o que sobrou. Caiu no colo e acharam por bem me indicar. Era uma comiss\u00e3o secund\u00e1ria, quase inexpressiva, ningu\u00e9m nunca tinha ouvido falar. Por\u00e9m, depois da minha chegada, ela est\u00e1 em destaque nacional. H\u00e1 brasileiros no corredor da morte na Indon\u00e9sia, corintianos presos na Bol\u00edvia, \u00edndios&#8230; H\u00e1 um milh\u00e3o de quest\u00f5es que precisam de mim e eu quero trabalhar&#8221;<\/span><\/span><\/div>\n","protected":false},"excerpt":{"rendered":"<p>Repudiado por minorias e alvo de protestos movimentos sociais e pol\u00edticos da opini\u00e3o p\u00fablica para que renuncie ao cargo de presidente da Comiss\u00e3o dos Direitos Humanos e Minorias da C\u00e2mara,&#8230;<\/p>\n","protected":false},"author":1,"featured_media":0,"comment_status":"open","ping_status":"open","sticky":false,"template":"","format":"standard","meta":{"_editorskit_title_hidden":false,"_editorskit_reading_time":0,"_editorskit_is_block_options_detached":false,"_editorskit_block_options_position":"{}","om_disable_all_campaigns":false,"_mi_skip_tracking":false,"_kad_post_transparent":"","_kad_post_title":"","_kad_post_layout":"","_kad_post_sidebar_id":"","_kad_post_content_style":"","_kad_post_vertical_padding":"","_kad_post_feature":"","_kad_post_feature_position":"","_kad_post_header":false,"_kad_post_footer":false,"footnotes":""},"categories":[32],"tags":[],"class_list":["post-26942","post","type-post","status-publish","format-standard","hentry","category-politica"],"yoast_head":"<!-- This site is optimized with the Yoast SEO plugin v20.5 - https:\/\/yoast.com\/wordpress\/plugins\/seo\/ -->\n<title>FELICIANO AMEA\u00c7A DILMA COM PERDA DE APOIO DOS EVANG\u00c9LICOS - blog do er\u00ea<\/title>\n<meta name=\"robots\" content=\"index, follow, max-snippet:-1, max-image-preview:large, max-video-preview:-1\" \/>\n<link rel=\"canonical\" href=\"https:\/\/blogdoere.com.br\/?p=26942\" \/>\n<meta property=\"og:locale\" content=\"pt_PT\" \/>\n<meta property=\"og:type\" content=\"article\" \/>\n<meta property=\"og:title\" content=\"FELICIANO AMEA\u00c7A DILMA COM PERDA DE APOIO DOS EVANG\u00c9LICOS - blog do er\u00ea\" \/>\n<meta property=\"og:description\" content=\"Repudiado por minorias e alvo de protestos movimentos sociais e pol\u00edticos da opini\u00e3o p\u00fablica para que renuncie ao cargo de presidente da Comiss\u00e3o dos Direitos Humanos e Minorias da C\u00e2mara,...\" \/>\n<meta property=\"og:url\" content=\"https:\/\/blogdoere.com.br\/?p=26942\" \/>\n<meta property=\"og:site_name\" content=\"blog do er\u00ea\" \/>\n<meta property=\"article:published_time\" content=\"2013-03-29T20:37:00+00:00\" \/>\n<meta property=\"og:image\" content=\"http:\/\/www.bahianoticias.com.br\/fotos\/principal_noticias\/133948\/IMAGEM_NOTICIA_5.jpg\" \/>\n<meta name=\"author\" content=\"blogdoere@hotmail.com\" \/>\n<meta name=\"twitter:card\" content=\"summary_large_image\" \/>\n<meta name=\"twitter:label1\" content=\"Escrito por\" \/>\n\t<meta name=\"twitter:data1\" content=\"blogdoere@hotmail.com\" \/>\n\t<meta name=\"twitter:label2\" content=\"Tempo estimado de leitura\" \/>\n\t<meta name=\"twitter:data2\" content=\"1 minuto\" \/>\n<script type=\"application\/ld+json\" class=\"yoast-schema-graph\">{\"@context\":\"https:\/\/schema.org\",\"@graph\":[{\"@type\":\"Article\",\"@id\":\"https:\/\/blogdoere.com.br\/?p=26942#article\",\"isPartOf\":{\"@id\":\"https:\/\/blogdoere.com.br\/?p=26942\"},\"author\":{\"name\":\"blogdoere@hotmail.com\",\"@id\":\"https:\/\/blogdoere.com.br\/#\/schema\/person\/c4f6d566a44c7bacdda563667715d18b\"},\"headline\":\"FELICIANO AMEA\u00c7A DILMA COM PERDA DE APOIO DOS EVANG\u00c9LICOS\",\"datePublished\":\"2013-03-29T20:37:00+00:00\",\"dateModified\":\"2013-03-29T20:37:00+00:00\",\"mainEntityOfPage\":{\"@id\":\"https:\/\/blogdoere.com.br\/?p=26942\"},\"wordCount\":212,\"commentCount\":0,\"publisher\":{\"@id\":\"https:\/\/blogdoere.com.br\/#organization\"},\"articleSection\":[\"Pol\u00edtica\"],\"inLanguage\":\"pt-PT\",\"potentialAction\":[{\"@type\":\"CommentAction\",\"name\":\"Comment\",\"target\":[\"https:\/\/blogdoere.com.br\/?p=26942#respond\"]}]},{\"@type\":\"WebPage\",\"@id\":\"https:\/\/blogdoere.com.br\/?p=26942\",\"url\":\"https:\/\/blogdoere.com.br\/?p=26942\",\"name\":\"FELICIANO AMEA\u00c7A DILMA COM PERDA DE APOIO DOS EVANG\u00c9LICOS - blog do er\u00ea\",\"isPartOf\":{\"@id\":\"https:\/\/blogdoere.com.br\/#website\"},\"datePublished\":\"2013-03-29T20:37:00+00:00\",\"dateModified\":\"2013-03-29T20:37:00+00:00\",\"breadcrumb\":{\"@id\":\"https:\/\/blogdoere.com.br\/?p=26942#breadcrumb\"},\"inLanguage\":\"pt-PT\",\"potentialAction\":[{\"@type\":\"ReadAction\",\"target\":[\"https:\/\/blogdoere.com.br\/?p=26942\"]}]},{\"@type\":\"BreadcrumbList\",\"@id\":\"https:\/\/blogdoere.com.br\/?p=26942#breadcrumb\",\"itemListElement\":[{\"@type\":\"ListItem\",\"position\":1,\"name\":\"In\u00edcio\",\"item\":\"https:\/\/blogdoere.com.br\/\"},{\"@type\":\"ListItem\",\"position\":2,\"name\":\"FELICIANO AMEA\u00c7A DILMA COM PERDA DE APOIO DOS EVANG\u00c9LICOS\"}]},{\"@type\":\"WebSite\",\"@id\":\"https:\/\/blogdoere.com.br\/#website\",\"url\":\"https:\/\/blogdoere.com.br\/\",\"name\":\"blog do er\u00ea\",\"description\":\"\",\"publisher\":{\"@id\":\"https:\/\/blogdoere.com.br\/#organization\"},\"potentialAction\":[{\"@type\":\"SearchAction\",\"target\":{\"@type\":\"EntryPoint\",\"urlTemplate\":\"https:\/\/blogdoere.com.br\/?s={search_term_string}\"},\"query-input\":\"required name=search_term_string\"}],\"inLanguage\":\"pt-PT\"},{\"@type\":\"Organization\",\"@id\":\"https:\/\/blogdoere.com.br\/#organization\",\"name\":\"Blog do Er\u00ea\",\"url\":\"https:\/\/blogdoere.com.br\/\",\"logo\":{\"@type\":\"ImageObject\",\"inLanguage\":\"pt-PT\",\"@id\":\"https:\/\/blogdoere.com.br\/#\/schema\/logo\/image\/\",\"url\":\"https:\/\/blogdoere.com.br\/wp-content\/uploads\/2021\/11\/Logo-Ere-1.png\",\"contentUrl\":\"https:\/\/blogdoere.com.br\/wp-content\/uploads\/2021\/11\/Logo-Ere-1.png\",\"width\":1261,\"height\":1330,\"caption\":\"Blog do Er\u00ea\"},\"image\":{\"@id\":\"https:\/\/blogdoere.com.br\/#\/schema\/logo\/image\/\"}},{\"@type\":\"Person\",\"@id\":\"https:\/\/blogdoere.com.br\/#\/schema\/person\/c4f6d566a44c7bacdda563667715d18b\",\"name\":\"blogdoere@hotmail.com\",\"image\":{\"@type\":\"ImageObject\",\"inLanguage\":\"pt-PT\",\"@id\":\"https:\/\/blogdoere.com.br\/#\/schema\/person\/image\/\",\"url\":\"https:\/\/secure.gravatar.com\/avatar\/5684bd39df1289cb639b4ab539d6fcad69420e4a29521548fc078c58ed122fe6?s=96&d=mm&r=g\",\"contentUrl\":\"https:\/\/secure.gravatar.com\/avatar\/5684bd39df1289cb639b4ab539d6fcad69420e4a29521548fc078c58ed122fe6?s=96&d=mm&r=g\",\"caption\":\"blogdoere@hotmail.com\"},\"sameAs\":[\"http:\/\/blogdoere.com.br\"]}]}<\/script>\n<!-- \/ Yoast SEO plugin. -->","yoast_head_json":{"title":"FELICIANO AMEA\u00c7A DILMA COM PERDA DE APOIO DOS EVANG\u00c9LICOS - blog do er\u00ea","robots":{"index":"index","follow":"follow","max-snippet":"max-snippet:-1","max-image-preview":"max-image-preview:large","max-video-preview":"max-video-preview:-1"},"canonical":"https:\/\/blogdoere.com.br\/?p=26942","og_locale":"pt_PT","og_type":"article","og_title":"FELICIANO AMEA\u00c7A DILMA COM PERDA DE APOIO DOS EVANG\u00c9LICOS - blog do er\u00ea","og_description":"Repudiado por minorias e alvo de protestos movimentos sociais e pol\u00edticos da opini\u00e3o p\u00fablica para que renuncie ao cargo de presidente da Comiss\u00e3o dos Direitos Humanos e Minorias da C\u00e2mara,...","og_url":"https:\/\/blogdoere.com.br\/?p=26942","og_site_name":"blog do er\u00ea","article_published_time":"2013-03-29T20:37:00+00:00","og_image":[{"url":"http:\/\/www.bahianoticias.com.br\/fotos\/principal_noticias\/133948\/IMAGEM_NOTICIA_5.jpg"}],"author":"blogdoere@hotmail.com","twitter_card":"summary_large_image","twitter_misc":{"Escrito por":"blogdoere@hotmail.com","Tempo estimado de leitura":"1 minuto"},"schema":{"@context":"https:\/\/schema.org","@graph":[{"@type":"Article","@id":"https:\/\/blogdoere.com.br\/?p=26942#article","isPartOf":{"@id":"https:\/\/blogdoere.com.br\/?p=26942"},"author":{"name":"blogdoere@hotmail.com","@id":"https:\/\/blogdoere.com.br\/#\/schema\/person\/c4f6d566a44c7bacdda563667715d18b"},"headline":"FELICIANO AMEA\u00c7A DILMA COM PERDA DE APOIO DOS EVANG\u00c9LICOS","datePublished":"2013-03-29T20:37:00+00:00","dateModified":"2013-03-29T20:37:00+00:00","mainEntityOfPage":{"@id":"https:\/\/blogdoere.com.br\/?p=26942"},"wordCount":212,"commentCount":0,"publisher":{"@id":"https:\/\/blogdoere.com.br\/#organization"},"articleSection":["Pol\u00edtica"],"inLanguage":"pt-PT","potentialAction":[{"@type":"CommentAction","name":"Comment","target":["https:\/\/blogdoere.com.br\/?p=26942#respond"]}]},{"@type":"WebPage","@id":"https:\/\/blogdoere.com.br\/?p=26942","url":"https:\/\/blogdoere.com.br\/?p=26942","name":"FELICIANO AMEA\u00c7A DILMA COM PERDA DE APOIO DOS EVANG\u00c9LICOS - blog do er\u00ea","isPartOf":{"@id":"https:\/\/blogdoere.com.br\/#website"},"datePublished":"2013-03-29T20:37:00+00:00","dateModified":"2013-03-29T20:37:00+00:00","breadcrumb":{"@id":"https:\/\/blogdoere.com.br\/?p=26942#breadcrumb"},"inLanguage":"pt-PT","potentialAction":[{"@type":"ReadAction","target":["https:\/\/blogdoere.com.br\/?p=26942"]}]},{"@type":"BreadcrumbList","@id":"https:\/\/blogdoere.com.br\/?p=26942#breadcrumb","itemListElement":[{"@type":"ListItem","position":1,"name":"In\u00edcio","item":"https:\/\/blogdoere.com.br\/"},{"@type":"ListItem","position":2,"name":"FELICIANO AMEA\u00c7A DILMA COM PERDA DE APOIO DOS EVANG\u00c9LICOS"}]},{"@type":"WebSite","@id":"https:\/\/blogdoere.com.br\/#website","url":"https:\/\/blogdoere.com.br\/","name":"blog do er\u00ea","description":"","publisher":{"@id":"https:\/\/blogdoere.com.br\/#organization"},"potentialAction":[{"@type":"SearchAction","target":{"@type":"EntryPoint","urlTemplate":"https:\/\/blogdoere.com.br\/?s={search_term_string}"},"query-input":"required name=search_term_string"}],"inLanguage":"pt-PT"},{"@type":"Organization","@id":"https:\/\/blogdoere.com.br\/#organization","name":"Blog do Er\u00ea","url":"https:\/\/blogdoere.com.br\/","logo":{"@type":"ImageObject","inLanguage":"pt-PT","@id":"https:\/\/blogdoere.com.br\/#\/schema\/logo\/image\/","url":"https:\/\/blogdoere.com.br\/wp-content\/uploads\/2021\/11\/Logo-Ere-1.png","contentUrl":"https:\/\/blogdoere.com.br\/wp-content\/uploads\/2021\/11\/Logo-Ere-1.png","width":1261,"height":1330,"caption":"Blog do Er\u00ea"},"image":{"@id":"https:\/\/blogdoere.com.br\/#\/schema\/logo\/image\/"}},{"@type":"Person","@id":"https:\/\/blogdoere.com.br\/#\/schema\/person\/c4f6d566a44c7bacdda563667715d18b","name":"blogdoere@hotmail.com","image":{"@type":"ImageObject","inLanguage":"pt-PT","@id":"https:\/\/blogdoere.com.br\/#\/schema\/person\/image\/","url":"https:\/\/secure.gravatar.com\/avatar\/5684bd39df1289cb639b4ab539d6fcad69420e4a29521548fc078c58ed122fe6?s=96&d=mm&r=g","contentUrl":"https:\/\/secure.gravatar.com\/avatar\/5684bd39df1289cb639b4ab539d6fcad69420e4a29521548fc078c58ed122fe6?s=96&d=mm&r=g","caption":"blogdoere@hotmail.com"},"sameAs":["http:\/\/blogdoere.com.br"]}]}},"featured_image_urls":{"full":"","thumbnail":"","medium":"","medium_large":"","large":"","1536x1536":"","2048x2048":""},"author_info":{"display_name":"blogdoere@hotmail.com","author_link":"https:\/\/blogdoere.com.br\/?author=1"},"category_info":"<a href=\"https:\/\/blogdoere.com.br\/?cat=32\" rel=\"category\">Pol\u00edtica<\/a>","tag_info":"Pol\u00edtica","comment_count":"0","_links":{"self":[{"href":"https:\/\/blogdoere.com.br\/index.php?rest_route=\/wp\/v2\/posts\/26942","targetHints":{"allow":["GET"]}}],"collection":[{"href":"https:\/\/blogdoere.com.br\/index.php?rest_route=\/wp\/v2\/posts"}],"about":[{"href":"https:\/\/blogdoere.com.br\/index.php?rest_route=\/wp\/v2\/types\/post"}],"author":[{"embeddable":true,"href":"https:\/\/blogdoere.com.br\/index.php?rest_route=\/wp\/v2\/users\/1"}],"replies":[{"embeddable":true,"href":"https:\/\/blogdoere.com.br\/index.php?rest_route=%2Fwp%2Fv2%2Fcomments&post=26942"}],"version-history":[{"count":0,"href":"https:\/\/blogdoere.com.br\/index.php?rest_route=\/wp\/v2\/posts\/26942\/revisions"}],"wp:attachment":[{"href":"https:\/\/blogdoere.com.br\/index.php?rest_route=%2Fwp%2Fv2%2Fmedia&parent=26942"}],"wp:term":[{"taxonomy":"category","embeddable":true,"href":"https:\/\/blogdoere.com.br\/index.php?rest_route=%2Fwp%2Fv2%2Fcategories&post=26942"},{"taxonomy":"post_tag","embeddable":true,"href":"https:\/\/blogdoere.com.br\/index.php?rest_route=%2Fwp%2Fv2%2Ftags&post=26942"}],"curies":[{"name":"wp","href":"https:\/\/api.w.org\/{rel}","templated":true}]}}