{"id":26947,"date":"2013-03-27T18:37:00","date_gmt":"2013-03-27T18:37:00","guid":{"rendered":"http:\/\/blogdoere.com.br\/?p=26947"},"modified":"2013-03-27T18:37:00","modified_gmt":"2013-03-27T18:37:00","slug":"indiferente-a-entrega-de-cargos-capitao-tadeu-defende-candidaturas-de-lidice-e-campos","status":"publish","type":"post","link":"https:\/\/blogdoere.com.br\/?p=26947","title":{"rendered":"&#8216;INDIFERENTE&#8217; A ENTREGA DE CARGOS, CAPIT\u00c3O TADEU DEFENDE CANDIDATURAS DE L\u00cdDICE E CAMPOS"},"content":{"rendered":"<div style=\"text-align: center;\"><strong style=\"color: #444444; line-height: 18px; margin: 0px; padding: 0px;\"><img decoding=\"async\" alt=\"'Indiferente' a entrega de cargos, Capit\u00e3o Tadeu defende candidaturas de L\u00eddice e Campos\" src=\"http:\/\/www.bahianoticias.com.br\/fotos\/principal_noticias\/133828\/IMAGEM_NOTICIA_5.jpg\" \/><\/strong><\/div>\n<div style=\"text-align: center;\"><strong style=\"color: #444444; line-height: 18px; margin: 0px; padding: 0px;\"><br \/><\/strong><\/div>\n<div style=\"text-align: justify;\"><strong style=\"color: #444444; line-height: 18px; margin: 0px; padding: 0px;\"><span style=\"font-family: Arial, Helvetica, sans-serif;\">As candidaturas de Eduardo Campos para a Presid\u00eancia do Brasil e de L\u00eddice da Mata para o governo estadual s\u00e3o defendidas pelo \u00fanico representante do PSB na Assembleia Legislativa da Bahia. Em entrevista nesta quarta-feira (27) ao programa Acorda pra Vida, da Rede Tudo FM 102.5, o deputado Capit\u00e3o Tadeu argumentou que o lan\u00e7amento das candidaturas do governador de Pernambuco e da senadora baiana possibilitaria uma maior quantidade de escolhas para o eleitor. \u201cIsso n\u00e3o significa necessariamente romper [com o governo]. Quanto mais candidaturas no primeiro turno, melhor\u201d, opinou. A postura do deputado contra um descolamento total em rela\u00e7\u00e3o ao PT ficou clara com a defesa de que n\u00e3o h\u00e1 \u201cnecessidade\u201d de entregar os cargos da legenda no governo caso Eduardo Campos dispute a sucess\u00e3o de Dilma Rousseff em 2014, como&nbsp;<a href=\"http:\/\/www.bahianoticias.com.br\/principal\/noticia\/133571-prefeito-de-recife-diz-que-psb-saira-da-base-quando-confirmada-candidatura-de-campos.html\" style=\"color: #333333; margin: 0px; padding: 0px; text-decoration: none;\" target=\"_blank\" rel=\"noopener\"><span style=\"color: darkgreen; margin: 0px; padding: 0px;\">prop\u00f4s o prefeito de Recife<\/span><\/a>, Geraldo Julio (PSB). \u201cOs cargos que o partido tem no governo s\u00e3o em rela\u00e7\u00e3o \u00e0 campanha passada. [A sigla] Ajudou Dilma a se eleger\u201d, avaliou. Em seguida, o deputado afirmou ser \u201cindiferente\u201d a entregar ou continuar com os cargos. \u201cN\u00e3o tenho cargo nenhum\u201d, pontuou, sem mencionar integrantes do partido no governo baiano, como o secret\u00e1rio estadual de Turismo, Domingos Leonelli.<\/span><\/strong><br \/><strong style=\"color: #444444; line-height: 18px; margin: 0px; padding: 0px;\"><span style=\"font-family: Arial, Helvetica, sans-serif;\">Fonte: Bahia Not\u00edcia<\/span><\/strong><\/div>\n","protected":false},"excerpt":{"rendered":"<p>As candidaturas de Eduardo Campos para a Presid\u00eancia do Brasil e de L\u00eddice da Mata para o governo estadual s\u00e3o defendidas pelo \u00fanico representante do PSB na Assembleia Legislativa da&#8230;<\/p>\n","protected":false},"author":1,"featured_media":0,"comment_status":"open","ping_status":"open","sticky":false,"template":"","format":"standard","meta":{"_editorskit_title_hidden":false,"_editorskit_reading_time":0,"_editorskit_is_block_options_detached":false,"_editorskit_block_options_position":"{}","om_disable_all_campaigns":false,"_mi_skip_tracking":false,"_kad_post_transparent":"","_kad_post_title":"","_kad_post_layout":"","_kad_post_sidebar_id":"","_kad_post_content_style":"","_kad_post_vertical_padding":"","_kad_post_feature":"","_kad_post_feature_position":"","_kad_post_header":false,"_kad_post_footer":false,"footnotes":""},"categories":[32],"tags":[],"class_list":["post-26947","post","type-post","status-publish","format-standard","hentry","category-politica"],"yoast_head":"<!-- This site is optimized with the Yoast SEO plugin v20.5 - https:\/\/yoast.com\/wordpress\/plugins\/seo\/ -->\n<title>&#039;INDIFERENTE&#039; A ENTREGA DE CARGOS, CAPIT\u00c3O TADEU DEFENDE CANDIDATURAS DE L\u00cdDICE E CAMPOS - blog do er\u00ea<\/title>\n<meta name=\"robots\" content=\"index, follow, max-snippet:-1, max-image-preview:large, max-video-preview:-1\" \/>\n<link rel=\"canonical\" href=\"https:\/\/blogdoere.com.br\/?p=26947\" \/>\n<meta property=\"og:locale\" content=\"pt_PT\" \/>\n<meta property=\"og:type\" content=\"article\" \/>\n<meta property=\"og:title\" content=\"&#039;INDIFERENTE&#039; A ENTREGA DE CARGOS, CAPIT\u00c3O TADEU DEFENDE CANDIDATURAS DE L\u00cdDICE E CAMPOS - blog do er\u00ea\" \/>\n<meta property=\"og:description\" content=\"As candidaturas de Eduardo Campos para a Presid\u00eancia do Brasil e de L\u00eddice da Mata para o governo estadual s\u00e3o defendidas pelo \u00fanico representante do PSB na Assembleia Legislativa da...\" \/>\n<meta property=\"og:url\" content=\"https:\/\/blogdoere.com.br\/?p=26947\" \/>\n<meta property=\"og:site_name\" content=\"blog do er\u00ea\" \/>\n<meta property=\"article:published_time\" content=\"2013-03-27T18:37:00+00:00\" \/>\n<meta property=\"og:image\" content=\"http:\/\/www.bahianoticias.com.br\/fotos\/principal_noticias\/133828\/IMAGEM_NOTICIA_5.jpg\" \/>\n<meta name=\"author\" content=\"blogdoere@hotmail.com\" \/>\n<meta name=\"twitter:card\" content=\"summary_large_image\" \/>\n<meta name=\"twitter:label1\" content=\"Escrito por\" \/>\n\t<meta name=\"twitter:data1\" content=\"blogdoere@hotmail.com\" \/>\n\t<meta name=\"twitter:label2\" content=\"Tempo estimado de leitura\" \/>\n\t<meta name=\"twitter:data2\" content=\"1 minuto\" \/>\n<script type=\"application\/ld+json\" class=\"yoast-schema-graph\">{\"@context\":\"https:\/\/schema.org\",\"@graph\":[{\"@type\":\"Article\",\"@id\":\"https:\/\/blogdoere.com.br\/?p=26947#article\",\"isPartOf\":{\"@id\":\"https:\/\/blogdoere.com.br\/?p=26947\"},\"author\":{\"name\":\"blogdoere@hotmail.com\",\"@id\":\"https:\/\/blogdoere.com.br\/#\/schema\/person\/c4f6d566a44c7bacdda563667715d18b\"},\"headline\":\"&#8216;INDIFERENTE&#8217; A ENTREGA DE CARGOS, CAPIT\u00c3O TADEU DEFENDE CANDIDATURAS DE L\u00cdDICE E CAMPOS\",\"datePublished\":\"2013-03-27T18:37:00+00:00\",\"dateModified\":\"2013-03-27T18:37:00+00:00\",\"mainEntityOfPage\":{\"@id\":\"https:\/\/blogdoere.com.br\/?p=26947\"},\"wordCount\":226,\"commentCount\":0,\"publisher\":{\"@id\":\"https:\/\/blogdoere.com.br\/#organization\"},\"articleSection\":[\"Pol\u00edtica\"],\"inLanguage\":\"pt-PT\",\"potentialAction\":[{\"@type\":\"CommentAction\",\"name\":\"Comment\",\"target\":[\"https:\/\/blogdoere.com.br\/?p=26947#respond\"]}]},{\"@type\":\"WebPage\",\"@id\":\"https:\/\/blogdoere.com.br\/?p=26947\",\"url\":\"https:\/\/blogdoere.com.br\/?p=26947\",\"name\":\"'INDIFERENTE' A ENTREGA DE CARGOS, CAPIT\u00c3O TADEU DEFENDE CANDIDATURAS DE L\u00cdDICE E CAMPOS - blog do er\u00ea\",\"isPartOf\":{\"@id\":\"https:\/\/blogdoere.com.br\/#website\"},\"datePublished\":\"2013-03-27T18:37:00+00:00\",\"dateModified\":\"2013-03-27T18:37:00+00:00\",\"breadcrumb\":{\"@id\":\"https:\/\/blogdoere.com.br\/?p=26947#breadcrumb\"},\"inLanguage\":\"pt-PT\",\"potentialAction\":[{\"@type\":\"ReadAction\",\"target\":[\"https:\/\/blogdoere.com.br\/?p=26947\"]}]},{\"@type\":\"BreadcrumbList\",\"@id\":\"https:\/\/blogdoere.com.br\/?p=26947#breadcrumb\",\"itemListElement\":[{\"@type\":\"ListItem\",\"position\":1,\"name\":\"In\u00edcio\",\"item\":\"https:\/\/blogdoere.com.br\/\"},{\"@type\":\"ListItem\",\"position\":2,\"name\":\"&#8216;INDIFERENTE&#8217; A ENTREGA DE CARGOS, CAPIT\u00c3O TADEU DEFENDE CANDIDATURAS DE L\u00cdDICE E CAMPOS\"}]},{\"@type\":\"WebSite\",\"@id\":\"https:\/\/blogdoere.com.br\/#website\",\"url\":\"https:\/\/blogdoere.com.br\/\",\"name\":\"blog do er\u00ea\",\"description\":\"\",\"publisher\":{\"@id\":\"https:\/\/blogdoere.com.br\/#organization\"},\"potentialAction\":[{\"@type\":\"SearchAction\",\"target\":{\"@type\":\"EntryPoint\",\"urlTemplate\":\"https:\/\/blogdoere.com.br\/?s={search_term_string}\"},\"query-input\":\"required name=search_term_string\"}],\"inLanguage\":\"pt-PT\"},{\"@type\":\"Organization\",\"@id\":\"https:\/\/blogdoere.com.br\/#organization\",\"name\":\"Blog do Er\u00ea\",\"url\":\"https:\/\/blogdoere.com.br\/\",\"logo\":{\"@type\":\"ImageObject\",\"inLanguage\":\"pt-PT\",\"@id\":\"https:\/\/blogdoere.com.br\/#\/schema\/logo\/image\/\",\"url\":\"https:\/\/blogdoere.com.br\/wp-content\/uploads\/2021\/11\/Logo-Ere-1.png\",\"contentUrl\":\"https:\/\/blogdoere.com.br\/wp-content\/uploads\/2021\/11\/Logo-Ere-1.png\",\"width\":1261,\"height\":1330,\"caption\":\"Blog do Er\u00ea\"},\"image\":{\"@id\":\"https:\/\/blogdoere.com.br\/#\/schema\/logo\/image\/\"}},{\"@type\":\"Person\",\"@id\":\"https:\/\/blogdoere.com.br\/#\/schema\/person\/c4f6d566a44c7bacdda563667715d18b\",\"name\":\"blogdoere@hotmail.com\",\"image\":{\"@type\":\"ImageObject\",\"inLanguage\":\"pt-PT\",\"@id\":\"https:\/\/blogdoere.com.br\/#\/schema\/person\/image\/\",\"url\":\"https:\/\/secure.gravatar.com\/avatar\/5684bd39df1289cb639b4ab539d6fcad69420e4a29521548fc078c58ed122fe6?s=96&d=mm&r=g\",\"contentUrl\":\"https:\/\/secure.gravatar.com\/avatar\/5684bd39df1289cb639b4ab539d6fcad69420e4a29521548fc078c58ed122fe6?s=96&d=mm&r=g\",\"caption\":\"blogdoere@hotmail.com\"},\"sameAs\":[\"http:\/\/blogdoere.com.br\"]}]}<\/script>\n<!-- \/ Yoast SEO plugin. -->","yoast_head_json":{"title":"'INDIFERENTE' A ENTREGA DE CARGOS, CAPIT\u00c3O TADEU DEFENDE CANDIDATURAS DE L\u00cdDICE E CAMPOS - blog do er\u00ea","robots":{"index":"index","follow":"follow","max-snippet":"max-snippet:-1","max-image-preview":"max-image-preview:large","max-video-preview":"max-video-preview:-1"},"canonical":"https:\/\/blogdoere.com.br\/?p=26947","og_locale":"pt_PT","og_type":"article","og_title":"'INDIFERENTE' A ENTREGA DE CARGOS, CAPIT\u00c3O TADEU DEFENDE CANDIDATURAS DE L\u00cdDICE E CAMPOS - blog do er\u00ea","og_description":"As candidaturas de Eduardo Campos para a Presid\u00eancia do Brasil e de L\u00eddice da Mata para o governo estadual s\u00e3o defendidas pelo \u00fanico representante do PSB na Assembleia Legislativa da...","og_url":"https:\/\/blogdoere.com.br\/?p=26947","og_site_name":"blog do er\u00ea","article_published_time":"2013-03-27T18:37:00+00:00","og_image":[{"url":"http:\/\/www.bahianoticias.com.br\/fotos\/principal_noticias\/133828\/IMAGEM_NOTICIA_5.jpg"}],"author":"blogdoere@hotmail.com","twitter_card":"summary_large_image","twitter_misc":{"Escrito por":"blogdoere@hotmail.com","Tempo estimado de leitura":"1 minuto"},"schema":{"@context":"https:\/\/schema.org","@graph":[{"@type":"Article","@id":"https:\/\/blogdoere.com.br\/?p=26947#article","isPartOf":{"@id":"https:\/\/blogdoere.com.br\/?p=26947"},"author":{"name":"blogdoere@hotmail.com","@id":"https:\/\/blogdoere.com.br\/#\/schema\/person\/c4f6d566a44c7bacdda563667715d18b"},"headline":"&#8216;INDIFERENTE&#8217; A ENTREGA DE CARGOS, CAPIT\u00c3O TADEU DEFENDE CANDIDATURAS DE L\u00cdDICE E CAMPOS","datePublished":"2013-03-27T18:37:00+00:00","dateModified":"2013-03-27T18:37:00+00:00","mainEntityOfPage":{"@id":"https:\/\/blogdoere.com.br\/?p=26947"},"wordCount":226,"commentCount":0,"publisher":{"@id":"https:\/\/blogdoere.com.br\/#organization"},"articleSection":["Pol\u00edtica"],"inLanguage":"pt-PT","potentialAction":[{"@type":"CommentAction","name":"Comment","target":["https:\/\/blogdoere.com.br\/?p=26947#respond"]}]},{"@type":"WebPage","@id":"https:\/\/blogdoere.com.br\/?p=26947","url":"https:\/\/blogdoere.com.br\/?p=26947","name":"'INDIFERENTE' A ENTREGA DE CARGOS, CAPIT\u00c3O TADEU DEFENDE CANDIDATURAS DE L\u00cdDICE E CAMPOS - blog do er\u00ea","isPartOf":{"@id":"https:\/\/blogdoere.com.br\/#website"},"datePublished":"2013-03-27T18:37:00+00:00","dateModified":"2013-03-27T18:37:00+00:00","breadcrumb":{"@id":"https:\/\/blogdoere.com.br\/?p=26947#breadcrumb"},"inLanguage":"pt-PT","potentialAction":[{"@type":"ReadAction","target":["https:\/\/blogdoere.com.br\/?p=26947"]}]},{"@type":"BreadcrumbList","@id":"https:\/\/blogdoere.com.br\/?p=26947#breadcrumb","itemListElement":[{"@type":"ListItem","position":1,"name":"In\u00edcio","item":"https:\/\/blogdoere.com.br\/"},{"@type":"ListItem","position":2,"name":"&#8216;INDIFERENTE&#8217; A ENTREGA DE CARGOS, CAPIT\u00c3O TADEU DEFENDE CANDIDATURAS DE L\u00cdDICE E CAMPOS"}]},{"@type":"WebSite","@id":"https:\/\/blogdoere.com.br\/#website","url":"https:\/\/blogdoere.com.br\/","name":"blog do er\u00ea","description":"","publisher":{"@id":"https:\/\/blogdoere.com.br\/#organization"},"potentialAction":[{"@type":"SearchAction","target":{"@type":"EntryPoint","urlTemplate":"https:\/\/blogdoere.com.br\/?s={search_term_string}"},"query-input":"required name=search_term_string"}],"inLanguage":"pt-PT"},{"@type":"Organization","@id":"https:\/\/blogdoere.com.br\/#organization","name":"Blog do Er\u00ea","url":"https:\/\/blogdoere.com.br\/","logo":{"@type":"ImageObject","inLanguage":"pt-PT","@id":"https:\/\/blogdoere.com.br\/#\/schema\/logo\/image\/","url":"https:\/\/blogdoere.com.br\/wp-content\/uploads\/2021\/11\/Logo-Ere-1.png","contentUrl":"https:\/\/blogdoere.com.br\/wp-content\/uploads\/2021\/11\/Logo-Ere-1.png","width":1261,"height":1330,"caption":"Blog do Er\u00ea"},"image":{"@id":"https:\/\/blogdoere.com.br\/#\/schema\/logo\/image\/"}},{"@type":"Person","@id":"https:\/\/blogdoere.com.br\/#\/schema\/person\/c4f6d566a44c7bacdda563667715d18b","name":"blogdoere@hotmail.com","image":{"@type":"ImageObject","inLanguage":"pt-PT","@id":"https:\/\/blogdoere.com.br\/#\/schema\/person\/image\/","url":"https:\/\/secure.gravatar.com\/avatar\/5684bd39df1289cb639b4ab539d6fcad69420e4a29521548fc078c58ed122fe6?s=96&d=mm&r=g","contentUrl":"https:\/\/secure.gravatar.com\/avatar\/5684bd39df1289cb639b4ab539d6fcad69420e4a29521548fc078c58ed122fe6?s=96&d=mm&r=g","caption":"blogdoere@hotmail.com"},"sameAs":["http:\/\/blogdoere.com.br"]}]}},"featured_image_urls":{"full":"","thumbnail":"","medium":"","medium_large":"","large":"","1536x1536":"","2048x2048":""},"author_info":{"display_name":"blogdoere@hotmail.com","author_link":"https:\/\/blogdoere.com.br\/?author=1"},"category_info":"<a href=\"https:\/\/blogdoere.com.br\/?cat=32\" rel=\"category\">Pol\u00edtica<\/a>","tag_info":"Pol\u00edtica","comment_count":"0","_links":{"self":[{"href":"https:\/\/blogdoere.com.br\/index.php?rest_route=\/wp\/v2\/posts\/26947","targetHints":{"allow":["GET"]}}],"collection":[{"href":"https:\/\/blogdoere.com.br\/index.php?rest_route=\/wp\/v2\/posts"}],"about":[{"href":"https:\/\/blogdoere.com.br\/index.php?rest_route=\/wp\/v2\/types\/post"}],"author":[{"embeddable":true,"href":"https:\/\/blogdoere.com.br\/index.php?rest_route=\/wp\/v2\/users\/1"}],"replies":[{"embeddable":true,"href":"https:\/\/blogdoere.com.br\/index.php?rest_route=%2Fwp%2Fv2%2Fcomments&post=26947"}],"version-history":[{"count":0,"href":"https:\/\/blogdoere.com.br\/index.php?rest_route=\/wp\/v2\/posts\/26947\/revisions"}],"wp:attachment":[{"href":"https:\/\/blogdoere.com.br\/index.php?rest_route=%2Fwp%2Fv2%2Fmedia&parent=26947"}],"wp:term":[{"taxonomy":"category","embeddable":true,"href":"https:\/\/blogdoere.com.br\/index.php?rest_route=%2Fwp%2Fv2%2Fcategories&post=26947"},{"taxonomy":"post_tag","embeddable":true,"href":"https:\/\/blogdoere.com.br\/index.php?rest_route=%2Fwp%2Fv2%2Ftags&post=26947"}],"curies":[{"name":"wp","href":"https:\/\/api.w.org\/{rel}","templated":true}]}}