{"id":26951,"date":"2013-03-25T03:07:00","date_gmt":"2013-03-25T03:07:00","guid":{"rendered":"http:\/\/blogdoere.com.br\/?p=26951"},"modified":"2021-11-04T14:04:56","modified_gmt":"2021-11-04T14:04:56","slug":"merenda-escolar-podera-ser-obrigatoria-tambem-nas-ferias","status":"publish","type":"post","link":"https:\/\/blogdoere.com.br\/?p=26951","title":{"rendered":"MERENDA ESCOLAR PODER\u00c1 SER OBRIGAT\u00d3RIA TAMB\u00c9M NAS F\u00c9RIAS"},"content":{"rendered":"<div style=\"clear: both; color: #444444; line-height: 1.5em; margin: 0px; padding: 0px; text-align: center;\"><img decoding=\"async\" src=\"http:\/\/www.bahianoticias.com.br\/fotos\/principal_noticias\/133641\/IMAGEM_NOTICIA_5.jpg\" alt=\"Merenda Escolar poder\u00e1 ser obrigat\u00f3ria tamb\u00e9m nas f\u00e9rias\" \/><\/div>\n<div style=\"clear: both; color: #444444; line-height: 1.5em; margin: 0px; padding: 0px; text-align: justify;\"><span style=\"font-family: Arial, Helvetica, sans-serif;\">\u00a0<\/span><\/div>\n<div style=\"clear: both; color: #444444; line-height: 1.5em; margin: 0px; padding: 0px; text-align: justify;\"><span style=\"font-family: Arial, Helvetica, sans-serif;\">Deve ser votado na pr\u00f3xima ter\u00e7a-feira (26) o projeto de lei do senador C\u00edcero Lucena (PSDB-PB), que estabelece que alunos matriculados na educa\u00e7\u00e3o b\u00e1sica da rede p\u00fablica recebam merenda escolar tamb\u00e9m fora do per\u00edodo letivo. O projeto j\u00e1 recebeu parecer favor\u00e1vel da Comiss\u00e3o de Assuntos Sociais (CAS). A proposta, segundo o senador, visa garantir a manuten\u00e7\u00e3o da dieta dos estudantes e a perman\u00eancia na escola. O relator da mat\u00e9ria, senador Ant\u00f4nio Carlos Valadares (PSB-SE), justificou o voto favor\u00e1vel lembrando que a maioria dos alunos pertence a fam\u00edlias com dificuldades para manter uma alimenta\u00e7\u00e3o di\u00e1ria. Aprovada, a medida vai aprimorar o Programa Nacional de Alimenta\u00e7\u00e3o Escolar (Pnae), que atualmente atende cerca de 50 milh\u00f5es de crian\u00e7as. Informa\u00e7\u00f5es da Ag\u00eancia Estado.<\/span><\/div>\n<div style=\"text-align: justify;\"><\/div>\n","protected":false},"excerpt":{"rendered":"<p>\u00a0 Deve ser votado na pr\u00f3xima ter\u00e7a-feira (26) o projeto de lei do senador C\u00edcero Lucena (PSDB-PB), que estabelece que alunos matriculados na educa\u00e7\u00e3o b\u00e1sica da rede p\u00fablica recebam merenda&#8230;<\/p>\n","protected":false},"author":1,"featured_media":27085,"comment_status":"open","ping_status":"open","sticky":false,"template":"","format":"standard","meta":{"_editorskit_title_hidden":false,"_editorskit_reading_time":0,"_editorskit_is_block_options_detached":false,"_editorskit_block_options_position":"{}","om_disable_all_campaigns":false,"_mi_skip_tracking":false,"_kad_post_transparent":"","_kad_post_title":"","_kad_post_layout":"","_kad_post_sidebar_id":"","_kad_post_content_style":"","_kad_post_vertical_padding":"","_kad_post_feature":"","_kad_post_feature_position":"","_kad_post_header":false,"_kad_post_footer":false,"footnotes":""},"categories":[32],"tags":[],"class_list":["post-26951","post","type-post","status-publish","format-standard","has-post-thumbnail","hentry","category-politica"],"yoast_head":"<!-- This site is optimized with the Yoast SEO plugin v20.5 - https:\/\/yoast.com\/wordpress\/plugins\/seo\/ -->\n<title>MERENDA ESCOLAR PODER\u00c1 SER OBRIGAT\u00d3RIA TAMB\u00c9M NAS F\u00c9RIAS - blog do er\u00ea<\/title>\n<meta name=\"robots\" content=\"index, follow, max-snippet:-1, max-image-preview:large, max-video-preview:-1\" \/>\n<link rel=\"canonical\" href=\"https:\/\/blogdoere.com.br\/?p=26951\" \/>\n<meta property=\"og:locale\" content=\"pt_PT\" \/>\n<meta property=\"og:type\" content=\"article\" \/>\n<meta property=\"og:title\" content=\"MERENDA ESCOLAR PODER\u00c1 SER OBRIGAT\u00d3RIA TAMB\u00c9M NAS F\u00c9RIAS - blog do er\u00ea\" \/>\n<meta property=\"og:description\" content=\"\u00a0 Deve ser votado na pr\u00f3xima ter\u00e7a-feira (26) o projeto de lei do senador C\u00edcero Lucena (PSDB-PB), que estabelece que alunos matriculados na educa\u00e7\u00e3o b\u00e1sica da rede p\u00fablica recebam merenda...\" \/>\n<meta property=\"og:url\" content=\"https:\/\/blogdoere.com.br\/?p=26951\" \/>\n<meta property=\"og:site_name\" content=\"blog do er\u00ea\" \/>\n<meta property=\"article:published_time\" content=\"2013-03-25T03:07:00+00:00\" \/>\n<meta property=\"article:modified_time\" content=\"2021-11-04T14:04:56+00:00\" \/>\n<meta property=\"og:image\" content=\"https:\/\/blogdoere.com.br\/wp-content\/uploads\/2013\/03\/IMAGEM_NOTICIA_5-1.jpg\" \/>\n\t<meta property=\"og:image:width\" content=\"380\" \/>\n\t<meta property=\"og:image:height\" content=\"280\" \/>\n\t<meta property=\"og:image:type\" content=\"image\/jpeg\" \/>\n<meta name=\"author\" content=\"blogdoere@hotmail.com\" \/>\n<meta name=\"twitter:card\" content=\"summary_large_image\" \/>\n<meta name=\"twitter:label1\" content=\"Escrito por\" \/>\n\t<meta name=\"twitter:data1\" content=\"blogdoere@hotmail.com\" \/>\n\t<meta name=\"twitter:label2\" content=\"Tempo estimado de leitura\" \/>\n\t<meta name=\"twitter:data2\" content=\"1 minuto\" \/>\n<script type=\"application\/ld+json\" class=\"yoast-schema-graph\">{\"@context\":\"https:\/\/schema.org\",\"@graph\":[{\"@type\":\"Article\",\"@id\":\"https:\/\/blogdoere.com.br\/?p=26951#article\",\"isPartOf\":{\"@id\":\"https:\/\/blogdoere.com.br\/?p=26951\"},\"author\":{\"name\":\"blogdoere@hotmail.com\",\"@id\":\"https:\/\/blogdoere.com.br\/#\/schema\/person\/c4f6d566a44c7bacdda563667715d18b\"},\"headline\":\"MERENDA ESCOLAR PODER\u00c1 SER OBRIGAT\u00d3RIA TAMB\u00c9M NAS F\u00c9RIAS\",\"datePublished\":\"2013-03-25T03:07:00+00:00\",\"dateModified\":\"2021-11-04T14:04:56+00:00\",\"mainEntityOfPage\":{\"@id\":\"https:\/\/blogdoere.com.br\/?p=26951\"},\"wordCount\":151,\"commentCount\":0,\"publisher\":{\"@id\":\"https:\/\/blogdoere.com.br\/#organization\"},\"articleSection\":[\"Pol\u00edtica\"],\"inLanguage\":\"pt-PT\",\"potentialAction\":[{\"@type\":\"CommentAction\",\"name\":\"Comment\",\"target\":[\"https:\/\/blogdoere.com.br\/?p=26951#respond\"]}]},{\"@type\":\"WebPage\",\"@id\":\"https:\/\/blogdoere.com.br\/?p=26951\",\"url\":\"https:\/\/blogdoere.com.br\/?p=26951\",\"name\":\"MERENDA ESCOLAR PODER\u00c1 SER OBRIGAT\u00d3RIA TAMB\u00c9M NAS F\u00c9RIAS - blog do er\u00ea\",\"isPartOf\":{\"@id\":\"https:\/\/blogdoere.com.br\/#website\"},\"datePublished\":\"2013-03-25T03:07:00+00:00\",\"dateModified\":\"2021-11-04T14:04:56+00:00\",\"breadcrumb\":{\"@id\":\"https:\/\/blogdoere.com.br\/?p=26951#breadcrumb\"},\"inLanguage\":\"pt-PT\",\"potentialAction\":[{\"@type\":\"ReadAction\",\"target\":[\"https:\/\/blogdoere.com.br\/?p=26951\"]}]},{\"@type\":\"BreadcrumbList\",\"@id\":\"https:\/\/blogdoere.com.br\/?p=26951#breadcrumb\",\"itemListElement\":[{\"@type\":\"ListItem\",\"position\":1,\"name\":\"In\u00edcio\",\"item\":\"https:\/\/blogdoere.com.br\/\"},{\"@type\":\"ListItem\",\"position\":2,\"name\":\"MERENDA ESCOLAR PODER\u00c1 SER OBRIGAT\u00d3RIA TAMB\u00c9M NAS F\u00c9RIAS\"}]},{\"@type\":\"WebSite\",\"@id\":\"https:\/\/blogdoere.com.br\/#website\",\"url\":\"https:\/\/blogdoere.com.br\/\",\"name\":\"blog do er\u00ea\",\"description\":\"\",\"publisher\":{\"@id\":\"https:\/\/blogdoere.com.br\/#organization\"},\"potentialAction\":[{\"@type\":\"SearchAction\",\"target\":{\"@type\":\"EntryPoint\",\"urlTemplate\":\"https:\/\/blogdoere.com.br\/?s={search_term_string}\"},\"query-input\":\"required name=search_term_string\"}],\"inLanguage\":\"pt-PT\"},{\"@type\":\"Organization\",\"@id\":\"https:\/\/blogdoere.com.br\/#organization\",\"name\":\"Blog do Er\u00ea\",\"url\":\"https:\/\/blogdoere.com.br\/\",\"logo\":{\"@type\":\"ImageObject\",\"inLanguage\":\"pt-PT\",\"@id\":\"https:\/\/blogdoere.com.br\/#\/schema\/logo\/image\/\",\"url\":\"https:\/\/blogdoere.com.br\/wp-content\/uploads\/2021\/11\/Logo-Ere-1.png\",\"contentUrl\":\"https:\/\/blogdoere.com.br\/wp-content\/uploads\/2021\/11\/Logo-Ere-1.png\",\"width\":1261,\"height\":1330,\"caption\":\"Blog do Er\u00ea\"},\"image\":{\"@id\":\"https:\/\/blogdoere.com.br\/#\/schema\/logo\/image\/\"}},{\"@type\":\"Person\",\"@id\":\"https:\/\/blogdoere.com.br\/#\/schema\/person\/c4f6d566a44c7bacdda563667715d18b\",\"name\":\"blogdoere@hotmail.com\",\"image\":{\"@type\":\"ImageObject\",\"inLanguage\":\"pt-PT\",\"@id\":\"https:\/\/blogdoere.com.br\/#\/schema\/person\/image\/\",\"url\":\"https:\/\/secure.gravatar.com\/avatar\/5684bd39df1289cb639b4ab539d6fcad69420e4a29521548fc078c58ed122fe6?s=96&d=mm&r=g\",\"contentUrl\":\"https:\/\/secure.gravatar.com\/avatar\/5684bd39df1289cb639b4ab539d6fcad69420e4a29521548fc078c58ed122fe6?s=96&d=mm&r=g\",\"caption\":\"blogdoere@hotmail.com\"},\"sameAs\":[\"http:\/\/blogdoere.com.br\"]}]}<\/script>\n<!-- \/ Yoast SEO plugin. -->","yoast_head_json":{"title":"MERENDA ESCOLAR PODER\u00c1 SER OBRIGAT\u00d3RIA TAMB\u00c9M NAS F\u00c9RIAS - blog do er\u00ea","robots":{"index":"index","follow":"follow","max-snippet":"max-snippet:-1","max-image-preview":"max-image-preview:large","max-video-preview":"max-video-preview:-1"},"canonical":"https:\/\/blogdoere.com.br\/?p=26951","og_locale":"pt_PT","og_type":"article","og_title":"MERENDA ESCOLAR PODER\u00c1 SER OBRIGAT\u00d3RIA TAMB\u00c9M NAS F\u00c9RIAS - blog do er\u00ea","og_description":"\u00a0 Deve ser votado na pr\u00f3xima ter\u00e7a-feira (26) o projeto de lei do senador C\u00edcero Lucena (PSDB-PB), que estabelece que alunos matriculados na educa\u00e7\u00e3o b\u00e1sica da rede p\u00fablica recebam merenda...","og_url":"https:\/\/blogdoere.com.br\/?p=26951","og_site_name":"blog do er\u00ea","article_published_time":"2013-03-25T03:07:00+00:00","article_modified_time":"2021-11-04T14:04:56+00:00","og_image":[{"width":380,"height":280,"url":"https:\/\/blogdoere.com.br\/wp-content\/uploads\/2013\/03\/IMAGEM_NOTICIA_5-1.jpg","type":"image\/jpeg"}],"author":"blogdoere@hotmail.com","twitter_card":"summary_large_image","twitter_misc":{"Escrito por":"blogdoere@hotmail.com","Tempo estimado de leitura":"1 minuto"},"schema":{"@context":"https:\/\/schema.org","@graph":[{"@type":"Article","@id":"https:\/\/blogdoere.com.br\/?p=26951#article","isPartOf":{"@id":"https:\/\/blogdoere.com.br\/?p=26951"},"author":{"name":"blogdoere@hotmail.com","@id":"https:\/\/blogdoere.com.br\/#\/schema\/person\/c4f6d566a44c7bacdda563667715d18b"},"headline":"MERENDA ESCOLAR PODER\u00c1 SER OBRIGAT\u00d3RIA TAMB\u00c9M NAS F\u00c9RIAS","datePublished":"2013-03-25T03:07:00+00:00","dateModified":"2021-11-04T14:04:56+00:00","mainEntityOfPage":{"@id":"https:\/\/blogdoere.com.br\/?p=26951"},"wordCount":151,"commentCount":0,"publisher":{"@id":"https:\/\/blogdoere.com.br\/#organization"},"articleSection":["Pol\u00edtica"],"inLanguage":"pt-PT","potentialAction":[{"@type":"CommentAction","name":"Comment","target":["https:\/\/blogdoere.com.br\/?p=26951#respond"]}]},{"@type":"WebPage","@id":"https:\/\/blogdoere.com.br\/?p=26951","url":"https:\/\/blogdoere.com.br\/?p=26951","name":"MERENDA ESCOLAR PODER\u00c1 SER OBRIGAT\u00d3RIA TAMB\u00c9M NAS F\u00c9RIAS - blog do er\u00ea","isPartOf":{"@id":"https:\/\/blogdoere.com.br\/#website"},"datePublished":"2013-03-25T03:07:00+00:00","dateModified":"2021-11-04T14:04:56+00:00","breadcrumb":{"@id":"https:\/\/blogdoere.com.br\/?p=26951#breadcrumb"},"inLanguage":"pt-PT","potentialAction":[{"@type":"ReadAction","target":["https:\/\/blogdoere.com.br\/?p=26951"]}]},{"@type":"BreadcrumbList","@id":"https:\/\/blogdoere.com.br\/?p=26951#breadcrumb","itemListElement":[{"@type":"ListItem","position":1,"name":"In\u00edcio","item":"https:\/\/blogdoere.com.br\/"},{"@type":"ListItem","position":2,"name":"MERENDA ESCOLAR PODER\u00c1 SER OBRIGAT\u00d3RIA TAMB\u00c9M NAS F\u00c9RIAS"}]},{"@type":"WebSite","@id":"https:\/\/blogdoere.com.br\/#website","url":"https:\/\/blogdoere.com.br\/","name":"blog do er\u00ea","description":"","publisher":{"@id":"https:\/\/blogdoere.com.br\/#organization"},"potentialAction":[{"@type":"SearchAction","target":{"@type":"EntryPoint","urlTemplate":"https:\/\/blogdoere.com.br\/?s={search_term_string}"},"query-input":"required name=search_term_string"}],"inLanguage":"pt-PT"},{"@type":"Organization","@id":"https:\/\/blogdoere.com.br\/#organization","name":"Blog do Er\u00ea","url":"https:\/\/blogdoere.com.br\/","logo":{"@type":"ImageObject","inLanguage":"pt-PT","@id":"https:\/\/blogdoere.com.br\/#\/schema\/logo\/image\/","url":"https:\/\/blogdoere.com.br\/wp-content\/uploads\/2021\/11\/Logo-Ere-1.png","contentUrl":"https:\/\/blogdoere.com.br\/wp-content\/uploads\/2021\/11\/Logo-Ere-1.png","width":1261,"height":1330,"caption":"Blog do Er\u00ea"},"image":{"@id":"https:\/\/blogdoere.com.br\/#\/schema\/logo\/image\/"}},{"@type":"Person","@id":"https:\/\/blogdoere.com.br\/#\/schema\/person\/c4f6d566a44c7bacdda563667715d18b","name":"blogdoere@hotmail.com","image":{"@type":"ImageObject","inLanguage":"pt-PT","@id":"https:\/\/blogdoere.com.br\/#\/schema\/person\/image\/","url":"https:\/\/secure.gravatar.com\/avatar\/5684bd39df1289cb639b4ab539d6fcad69420e4a29521548fc078c58ed122fe6?s=96&d=mm&r=g","contentUrl":"https:\/\/secure.gravatar.com\/avatar\/5684bd39df1289cb639b4ab539d6fcad69420e4a29521548fc078c58ed122fe6?s=96&d=mm&r=g","caption":"blogdoere@hotmail.com"},"sameAs":["http:\/\/blogdoere.com.br"]}]}},"featured_image_urls":{"full":["https:\/\/blogdoere.com.br\/wp-content\/uploads\/2013\/03\/IMAGEM_NOTICIA_5-1.jpg",380,280,false],"thumbnail":["https:\/\/blogdoere.com.br\/wp-content\/uploads\/2013\/03\/IMAGEM_NOTICIA_5-1-150x150.jpg",150,150,true],"medium":["https:\/\/blogdoere.com.br\/wp-content\/uploads\/2013\/03\/IMAGEM_NOTICIA_5-1-300x221.jpg",300,221,true],"medium_large":["https:\/\/blogdoere.com.br\/wp-content\/uploads\/2013\/03\/IMAGEM_NOTICIA_5-1.jpg",380,280,false],"large":["https:\/\/blogdoere.com.br\/wp-content\/uploads\/2013\/03\/IMAGEM_NOTICIA_5-1.jpg",380,280,false],"1536x1536":["https:\/\/blogdoere.com.br\/wp-content\/uploads\/2013\/03\/IMAGEM_NOTICIA_5-1.jpg",380,280,false],"2048x2048":["https:\/\/blogdoere.com.br\/wp-content\/uploads\/2013\/03\/IMAGEM_NOTICIA_5-1.jpg",380,280,false]},"author_info":{"display_name":"blogdoere@hotmail.com","author_link":"https:\/\/blogdoere.com.br\/?author=1"},"category_info":"<a href=\"https:\/\/blogdoere.com.br\/?cat=32\" rel=\"category\">Pol\u00edtica<\/a>","tag_info":"Pol\u00edtica","comment_count":"0","_links":{"self":[{"href":"https:\/\/blogdoere.com.br\/index.php?rest_route=\/wp\/v2\/posts\/26951","targetHints":{"allow":["GET"]}}],"collection":[{"href":"https:\/\/blogdoere.com.br\/index.php?rest_route=\/wp\/v2\/posts"}],"about":[{"href":"https:\/\/blogdoere.com.br\/index.php?rest_route=\/wp\/v2\/types\/post"}],"author":[{"embeddable":true,"href":"https:\/\/blogdoere.com.br\/index.php?rest_route=\/wp\/v2\/users\/1"}],"replies":[{"embeddable":true,"href":"https:\/\/blogdoere.com.br\/index.php?rest_route=%2Fwp%2Fv2%2Fcomments&post=26951"}],"version-history":[{"count":1,"href":"https:\/\/blogdoere.com.br\/index.php?rest_route=\/wp\/v2\/posts\/26951\/revisions"}],"predecessor-version":[{"id":27086,"href":"https:\/\/blogdoere.com.br\/index.php?rest_route=\/wp\/v2\/posts\/26951\/revisions\/27086"}],"wp:featuredmedia":[{"embeddable":true,"href":"https:\/\/blogdoere.com.br\/index.php?rest_route=\/wp\/v2\/media\/27085"}],"wp:attachment":[{"href":"https:\/\/blogdoere.com.br\/index.php?rest_route=%2Fwp%2Fv2%2Fmedia&parent=26951"}],"wp:term":[{"taxonomy":"category","embeddable":true,"href":"https:\/\/blogdoere.com.br\/index.php?rest_route=%2Fwp%2Fv2%2Fcategories&post=26951"},{"taxonomy":"post_tag","embeddable":true,"href":"https:\/\/blogdoere.com.br\/index.php?rest_route=%2Fwp%2Fv2%2Ftags&post=26951"}],"curies":[{"name":"wp","href":"https:\/\/api.w.org\/{rel}","templated":true}]}}