{"id":26953,"date":"2013-03-24T00:56:00","date_gmt":"2013-03-24T00:56:00","guid":{"rendered":"http:\/\/blogdoere.com.br\/?p=26953"},"modified":"2021-11-04T13:57:50","modified_gmt":"2021-11-04T13:57:50","slug":"itajuipe-academicos-em-gestao-publica-da-uniasselvi-visitam-lixao","status":"publish","type":"post","link":"https:\/\/blogdoere.com.br\/?p=26953","title":{"rendered":"ITAJU\u00cdPE: ACAD\u00caMICOS EM GEST\u00c3O P\u00daBLICA DA UNIASSELVI VISITAM  LIX\u00c3O."},"content":{"rendered":"<div style=\"clear: both; text-align: center;\"><a style=\"margin-left: 1em; margin-right: 1em;\" href=\"http:\/\/4.bp.blogspot.com\/-jDQ9o947vnw\/UU5KJjWT_nI\/AAAAAAAAFH4\/wnKZQNzRYNQ\/s1600\/DSC_0065.JPG\"><img decoding=\"async\" src=\"http:\/\/4.bp.blogspot.com\/-jDQ9o947vnw\/UU5KJjWT_nI\/AAAAAAAAFH4\/wnKZQNzRYNQ\/s320\/DSC_0065.JPG\" width=\"320\" height=\"212\" border=\"0\" \/><\/a><\/div>\n<div style=\"clear: both; text-align: center;\"><\/div>\n<div style=\"clear: both; text-align: center;\"><a style=\"margin-left: 1em; margin-right: 1em;\" href=\"http:\/\/4.bp.blogspot.com\/-kvDqJ_TjxSE\/UU5KsuJjx1I\/AAAAAAAAFIA\/CIcfAR_u52I\/s1600\/DSC_0020.JPG\"><img decoding=\"async\" src=\"http:\/\/4.bp.blogspot.com\/-kvDqJ_TjxSE\/UU5KsuJjx1I\/AAAAAAAAFIA\/CIcfAR_u52I\/s320\/DSC_0020.JPG\" width=\"320\" height=\"212\" border=\"0\" \/><\/a><\/div>\n<div style=\"clear: both; text-align: center;\"><a style=\"margin-left: 1em; margin-right: 1em;\" href=\"http:\/\/4.bp.blogspot.com\/-tdi9srmUJUw\/UU5TIfsksMI\/AAAAAAAAFIY\/AdkjXtnWeyk\/s1600\/uniasselvi5.jpg\"><img decoding=\"async\" src=\"http:\/\/4.bp.blogspot.com\/-tdi9srmUJUw\/UU5TIfsksMI\/AAAAAAAAFIY\/AdkjXtnWeyk\/s320\/uniasselvi5.jpg\" width=\"320\" height=\"268\" border=\"0\" \/><\/a><\/div>\n<div style=\"clear: both; text-align: center;\"><\/div>\n<div style=\"clear: both; text-align: center;\"><a style=\"margin-left: 1em; margin-right: 1em;\" href=\"http:\/\/4.bp.blogspot.com\/-sN0p7KqnO4U\/UU5UtzFPVwI\/AAAAAAAAFIg\/5RTHpXEq9gs\/s1600\/DSC_0077.JPG\"><img decoding=\"async\" src=\"http:\/\/4.bp.blogspot.com\/-sN0p7KqnO4U\/UU5UtzFPVwI\/AAAAAAAAFIg\/5RTHpXEq9gs\/s320\/DSC_0077.JPG\" width=\"320\" height=\"212\" border=\"0\" \/><\/a><\/div>\n<div style=\"clear: both; text-align: center;\"><a style=\"margin-left: 1em; margin-right: 1em;\" href=\"http:\/\/4.bp.blogspot.com\/-fT1kaAoWCj0\/UU5RxBFzAuI\/AAAAAAAAFIU\/r2Z68AbTfg8\/s1600\/DSC_0026.JPG\"><img decoding=\"async\" src=\"http:\/\/4.bp.blogspot.com\/-fT1kaAoWCj0\/UU5RxBFzAuI\/AAAAAAAAFIU\/r2Z68AbTfg8\/s320\/DSC_0026.JPG\" width=\"320\" height=\"212\" border=\"0\" \/><\/a><\/div>\n<div style=\"clear: both; text-align: center;\"><\/div>\n<table style=\"margin-left: auto; margin-right: auto; text-align: center;\" cellspacing=\"0\" cellpadding=\"0\" align=\"center\">\n<tbody>\n<tr>\n<td style=\"text-align: center;\"><a style=\"margin-left: auto; margin-right: auto;\" href=\"http:\/\/2.bp.blogspot.com\/-n7v2jQXlpZo\/UU5LUoVkbqI\/AAAAAAAAFII\/E3W95OgotnY\/s1600\/uniasselvi6.jpg\"><img decoding=\"async\" src=\"http:\/\/2.bp.blogspot.com\/-n7v2jQXlpZo\/UU5LUoVkbqI\/AAAAAAAAFII\/E3W95OgotnY\/s320\/uniasselvi6.jpg\" width=\"320\" height=\"178\" border=\"0\" \/><\/a><\/td>\n<\/tr>\n<tr>\n<td style=\"text-align: center;\"><span style=\"font-family: Arial, Helvetica, sans-serif; font-size: small; text-align: justify;\">\u00a0<span style=\"color: red;\">\u00a0<\/span><\/span><span style=\"color: red; text-align: justify;\"><span style=\"font-family: Arial, Helvetica, sans-serif; font-size: xx-small;\">\u00a0Acad\u00eamicos\u00a0em Gest\u00e3o P\u00fablica da Uniasselvi com o Prof. Celso Ataulfo.<\/span><\/span><\/td>\n<\/tr>\n<\/tbody>\n<\/table>\n<div style=\"text-align: justify;\"><span style=\"font-family: Arial, Helvetica, sans-serif;\">\u00a0<\/span><\/div>\n<div style=\"text-align: justify;\">\n<div style=\"clear: both; text-align: center;\"><\/div>\n<p><span style=\"font-family: Arial, Helvetica, sans-serif;\">Acad\u00eamicos em Gest\u00e3o P\u00fablica da Uniasselvi acompanhados do Professor, Celso Ataulfo fizeram visita nesta manh\u00e3 (23), ao lix\u00e3o da cidade de Itajuipe. A visita t\u00e9cnica faz parte das atividades acad\u00eamicas dos alunos sobre a Pol\u00edtica Nacional dos Res\u00edduos S\u00f3lidos. A visita teve o intuito de verificar como funcionam os lix\u00f5es, a partir da\u00ed, os alunos ir\u00e3o elabora em sala de aula um projeto para orientar a pratica de descartes, coleta seletiva e reciclagem do lixo.\u00a0<\/span><\/p>\n<\/div>\n<div style=\"text-align: justify;\"><span style=\"font-family: Arial, Helvetica, sans-serif;\">\u00a0<\/span><\/div>\n<div style=\"text-align: justify;\"><span style=\"font-family: Arial, Helvetica, sans-serif;\">Conforme determina\u00e7\u00e3o do Governo Federal em 2014 encerra-se, as atividades do lix\u00e3o. Os munic\u00edpios est\u00e3o encarregados de discutir e implantar o Plano Municipal de Saneamento B\u00e1sico para viabilizar implanta\u00e7\u00e3o de aterros sanit\u00e1rios, e ou, usina de reciclagem e compostagem.\u00a0<\/span><\/div>\n<div style=\"text-align: justify;\">\n<div style=\"clear: both; text-align: center;\"><\/div>\n<div style=\"clear: both; text-align: center;\"><\/div>\n<p><span style=\"font-family: Arial, Helvetica, sans-serif;\">\u00a0<\/span><\/p>\n<\/div>\n<div style=\"text-align: justify;\"><span style=\"font-family: Arial, Helvetica, sans-serif;\">ITAJU\u00cdPE<\/span><\/div>\n<div style=\"text-align: justify;\"><span style=\"font-family: Arial, Helvetica, sans-serif;\">Em Itajuipe a Secret\u00e1ria de Desenvolvimento Urbano e Meio Ambiente juntamente a Secretaria de Administra\u00e7\u00e3o e Finan\u00e7as j\u00e1 promoveu duas reuni\u00f5es com equipe t\u00e9cnica e uma com o Conselho Municipal de Meio Ambiente (COMAM) para discutir o Plano de Res\u00edduos S\u00f3lidos do\u00a0munic\u00edpio\u00a0com objetivo de cumprir a lei Federal.<\/span><\/div>\n","protected":false},"excerpt":{"rendered":"<p>\u00a0\u00a0\u00a0Acad\u00eamicos\u00a0em Gest\u00e3o P\u00fablica da Uniasselvi com o Prof. Celso Ataulfo. \u00a0 Acad\u00eamicos em Gest\u00e3o P\u00fablica da Uniasselvi acompanhados do Professor, Celso Ataulfo fizeram visita nesta manh\u00e3 (23), ao lix\u00e3o da&#8230;<\/p>\n","protected":false},"author":1,"featured_media":27078,"comment_status":"open","ping_status":"open","sticky":false,"template":"","format":"standard","meta":{"_editorskit_title_hidden":false,"_editorskit_reading_time":0,"_editorskit_is_block_options_detached":false,"_editorskit_block_options_position":"{}","om_disable_all_campaigns":false,"_mi_skip_tracking":false,"_kad_post_transparent":"","_kad_post_title":"","_kad_post_layout":"","_kad_post_sidebar_id":"","_kad_post_content_style":"","_kad_post_vertical_padding":"","_kad_post_feature":"","_kad_post_feature_position":"","_kad_post_header":false,"_kad_post_footer":false,"footnotes":""},"categories":[56],"tags":[],"class_list":["post-26953","post","type-post","status-publish","format-standard","has-post-thumbnail","hentry","category-meioambiente"],"yoast_head":"<!-- This site is optimized with the Yoast SEO plugin v20.5 - https:\/\/yoast.com\/wordpress\/plugins\/seo\/ -->\n<title>ITAJU\u00cdPE: ACAD\u00caMICOS EM GEST\u00c3O P\u00daBLICA DA UNIASSELVI VISITAM LIX\u00c3O. - blog do er\u00ea<\/title>\n<meta name=\"robots\" content=\"index, follow, max-snippet:-1, max-image-preview:large, max-video-preview:-1\" \/>\n<link rel=\"canonical\" href=\"https:\/\/blogdoere.com.br\/?p=26953\" \/>\n<meta property=\"og:locale\" content=\"pt_PT\" \/>\n<meta property=\"og:type\" content=\"article\" \/>\n<meta property=\"og:title\" content=\"ITAJU\u00cdPE: ACAD\u00caMICOS EM GEST\u00c3O P\u00daBLICA DA UNIASSELVI VISITAM LIX\u00c3O. - blog do er\u00ea\" \/>\n<meta property=\"og:description\" content=\"\u00a0\u00a0\u00a0Acad\u00eamicos\u00a0em Gest\u00e3o P\u00fablica da Uniasselvi com o Prof. Celso Ataulfo. \u00a0 Acad\u00eamicos em Gest\u00e3o P\u00fablica da Uniasselvi acompanhados do Professor, Celso Ataulfo fizeram visita nesta manh\u00e3 (23), ao lix\u00e3o da...\" \/>\n<meta property=\"og:url\" content=\"https:\/\/blogdoere.com.br\/?p=26953\" \/>\n<meta property=\"og:site_name\" content=\"blog do er\u00ea\" \/>\n<meta property=\"article:published_time\" content=\"2013-03-24T00:56:00+00:00\" \/>\n<meta property=\"article:modified_time\" content=\"2021-11-04T13:57:50+00:00\" \/>\n<meta property=\"og:image\" content=\"https:\/\/blogdoere.com.br\/wp-content\/uploads\/2013\/03\/DSC_0065.jpg\" \/>\n\t<meta property=\"og:image:width\" content=\"320\" \/>\n\t<meta property=\"og:image:height\" content=\"212\" \/>\n\t<meta property=\"og:image:type\" content=\"image\/jpeg\" \/>\n<meta name=\"author\" content=\"blogdoere@hotmail.com\" \/>\n<meta name=\"twitter:card\" content=\"summary_large_image\" \/>\n<meta name=\"twitter:label1\" content=\"Escrito por\" \/>\n\t<meta name=\"twitter:data1\" content=\"blogdoere@hotmail.com\" \/>\n\t<meta name=\"twitter:label2\" content=\"Tempo estimado de leitura\" \/>\n\t<meta name=\"twitter:data2\" content=\"1 minuto\" \/>\n<script type=\"application\/ld+json\" class=\"yoast-schema-graph\">{\"@context\":\"https:\/\/schema.org\",\"@graph\":[{\"@type\":\"Article\",\"@id\":\"https:\/\/blogdoere.com.br\/?p=26953#article\",\"isPartOf\":{\"@id\":\"https:\/\/blogdoere.com.br\/?p=26953\"},\"author\":{\"name\":\"blogdoere@hotmail.com\",\"@id\":\"https:\/\/blogdoere.com.br\/#\/schema\/person\/c4f6d566a44c7bacdda563667715d18b\"},\"headline\":\"ITAJU\u00cdPE: ACAD\u00caMICOS EM GEST\u00c3O P\u00daBLICA DA UNIASSELVI VISITAM LIX\u00c3O.\",\"datePublished\":\"2013-03-24T00:56:00+00:00\",\"dateModified\":\"2021-11-04T13:57:50+00:00\",\"mainEntityOfPage\":{\"@id\":\"https:\/\/blogdoere.com.br\/?p=26953\"},\"wordCount\":218,\"commentCount\":1,\"publisher\":{\"@id\":\"https:\/\/blogdoere.com.br\/#organization\"},\"articleSection\":[\"Meio Ambiente\"],\"inLanguage\":\"pt-PT\",\"potentialAction\":[{\"@type\":\"CommentAction\",\"name\":\"Comment\",\"target\":[\"https:\/\/blogdoere.com.br\/?p=26953#respond\"]}]},{\"@type\":\"WebPage\",\"@id\":\"https:\/\/blogdoere.com.br\/?p=26953\",\"url\":\"https:\/\/blogdoere.com.br\/?p=26953\",\"name\":\"ITAJU\u00cdPE: ACAD\u00caMICOS EM GEST\u00c3O P\u00daBLICA DA UNIASSELVI VISITAM LIX\u00c3O. - blog do er\u00ea\",\"isPartOf\":{\"@id\":\"https:\/\/blogdoere.com.br\/#website\"},\"datePublished\":\"2013-03-24T00:56:00+00:00\",\"dateModified\":\"2021-11-04T13:57:50+00:00\",\"breadcrumb\":{\"@id\":\"https:\/\/blogdoere.com.br\/?p=26953#breadcrumb\"},\"inLanguage\":\"pt-PT\",\"potentialAction\":[{\"@type\":\"ReadAction\",\"target\":[\"https:\/\/blogdoere.com.br\/?p=26953\"]}]},{\"@type\":\"BreadcrumbList\",\"@id\":\"https:\/\/blogdoere.com.br\/?p=26953#breadcrumb\",\"itemListElement\":[{\"@type\":\"ListItem\",\"position\":1,\"name\":\"In\u00edcio\",\"item\":\"https:\/\/blogdoere.com.br\/\"},{\"@type\":\"ListItem\",\"position\":2,\"name\":\"ITAJU\u00cdPE: ACAD\u00caMICOS EM GEST\u00c3O P\u00daBLICA DA UNIASSELVI VISITAM LIX\u00c3O.\"}]},{\"@type\":\"WebSite\",\"@id\":\"https:\/\/blogdoere.com.br\/#website\",\"url\":\"https:\/\/blogdoere.com.br\/\",\"name\":\"blog do er\u00ea\",\"description\":\"\",\"publisher\":{\"@id\":\"https:\/\/blogdoere.com.br\/#organization\"},\"potentialAction\":[{\"@type\":\"SearchAction\",\"target\":{\"@type\":\"EntryPoint\",\"urlTemplate\":\"https:\/\/blogdoere.com.br\/?s={search_term_string}\"},\"query-input\":\"required name=search_term_string\"}],\"inLanguage\":\"pt-PT\"},{\"@type\":\"Organization\",\"@id\":\"https:\/\/blogdoere.com.br\/#organization\",\"name\":\"Blog do Er\u00ea\",\"url\":\"https:\/\/blogdoere.com.br\/\",\"logo\":{\"@type\":\"ImageObject\",\"inLanguage\":\"pt-PT\",\"@id\":\"https:\/\/blogdoere.com.br\/#\/schema\/logo\/image\/\",\"url\":\"https:\/\/blogdoere.com.br\/wp-content\/uploads\/2021\/11\/Logo-Ere-1.png\",\"contentUrl\":\"https:\/\/blogdoere.com.br\/wp-content\/uploads\/2021\/11\/Logo-Ere-1.png\",\"width\":1261,\"height\":1330,\"caption\":\"Blog do Er\u00ea\"},\"image\":{\"@id\":\"https:\/\/blogdoere.com.br\/#\/schema\/logo\/image\/\"}},{\"@type\":\"Person\",\"@id\":\"https:\/\/blogdoere.com.br\/#\/schema\/person\/c4f6d566a44c7bacdda563667715d18b\",\"name\":\"blogdoere@hotmail.com\",\"image\":{\"@type\":\"ImageObject\",\"inLanguage\":\"pt-PT\",\"@id\":\"https:\/\/blogdoere.com.br\/#\/schema\/person\/image\/\",\"url\":\"https:\/\/secure.gravatar.com\/avatar\/5684bd39df1289cb639b4ab539d6fcad69420e4a29521548fc078c58ed122fe6?s=96&d=mm&r=g\",\"contentUrl\":\"https:\/\/secure.gravatar.com\/avatar\/5684bd39df1289cb639b4ab539d6fcad69420e4a29521548fc078c58ed122fe6?s=96&d=mm&r=g\",\"caption\":\"blogdoere@hotmail.com\"},\"sameAs\":[\"http:\/\/blogdoere.com.br\"]}]}<\/script>\n<!-- \/ Yoast SEO plugin. -->","yoast_head_json":{"title":"ITAJU\u00cdPE: ACAD\u00caMICOS EM GEST\u00c3O P\u00daBLICA DA UNIASSELVI VISITAM LIX\u00c3O. - blog do er\u00ea","robots":{"index":"index","follow":"follow","max-snippet":"max-snippet:-1","max-image-preview":"max-image-preview:large","max-video-preview":"max-video-preview:-1"},"canonical":"https:\/\/blogdoere.com.br\/?p=26953","og_locale":"pt_PT","og_type":"article","og_title":"ITAJU\u00cdPE: ACAD\u00caMICOS EM GEST\u00c3O P\u00daBLICA DA UNIASSELVI VISITAM LIX\u00c3O. - blog do er\u00ea","og_description":"\u00a0\u00a0\u00a0Acad\u00eamicos\u00a0em Gest\u00e3o P\u00fablica da Uniasselvi com o Prof. Celso Ataulfo. \u00a0 Acad\u00eamicos em Gest\u00e3o P\u00fablica da Uniasselvi acompanhados do Professor, Celso Ataulfo fizeram visita nesta manh\u00e3 (23), ao lix\u00e3o da...","og_url":"https:\/\/blogdoere.com.br\/?p=26953","og_site_name":"blog do er\u00ea","article_published_time":"2013-03-24T00:56:00+00:00","article_modified_time":"2021-11-04T13:57:50+00:00","og_image":[{"width":320,"height":212,"url":"https:\/\/blogdoere.com.br\/wp-content\/uploads\/2013\/03\/DSC_0065.jpg","type":"image\/jpeg"}],"author":"blogdoere@hotmail.com","twitter_card":"summary_large_image","twitter_misc":{"Escrito por":"blogdoere@hotmail.com","Tempo estimado de leitura":"1 minuto"},"schema":{"@context":"https:\/\/schema.org","@graph":[{"@type":"Article","@id":"https:\/\/blogdoere.com.br\/?p=26953#article","isPartOf":{"@id":"https:\/\/blogdoere.com.br\/?p=26953"},"author":{"name":"blogdoere@hotmail.com","@id":"https:\/\/blogdoere.com.br\/#\/schema\/person\/c4f6d566a44c7bacdda563667715d18b"},"headline":"ITAJU\u00cdPE: ACAD\u00caMICOS EM GEST\u00c3O P\u00daBLICA DA UNIASSELVI VISITAM LIX\u00c3O.","datePublished":"2013-03-24T00:56:00+00:00","dateModified":"2021-11-04T13:57:50+00:00","mainEntityOfPage":{"@id":"https:\/\/blogdoere.com.br\/?p=26953"},"wordCount":218,"commentCount":1,"publisher":{"@id":"https:\/\/blogdoere.com.br\/#organization"},"articleSection":["Meio Ambiente"],"inLanguage":"pt-PT","potentialAction":[{"@type":"CommentAction","name":"Comment","target":["https:\/\/blogdoere.com.br\/?p=26953#respond"]}]},{"@type":"WebPage","@id":"https:\/\/blogdoere.com.br\/?p=26953","url":"https:\/\/blogdoere.com.br\/?p=26953","name":"ITAJU\u00cdPE: ACAD\u00caMICOS EM GEST\u00c3O P\u00daBLICA DA UNIASSELVI VISITAM LIX\u00c3O. - blog do er\u00ea","isPartOf":{"@id":"https:\/\/blogdoere.com.br\/#website"},"datePublished":"2013-03-24T00:56:00+00:00","dateModified":"2021-11-04T13:57:50+00:00","breadcrumb":{"@id":"https:\/\/blogdoere.com.br\/?p=26953#breadcrumb"},"inLanguage":"pt-PT","potentialAction":[{"@type":"ReadAction","target":["https:\/\/blogdoere.com.br\/?p=26953"]}]},{"@type":"BreadcrumbList","@id":"https:\/\/blogdoere.com.br\/?p=26953#breadcrumb","itemListElement":[{"@type":"ListItem","position":1,"name":"In\u00edcio","item":"https:\/\/blogdoere.com.br\/"},{"@type":"ListItem","position":2,"name":"ITAJU\u00cdPE: ACAD\u00caMICOS EM GEST\u00c3O P\u00daBLICA DA UNIASSELVI VISITAM LIX\u00c3O."}]},{"@type":"WebSite","@id":"https:\/\/blogdoere.com.br\/#website","url":"https:\/\/blogdoere.com.br\/","name":"blog do er\u00ea","description":"","publisher":{"@id":"https:\/\/blogdoere.com.br\/#organization"},"potentialAction":[{"@type":"SearchAction","target":{"@type":"EntryPoint","urlTemplate":"https:\/\/blogdoere.com.br\/?s={search_term_string}"},"query-input":"required name=search_term_string"}],"inLanguage":"pt-PT"},{"@type":"Organization","@id":"https:\/\/blogdoere.com.br\/#organization","name":"Blog do Er\u00ea","url":"https:\/\/blogdoere.com.br\/","logo":{"@type":"ImageObject","inLanguage":"pt-PT","@id":"https:\/\/blogdoere.com.br\/#\/schema\/logo\/image\/","url":"https:\/\/blogdoere.com.br\/wp-content\/uploads\/2021\/11\/Logo-Ere-1.png","contentUrl":"https:\/\/blogdoere.com.br\/wp-content\/uploads\/2021\/11\/Logo-Ere-1.png","width":1261,"height":1330,"caption":"Blog do Er\u00ea"},"image":{"@id":"https:\/\/blogdoere.com.br\/#\/schema\/logo\/image\/"}},{"@type":"Person","@id":"https:\/\/blogdoere.com.br\/#\/schema\/person\/c4f6d566a44c7bacdda563667715d18b","name":"blogdoere@hotmail.com","image":{"@type":"ImageObject","inLanguage":"pt-PT","@id":"https:\/\/blogdoere.com.br\/#\/schema\/person\/image\/","url":"https:\/\/secure.gravatar.com\/avatar\/5684bd39df1289cb639b4ab539d6fcad69420e4a29521548fc078c58ed122fe6?s=96&d=mm&r=g","contentUrl":"https:\/\/secure.gravatar.com\/avatar\/5684bd39df1289cb639b4ab539d6fcad69420e4a29521548fc078c58ed122fe6?s=96&d=mm&r=g","caption":"blogdoere@hotmail.com"},"sameAs":["http:\/\/blogdoere.com.br"]}]}},"featured_image_urls":{"full":["https:\/\/blogdoere.com.br\/wp-content\/uploads\/2013\/03\/DSC_0065.jpg",320,212,false],"thumbnail":["https:\/\/blogdoere.com.br\/wp-content\/uploads\/2013\/03\/DSC_0065-150x150.jpg",150,150,true],"medium":["https:\/\/blogdoere.com.br\/wp-content\/uploads\/2013\/03\/DSC_0065-300x199.jpg",300,199,true],"medium_large":["https:\/\/blogdoere.com.br\/wp-content\/uploads\/2013\/03\/DSC_0065.jpg",320,212,false],"large":["https:\/\/blogdoere.com.br\/wp-content\/uploads\/2013\/03\/DSC_0065.jpg",320,212,false],"1536x1536":["https:\/\/blogdoere.com.br\/wp-content\/uploads\/2013\/03\/DSC_0065.jpg",320,212,false],"2048x2048":["https:\/\/blogdoere.com.br\/wp-content\/uploads\/2013\/03\/DSC_0065.jpg",320,212,false]},"author_info":{"display_name":"blogdoere@hotmail.com","author_link":"https:\/\/blogdoere.com.br\/?author=1"},"category_info":"<a href=\"https:\/\/blogdoere.com.br\/?cat=56\" rel=\"category\">Meio Ambiente<\/a>","tag_info":"Meio Ambiente","comment_count":"1","_links":{"self":[{"href":"https:\/\/blogdoere.com.br\/index.php?rest_route=\/wp\/v2\/posts\/26953","targetHints":{"allow":["GET"]}}],"collection":[{"href":"https:\/\/blogdoere.com.br\/index.php?rest_route=\/wp\/v2\/posts"}],"about":[{"href":"https:\/\/blogdoere.com.br\/index.php?rest_route=\/wp\/v2\/types\/post"}],"author":[{"embeddable":true,"href":"https:\/\/blogdoere.com.br\/index.php?rest_route=\/wp\/v2\/users\/1"}],"replies":[{"embeddable":true,"href":"https:\/\/blogdoere.com.br\/index.php?rest_route=%2Fwp%2Fv2%2Fcomments&post=26953"}],"version-history":[{"count":1,"href":"https:\/\/blogdoere.com.br\/index.php?rest_route=\/wp\/v2\/posts\/26953\/revisions"}],"predecessor-version":[{"id":27079,"href":"https:\/\/blogdoere.com.br\/index.php?rest_route=\/wp\/v2\/posts\/26953\/revisions\/27079"}],"wp:featuredmedia":[{"embeddable":true,"href":"https:\/\/blogdoere.com.br\/index.php?rest_route=\/wp\/v2\/media\/27078"}],"wp:attachment":[{"href":"https:\/\/blogdoere.com.br\/index.php?rest_route=%2Fwp%2Fv2%2Fmedia&parent=26953"}],"wp:term":[{"taxonomy":"category","embeddable":true,"href":"https:\/\/blogdoere.com.br\/index.php?rest_route=%2Fwp%2Fv2%2Fcategories&post=26953"},{"taxonomy":"post_tag","embeddable":true,"href":"https:\/\/blogdoere.com.br\/index.php?rest_route=%2Fwp%2Fv2%2Ftags&post=26953"}],"curies":[{"name":"wp","href":"https:\/\/api.w.org\/{rel}","templated":true}]}}