{"id":26955,"date":"2013-03-23T01:19:00","date_gmt":"2013-03-23T01:19:00","guid":{"rendered":"http:\/\/blogdoere.com.br\/?p=26955"},"modified":"2013-03-23T01:19:00","modified_gmt":"2013-03-23T01:19:00","slug":"campos-diz-ter-mais-coisas-em-comum-com-serra-do-que-com-alguns-aliados","status":"publish","type":"post","link":"https:\/\/blogdoere.com.br\/?p=26955","title":{"rendered":"CAMPOS DIZ TER MAIS COISAS EM COMUM COM SERRA DO QUE COM ALGUNS ALIADOS"},"content":{"rendered":"<div style=\"text-align: center;\"><img decoding=\"async\" alt=\"Campos diz ter mais coisas em comum com Serra do que com alguns aliados\" src=\"http:\/\/www.bahianoticias.com.br\/fotos\/principal_noticias\/133585\/IMAGEM_NOTICIA_5.jpg\" \/><\/div>\n<div style=\"text-align: center;\"><\/div>\n<div style=\"text-align: justify;\"><span style=\"font-family: Arial, Helvetica, sans-serif;\"><span style=\"color: #444444; line-height: 18px;\">O presidente nacional do PSB, Eduardo Campos, retribuiu &nbsp;os elogios que lhe foram feitos<\/span><span style=\"color: #444444; line-height: 18px;\">&nbsp;pelo ex-governador de S\u00e3o Paulo, Jos\u00e9 Serra (PSDB), e disse ter mais semelhan\u00e7as com o tucano do que com alguns aliados. \u201cEsse campo em que Serra sempre militou \u00e9 um campo mais pr\u00f3ximo do nosso campo pol\u00edtico do que muita gente que est\u00e1 conosco e esteve conosco na base de sustenta\u00e7\u00e3o do presidente Lula. Todo mundo sabe disso\u201d, disse o governador de Pernambuco nesta sexta-feira (22). A declara\u00e7\u00e3o de Campos, poss\u00edvel candidato \u00e0 Presid\u00eancia da Rep\u00fablica em 2014, foi feita em Recife, antes de ele participar do lan\u00e7amento de um livro patrocinado pela empreiteira OAS sobre artes\u00e3os pernambucanos. &nbsp;Entre as \u201cmuitas coisas em comum\u201d, Campos mencionou quest\u00f5es como a maior distribui\u00e7\u00e3o de renda, crescimento \u201cmais arrojado\u201d da economia e \u201cinova\u00e7\u00e3o que agregue valor \u00e0s nossas exporta\u00e7\u00f5es\u201d. \u201cN\u00e3o h\u00e1 diferen\u00e7a nisso em rela\u00e7\u00e3o a muitos que est\u00e3o na base do governo e outros que est\u00e3o na oposi\u00e7\u00e3o\u201d, defendeu.<\/span><\/span><\/div>\n","protected":false},"excerpt":{"rendered":"<p>O presidente nacional do PSB, Eduardo Campos, retribuiu &nbsp;os elogios que lhe foram feitos&nbsp;pelo ex-governador de S\u00e3o Paulo, Jos\u00e9 Serra (PSDB), e disse ter mais semelhan\u00e7as com o tucano do&#8230;<\/p>\n","protected":false},"author":1,"featured_media":0,"comment_status":"open","ping_status":"open","sticky":false,"template":"","format":"standard","meta":{"_editorskit_title_hidden":false,"_editorskit_reading_time":0,"_editorskit_is_block_options_detached":false,"_editorskit_block_options_position":"{}","om_disable_all_campaigns":false,"_mi_skip_tracking":false,"_kad_post_transparent":"","_kad_post_title":"","_kad_post_layout":"","_kad_post_sidebar_id":"","_kad_post_content_style":"","_kad_post_vertical_padding":"","_kad_post_feature":"","_kad_post_feature_position":"","_kad_post_header":false,"_kad_post_footer":false,"footnotes":""},"categories":[1],"tags":[],"class_list":["post-26955","post","type-post","status-publish","format-standard","hentry","category-destaques"],"yoast_head":"<!-- This site is optimized with the Yoast SEO plugin v20.5 - https:\/\/yoast.com\/wordpress\/plugins\/seo\/ -->\n<title>CAMPOS DIZ TER MAIS COISAS EM COMUM COM SERRA DO QUE COM ALGUNS ALIADOS - blog do er\u00ea<\/title>\n<meta name=\"robots\" content=\"index, follow, max-snippet:-1, max-image-preview:large, max-video-preview:-1\" \/>\n<link rel=\"canonical\" href=\"https:\/\/blogdoere.com.br\/?p=26955\" \/>\n<meta property=\"og:locale\" content=\"pt_PT\" \/>\n<meta property=\"og:type\" content=\"article\" \/>\n<meta property=\"og:title\" content=\"CAMPOS DIZ TER MAIS COISAS EM COMUM COM SERRA DO QUE COM ALGUNS ALIADOS - blog do er\u00ea\" \/>\n<meta property=\"og:description\" content=\"O presidente nacional do PSB, Eduardo Campos, retribuiu &nbsp;os elogios que lhe foram feitos&nbsp;pelo ex-governador de S\u00e3o Paulo, Jos\u00e9 Serra (PSDB), e disse ter mais semelhan\u00e7as com o tucano do...\" \/>\n<meta property=\"og:url\" content=\"https:\/\/blogdoere.com.br\/?p=26955\" \/>\n<meta property=\"og:site_name\" content=\"blog do er\u00ea\" \/>\n<meta property=\"article:published_time\" content=\"2013-03-23T01:19:00+00:00\" \/>\n<meta property=\"og:image\" content=\"http:\/\/www.bahianoticias.com.br\/fotos\/principal_noticias\/133585\/IMAGEM_NOTICIA_5.jpg\" \/>\n<meta name=\"author\" content=\"blogdoere@hotmail.com\" \/>\n<meta name=\"twitter:card\" content=\"summary_large_image\" \/>\n<meta name=\"twitter:label1\" content=\"Escrito por\" \/>\n\t<meta name=\"twitter:data1\" content=\"blogdoere@hotmail.com\" \/>\n\t<meta name=\"twitter:label2\" content=\"Tempo estimado de leitura\" \/>\n\t<meta name=\"twitter:data2\" content=\"1 minuto\" \/>\n<script type=\"application\/ld+json\" class=\"yoast-schema-graph\">{\"@context\":\"https:\/\/schema.org\",\"@graph\":[{\"@type\":\"Article\",\"@id\":\"https:\/\/blogdoere.com.br\/?p=26955#article\",\"isPartOf\":{\"@id\":\"https:\/\/blogdoere.com.br\/?p=26955\"},\"author\":{\"name\":\"blogdoere@hotmail.com\",\"@id\":\"https:\/\/blogdoere.com.br\/#\/schema\/person\/c4f6d566a44c7bacdda563667715d18b\"},\"headline\":\"CAMPOS DIZ TER MAIS COISAS EM COMUM COM SERRA DO QUE COM ALGUNS ALIADOS\",\"datePublished\":\"2013-03-23T01:19:00+00:00\",\"dateModified\":\"2013-03-23T01:19:00+00:00\",\"mainEntityOfPage\":{\"@id\":\"https:\/\/blogdoere.com.br\/?p=26955\"},\"wordCount\":195,\"commentCount\":0,\"publisher\":{\"@id\":\"https:\/\/blogdoere.com.br\/#organization\"},\"articleSection\":[\"Destaques\"],\"inLanguage\":\"pt-PT\",\"potentialAction\":[{\"@type\":\"CommentAction\",\"name\":\"Comment\",\"target\":[\"https:\/\/blogdoere.com.br\/?p=26955#respond\"]}]},{\"@type\":\"WebPage\",\"@id\":\"https:\/\/blogdoere.com.br\/?p=26955\",\"url\":\"https:\/\/blogdoere.com.br\/?p=26955\",\"name\":\"CAMPOS DIZ TER MAIS COISAS EM COMUM COM SERRA DO QUE COM ALGUNS ALIADOS - blog do er\u00ea\",\"isPartOf\":{\"@id\":\"https:\/\/blogdoere.com.br\/#website\"},\"datePublished\":\"2013-03-23T01:19:00+00:00\",\"dateModified\":\"2013-03-23T01:19:00+00:00\",\"breadcrumb\":{\"@id\":\"https:\/\/blogdoere.com.br\/?p=26955#breadcrumb\"},\"inLanguage\":\"pt-PT\",\"potentialAction\":[{\"@type\":\"ReadAction\",\"target\":[\"https:\/\/blogdoere.com.br\/?p=26955\"]}]},{\"@type\":\"BreadcrumbList\",\"@id\":\"https:\/\/blogdoere.com.br\/?p=26955#breadcrumb\",\"itemListElement\":[{\"@type\":\"ListItem\",\"position\":1,\"name\":\"In\u00edcio\",\"item\":\"https:\/\/blogdoere.com.br\/\"},{\"@type\":\"ListItem\",\"position\":2,\"name\":\"CAMPOS DIZ TER MAIS COISAS EM COMUM COM SERRA DO QUE COM ALGUNS ALIADOS\"}]},{\"@type\":\"WebSite\",\"@id\":\"https:\/\/blogdoere.com.br\/#website\",\"url\":\"https:\/\/blogdoere.com.br\/\",\"name\":\"blog do er\u00ea\",\"description\":\"\",\"publisher\":{\"@id\":\"https:\/\/blogdoere.com.br\/#organization\"},\"potentialAction\":[{\"@type\":\"SearchAction\",\"target\":{\"@type\":\"EntryPoint\",\"urlTemplate\":\"https:\/\/blogdoere.com.br\/?s={search_term_string}\"},\"query-input\":\"required name=search_term_string\"}],\"inLanguage\":\"pt-PT\"},{\"@type\":\"Organization\",\"@id\":\"https:\/\/blogdoere.com.br\/#organization\",\"name\":\"Blog do Er\u00ea\",\"url\":\"https:\/\/blogdoere.com.br\/\",\"logo\":{\"@type\":\"ImageObject\",\"inLanguage\":\"pt-PT\",\"@id\":\"https:\/\/blogdoere.com.br\/#\/schema\/logo\/image\/\",\"url\":\"https:\/\/blogdoere.com.br\/wp-content\/uploads\/2021\/11\/Logo-Ere-1.png\",\"contentUrl\":\"https:\/\/blogdoere.com.br\/wp-content\/uploads\/2021\/11\/Logo-Ere-1.png\",\"width\":1261,\"height\":1330,\"caption\":\"Blog do Er\u00ea\"},\"image\":{\"@id\":\"https:\/\/blogdoere.com.br\/#\/schema\/logo\/image\/\"}},{\"@type\":\"Person\",\"@id\":\"https:\/\/blogdoere.com.br\/#\/schema\/person\/c4f6d566a44c7bacdda563667715d18b\",\"name\":\"blogdoere@hotmail.com\",\"image\":{\"@type\":\"ImageObject\",\"inLanguage\":\"pt-PT\",\"@id\":\"https:\/\/blogdoere.com.br\/#\/schema\/person\/image\/\",\"url\":\"https:\/\/secure.gravatar.com\/avatar\/5684bd39df1289cb639b4ab539d6fcad69420e4a29521548fc078c58ed122fe6?s=96&d=mm&r=g\",\"contentUrl\":\"https:\/\/secure.gravatar.com\/avatar\/5684bd39df1289cb639b4ab539d6fcad69420e4a29521548fc078c58ed122fe6?s=96&d=mm&r=g\",\"caption\":\"blogdoere@hotmail.com\"},\"sameAs\":[\"http:\/\/blogdoere.com.br\"]}]}<\/script>\n<!-- \/ Yoast SEO plugin. -->","yoast_head_json":{"title":"CAMPOS DIZ TER MAIS COISAS EM COMUM COM SERRA DO QUE COM ALGUNS ALIADOS - blog do er\u00ea","robots":{"index":"index","follow":"follow","max-snippet":"max-snippet:-1","max-image-preview":"max-image-preview:large","max-video-preview":"max-video-preview:-1"},"canonical":"https:\/\/blogdoere.com.br\/?p=26955","og_locale":"pt_PT","og_type":"article","og_title":"CAMPOS DIZ TER MAIS COISAS EM COMUM COM SERRA DO QUE COM ALGUNS ALIADOS - blog do er\u00ea","og_description":"O presidente nacional do PSB, Eduardo Campos, retribuiu &nbsp;os elogios que lhe foram feitos&nbsp;pelo ex-governador de S\u00e3o Paulo, Jos\u00e9 Serra (PSDB), e disse ter mais semelhan\u00e7as com o tucano do...","og_url":"https:\/\/blogdoere.com.br\/?p=26955","og_site_name":"blog do er\u00ea","article_published_time":"2013-03-23T01:19:00+00:00","og_image":[{"url":"http:\/\/www.bahianoticias.com.br\/fotos\/principal_noticias\/133585\/IMAGEM_NOTICIA_5.jpg"}],"author":"blogdoere@hotmail.com","twitter_card":"summary_large_image","twitter_misc":{"Escrito por":"blogdoere@hotmail.com","Tempo estimado de leitura":"1 minuto"},"schema":{"@context":"https:\/\/schema.org","@graph":[{"@type":"Article","@id":"https:\/\/blogdoere.com.br\/?p=26955#article","isPartOf":{"@id":"https:\/\/blogdoere.com.br\/?p=26955"},"author":{"name":"blogdoere@hotmail.com","@id":"https:\/\/blogdoere.com.br\/#\/schema\/person\/c4f6d566a44c7bacdda563667715d18b"},"headline":"CAMPOS DIZ TER MAIS COISAS EM COMUM COM SERRA DO QUE COM ALGUNS ALIADOS","datePublished":"2013-03-23T01:19:00+00:00","dateModified":"2013-03-23T01:19:00+00:00","mainEntityOfPage":{"@id":"https:\/\/blogdoere.com.br\/?p=26955"},"wordCount":195,"commentCount":0,"publisher":{"@id":"https:\/\/blogdoere.com.br\/#organization"},"articleSection":["Destaques"],"inLanguage":"pt-PT","potentialAction":[{"@type":"CommentAction","name":"Comment","target":["https:\/\/blogdoere.com.br\/?p=26955#respond"]}]},{"@type":"WebPage","@id":"https:\/\/blogdoere.com.br\/?p=26955","url":"https:\/\/blogdoere.com.br\/?p=26955","name":"CAMPOS DIZ TER MAIS COISAS EM COMUM COM SERRA DO QUE COM ALGUNS ALIADOS - blog do er\u00ea","isPartOf":{"@id":"https:\/\/blogdoere.com.br\/#website"},"datePublished":"2013-03-23T01:19:00+00:00","dateModified":"2013-03-23T01:19:00+00:00","breadcrumb":{"@id":"https:\/\/blogdoere.com.br\/?p=26955#breadcrumb"},"inLanguage":"pt-PT","potentialAction":[{"@type":"ReadAction","target":["https:\/\/blogdoere.com.br\/?p=26955"]}]},{"@type":"BreadcrumbList","@id":"https:\/\/blogdoere.com.br\/?p=26955#breadcrumb","itemListElement":[{"@type":"ListItem","position":1,"name":"In\u00edcio","item":"https:\/\/blogdoere.com.br\/"},{"@type":"ListItem","position":2,"name":"CAMPOS DIZ TER MAIS COISAS EM COMUM COM SERRA DO QUE COM ALGUNS ALIADOS"}]},{"@type":"WebSite","@id":"https:\/\/blogdoere.com.br\/#website","url":"https:\/\/blogdoere.com.br\/","name":"blog do er\u00ea","description":"","publisher":{"@id":"https:\/\/blogdoere.com.br\/#organization"},"potentialAction":[{"@type":"SearchAction","target":{"@type":"EntryPoint","urlTemplate":"https:\/\/blogdoere.com.br\/?s={search_term_string}"},"query-input":"required name=search_term_string"}],"inLanguage":"pt-PT"},{"@type":"Organization","@id":"https:\/\/blogdoere.com.br\/#organization","name":"Blog do Er\u00ea","url":"https:\/\/blogdoere.com.br\/","logo":{"@type":"ImageObject","inLanguage":"pt-PT","@id":"https:\/\/blogdoere.com.br\/#\/schema\/logo\/image\/","url":"https:\/\/blogdoere.com.br\/wp-content\/uploads\/2021\/11\/Logo-Ere-1.png","contentUrl":"https:\/\/blogdoere.com.br\/wp-content\/uploads\/2021\/11\/Logo-Ere-1.png","width":1261,"height":1330,"caption":"Blog do Er\u00ea"},"image":{"@id":"https:\/\/blogdoere.com.br\/#\/schema\/logo\/image\/"}},{"@type":"Person","@id":"https:\/\/blogdoere.com.br\/#\/schema\/person\/c4f6d566a44c7bacdda563667715d18b","name":"blogdoere@hotmail.com","image":{"@type":"ImageObject","inLanguage":"pt-PT","@id":"https:\/\/blogdoere.com.br\/#\/schema\/person\/image\/","url":"https:\/\/secure.gravatar.com\/avatar\/5684bd39df1289cb639b4ab539d6fcad69420e4a29521548fc078c58ed122fe6?s=96&d=mm&r=g","contentUrl":"https:\/\/secure.gravatar.com\/avatar\/5684bd39df1289cb639b4ab539d6fcad69420e4a29521548fc078c58ed122fe6?s=96&d=mm&r=g","caption":"blogdoere@hotmail.com"},"sameAs":["http:\/\/blogdoere.com.br"]}]}},"featured_image_urls":{"full":"","thumbnail":"","medium":"","medium_large":"","large":"","1536x1536":"","2048x2048":""},"author_info":{"display_name":"blogdoere@hotmail.com","author_link":"https:\/\/blogdoere.com.br\/?author=1"},"category_info":"<a href=\"https:\/\/blogdoere.com.br\/?cat=1\" rel=\"category\">Destaques<\/a>","tag_info":"Destaques","comment_count":"0","_links":{"self":[{"href":"https:\/\/blogdoere.com.br\/index.php?rest_route=\/wp\/v2\/posts\/26955","targetHints":{"allow":["GET"]}}],"collection":[{"href":"https:\/\/blogdoere.com.br\/index.php?rest_route=\/wp\/v2\/posts"}],"about":[{"href":"https:\/\/blogdoere.com.br\/index.php?rest_route=\/wp\/v2\/types\/post"}],"author":[{"embeddable":true,"href":"https:\/\/blogdoere.com.br\/index.php?rest_route=\/wp\/v2\/users\/1"}],"replies":[{"embeddable":true,"href":"https:\/\/blogdoere.com.br\/index.php?rest_route=%2Fwp%2Fv2%2Fcomments&post=26955"}],"version-history":[{"count":0,"href":"https:\/\/blogdoere.com.br\/index.php?rest_route=\/wp\/v2\/posts\/26955\/revisions"}],"wp:attachment":[{"href":"https:\/\/blogdoere.com.br\/index.php?rest_route=%2Fwp%2Fv2%2Fmedia&parent=26955"}],"wp:term":[{"taxonomy":"category","embeddable":true,"href":"https:\/\/blogdoere.com.br\/index.php?rest_route=%2Fwp%2Fv2%2Fcategories&post=26955"},{"taxonomy":"post_tag","embeddable":true,"href":"https:\/\/blogdoere.com.br\/index.php?rest_route=%2Fwp%2Fv2%2Ftags&post=26955"}],"curies":[{"name":"wp","href":"https:\/\/api.w.org\/{rel}","templated":true}]}}