{"id":26962,"date":"2013-03-20T01:32:00","date_gmt":"2013-03-20T01:32:00","guid":{"rendered":"http:\/\/blogdoere.com.br\/?p=26962"},"modified":"2021-11-03T04:33:28","modified_gmt":"2021-11-03T04:33:28","slug":"escolas-poderao-adequar-calendario-a-copa-do-mundo","status":"publish","type":"post","link":"https:\/\/blogdoere.com.br\/?p=26962","title":{"rendered":"ESCOLAS PODER\u00c3O ADEQUAR CALEND\u00c1RIO \u00c0 COPA DO MUNDO."},"content":{"rendered":"<div style=\"text-align: center;\"><span style=\"-webkit-text-size-adjust: auto; -webkit-text-stroke-width: 0px; color: #444444; display: inline !important; float: none; font-size-adjust: none; font-stretch: normal; font: 12px\/18px Tahoma, Geneva, sans-serif; letter-spacing: normal; text-align: left; text-indent: 0px; text-transform: none; white-space: normal; word-spacing: 0px;\"><img decoding=\"async\" src=\"http:\/\/www.bahianoticias.com.br\/fotos\/principal_noticias\/133418\/IMAGEM_NOTICIA_5.jpg\" alt=\"Escolas poder\u00e3o adequar calend\u00e1rio \u00e0 Copa do Mundo\" \/><\/span><\/div>\n<div style=\"text-align: center;\"><\/div>\n<div style=\"text-align: justify;\"><span style=\"-webkit-text-size-adjust: auto; -webkit-text-stroke-width: 0px; color: #444444; display: inline !important; float: none; font-family: Tahoma, Geneva, sans-serif; font-style: normal; font-variant: normal; font-weight: normal; letter-spacing: normal; line-height: 18px; text-align: left; text-indent: 0px; text-transform: none; white-space: normal; word-spacing: 0px;\"><span style=\"font-family: Arial, Helvetica, sans-serif;\">Um parecer do Conselho Nacional de Educa\u00e7\u00e3o (CNE), homologado nesta ter\u00e7a-feira (19) pelo<\/span><\/span><span style=\"-webkit-text-size-adjust: auto; -webkit-text-stroke-width: 0px; color: #444444; display: inline !important; float: none; font-family: Tahoma, Geneva, sans-serif; font-style: normal; font-variant: normal; font-weight: normal; letter-spacing: normal; line-height: 18px; text-align: left; text-indent: 0px; text-transform: none; white-space: normal; word-spacing: 0px;\"><span style=\"font-family: Arial, Helvetica, sans-serif;\">\u00a0Minist\u00e9rio da Educa\u00e7\u00e3o, estabelece que as escolas brasileiras, p\u00fablicas e privadas, dever\u00e3o, durante a Copa do Mundo, dar prioridade ao cumprimento dos 200 dias letivos. A medida da Lei de Diretrizes de Base (LDB) sobrep\u00f5e \u00e0 Lei Geral da Copa, que, no artigo 64 previa uma adequa\u00e7\u00e3o dos calend\u00e1rios escolares de modo que as f\u00e9rias ocorressem entre a abertura e o encerramento dos jogos. A altera\u00e7\u00e3o nos calend\u00e1rios poder\u00e1 ser feita, mas o m\u00ednimo de 800 horas-aula em 200 dias dever\u00e1 ser respeitado. Entretanto, segundo o conselheiro do CNE Mozart Neves Ramos, cidades-sede da Copa poder\u00e3o realizar \u201ceventuais ajustes\u201d. Informa\u00e7\u00f5es Estad\u00e3o.<\/span><\/span><\/div>\n","protected":false},"excerpt":{"rendered":"<p>Um parecer do Conselho Nacional de Educa\u00e7\u00e3o (CNE), homologado nesta ter\u00e7a-feira (19) pelo\u00a0Minist\u00e9rio da Educa\u00e7\u00e3o, estabelece que as escolas brasileiras, p\u00fablicas e privadas, dever\u00e3o, durante a Copa do Mundo, dar&#8230;<\/p>\n","protected":false},"author":1,"featured_media":27060,"comment_status":"open","ping_status":"open","sticky":false,"template":"","format":"standard","meta":{"_editorskit_title_hidden":false,"_editorskit_reading_time":0,"_editorskit_is_block_options_detached":false,"_editorskit_block_options_position":"{}","om_disable_all_campaigns":false,"_mi_skip_tracking":false,"_kad_post_transparent":"","_kad_post_title":"","_kad_post_layout":"","_kad_post_sidebar_id":"","_kad_post_content_style":"","_kad_post_vertical_padding":"","_kad_post_feature":"","_kad_post_feature_position":"","_kad_post_header":false,"_kad_post_footer":false,"footnotes":""},"categories":[66],"tags":[],"class_list":["post-26962","post","type-post","status-publish","format-standard","has-post-thumbnail","hentry","category-esporte"],"yoast_head":"<!-- This site is optimized with the Yoast SEO plugin v20.5 - https:\/\/yoast.com\/wordpress\/plugins\/seo\/ -->\n<title>ESCOLAS PODER\u00c3O ADEQUAR CALEND\u00c1RIO \u00c0 COPA DO MUNDO. - blog do er\u00ea<\/title>\n<meta name=\"robots\" content=\"index, follow, max-snippet:-1, max-image-preview:large, max-video-preview:-1\" \/>\n<link rel=\"canonical\" href=\"https:\/\/blogdoere.com.br\/?p=26962\" \/>\n<meta property=\"og:locale\" content=\"pt_PT\" \/>\n<meta property=\"og:type\" content=\"article\" \/>\n<meta property=\"og:title\" content=\"ESCOLAS PODER\u00c3O ADEQUAR CALEND\u00c1RIO \u00c0 COPA DO MUNDO. - blog do er\u00ea\" \/>\n<meta property=\"og:description\" content=\"Um parecer do Conselho Nacional de Educa\u00e7\u00e3o (CNE), homologado nesta ter\u00e7a-feira (19) pelo\u00a0Minist\u00e9rio da Educa\u00e7\u00e3o, estabelece que as escolas brasileiras, p\u00fablicas e privadas, dever\u00e3o, durante a Copa do Mundo, dar...\" \/>\n<meta property=\"og:url\" content=\"https:\/\/blogdoere.com.br\/?p=26962\" \/>\n<meta property=\"og:site_name\" content=\"blog do er\u00ea\" \/>\n<meta property=\"article:published_time\" content=\"2013-03-20T01:32:00+00:00\" \/>\n<meta property=\"article:modified_time\" content=\"2021-11-03T04:33:28+00:00\" \/>\n<meta property=\"og:image\" content=\"https:\/\/blogdoere.com.br\/wp-content\/uploads\/2013\/03\/IMAGEM_NOTICIA_5.jpg\" \/>\n\t<meta property=\"og:image:width\" content=\"380\" \/>\n\t<meta property=\"og:image:height\" content=\"280\" \/>\n\t<meta property=\"og:image:type\" content=\"image\/jpeg\" \/>\n<meta name=\"author\" content=\"blogdoere@hotmail.com\" \/>\n<meta name=\"twitter:card\" content=\"summary_large_image\" \/>\n<meta name=\"twitter:label1\" content=\"Escrito por\" \/>\n\t<meta name=\"twitter:data1\" content=\"blogdoere@hotmail.com\" \/>\n\t<meta name=\"twitter:label2\" content=\"Tempo estimado de leitura\" \/>\n\t<meta name=\"twitter:data2\" content=\"1 minuto\" \/>\n<script type=\"application\/ld+json\" class=\"yoast-schema-graph\">{\"@context\":\"https:\/\/schema.org\",\"@graph\":[{\"@type\":\"Article\",\"@id\":\"https:\/\/blogdoere.com.br\/?p=26962#article\",\"isPartOf\":{\"@id\":\"https:\/\/blogdoere.com.br\/?p=26962\"},\"author\":{\"name\":\"blogdoere@hotmail.com\",\"@id\":\"https:\/\/blogdoere.com.br\/#\/schema\/person\/c4f6d566a44c7bacdda563667715d18b\"},\"headline\":\"ESCOLAS PODER\u00c3O ADEQUAR CALEND\u00c1RIO \u00c0 COPA DO MUNDO.\",\"datePublished\":\"2013-03-20T01:32:00+00:00\",\"dateModified\":\"2021-11-03T04:33:28+00:00\",\"mainEntityOfPage\":{\"@id\":\"https:\/\/blogdoere.com.br\/?p=26962\"},\"wordCount\":133,\"commentCount\":0,\"publisher\":{\"@id\":\"https:\/\/blogdoere.com.br\/#organization\"},\"articleSection\":[\"Esportes\"],\"inLanguage\":\"pt-PT\",\"potentialAction\":[{\"@type\":\"CommentAction\",\"name\":\"Comment\",\"target\":[\"https:\/\/blogdoere.com.br\/?p=26962#respond\"]}]},{\"@type\":\"WebPage\",\"@id\":\"https:\/\/blogdoere.com.br\/?p=26962\",\"url\":\"https:\/\/blogdoere.com.br\/?p=26962\",\"name\":\"ESCOLAS PODER\u00c3O ADEQUAR CALEND\u00c1RIO \u00c0 COPA DO MUNDO. - blog do er\u00ea\",\"isPartOf\":{\"@id\":\"https:\/\/blogdoere.com.br\/#website\"},\"datePublished\":\"2013-03-20T01:32:00+00:00\",\"dateModified\":\"2021-11-03T04:33:28+00:00\",\"breadcrumb\":{\"@id\":\"https:\/\/blogdoere.com.br\/?p=26962#breadcrumb\"},\"inLanguage\":\"pt-PT\",\"potentialAction\":[{\"@type\":\"ReadAction\",\"target\":[\"https:\/\/blogdoere.com.br\/?p=26962\"]}]},{\"@type\":\"BreadcrumbList\",\"@id\":\"https:\/\/blogdoere.com.br\/?p=26962#breadcrumb\",\"itemListElement\":[{\"@type\":\"ListItem\",\"position\":1,\"name\":\"In\u00edcio\",\"item\":\"https:\/\/blogdoere.com.br\/\"},{\"@type\":\"ListItem\",\"position\":2,\"name\":\"ESCOLAS PODER\u00c3O ADEQUAR CALEND\u00c1RIO \u00c0 COPA DO MUNDO.\"}]},{\"@type\":\"WebSite\",\"@id\":\"https:\/\/blogdoere.com.br\/#website\",\"url\":\"https:\/\/blogdoere.com.br\/\",\"name\":\"blog do er\u00ea\",\"description\":\"\",\"publisher\":{\"@id\":\"https:\/\/blogdoere.com.br\/#organization\"},\"potentialAction\":[{\"@type\":\"SearchAction\",\"target\":{\"@type\":\"EntryPoint\",\"urlTemplate\":\"https:\/\/blogdoere.com.br\/?s={search_term_string}\"},\"query-input\":\"required name=search_term_string\"}],\"inLanguage\":\"pt-PT\"},{\"@type\":\"Organization\",\"@id\":\"https:\/\/blogdoere.com.br\/#organization\",\"name\":\"Blog do Er\u00ea\",\"url\":\"https:\/\/blogdoere.com.br\/\",\"logo\":{\"@type\":\"ImageObject\",\"inLanguage\":\"pt-PT\",\"@id\":\"https:\/\/blogdoere.com.br\/#\/schema\/logo\/image\/\",\"url\":\"https:\/\/blogdoere.com.br\/wp-content\/uploads\/2021\/11\/Logo-Ere-1.png\",\"contentUrl\":\"https:\/\/blogdoere.com.br\/wp-content\/uploads\/2021\/11\/Logo-Ere-1.png\",\"width\":1261,\"height\":1330,\"caption\":\"Blog do Er\u00ea\"},\"image\":{\"@id\":\"https:\/\/blogdoere.com.br\/#\/schema\/logo\/image\/\"}},{\"@type\":\"Person\",\"@id\":\"https:\/\/blogdoere.com.br\/#\/schema\/person\/c4f6d566a44c7bacdda563667715d18b\",\"name\":\"blogdoere@hotmail.com\",\"image\":{\"@type\":\"ImageObject\",\"inLanguage\":\"pt-PT\",\"@id\":\"https:\/\/blogdoere.com.br\/#\/schema\/person\/image\/\",\"url\":\"https:\/\/secure.gravatar.com\/avatar\/5684bd39df1289cb639b4ab539d6fcad69420e4a29521548fc078c58ed122fe6?s=96&d=mm&r=g\",\"contentUrl\":\"https:\/\/secure.gravatar.com\/avatar\/5684bd39df1289cb639b4ab539d6fcad69420e4a29521548fc078c58ed122fe6?s=96&d=mm&r=g\",\"caption\":\"blogdoere@hotmail.com\"},\"sameAs\":[\"http:\/\/blogdoere.com.br\"]}]}<\/script>\n<!-- \/ Yoast SEO plugin. -->","yoast_head_json":{"title":"ESCOLAS PODER\u00c3O ADEQUAR CALEND\u00c1RIO \u00c0 COPA DO MUNDO. - blog do er\u00ea","robots":{"index":"index","follow":"follow","max-snippet":"max-snippet:-1","max-image-preview":"max-image-preview:large","max-video-preview":"max-video-preview:-1"},"canonical":"https:\/\/blogdoere.com.br\/?p=26962","og_locale":"pt_PT","og_type":"article","og_title":"ESCOLAS PODER\u00c3O ADEQUAR CALEND\u00c1RIO \u00c0 COPA DO MUNDO. - blog do er\u00ea","og_description":"Um parecer do Conselho Nacional de Educa\u00e7\u00e3o (CNE), homologado nesta ter\u00e7a-feira (19) pelo\u00a0Minist\u00e9rio da Educa\u00e7\u00e3o, estabelece que as escolas brasileiras, p\u00fablicas e privadas, dever\u00e3o, durante a Copa do Mundo, dar...","og_url":"https:\/\/blogdoere.com.br\/?p=26962","og_site_name":"blog do er\u00ea","article_published_time":"2013-03-20T01:32:00+00:00","article_modified_time":"2021-11-03T04:33:28+00:00","og_image":[{"width":380,"height":280,"url":"https:\/\/blogdoere.com.br\/wp-content\/uploads\/2013\/03\/IMAGEM_NOTICIA_5.jpg","type":"image\/jpeg"}],"author":"blogdoere@hotmail.com","twitter_card":"summary_large_image","twitter_misc":{"Escrito por":"blogdoere@hotmail.com","Tempo estimado de leitura":"1 minuto"},"schema":{"@context":"https:\/\/schema.org","@graph":[{"@type":"Article","@id":"https:\/\/blogdoere.com.br\/?p=26962#article","isPartOf":{"@id":"https:\/\/blogdoere.com.br\/?p=26962"},"author":{"name":"blogdoere@hotmail.com","@id":"https:\/\/blogdoere.com.br\/#\/schema\/person\/c4f6d566a44c7bacdda563667715d18b"},"headline":"ESCOLAS PODER\u00c3O ADEQUAR CALEND\u00c1RIO \u00c0 COPA DO MUNDO.","datePublished":"2013-03-20T01:32:00+00:00","dateModified":"2021-11-03T04:33:28+00:00","mainEntityOfPage":{"@id":"https:\/\/blogdoere.com.br\/?p=26962"},"wordCount":133,"commentCount":0,"publisher":{"@id":"https:\/\/blogdoere.com.br\/#organization"},"articleSection":["Esportes"],"inLanguage":"pt-PT","potentialAction":[{"@type":"CommentAction","name":"Comment","target":["https:\/\/blogdoere.com.br\/?p=26962#respond"]}]},{"@type":"WebPage","@id":"https:\/\/blogdoere.com.br\/?p=26962","url":"https:\/\/blogdoere.com.br\/?p=26962","name":"ESCOLAS PODER\u00c3O ADEQUAR CALEND\u00c1RIO \u00c0 COPA DO MUNDO. - blog do er\u00ea","isPartOf":{"@id":"https:\/\/blogdoere.com.br\/#website"},"datePublished":"2013-03-20T01:32:00+00:00","dateModified":"2021-11-03T04:33:28+00:00","breadcrumb":{"@id":"https:\/\/blogdoere.com.br\/?p=26962#breadcrumb"},"inLanguage":"pt-PT","potentialAction":[{"@type":"ReadAction","target":["https:\/\/blogdoere.com.br\/?p=26962"]}]},{"@type":"BreadcrumbList","@id":"https:\/\/blogdoere.com.br\/?p=26962#breadcrumb","itemListElement":[{"@type":"ListItem","position":1,"name":"In\u00edcio","item":"https:\/\/blogdoere.com.br\/"},{"@type":"ListItem","position":2,"name":"ESCOLAS PODER\u00c3O ADEQUAR CALEND\u00c1RIO \u00c0 COPA DO MUNDO."}]},{"@type":"WebSite","@id":"https:\/\/blogdoere.com.br\/#website","url":"https:\/\/blogdoere.com.br\/","name":"blog do er\u00ea","description":"","publisher":{"@id":"https:\/\/blogdoere.com.br\/#organization"},"potentialAction":[{"@type":"SearchAction","target":{"@type":"EntryPoint","urlTemplate":"https:\/\/blogdoere.com.br\/?s={search_term_string}"},"query-input":"required name=search_term_string"}],"inLanguage":"pt-PT"},{"@type":"Organization","@id":"https:\/\/blogdoere.com.br\/#organization","name":"Blog do Er\u00ea","url":"https:\/\/blogdoere.com.br\/","logo":{"@type":"ImageObject","inLanguage":"pt-PT","@id":"https:\/\/blogdoere.com.br\/#\/schema\/logo\/image\/","url":"https:\/\/blogdoere.com.br\/wp-content\/uploads\/2021\/11\/Logo-Ere-1.png","contentUrl":"https:\/\/blogdoere.com.br\/wp-content\/uploads\/2021\/11\/Logo-Ere-1.png","width":1261,"height":1330,"caption":"Blog do Er\u00ea"},"image":{"@id":"https:\/\/blogdoere.com.br\/#\/schema\/logo\/image\/"}},{"@type":"Person","@id":"https:\/\/blogdoere.com.br\/#\/schema\/person\/c4f6d566a44c7bacdda563667715d18b","name":"blogdoere@hotmail.com","image":{"@type":"ImageObject","inLanguage":"pt-PT","@id":"https:\/\/blogdoere.com.br\/#\/schema\/person\/image\/","url":"https:\/\/secure.gravatar.com\/avatar\/5684bd39df1289cb639b4ab539d6fcad69420e4a29521548fc078c58ed122fe6?s=96&d=mm&r=g","contentUrl":"https:\/\/secure.gravatar.com\/avatar\/5684bd39df1289cb639b4ab539d6fcad69420e4a29521548fc078c58ed122fe6?s=96&d=mm&r=g","caption":"blogdoere@hotmail.com"},"sameAs":["http:\/\/blogdoere.com.br"]}]}},"featured_image_urls":{"full":["https:\/\/blogdoere.com.br\/wp-content\/uploads\/2013\/03\/IMAGEM_NOTICIA_5.jpg",380,280,false],"thumbnail":["https:\/\/blogdoere.com.br\/wp-content\/uploads\/2013\/03\/IMAGEM_NOTICIA_5-150x150.jpg",150,150,true],"medium":["https:\/\/blogdoere.com.br\/wp-content\/uploads\/2013\/03\/IMAGEM_NOTICIA_5-300x221.jpg",300,221,true],"medium_large":["https:\/\/blogdoere.com.br\/wp-content\/uploads\/2013\/03\/IMAGEM_NOTICIA_5.jpg",380,280,false],"large":["https:\/\/blogdoere.com.br\/wp-content\/uploads\/2013\/03\/IMAGEM_NOTICIA_5.jpg",380,280,false],"1536x1536":["https:\/\/blogdoere.com.br\/wp-content\/uploads\/2013\/03\/IMAGEM_NOTICIA_5.jpg",380,280,false],"2048x2048":["https:\/\/blogdoere.com.br\/wp-content\/uploads\/2013\/03\/IMAGEM_NOTICIA_5.jpg",380,280,false]},"author_info":{"display_name":"blogdoere@hotmail.com","author_link":"https:\/\/blogdoere.com.br\/?author=1"},"category_info":"<a href=\"https:\/\/blogdoere.com.br\/?cat=66\" rel=\"category\">Esportes<\/a>","tag_info":"Esportes","comment_count":"0","_links":{"self":[{"href":"https:\/\/blogdoere.com.br\/index.php?rest_route=\/wp\/v2\/posts\/26962","targetHints":{"allow":["GET"]}}],"collection":[{"href":"https:\/\/blogdoere.com.br\/index.php?rest_route=\/wp\/v2\/posts"}],"about":[{"href":"https:\/\/blogdoere.com.br\/index.php?rest_route=\/wp\/v2\/types\/post"}],"author":[{"embeddable":true,"href":"https:\/\/blogdoere.com.br\/index.php?rest_route=\/wp\/v2\/users\/1"}],"replies":[{"embeddable":true,"href":"https:\/\/blogdoere.com.br\/index.php?rest_route=%2Fwp%2Fv2%2Fcomments&post=26962"}],"version-history":[{"count":1,"href":"https:\/\/blogdoere.com.br\/index.php?rest_route=\/wp\/v2\/posts\/26962\/revisions"}],"predecessor-version":[{"id":27058,"href":"https:\/\/blogdoere.com.br\/index.php?rest_route=\/wp\/v2\/posts\/26962\/revisions\/27058"}],"wp:featuredmedia":[{"embeddable":true,"href":"https:\/\/blogdoere.com.br\/index.php?rest_route=\/wp\/v2\/media\/27060"}],"wp:attachment":[{"href":"https:\/\/blogdoere.com.br\/index.php?rest_route=%2Fwp%2Fv2%2Fmedia&parent=26962"}],"wp:term":[{"taxonomy":"category","embeddable":true,"href":"https:\/\/blogdoere.com.br\/index.php?rest_route=%2Fwp%2Fv2%2Fcategories&post=26962"},{"taxonomy":"post_tag","embeddable":true,"href":"https:\/\/blogdoere.com.br\/index.php?rest_route=%2Fwp%2Fv2%2Ftags&post=26962"}],"curies":[{"name":"wp","href":"https:\/\/api.w.org\/{rel}","templated":true}]}}