{"id":26970,"date":"2013-03-15T15:33:00","date_gmt":"2013-03-15T15:33:00","guid":{"rendered":"http:\/\/blogdoere.com.br\/?p=26970"},"modified":"2021-11-05T00:58:38","modified_gmt":"2021-11-05T00:58:38","slug":"relatorio-da-onu-preve-catastrofe-ambiental-no-mundo-em-2050","status":"publish","type":"post","link":"https:\/\/blogdoere.com.br\/?p=26970","title":{"rendered":"Relat\u00f3rio da ONU prev\u00ea \u2018cat\u00e1strofe ambiental\u2019 no mundo em 2050"},"content":{"rendered":"<div style=\"clear: both; text-align: center;\"><a style=\"margin-left: 1em; margin-right: 1em;\" href=\"http:\/\/3.bp.blogspot.com\/-VQHUkI9fj1Y\/UUM-47flpkI\/AAAAAAAAFD8\/iOgvO4O_M0A\/s1600\/fig283.jpg\"><img decoding=\"async\" src=\"http:\/\/3.bp.blogspot.com\/-VQHUkI9fj1Y\/UUM-47flpkI\/AAAAAAAAFD8\/iOgvO4O_M0A\/s320\/fig283.jpg\" width=\"320\" height=\"202\" border=\"0\" \/><\/a><\/div>\n<p>Apesar dos investimentos de v\u00e1rios pa\u00edses em energias renov\u00e1veis e sustentabilidade, o mundo pode viver uma \u201ccat\u00e1strofe ambiental\u201d em 2050, segundo o Relat\u00f3rio de Desenvolvimento Humano 2013, apresentado nesta quinta-feira (14) pelo Programa das Na\u00e7\u00f5es Unidas para o Desenvolvimento (Pnud).<br \/>\nAo fim dos pr\u00f3ximos 37 anos, s\u00e3o estimadas mais de 3 bilh\u00f5es de pessoas vivendo em situa\u00e7\u00e3o de extrema pobreza, das quais pelo menos 155 milh\u00f5es estariam na Am\u00e9rica Latina e no Caribe. E essa condi\u00e7\u00e3o demogr\u00e1fica e social seria motivada tamb\u00e9m pela degrada\u00e7\u00e3o do meio ambiente e pela redu\u00e7\u00e3o dos meios de subsist\u00eancia, como a agricultura e o acesso \u00e0 \u00e1gua pot\u00e1vel.<br \/>\nDe acordo com a previs\u00e3o de desastre apresentada pelo relat\u00f3rio, cerca de 2,7 bilh\u00f5es de pessoas a mais viveriam em extrema pobreza em 2050 como consequ\u00eancia do problema ambiental. Desse total, 1,9 bilh\u00e3o seria composto por indiv\u00edduos que entraram na mis\u00e9ria, e os outros 800 milh\u00f5es seriam aqueles impedidos de sair dessa situa\u00e7\u00e3o por causa das calamidades do meio ambiente.<br \/>\nNo cen\u00e1rio mais grave, o \u00cdndice de Desenvolvimento Humano (IDH) global diminuiria 15% em 2050, chegando a uma redu\u00e7\u00e3o de 22% no Sul da \u00c1sia (\u00cdndia, Paquist\u00e3o, Sri Lanka, Nepal, Bangladesh, But\u00e3o e Maldivas) e de 24% na \u00c1frica Subsaariana (todos os pa\u00edses ao sul do Deserto do Saara).<br \/>\n<strong>Mudan\u00e7as clim\u00e1ticas e press\u00f5es<\/strong> \u2013 As mudan\u00e7as clim\u00e1ticas e as press\u00f5es sobre os recursos naturais e ecossistemas t\u00eam aumentado muito, independentemente do est\u00e1gio de desenvolvimento dos pa\u00edses, segundo o relat\u00f3rio. E o texto tamb\u00e9m destaca que, a menos que sejam tomadas medidas urgentes, o progresso do desenvolvimento humano no futuro estar\u00e1 amea\u00e7ado.<br \/>\nO Pnud aponta, ainda, que os protestos em massa contra a polui\u00e7\u00e3o ambiental t\u00eam crescido em todo o mundo. Por exemplo, manifestantes em Xangai, na China, lutaram por um duto de \u00e1guas residuais (provenientes de banhos, cozinhas e uso dom\u00e9stico em geral) prometido, enquanto na Mal\u00e1sia moradores de um bairro se opuseram \u00e0 instala\u00e7\u00e3o de uma refinaria de metais de terras raras \u2013 17 metais conhecidos como \u201couro do s\u00e9culo 21\u2033, por serem raros, valiosos e de grande utilidade.<br \/>\nO relat\u00f3rio refor\u00e7a tamb\u00e9m que as principais v\u00edtimas do desmatamento, das mudan\u00e7as clim\u00e1ticas, dos desastres naturais e da polui\u00e7\u00e3o da \u00e1gua e do ar s\u00e3o os pa\u00edses e as comunidades pobres. E, para o Pnud, viver em um ambiente limpo e seguro deve ser um direito, n\u00e3o um privil\u00e9gio. Al\u00e9m disso, sustentabilidade e igualdade entre os povos est\u00e3o intimamente ligadas.<br \/>\n<strong>Desastres naturais em alta<\/strong> \u2013 Al\u00e9m disso, de acordo com o texto divulgado nesta quinta-feira, os desastres naturais est\u00e3o se intensificando em todo o mundo, tanto em frequ\u00eancia quanto em intensidade, causando grandes danos econ\u00f4micos e perdas humanas.<br \/>\nApenas em 2011, terremotos seguidos de tsunamis e deslizamentos de terra causaram mais de 20 mil mortes e preju\u00edzos aos EUA, somando US$ 365 bilh\u00f5es (R$ 730 bilh\u00f5es) e 1 milh\u00e3o de pessoas sem casas.<br \/>\nO impacto mais severo foi para os pequenos pa\u00edses insulares em desenvolvimento, alguns dos quais sofreram perdas de at\u00e9 8% do PIB. Em 1988, Santa Luc\u00eda \u2013 localizado nas Pequenas Antilhas, no Caribe \u2013 perdeu quase quatro vezes seu Produto Interno Bruto (PIB) por causa do furac\u00e3o Gilbert, enquanto Granada \u2013 outro pa\u00eds caribenho \u2013 perdeu duas vezes o PIB em decorr\u00eancia do furac\u00e3o Iv\u00e1n, em 2004.<br \/>\n<strong>Desafios mundiais<\/strong> \u2013 O relat\u00f3rio do Pnud ressalta, ainda, que os governos precisam estabelecer acordos multilaterais e formular pol\u00edticas p\u00fablicas para melhorar o equil\u00edbrio das condi\u00e7\u00f5es de vida, permitir a livre express\u00e3o e participa\u00e7\u00e3o das pessoas, administrar as mudan\u00e7as demogr\u00e1ficas e fazer frente \u00e0s press\u00f5es ambientais.<br \/>\nUm dos grandes desafios para o mundo, segundo o texto, \u00e9 reduzir as emiss\u00f5es de gases que provocam o efeito estufa. Apesar de os lan\u00e7amentos de di\u00f3xido de carbono (CO2) na atmosfera parecerem aumentar com o desenvolvimento humano, essa rela\u00e7\u00e3o \u00e9 muito fraca, destaca o Pnud. Isso porque, em todos os n\u00edveis de IDH, alguns pa\u00edses equivalentes t\u00eam uma maior emiss\u00e3o de CO2 que outros.<br \/>\nAl\u00e9m disso, pode haver diferen\u00e7as grandes entre as prov\u00edncias ou estados de um mesmo pa\u00eds, como \u00e9 o caso da China. Esses resultados, de acordo com o relat\u00f3rio, refor\u00e7am o argumento de que o progresso humano n\u00e3o demanda um aumento no uso de CO2, e que pol\u00edticas ambientais melhores poderiam acompanhar esse desenvolvimento.<br \/>\nSegundo o Pnud, alguns pa\u00edses j\u00e1 t\u00eam se aproximado desse n\u00edvel de desenvolvimento, sem exercer uma press\u00e3o insustent\u00e1vel sobre os recursos ecol\u00f3gicos do planeta. Mas responder globalmente a esse desafio exige que todas as na\u00e7\u00f5es adaptem suas trajet\u00f3rias.<br \/>\nOs pa\u00edses desenvolvidos, por exemplo, precisam reduzir a chamada \u201cpegada ambiental\u201d, ou seja, quanto cada habitante polui o planeta (como se fosse um PIB do meio ambiente). J\u00e1 as na\u00e7\u00f5es em desenvolvimento devem aumentar o IDH, mas sem elevar essa pegada. Na vis\u00e3o do Pnud, tecnologias limpas e inovadoras podem desempenhar um papel importante nesse processo.<br \/>\nMas, para reduzir a quantidade necess\u00e1ria de emiss\u00f5es de gases de efeito estufa, os pa\u00edses dos hemisf\u00e9rios Norte e Sul t\u00eam que chegar a um acordo justo e aceit\u00e1vel para todos, como compartilhar as responsabilidades, informa o relat\u00f3rio.<br \/>\n<strong>Acordos e investimentos<\/strong> \u2013 Na Rio+20, Confer\u00eancia da ONU sobre Desenvolvimento Sustent\u00e1vel, realizada no Rio de Janeiro em junho de 2012, foi negociado entre os governos da regi\u00e3o da \u00c1sia e do Pac\u00edfico um acordo para prote\u00e7\u00e3o do maior recife de corais do mundo, o chamado Tri\u00e2ngulo de Coral, que se estende desde a Mal\u00e1sia e a Indon\u00e9sia at\u00e9 as Ilhas Salom\u00e3o. A \u00e1rea \u00e9 respons\u00e1vel por fornecer o sustento para mais de 100 milh\u00f5es de pessoas.<br \/>\nAl\u00e9m disso, alguns pa\u00edses est\u00e3o trabalhando juntos na bacia do Rio Congo para combater o com\u00e9rcio ilegal de madeira e preservar o segundo maior territ\u00f3rio florestal do mundo. Bancos regionais de desenvolvimento tamb\u00e9m apresentaram uma iniciativa que conta com US$ 175 bilh\u00f5es (R$ 350 bilh\u00f5es) para promover o transporte p\u00fablico e ciclovias em algumas das principais cidades do mundo.<br \/>\nOutra parceria envolve a China e o Reino Unido, que v\u00e3o testar tecnologias avan\u00e7adas de combust\u00e3o de carv\u00e3o. J\u00e1 os EUA e a \u00cdndia firmaram um acordo para o desenvolvimento de energia nuclear na \u00cdndia.<br \/>\nAlguns pa\u00edses tamb\u00e9m est\u00e3o desenvolvendo e compartilhando novas tecnologias verdes. A China, o quarto maior produtor de energia e\u00f3lica do mundo em 2008, \u00e9 tamb\u00e9m a maior fabricante global de pain\u00e9is solares e turbinas para gera\u00e7\u00e3o de energia pelo vento. E, na \u00cdndia, os investimentos em energia solar aumentaram 62% em 2011, chegando a US$ 12 bilh\u00f5es (R$ 24 bilh\u00f5es) \u2013 os maiores do planeta. J\u00e1 o Brasil elevou seus investimentos tecnol\u00f3gicos para energias renov\u00e1veis em 8%, chegando a US$ 7 milh\u00f5es (R$ 14 milh\u00f5es).<br \/>\n<strong>Promessas<\/strong> \u2013 At\u00e9 2020, a China tamb\u00e9m prometeu cortar suas emiss\u00f5es de di\u00f3xido de carbono por unidade de PIB em 40% a 45%. E, em 2010, a \u00cdndia anunciou redu\u00e7\u00f5es volunt\u00e1rias de 20% a 25%. Al\u00e9m disso, no ano passado, pol\u00edticos coreanos aprovaram um programa para reduzir as emiss\u00f5es de f\u00e1bricas e usinas de energia.<br \/>\nNa Rio+20, Mo\u00e7ambique anunciou ainda uma nova rota de economia verde. E o M\u00e9xico promulgou recentemente uma lei para reduzir as emiss\u00f5es de CO2 e apostar em energias renov\u00e1veis.<br \/>\nNo F\u00f3rum de Bens de Consumo da Rio+20, as empresas Unilever, Coca-Cola e Wal-Mart \u2013 classificadas entre as 20 melhores multinacionais do mundo \u2013 tamb\u00e9m prometeram eliminar o desmatamento de suas cadeias de abastecimento.<br \/>\nAl\u00e9m disso, a Microsoft prometeu que em 2012 se tornaria nula em emiss\u00f5es de carbono. E a companhia Femsa, que engarrafa bebidas \u2013 como a Coca-Cola \u2013 na Am\u00e9rica Latina, manifestou que obteria 85% de suas necessidades energ\u00e9ticas no M\u00e9xico a partir de recursos renov\u00e1veis.<br \/>\nMas, apesar de muitas iniciativas promissoras, ainda existe ainda uma grande diferen\u00e7a entre as redu\u00e7\u00f5es de emiss\u00f5es necess\u00e1rias e essas modestas promessas, destaca o Pnud. (Fonte: Globo Natureza)<\/p>\n<p>Fonte: http:\/\/noticias.ambientebrasil.com.br<\/p>\n","protected":false},"excerpt":{"rendered":"<p>Apesar dos investimentos de v\u00e1rios pa\u00edses em energias renov\u00e1veis e sustentabilidade, o mundo pode viver uma \u201ccat\u00e1strofe ambiental\u201d em 2050, segundo o Relat\u00f3rio de Desenvolvimento Humano 2013, apresentado nesta quinta-feira&#8230;<\/p>\n","protected":false},"author":1,"featured_media":27096,"comment_status":"open","ping_status":"open","sticky":false,"template":"","format":"standard","meta":{"_editorskit_title_hidden":false,"_editorskit_reading_time":0,"_editorskit_is_block_options_detached":false,"_editorskit_block_options_position":"{}","om_disable_all_campaigns":false,"_mi_skip_tracking":false,"_kad_post_transparent":"","_kad_post_title":"","_kad_post_layout":"","_kad_post_sidebar_id":"","_kad_post_content_style":"","_kad_post_vertical_padding":"","_kad_post_feature":"","_kad_post_feature_position":"","_kad_post_header":false,"_kad_post_footer":false,"footnotes":""},"categories":[56],"tags":[],"class_list":["post-26970","post","type-post","status-publish","format-standard","has-post-thumbnail","hentry","category-meioambiente"],"yoast_head":"<!-- This site is optimized with the Yoast SEO plugin v20.5 - https:\/\/yoast.com\/wordpress\/plugins\/seo\/ -->\n<title>Relat\u00f3rio da ONU prev\u00ea \u2018cat\u00e1strofe ambiental\u2019 no mundo em 2050 - blog do er\u00ea<\/title>\n<meta name=\"robots\" content=\"index, follow, max-snippet:-1, max-image-preview:large, max-video-preview:-1\" \/>\n<link rel=\"canonical\" href=\"https:\/\/blogdoere.com.br\/?p=26970\" \/>\n<meta property=\"og:locale\" content=\"pt_PT\" \/>\n<meta property=\"og:type\" content=\"article\" \/>\n<meta property=\"og:title\" content=\"Relat\u00f3rio da ONU prev\u00ea \u2018cat\u00e1strofe ambiental\u2019 no mundo em 2050 - blog do er\u00ea\" \/>\n<meta property=\"og:description\" content=\"Apesar dos investimentos de v\u00e1rios pa\u00edses em energias renov\u00e1veis e sustentabilidade, o mundo pode viver uma \u201ccat\u00e1strofe ambiental\u201d em 2050, segundo o Relat\u00f3rio de Desenvolvimento Humano 2013, apresentado nesta quinta-feira...\" \/>\n<meta property=\"og:url\" content=\"https:\/\/blogdoere.com.br\/?p=26970\" \/>\n<meta property=\"og:site_name\" content=\"blog do er\u00ea\" \/>\n<meta property=\"article:published_time\" content=\"2013-03-15T15:33:00+00:00\" \/>\n<meta property=\"article:modified_time\" content=\"2021-11-05T00:58:38+00:00\" \/>\n<meta property=\"og:image\" content=\"https:\/\/blogdoere.com.br\/wp-content\/uploads\/2013\/03\/fig283.jpg\" \/>\n\t<meta property=\"og:image:width\" content=\"320\" \/>\n\t<meta property=\"og:image:height\" content=\"202\" \/>\n\t<meta property=\"og:image:type\" content=\"image\/jpeg\" \/>\n<meta name=\"author\" content=\"blogdoere@hotmail.com\" \/>\n<meta name=\"twitter:card\" content=\"summary_large_image\" \/>\n<meta name=\"twitter:label1\" content=\"Escrito por\" \/>\n\t<meta name=\"twitter:data1\" content=\"blogdoere@hotmail.com\" \/>\n\t<meta name=\"twitter:label2\" content=\"Tempo estimado de leitura\" \/>\n\t<meta name=\"twitter:data2\" content=\"7 minutos\" \/>\n<script type=\"application\/ld+json\" class=\"yoast-schema-graph\">{\"@context\":\"https:\/\/schema.org\",\"@graph\":[{\"@type\":\"Article\",\"@id\":\"https:\/\/blogdoere.com.br\/?p=26970#article\",\"isPartOf\":{\"@id\":\"https:\/\/blogdoere.com.br\/?p=26970\"},\"author\":{\"name\":\"blogdoere@hotmail.com\",\"@id\":\"https:\/\/blogdoere.com.br\/#\/schema\/person\/c4f6d566a44c7bacdda563667715d18b\"},\"headline\":\"Relat\u00f3rio da ONU prev\u00ea \u2018cat\u00e1strofe ambiental\u2019 no mundo em 2050\",\"datePublished\":\"2013-03-15T15:33:00+00:00\",\"dateModified\":\"2021-11-05T00:58:38+00:00\",\"mainEntityOfPage\":{\"@id\":\"https:\/\/blogdoere.com.br\/?p=26970\"},\"wordCount\":1421,\"commentCount\":0,\"publisher\":{\"@id\":\"https:\/\/blogdoere.com.br\/#organization\"},\"articleSection\":[\"Meio Ambiente\"],\"inLanguage\":\"pt-PT\",\"potentialAction\":[{\"@type\":\"CommentAction\",\"name\":\"Comment\",\"target\":[\"https:\/\/blogdoere.com.br\/?p=26970#respond\"]}]},{\"@type\":\"WebPage\",\"@id\":\"https:\/\/blogdoere.com.br\/?p=26970\",\"url\":\"https:\/\/blogdoere.com.br\/?p=26970\",\"name\":\"Relat\u00f3rio da ONU prev\u00ea \u2018cat\u00e1strofe ambiental\u2019 no mundo em 2050 - blog do er\u00ea\",\"isPartOf\":{\"@id\":\"https:\/\/blogdoere.com.br\/#website\"},\"datePublished\":\"2013-03-15T15:33:00+00:00\",\"dateModified\":\"2021-11-05T00:58:38+00:00\",\"breadcrumb\":{\"@id\":\"https:\/\/blogdoere.com.br\/?p=26970#breadcrumb\"},\"inLanguage\":\"pt-PT\",\"potentialAction\":[{\"@type\":\"ReadAction\",\"target\":[\"https:\/\/blogdoere.com.br\/?p=26970\"]}]},{\"@type\":\"BreadcrumbList\",\"@id\":\"https:\/\/blogdoere.com.br\/?p=26970#breadcrumb\",\"itemListElement\":[{\"@type\":\"ListItem\",\"position\":1,\"name\":\"In\u00edcio\",\"item\":\"https:\/\/blogdoere.com.br\/\"},{\"@type\":\"ListItem\",\"position\":2,\"name\":\"Relat\u00f3rio da ONU prev\u00ea \u2018cat\u00e1strofe ambiental\u2019 no mundo em 2050\"}]},{\"@type\":\"WebSite\",\"@id\":\"https:\/\/blogdoere.com.br\/#website\",\"url\":\"https:\/\/blogdoere.com.br\/\",\"name\":\"blog do er\u00ea\",\"description\":\"\",\"publisher\":{\"@id\":\"https:\/\/blogdoere.com.br\/#organization\"},\"potentialAction\":[{\"@type\":\"SearchAction\",\"target\":{\"@type\":\"EntryPoint\",\"urlTemplate\":\"https:\/\/blogdoere.com.br\/?s={search_term_string}\"},\"query-input\":\"required name=search_term_string\"}],\"inLanguage\":\"pt-PT\"},{\"@type\":\"Organization\",\"@id\":\"https:\/\/blogdoere.com.br\/#organization\",\"name\":\"Blog do Er\u00ea\",\"url\":\"https:\/\/blogdoere.com.br\/\",\"logo\":{\"@type\":\"ImageObject\",\"inLanguage\":\"pt-PT\",\"@id\":\"https:\/\/blogdoere.com.br\/#\/schema\/logo\/image\/\",\"url\":\"https:\/\/blogdoere.com.br\/wp-content\/uploads\/2021\/11\/Logo-Ere-1.png\",\"contentUrl\":\"https:\/\/blogdoere.com.br\/wp-content\/uploads\/2021\/11\/Logo-Ere-1.png\",\"width\":1261,\"height\":1330,\"caption\":\"Blog do Er\u00ea\"},\"image\":{\"@id\":\"https:\/\/blogdoere.com.br\/#\/schema\/logo\/image\/\"}},{\"@type\":\"Person\",\"@id\":\"https:\/\/blogdoere.com.br\/#\/schema\/person\/c4f6d566a44c7bacdda563667715d18b\",\"name\":\"blogdoere@hotmail.com\",\"image\":{\"@type\":\"ImageObject\",\"inLanguage\":\"pt-PT\",\"@id\":\"https:\/\/blogdoere.com.br\/#\/schema\/person\/image\/\",\"url\":\"https:\/\/secure.gravatar.com\/avatar\/5684bd39df1289cb639b4ab539d6fcad69420e4a29521548fc078c58ed122fe6?s=96&d=mm&r=g\",\"contentUrl\":\"https:\/\/secure.gravatar.com\/avatar\/5684bd39df1289cb639b4ab539d6fcad69420e4a29521548fc078c58ed122fe6?s=96&d=mm&r=g\",\"caption\":\"blogdoere@hotmail.com\"},\"sameAs\":[\"http:\/\/blogdoere.com.br\"]}]}<\/script>\n<!-- \/ Yoast SEO plugin. -->","yoast_head_json":{"title":"Relat\u00f3rio da ONU prev\u00ea \u2018cat\u00e1strofe ambiental\u2019 no mundo em 2050 - blog do er\u00ea","robots":{"index":"index","follow":"follow","max-snippet":"max-snippet:-1","max-image-preview":"max-image-preview:large","max-video-preview":"max-video-preview:-1"},"canonical":"https:\/\/blogdoere.com.br\/?p=26970","og_locale":"pt_PT","og_type":"article","og_title":"Relat\u00f3rio da ONU prev\u00ea \u2018cat\u00e1strofe ambiental\u2019 no mundo em 2050 - blog do er\u00ea","og_description":"Apesar dos investimentos de v\u00e1rios pa\u00edses em energias renov\u00e1veis e sustentabilidade, o mundo pode viver uma \u201ccat\u00e1strofe ambiental\u201d em 2050, segundo o Relat\u00f3rio de Desenvolvimento Humano 2013, apresentado nesta quinta-feira...","og_url":"https:\/\/blogdoere.com.br\/?p=26970","og_site_name":"blog do er\u00ea","article_published_time":"2013-03-15T15:33:00+00:00","article_modified_time":"2021-11-05T00:58:38+00:00","og_image":[{"width":320,"height":202,"url":"https:\/\/blogdoere.com.br\/wp-content\/uploads\/2013\/03\/fig283.jpg","type":"image\/jpeg"}],"author":"blogdoere@hotmail.com","twitter_card":"summary_large_image","twitter_misc":{"Escrito por":"blogdoere@hotmail.com","Tempo estimado de leitura":"7 minutos"},"schema":{"@context":"https:\/\/schema.org","@graph":[{"@type":"Article","@id":"https:\/\/blogdoere.com.br\/?p=26970#article","isPartOf":{"@id":"https:\/\/blogdoere.com.br\/?p=26970"},"author":{"name":"blogdoere@hotmail.com","@id":"https:\/\/blogdoere.com.br\/#\/schema\/person\/c4f6d566a44c7bacdda563667715d18b"},"headline":"Relat\u00f3rio da ONU prev\u00ea \u2018cat\u00e1strofe ambiental\u2019 no mundo em 2050","datePublished":"2013-03-15T15:33:00+00:00","dateModified":"2021-11-05T00:58:38+00:00","mainEntityOfPage":{"@id":"https:\/\/blogdoere.com.br\/?p=26970"},"wordCount":1421,"commentCount":0,"publisher":{"@id":"https:\/\/blogdoere.com.br\/#organization"},"articleSection":["Meio Ambiente"],"inLanguage":"pt-PT","potentialAction":[{"@type":"CommentAction","name":"Comment","target":["https:\/\/blogdoere.com.br\/?p=26970#respond"]}]},{"@type":"WebPage","@id":"https:\/\/blogdoere.com.br\/?p=26970","url":"https:\/\/blogdoere.com.br\/?p=26970","name":"Relat\u00f3rio da ONU prev\u00ea \u2018cat\u00e1strofe ambiental\u2019 no mundo em 2050 - blog do er\u00ea","isPartOf":{"@id":"https:\/\/blogdoere.com.br\/#website"},"datePublished":"2013-03-15T15:33:00+00:00","dateModified":"2021-11-05T00:58:38+00:00","breadcrumb":{"@id":"https:\/\/blogdoere.com.br\/?p=26970#breadcrumb"},"inLanguage":"pt-PT","potentialAction":[{"@type":"ReadAction","target":["https:\/\/blogdoere.com.br\/?p=26970"]}]},{"@type":"BreadcrumbList","@id":"https:\/\/blogdoere.com.br\/?p=26970#breadcrumb","itemListElement":[{"@type":"ListItem","position":1,"name":"In\u00edcio","item":"https:\/\/blogdoere.com.br\/"},{"@type":"ListItem","position":2,"name":"Relat\u00f3rio da ONU prev\u00ea \u2018cat\u00e1strofe ambiental\u2019 no mundo em 2050"}]},{"@type":"WebSite","@id":"https:\/\/blogdoere.com.br\/#website","url":"https:\/\/blogdoere.com.br\/","name":"blog do er\u00ea","description":"","publisher":{"@id":"https:\/\/blogdoere.com.br\/#organization"},"potentialAction":[{"@type":"SearchAction","target":{"@type":"EntryPoint","urlTemplate":"https:\/\/blogdoere.com.br\/?s={search_term_string}"},"query-input":"required name=search_term_string"}],"inLanguage":"pt-PT"},{"@type":"Organization","@id":"https:\/\/blogdoere.com.br\/#organization","name":"Blog do Er\u00ea","url":"https:\/\/blogdoere.com.br\/","logo":{"@type":"ImageObject","inLanguage":"pt-PT","@id":"https:\/\/blogdoere.com.br\/#\/schema\/logo\/image\/","url":"https:\/\/blogdoere.com.br\/wp-content\/uploads\/2021\/11\/Logo-Ere-1.png","contentUrl":"https:\/\/blogdoere.com.br\/wp-content\/uploads\/2021\/11\/Logo-Ere-1.png","width":1261,"height":1330,"caption":"Blog do Er\u00ea"},"image":{"@id":"https:\/\/blogdoere.com.br\/#\/schema\/logo\/image\/"}},{"@type":"Person","@id":"https:\/\/blogdoere.com.br\/#\/schema\/person\/c4f6d566a44c7bacdda563667715d18b","name":"blogdoere@hotmail.com","image":{"@type":"ImageObject","inLanguage":"pt-PT","@id":"https:\/\/blogdoere.com.br\/#\/schema\/person\/image\/","url":"https:\/\/secure.gravatar.com\/avatar\/5684bd39df1289cb639b4ab539d6fcad69420e4a29521548fc078c58ed122fe6?s=96&d=mm&r=g","contentUrl":"https:\/\/secure.gravatar.com\/avatar\/5684bd39df1289cb639b4ab539d6fcad69420e4a29521548fc078c58ed122fe6?s=96&d=mm&r=g","caption":"blogdoere@hotmail.com"},"sameAs":["http:\/\/blogdoere.com.br"]}]}},"featured_image_urls":{"full":["https:\/\/blogdoere.com.br\/wp-content\/uploads\/2013\/03\/fig283.jpg",320,202,false],"thumbnail":["https:\/\/blogdoere.com.br\/wp-content\/uploads\/2013\/03\/fig283-150x150.jpg",150,150,true],"medium":["https:\/\/blogdoere.com.br\/wp-content\/uploads\/2013\/03\/fig283-300x189.jpg",300,189,true],"medium_large":["https:\/\/blogdoere.com.br\/wp-content\/uploads\/2013\/03\/fig283.jpg",320,202,false],"large":["https:\/\/blogdoere.com.br\/wp-content\/uploads\/2013\/03\/fig283.jpg",320,202,false],"1536x1536":["https:\/\/blogdoere.com.br\/wp-content\/uploads\/2013\/03\/fig283.jpg",320,202,false],"2048x2048":["https:\/\/blogdoere.com.br\/wp-content\/uploads\/2013\/03\/fig283.jpg",320,202,false]},"author_info":{"display_name":"blogdoere@hotmail.com","author_link":"https:\/\/blogdoere.com.br\/?author=1"},"category_info":"<a href=\"https:\/\/blogdoere.com.br\/?cat=56\" rel=\"category\">Meio Ambiente<\/a>","tag_info":"Meio Ambiente","comment_count":"0","_links":{"self":[{"href":"https:\/\/blogdoere.com.br\/index.php?rest_route=\/wp\/v2\/posts\/26970","targetHints":{"allow":["GET"]}}],"collection":[{"href":"https:\/\/blogdoere.com.br\/index.php?rest_route=\/wp\/v2\/posts"}],"about":[{"href":"https:\/\/blogdoere.com.br\/index.php?rest_route=\/wp\/v2\/types\/post"}],"author":[{"embeddable":true,"href":"https:\/\/blogdoere.com.br\/index.php?rest_route=\/wp\/v2\/users\/1"}],"replies":[{"embeddable":true,"href":"https:\/\/blogdoere.com.br\/index.php?rest_route=%2Fwp%2Fv2%2Fcomments&post=26970"}],"version-history":[{"count":1,"href":"https:\/\/blogdoere.com.br\/index.php?rest_route=\/wp\/v2\/posts\/26970\/revisions"}],"predecessor-version":[{"id":27097,"href":"https:\/\/blogdoere.com.br\/index.php?rest_route=\/wp\/v2\/posts\/26970\/revisions\/27097"}],"wp:featuredmedia":[{"embeddable":true,"href":"https:\/\/blogdoere.com.br\/index.php?rest_route=\/wp\/v2\/media\/27096"}],"wp:attachment":[{"href":"https:\/\/blogdoere.com.br\/index.php?rest_route=%2Fwp%2Fv2%2Fmedia&parent=26970"}],"wp:term":[{"taxonomy":"category","embeddable":true,"href":"https:\/\/blogdoere.com.br\/index.php?rest_route=%2Fwp%2Fv2%2Fcategories&post=26970"},{"taxonomy":"post_tag","embeddable":true,"href":"https:\/\/blogdoere.com.br\/index.php?rest_route=%2Fwp%2Fv2%2Ftags&post=26970"}],"curies":[{"name":"wp","href":"https:\/\/api.w.org\/{rel}","templated":true}]}}