{"id":26971,"date":"2013-03-14T23:39:00","date_gmt":"2013-03-14T23:39:00","guid":{"rendered":"http:\/\/blogdoere.com.br\/?p=26971"},"modified":"2021-11-05T01:00:22","modified_gmt":"2021-11-05T01:00:22","slug":"padre-ilheense-e-assassinado-em-angical","status":"publish","type":"post","link":"https:\/\/blogdoere.com.br\/?p=26971","title":{"rendered":"PADRE ILHEENSE \u00c9 ASSASSINADO EM ANGICAL"},"content":{"rendered":"<div style=\"clear: both; text-align: center;\"><a style=\"margin-left: 1em; margin-right: 1em;\" href=\"http:\/\/1.bp.blogspot.com\/-vojCne3cdow\/UUJepcMnK5I\/AAAAAAAAFBQ\/ptqdNMsdtYU\/s1600\/04+(Small).jpg\"><img decoding=\"async\" src=\"http:\/\/1.bp.blogspot.com\/-vojCne3cdow\/UUJepcMnK5I\/AAAAAAAAFBQ\/ptqdNMsdtYU\/s1600\/04+(Small).jpg\" border=\"0\" \/><\/a><\/div>\n<div style=\"background-color: white; color: #222222; font-family: Arial, Tahoma, Helvetica, FreeSans, sans-serif; font-size: 13px; line-height: 18px; text-align: justify;\"><span style=\"font-family: Arial, Helvetica, sans-serif;\">\u00a0<\/span><\/div>\n<div style=\"background-color: white; color: #222222; font-family: Arial, Tahoma, Helvetica, FreeSans, sans-serif; font-size: 13px; line-height: 18px; text-align: justify;\"><span style=\"font-family: Arial, Helvetica, sans-serif;\">O padre do munic\u00edpio de Angical, a 52 quil\u00f4metros de Barreiras, no Oeste da Bahia, foi assassinado durante um assalto na noite deste domingo (10). O crime aconteceu por volta das 22h quando o padre retornava da igreja ap\u00f3s realizar a missa dominical.<\/span><\/div>\n<div style=\"background-color: white; color: #222222; font-family: Arial, Tahoma, Helvetica, FreeSans, sans-serif; font-size: 13px; line-height: 18px; text-align: justify;\"><\/div>\n<div style=\"background-color: white; color: #222222; font-family: Arial, Tahoma, Helvetica, FreeSans, sans-serif; font-size: 13px; line-height: 18px; text-align: justify;\"><span style=\"font-family: Arial, Helvetica, sans-serif;\">O p\u00e1roco Raimundo Renan Valente(53) foi surpreendido por dois homens quando chegou \u00e0 casa paroquial. Ele foi rendido e, em seguida, morto com golpes de fac\u00e3o na cabe\u00e7a e nos bra\u00e7os.<\/span><\/div>\n<div style=\"background-color: white; color: #222222; font-family: Arial, Tahoma, Helvetica, FreeSans, sans-serif; font-size: 13px; line-height: 18px; text-align: justify;\"><\/div>\n<div style=\"background-color: white; color: #222222; font-family: Arial, Tahoma, Helvetica, FreeSans, sans-serif; font-size: 13px; line-height: 18px; text-align: justify;\"><span style=\"font-family: Arial, Helvetica, sans-serif;\">O padre ainda foi agredido com pauladas, segundo o delegado de plant\u00e3o Ant\u00edstenes Rosal. Os criminosos fugiram levando o ve\u00edculo da par\u00f3quia, modelo Corsa.<\/span><\/div>\n<div style=\"background-color: white; color: #222222; font-family: Arial, Tahoma, Helvetica, FreeSans, sans-serif; font-size: 13px; line-height: 18px; text-align: justify;\"><\/div>\n<div style=\"background-color: white; color: #222222; font-family: Arial, Tahoma, Helvetica, FreeSans, sans-serif; font-size: 13px; line-height: 18px; text-align: justify;\"><span style=\"font-family: Arial, Helvetica, sans-serif;\">O corpo do padre, que era natural de Ilh\u00e9us, foi levado para o Departamento de Pol\u00edcia T\u00e9cnica (DPT) de Barreiras. As pol\u00edcias civil e militar do munic\u00edpio fazem buscas aos dois homens identificados como suspeitos. O\u00a0sepultamento\u00a0ser\u00e1 na \u00a0cidade de Ilh\u00e9us na\u00a0pr\u00f3xima\u00a0quarta feira.\u00a0<\/span><\/div>\n","protected":false},"excerpt":{"rendered":"<p>\u00a0 O padre do munic\u00edpio de Angical, a 52 quil\u00f4metros de Barreiras, no Oeste da Bahia, foi assassinado durante um assalto na noite deste domingo (10). O crime aconteceu por&#8230;<\/p>\n","protected":false},"author":1,"featured_media":27098,"comment_status":"open","ping_status":"open","sticky":false,"template":"","format":"standard","meta":{"_editorskit_title_hidden":false,"_editorskit_reading_time":0,"_editorskit_is_block_options_detached":false,"_editorskit_block_options_position":"{}","om_disable_all_campaigns":false,"_mi_skip_tracking":false,"_kad_post_transparent":"","_kad_post_title":"","_kad_post_layout":"","_kad_post_sidebar_id":"","_kad_post_content_style":"","_kad_post_vertical_padding":"","_kad_post_feature":"","_kad_post_feature_position":"","_kad_post_header":false,"_kad_post_footer":false,"footnotes":""},"categories":[56],"tags":[],"class_list":["post-26971","post","type-post","status-publish","format-standard","has-post-thumbnail","hentry","category-meioambiente"],"yoast_head":"<!-- This site is optimized with the Yoast SEO plugin v20.5 - https:\/\/yoast.com\/wordpress\/plugins\/seo\/ -->\n<title>PADRE ILHEENSE \u00c9 ASSASSINADO EM ANGICAL - blog do er\u00ea<\/title>\n<meta name=\"robots\" content=\"index, follow, max-snippet:-1, max-image-preview:large, max-video-preview:-1\" \/>\n<link rel=\"canonical\" href=\"https:\/\/blogdoere.com.br\/?p=26971\" \/>\n<meta property=\"og:locale\" content=\"pt_PT\" \/>\n<meta property=\"og:type\" content=\"article\" \/>\n<meta property=\"og:title\" content=\"PADRE ILHEENSE \u00c9 ASSASSINADO EM ANGICAL - blog do er\u00ea\" \/>\n<meta property=\"og:description\" content=\"\u00a0 O padre do munic\u00edpio de Angical, a 52 quil\u00f4metros de Barreiras, no Oeste da Bahia, foi assassinado durante um assalto na noite deste domingo (10). O crime aconteceu por...\" \/>\n<meta property=\"og:url\" content=\"https:\/\/blogdoere.com.br\/?p=26971\" \/>\n<meta property=\"og:site_name\" content=\"blog do er\u00ea\" \/>\n<meta property=\"article:published_time\" content=\"2013-03-14T23:39:00+00:00\" \/>\n<meta property=\"article:modified_time\" content=\"2021-11-05T01:00:22+00:00\" \/>\n<meta property=\"og:image\" content=\"https:\/\/blogdoere.com.br\/wp-content\/uploads\/2013\/03\/04-Small.jpg\" \/>\n\t<meta property=\"og:image:width\" content=\"779\" \/>\n\t<meta property=\"og:image:height\" content=\"480\" \/>\n\t<meta property=\"og:image:type\" content=\"image\/jpeg\" \/>\n<meta name=\"author\" content=\"blogdoere@hotmail.com\" \/>\n<meta name=\"twitter:card\" content=\"summary_large_image\" \/>\n<meta name=\"twitter:label1\" content=\"Escrito por\" \/>\n\t<meta name=\"twitter:data1\" content=\"blogdoere@hotmail.com\" \/>\n\t<meta name=\"twitter:label2\" content=\"Tempo estimado de leitura\" \/>\n\t<meta name=\"twitter:data2\" content=\"1 minuto\" \/>\n<script type=\"application\/ld+json\" class=\"yoast-schema-graph\">{\"@context\":\"https:\/\/schema.org\",\"@graph\":[{\"@type\":\"Article\",\"@id\":\"https:\/\/blogdoere.com.br\/?p=26971#article\",\"isPartOf\":{\"@id\":\"https:\/\/blogdoere.com.br\/?p=26971\"},\"author\":{\"name\":\"blogdoere@hotmail.com\",\"@id\":\"https:\/\/blogdoere.com.br\/#\/schema\/person\/c4f6d566a44c7bacdda563667715d18b\"},\"headline\":\"PADRE ILHEENSE \u00c9 ASSASSINADO EM ANGICAL\",\"datePublished\":\"2013-03-14T23:39:00+00:00\",\"dateModified\":\"2021-11-05T01:00:22+00:00\",\"mainEntityOfPage\":{\"@id\":\"https:\/\/blogdoere.com.br\/?p=26971\"},\"wordCount\":164,\"commentCount\":1,\"publisher\":{\"@id\":\"https:\/\/blogdoere.com.br\/#organization\"},\"articleSection\":[\"Meio Ambiente\"],\"inLanguage\":\"pt-PT\",\"potentialAction\":[{\"@type\":\"CommentAction\",\"name\":\"Comment\",\"target\":[\"https:\/\/blogdoere.com.br\/?p=26971#respond\"]}]},{\"@type\":\"WebPage\",\"@id\":\"https:\/\/blogdoere.com.br\/?p=26971\",\"url\":\"https:\/\/blogdoere.com.br\/?p=26971\",\"name\":\"PADRE ILHEENSE \u00c9 ASSASSINADO EM ANGICAL - blog do er\u00ea\",\"isPartOf\":{\"@id\":\"https:\/\/blogdoere.com.br\/#website\"},\"datePublished\":\"2013-03-14T23:39:00+00:00\",\"dateModified\":\"2021-11-05T01:00:22+00:00\",\"breadcrumb\":{\"@id\":\"https:\/\/blogdoere.com.br\/?p=26971#breadcrumb\"},\"inLanguage\":\"pt-PT\",\"potentialAction\":[{\"@type\":\"ReadAction\",\"target\":[\"https:\/\/blogdoere.com.br\/?p=26971\"]}]},{\"@type\":\"BreadcrumbList\",\"@id\":\"https:\/\/blogdoere.com.br\/?p=26971#breadcrumb\",\"itemListElement\":[{\"@type\":\"ListItem\",\"position\":1,\"name\":\"In\u00edcio\",\"item\":\"https:\/\/blogdoere.com.br\/\"},{\"@type\":\"ListItem\",\"position\":2,\"name\":\"PADRE ILHEENSE \u00c9 ASSASSINADO EM ANGICAL\"}]},{\"@type\":\"WebSite\",\"@id\":\"https:\/\/blogdoere.com.br\/#website\",\"url\":\"https:\/\/blogdoere.com.br\/\",\"name\":\"blog do er\u00ea\",\"description\":\"\",\"publisher\":{\"@id\":\"https:\/\/blogdoere.com.br\/#organization\"},\"potentialAction\":[{\"@type\":\"SearchAction\",\"target\":{\"@type\":\"EntryPoint\",\"urlTemplate\":\"https:\/\/blogdoere.com.br\/?s={search_term_string}\"},\"query-input\":\"required name=search_term_string\"}],\"inLanguage\":\"pt-PT\"},{\"@type\":\"Organization\",\"@id\":\"https:\/\/blogdoere.com.br\/#organization\",\"name\":\"Blog do Er\u00ea\",\"url\":\"https:\/\/blogdoere.com.br\/\",\"logo\":{\"@type\":\"ImageObject\",\"inLanguage\":\"pt-PT\",\"@id\":\"https:\/\/blogdoere.com.br\/#\/schema\/logo\/image\/\",\"url\":\"https:\/\/blogdoere.com.br\/wp-content\/uploads\/2021\/11\/Logo-Ere-1.png\",\"contentUrl\":\"https:\/\/blogdoere.com.br\/wp-content\/uploads\/2021\/11\/Logo-Ere-1.png\",\"width\":1261,\"height\":1330,\"caption\":\"Blog do Er\u00ea\"},\"image\":{\"@id\":\"https:\/\/blogdoere.com.br\/#\/schema\/logo\/image\/\"}},{\"@type\":\"Person\",\"@id\":\"https:\/\/blogdoere.com.br\/#\/schema\/person\/c4f6d566a44c7bacdda563667715d18b\",\"name\":\"blogdoere@hotmail.com\",\"image\":{\"@type\":\"ImageObject\",\"inLanguage\":\"pt-PT\",\"@id\":\"https:\/\/blogdoere.com.br\/#\/schema\/person\/image\/\",\"url\":\"https:\/\/secure.gravatar.com\/avatar\/5684bd39df1289cb639b4ab539d6fcad69420e4a29521548fc078c58ed122fe6?s=96&d=mm&r=g\",\"contentUrl\":\"https:\/\/secure.gravatar.com\/avatar\/5684bd39df1289cb639b4ab539d6fcad69420e4a29521548fc078c58ed122fe6?s=96&d=mm&r=g\",\"caption\":\"blogdoere@hotmail.com\"},\"sameAs\":[\"http:\/\/blogdoere.com.br\"]}]}<\/script>\n<!-- \/ Yoast SEO plugin. -->","yoast_head_json":{"title":"PADRE ILHEENSE \u00c9 ASSASSINADO EM ANGICAL - blog do er\u00ea","robots":{"index":"index","follow":"follow","max-snippet":"max-snippet:-1","max-image-preview":"max-image-preview:large","max-video-preview":"max-video-preview:-1"},"canonical":"https:\/\/blogdoere.com.br\/?p=26971","og_locale":"pt_PT","og_type":"article","og_title":"PADRE ILHEENSE \u00c9 ASSASSINADO EM ANGICAL - blog do er\u00ea","og_description":"\u00a0 O padre do munic\u00edpio de Angical, a 52 quil\u00f4metros de Barreiras, no Oeste da Bahia, foi assassinado durante um assalto na noite deste domingo (10). O crime aconteceu por...","og_url":"https:\/\/blogdoere.com.br\/?p=26971","og_site_name":"blog do er\u00ea","article_published_time":"2013-03-14T23:39:00+00:00","article_modified_time":"2021-11-05T01:00:22+00:00","og_image":[{"width":779,"height":480,"url":"https:\/\/blogdoere.com.br\/wp-content\/uploads\/2013\/03\/04-Small.jpg","type":"image\/jpeg"}],"author":"blogdoere@hotmail.com","twitter_card":"summary_large_image","twitter_misc":{"Escrito por":"blogdoere@hotmail.com","Tempo estimado de leitura":"1 minuto"},"schema":{"@context":"https:\/\/schema.org","@graph":[{"@type":"Article","@id":"https:\/\/blogdoere.com.br\/?p=26971#article","isPartOf":{"@id":"https:\/\/blogdoere.com.br\/?p=26971"},"author":{"name":"blogdoere@hotmail.com","@id":"https:\/\/blogdoere.com.br\/#\/schema\/person\/c4f6d566a44c7bacdda563667715d18b"},"headline":"PADRE ILHEENSE \u00c9 ASSASSINADO EM ANGICAL","datePublished":"2013-03-14T23:39:00+00:00","dateModified":"2021-11-05T01:00:22+00:00","mainEntityOfPage":{"@id":"https:\/\/blogdoere.com.br\/?p=26971"},"wordCount":164,"commentCount":1,"publisher":{"@id":"https:\/\/blogdoere.com.br\/#organization"},"articleSection":["Meio Ambiente"],"inLanguage":"pt-PT","potentialAction":[{"@type":"CommentAction","name":"Comment","target":["https:\/\/blogdoere.com.br\/?p=26971#respond"]}]},{"@type":"WebPage","@id":"https:\/\/blogdoere.com.br\/?p=26971","url":"https:\/\/blogdoere.com.br\/?p=26971","name":"PADRE ILHEENSE \u00c9 ASSASSINADO EM ANGICAL - blog do er\u00ea","isPartOf":{"@id":"https:\/\/blogdoere.com.br\/#website"},"datePublished":"2013-03-14T23:39:00+00:00","dateModified":"2021-11-05T01:00:22+00:00","breadcrumb":{"@id":"https:\/\/blogdoere.com.br\/?p=26971#breadcrumb"},"inLanguage":"pt-PT","potentialAction":[{"@type":"ReadAction","target":["https:\/\/blogdoere.com.br\/?p=26971"]}]},{"@type":"BreadcrumbList","@id":"https:\/\/blogdoere.com.br\/?p=26971#breadcrumb","itemListElement":[{"@type":"ListItem","position":1,"name":"In\u00edcio","item":"https:\/\/blogdoere.com.br\/"},{"@type":"ListItem","position":2,"name":"PADRE ILHEENSE \u00c9 ASSASSINADO EM ANGICAL"}]},{"@type":"WebSite","@id":"https:\/\/blogdoere.com.br\/#website","url":"https:\/\/blogdoere.com.br\/","name":"blog do er\u00ea","description":"","publisher":{"@id":"https:\/\/blogdoere.com.br\/#organization"},"potentialAction":[{"@type":"SearchAction","target":{"@type":"EntryPoint","urlTemplate":"https:\/\/blogdoere.com.br\/?s={search_term_string}"},"query-input":"required name=search_term_string"}],"inLanguage":"pt-PT"},{"@type":"Organization","@id":"https:\/\/blogdoere.com.br\/#organization","name":"Blog do Er\u00ea","url":"https:\/\/blogdoere.com.br\/","logo":{"@type":"ImageObject","inLanguage":"pt-PT","@id":"https:\/\/blogdoere.com.br\/#\/schema\/logo\/image\/","url":"https:\/\/blogdoere.com.br\/wp-content\/uploads\/2021\/11\/Logo-Ere-1.png","contentUrl":"https:\/\/blogdoere.com.br\/wp-content\/uploads\/2021\/11\/Logo-Ere-1.png","width":1261,"height":1330,"caption":"Blog do Er\u00ea"},"image":{"@id":"https:\/\/blogdoere.com.br\/#\/schema\/logo\/image\/"}},{"@type":"Person","@id":"https:\/\/blogdoere.com.br\/#\/schema\/person\/c4f6d566a44c7bacdda563667715d18b","name":"blogdoere@hotmail.com","image":{"@type":"ImageObject","inLanguage":"pt-PT","@id":"https:\/\/blogdoere.com.br\/#\/schema\/person\/image\/","url":"https:\/\/secure.gravatar.com\/avatar\/5684bd39df1289cb639b4ab539d6fcad69420e4a29521548fc078c58ed122fe6?s=96&d=mm&r=g","contentUrl":"https:\/\/secure.gravatar.com\/avatar\/5684bd39df1289cb639b4ab539d6fcad69420e4a29521548fc078c58ed122fe6?s=96&d=mm&r=g","caption":"blogdoere@hotmail.com"},"sameAs":["http:\/\/blogdoere.com.br"]}]}},"featured_image_urls":{"full":["https:\/\/blogdoere.com.br\/wp-content\/uploads\/2013\/03\/04-Small.jpg",779,480,false],"thumbnail":["https:\/\/blogdoere.com.br\/wp-content\/uploads\/2013\/03\/04-Small-150x150.jpg",150,150,true],"medium":["https:\/\/blogdoere.com.br\/wp-content\/uploads\/2013\/03\/04-Small-300x185.jpg",300,185,true],"medium_large":["https:\/\/blogdoere.com.br\/wp-content\/uploads\/2013\/03\/04-Small-768x473.jpg",768,473,true],"large":["https:\/\/blogdoere.com.br\/wp-content\/uploads\/2013\/03\/04-Small.jpg",779,480,false],"1536x1536":["https:\/\/blogdoere.com.br\/wp-content\/uploads\/2013\/03\/04-Small.jpg",779,480,false],"2048x2048":["https:\/\/blogdoere.com.br\/wp-content\/uploads\/2013\/03\/04-Small.jpg",779,480,false]},"author_info":{"display_name":"blogdoere@hotmail.com","author_link":"https:\/\/blogdoere.com.br\/?author=1"},"category_info":"<a href=\"https:\/\/blogdoere.com.br\/?cat=56\" rel=\"category\">Meio Ambiente<\/a>","tag_info":"Meio Ambiente","comment_count":"1","_links":{"self":[{"href":"https:\/\/blogdoere.com.br\/index.php?rest_route=\/wp\/v2\/posts\/26971","targetHints":{"allow":["GET"]}}],"collection":[{"href":"https:\/\/blogdoere.com.br\/index.php?rest_route=\/wp\/v2\/posts"}],"about":[{"href":"https:\/\/blogdoere.com.br\/index.php?rest_route=\/wp\/v2\/types\/post"}],"author":[{"embeddable":true,"href":"https:\/\/blogdoere.com.br\/index.php?rest_route=\/wp\/v2\/users\/1"}],"replies":[{"embeddable":true,"href":"https:\/\/blogdoere.com.br\/index.php?rest_route=%2Fwp%2Fv2%2Fcomments&post=26971"}],"version-history":[{"count":1,"href":"https:\/\/blogdoere.com.br\/index.php?rest_route=\/wp\/v2\/posts\/26971\/revisions"}],"predecessor-version":[{"id":27099,"href":"https:\/\/blogdoere.com.br\/index.php?rest_route=\/wp\/v2\/posts\/26971\/revisions\/27099"}],"wp:featuredmedia":[{"embeddable":true,"href":"https:\/\/blogdoere.com.br\/index.php?rest_route=\/wp\/v2\/media\/27098"}],"wp:attachment":[{"href":"https:\/\/blogdoere.com.br\/index.php?rest_route=%2Fwp%2Fv2%2Fmedia&parent=26971"}],"wp:term":[{"taxonomy":"category","embeddable":true,"href":"https:\/\/blogdoere.com.br\/index.php?rest_route=%2Fwp%2Fv2%2Fcategories&post=26971"},{"taxonomy":"post_tag","embeddable":true,"href":"https:\/\/blogdoere.com.br\/index.php?rest_route=%2Fwp%2Fv2%2Ftags&post=26971"}],"curies":[{"name":"wp","href":"https:\/\/api.w.org\/{rel}","templated":true}]}}