{"id":26974,"date":"2013-03-14T21:13:00","date_gmt":"2013-03-14T21:13:00","guid":{"rendered":"http:\/\/blogdoere.com.br\/?p=26974"},"modified":"2013-03-14T21:13:00","modified_gmt":"2013-03-14T21:13:00","slug":"comissao-aprova-extensao-de-direitos-trabalhistas-para-domesticas","status":"publish","type":"post","link":"https:\/\/blogdoere.com.br\/?p=26974","title":{"rendered":"Comiss\u00e3o aprova extens\u00e3o de direitos trabalhistas para dom\u00e9sticas"},"content":{"rendered":"<p><\/p>\n<div style=\"background-color: white; color: #1d1d1d; font-family: 'Lucida Sans Unicode', 'Lucida Grande', sans-serif; font-size: 15px; line-height: 19.1875px; padding: 0px 0px 20px; text-align: justify;\">\n<div style=\"clear: both; text-align: center;\"><a href=\"http:\/\/2.bp.blogspot.com\/-Q1jp3n8zzmk\/UUJFLZtlbVI\/AAAAAAAAFAo\/X8xAcJ_fK-8\/s1600\/01+(Small).jpg\" style=\"margin-left: 1em; margin-right: 1em;\"><img decoding=\"async\" border=\"0\" height=\"197\" src=\"http:\/\/2.bp.blogspot.com\/-Q1jp3n8zzmk\/UUJFLZtlbVI\/AAAAAAAAFAo\/X8xAcJ_fK-8\/s320\/01+(Small).jpg\" width=\"320\" \/><\/a><\/div>\n<p><\/div>\n<div style=\"background-color: white; color: #1d1d1d; font-family: 'Lucida Sans Unicode', 'Lucida Grande', sans-serif; font-size: 15px; line-height: 19.1875px; padding: 0px 0px 20px; text-align: justify;\">A Comiss\u00e3o de Constitui\u00e7\u00e3o, Justi\u00e7a e Cidadania (CCJ) aprovou por unanimidade a proposta de emenda \u00e0 Constitui\u00e7\u00e3o (<a href=\"http:\/\/www.senado.gov.br\/atividade\/materia\/detalhes.asp?p_cod_mate=109761\" style=\"border-bottom-color: rgb(204, 204, 204); border-bottom-style: solid; border-bottom-width: 0px; color: #427597; margin: 0px; outline: none; padding: 0px; text-decoration: none;\">PEC 66\/2012<\/a>) que assegura aos empregados dom\u00e9sticos os mesmos direitos j\u00e1 garantidos aos demais trabalhadores. A proposi\u00e7\u00e3o segue agora para vota\u00e7\u00e3o em Plen\u00e1rio.<\/div>\n<div style=\"background-color: white; color: #1d1d1d; font-family: 'Lucida Sans Unicode', 'Lucida Grande', sans-serif; font-size: 15px; line-height: 19.1875px; padding: 0px 0px 20px; text-align: justify;\">O texto aprovado \u00e9 o mesmo que veio da C\u00e2mara dos Deputados, com o acr\u00e9scimo feito pela relatora, senadora L\u00eddice da Mata (PSB-BA), a partir da emenda apresentada pelo senador Paulo Bauer (PSDB-SC), considerada por consenso como emenda de reda\u00e7\u00e3o, o que evitar\u00e1 que o texto retorne \u00e0 C\u00e2mara.<\/div>\n<div style=\"background-color: white; color: #1d1d1d; font-family: 'Lucida Sans Unicode', 'Lucida Grande', sans-serif; font-size: 15px; line-height: 19.1875px; padding: 0px 0px 20px; text-align: justify;\">Essa emenda objetiva assegurar que a concess\u00e3o de licen\u00e7a \u00e0 gestante para as trabalhadoras do setor n\u00e3o dependa da edi\u00e7\u00e3o de lei ordin\u00e1ria ap\u00f3s promulga\u00e7\u00e3o de emenda constitucional que resultar desta PEC agora em an\u00e1lise pelo Senado.<\/div>\n<div style=\"background-color: white; color: #1d1d1d; font-family: 'Lucida Sans Unicode', 'Lucida Grande', sans-serif; font-size: 15px; line-height: 19.1875px; padding: 0px 0px 20px; text-align: justify;\">Pelo texto aprovado, os dom\u00e9sticos ter\u00e3o direito ao Fundo de Garantia do Tempo de Servi\u00e7o (FGTS), jornada semanal de 44 horas, com oito horas di\u00e1rias de trabalho; remunera\u00e7\u00e3o do trabalho noturno superior ao do diurno, remunera\u00e7\u00e3o mensal nunca inferior ao sal\u00e1rio m\u00ednimo; proibi\u00e7\u00e3o de qualquer discrimina\u00e7\u00e3o em fun\u00e7\u00e3o de sexo, idade, cor, estado civil ou defici\u00eancia; e pagamento de hora-extra em valor, no m\u00ednimo, 50% acima da hora normal.<\/div>\n<div style=\"background-color: white; color: #1d1d1d; font-family: 'Lucida Sans Unicode', 'Lucida Grande', sans-serif; font-size: 15px; line-height: 19.1875px; padding: 0px 0px 20px; text-align: justify;\">A outra emenda apresentada no Senado, do senador Aloysio Nunes (PSDB-SP) foi rejeitada pela relatora. A inten\u00e7\u00e3o era conferir aos dom\u00e9sticos os mesmos prazos prescricionais para requerer direitos trabalhistas na Justi\u00e7a. Segundo L\u00eddice da Mata, os tribunais j\u00e1 t\u00eam entendido que se aplica o mesmo prazo prescricional previsto na Constitui\u00e7\u00e3o \u00e0s a\u00e7\u00f5es trabalhistas movidas por trabalhadores dom\u00e9sticos. Al\u00e9m disso, ela argumentou que lei ordin\u00e1ria poder\u00e1 tratar do tema, se for necess\u00e1rio.<\/div>\n","protected":false},"excerpt":{"rendered":"<p>A Comiss\u00e3o de Constitui\u00e7\u00e3o, Justi\u00e7a e Cidadania (CCJ) aprovou por unanimidade a proposta de emenda \u00e0 Constitui\u00e7\u00e3o (PEC 66\/2012) que assegura aos empregados dom\u00e9sticos os mesmos direitos j\u00e1 garantidos aos&#8230;<\/p>\n","protected":false},"author":1,"featured_media":0,"comment_status":"open","ping_status":"open","sticky":false,"template":"","format":"standard","meta":{"_editorskit_title_hidden":false,"_editorskit_reading_time":0,"_editorskit_is_block_options_detached":false,"_editorskit_block_options_position":"{}","om_disable_all_campaigns":false,"_mi_skip_tracking":false,"_kad_post_transparent":"","_kad_post_title":"","_kad_post_layout":"","_kad_post_sidebar_id":"","_kad_post_content_style":"","_kad_post_vertical_padding":"","_kad_post_feature":"","_kad_post_feature_position":"","_kad_post_header":false,"_kad_post_footer":false,"footnotes":""},"categories":[32],"tags":[],"class_list":["post-26974","post","type-post","status-publish","format-standard","hentry","category-politica"],"yoast_head":"<!-- This site is optimized with the Yoast SEO plugin v20.5 - https:\/\/yoast.com\/wordpress\/plugins\/seo\/ -->\n<title>Comiss\u00e3o aprova extens\u00e3o de direitos trabalhistas para dom\u00e9sticas - blog do er\u00ea<\/title>\n<meta name=\"robots\" content=\"index, follow, max-snippet:-1, max-image-preview:large, max-video-preview:-1\" \/>\n<link rel=\"canonical\" href=\"https:\/\/blogdoere.com.br\/?p=26974\" \/>\n<meta property=\"og:locale\" content=\"pt_PT\" \/>\n<meta property=\"og:type\" content=\"article\" \/>\n<meta property=\"og:title\" content=\"Comiss\u00e3o aprova extens\u00e3o de direitos trabalhistas para dom\u00e9sticas - blog do er\u00ea\" \/>\n<meta property=\"og:description\" content=\"A Comiss\u00e3o de Constitui\u00e7\u00e3o, Justi\u00e7a e Cidadania (CCJ) aprovou por unanimidade a proposta de emenda \u00e0 Constitui\u00e7\u00e3o (PEC 66\/2012) que assegura aos empregados dom\u00e9sticos os mesmos direitos j\u00e1 garantidos aos...\" \/>\n<meta property=\"og:url\" content=\"https:\/\/blogdoere.com.br\/?p=26974\" \/>\n<meta property=\"og:site_name\" content=\"blog do er\u00ea\" \/>\n<meta property=\"article:published_time\" content=\"2013-03-14T21:13:00+00:00\" \/>\n<meta property=\"og:image\" content=\"http:\/\/2.bp.blogspot.com\/-Q1jp3n8zzmk\/UUJFLZtlbVI\/AAAAAAAAFAo\/X8xAcJ_fK-8\/s320\/01+(Small).jpg\" \/>\n<meta name=\"author\" content=\"blogdoere@hotmail.com\" \/>\n<meta name=\"twitter:card\" content=\"summary_large_image\" \/>\n<meta name=\"twitter:label1\" content=\"Escrito por\" \/>\n\t<meta name=\"twitter:data1\" content=\"blogdoere@hotmail.com\" \/>\n\t<meta name=\"twitter:label2\" content=\"Tempo estimado de leitura\" \/>\n\t<meta name=\"twitter:data2\" content=\"2 minutos\" \/>\n<script type=\"application\/ld+json\" class=\"yoast-schema-graph\">{\"@context\":\"https:\/\/schema.org\",\"@graph\":[{\"@type\":\"Article\",\"@id\":\"https:\/\/blogdoere.com.br\/?p=26974#article\",\"isPartOf\":{\"@id\":\"https:\/\/blogdoere.com.br\/?p=26974\"},\"author\":{\"name\":\"blogdoere@hotmail.com\",\"@id\":\"https:\/\/blogdoere.com.br\/#\/schema\/person\/c4f6d566a44c7bacdda563667715d18b\"},\"headline\":\"Comiss\u00e3o aprova extens\u00e3o de direitos trabalhistas para dom\u00e9sticas\",\"datePublished\":\"2013-03-14T21:13:00+00:00\",\"dateModified\":\"2013-03-14T21:13:00+00:00\",\"mainEntityOfPage\":{\"@id\":\"https:\/\/blogdoere.com.br\/?p=26974\"},\"wordCount\":315,\"commentCount\":0,\"publisher\":{\"@id\":\"https:\/\/blogdoere.com.br\/#organization\"},\"articleSection\":[\"Pol\u00edtica\"],\"inLanguage\":\"pt-PT\",\"potentialAction\":[{\"@type\":\"CommentAction\",\"name\":\"Comment\",\"target\":[\"https:\/\/blogdoere.com.br\/?p=26974#respond\"]}]},{\"@type\":\"WebPage\",\"@id\":\"https:\/\/blogdoere.com.br\/?p=26974\",\"url\":\"https:\/\/blogdoere.com.br\/?p=26974\",\"name\":\"Comiss\u00e3o aprova extens\u00e3o de direitos trabalhistas para dom\u00e9sticas - blog do er\u00ea\",\"isPartOf\":{\"@id\":\"https:\/\/blogdoere.com.br\/#website\"},\"datePublished\":\"2013-03-14T21:13:00+00:00\",\"dateModified\":\"2013-03-14T21:13:00+00:00\",\"breadcrumb\":{\"@id\":\"https:\/\/blogdoere.com.br\/?p=26974#breadcrumb\"},\"inLanguage\":\"pt-PT\",\"potentialAction\":[{\"@type\":\"ReadAction\",\"target\":[\"https:\/\/blogdoere.com.br\/?p=26974\"]}]},{\"@type\":\"BreadcrumbList\",\"@id\":\"https:\/\/blogdoere.com.br\/?p=26974#breadcrumb\",\"itemListElement\":[{\"@type\":\"ListItem\",\"position\":1,\"name\":\"In\u00edcio\",\"item\":\"https:\/\/blogdoere.com.br\/\"},{\"@type\":\"ListItem\",\"position\":2,\"name\":\"Comiss\u00e3o aprova extens\u00e3o de direitos trabalhistas para dom\u00e9sticas\"}]},{\"@type\":\"WebSite\",\"@id\":\"https:\/\/blogdoere.com.br\/#website\",\"url\":\"https:\/\/blogdoere.com.br\/\",\"name\":\"blog do er\u00ea\",\"description\":\"\",\"publisher\":{\"@id\":\"https:\/\/blogdoere.com.br\/#organization\"},\"potentialAction\":[{\"@type\":\"SearchAction\",\"target\":{\"@type\":\"EntryPoint\",\"urlTemplate\":\"https:\/\/blogdoere.com.br\/?s={search_term_string}\"},\"query-input\":\"required name=search_term_string\"}],\"inLanguage\":\"pt-PT\"},{\"@type\":\"Organization\",\"@id\":\"https:\/\/blogdoere.com.br\/#organization\",\"name\":\"Blog do Er\u00ea\",\"url\":\"https:\/\/blogdoere.com.br\/\",\"logo\":{\"@type\":\"ImageObject\",\"inLanguage\":\"pt-PT\",\"@id\":\"https:\/\/blogdoere.com.br\/#\/schema\/logo\/image\/\",\"url\":\"https:\/\/blogdoere.com.br\/wp-content\/uploads\/2021\/11\/Logo-Ere-1.png\",\"contentUrl\":\"https:\/\/blogdoere.com.br\/wp-content\/uploads\/2021\/11\/Logo-Ere-1.png\",\"width\":1261,\"height\":1330,\"caption\":\"Blog do Er\u00ea\"},\"image\":{\"@id\":\"https:\/\/blogdoere.com.br\/#\/schema\/logo\/image\/\"}},{\"@type\":\"Person\",\"@id\":\"https:\/\/blogdoere.com.br\/#\/schema\/person\/c4f6d566a44c7bacdda563667715d18b\",\"name\":\"blogdoere@hotmail.com\",\"image\":{\"@type\":\"ImageObject\",\"inLanguage\":\"pt-PT\",\"@id\":\"https:\/\/blogdoere.com.br\/#\/schema\/person\/image\/\",\"url\":\"https:\/\/secure.gravatar.com\/avatar\/5684bd39df1289cb639b4ab539d6fcad69420e4a29521548fc078c58ed122fe6?s=96&d=mm&r=g\",\"contentUrl\":\"https:\/\/secure.gravatar.com\/avatar\/5684bd39df1289cb639b4ab539d6fcad69420e4a29521548fc078c58ed122fe6?s=96&d=mm&r=g\",\"caption\":\"blogdoere@hotmail.com\"},\"sameAs\":[\"http:\/\/blogdoere.com.br\"]}]}<\/script>\n<!-- \/ Yoast SEO plugin. -->","yoast_head_json":{"title":"Comiss\u00e3o aprova extens\u00e3o de direitos trabalhistas para dom\u00e9sticas - blog do er\u00ea","robots":{"index":"index","follow":"follow","max-snippet":"max-snippet:-1","max-image-preview":"max-image-preview:large","max-video-preview":"max-video-preview:-1"},"canonical":"https:\/\/blogdoere.com.br\/?p=26974","og_locale":"pt_PT","og_type":"article","og_title":"Comiss\u00e3o aprova extens\u00e3o de direitos trabalhistas para dom\u00e9sticas - blog do er\u00ea","og_description":"A Comiss\u00e3o de Constitui\u00e7\u00e3o, Justi\u00e7a e Cidadania (CCJ) aprovou por unanimidade a proposta de emenda \u00e0 Constitui\u00e7\u00e3o (PEC 66\/2012) que assegura aos empregados dom\u00e9sticos os mesmos direitos j\u00e1 garantidos aos...","og_url":"https:\/\/blogdoere.com.br\/?p=26974","og_site_name":"blog do er\u00ea","article_published_time":"2013-03-14T21:13:00+00:00","og_image":[{"url":"http:\/\/2.bp.blogspot.com\/-Q1jp3n8zzmk\/UUJFLZtlbVI\/AAAAAAAAFAo\/X8xAcJ_fK-8\/s320\/01+(Small).jpg"}],"author":"blogdoere@hotmail.com","twitter_card":"summary_large_image","twitter_misc":{"Escrito por":"blogdoere@hotmail.com","Tempo estimado de leitura":"2 minutos"},"schema":{"@context":"https:\/\/schema.org","@graph":[{"@type":"Article","@id":"https:\/\/blogdoere.com.br\/?p=26974#article","isPartOf":{"@id":"https:\/\/blogdoere.com.br\/?p=26974"},"author":{"name":"blogdoere@hotmail.com","@id":"https:\/\/blogdoere.com.br\/#\/schema\/person\/c4f6d566a44c7bacdda563667715d18b"},"headline":"Comiss\u00e3o aprova extens\u00e3o de direitos trabalhistas para dom\u00e9sticas","datePublished":"2013-03-14T21:13:00+00:00","dateModified":"2013-03-14T21:13:00+00:00","mainEntityOfPage":{"@id":"https:\/\/blogdoere.com.br\/?p=26974"},"wordCount":315,"commentCount":0,"publisher":{"@id":"https:\/\/blogdoere.com.br\/#organization"},"articleSection":["Pol\u00edtica"],"inLanguage":"pt-PT","potentialAction":[{"@type":"CommentAction","name":"Comment","target":["https:\/\/blogdoere.com.br\/?p=26974#respond"]}]},{"@type":"WebPage","@id":"https:\/\/blogdoere.com.br\/?p=26974","url":"https:\/\/blogdoere.com.br\/?p=26974","name":"Comiss\u00e3o aprova extens\u00e3o de direitos trabalhistas para dom\u00e9sticas - blog do er\u00ea","isPartOf":{"@id":"https:\/\/blogdoere.com.br\/#website"},"datePublished":"2013-03-14T21:13:00+00:00","dateModified":"2013-03-14T21:13:00+00:00","breadcrumb":{"@id":"https:\/\/blogdoere.com.br\/?p=26974#breadcrumb"},"inLanguage":"pt-PT","potentialAction":[{"@type":"ReadAction","target":["https:\/\/blogdoere.com.br\/?p=26974"]}]},{"@type":"BreadcrumbList","@id":"https:\/\/blogdoere.com.br\/?p=26974#breadcrumb","itemListElement":[{"@type":"ListItem","position":1,"name":"In\u00edcio","item":"https:\/\/blogdoere.com.br\/"},{"@type":"ListItem","position":2,"name":"Comiss\u00e3o aprova extens\u00e3o de direitos trabalhistas para dom\u00e9sticas"}]},{"@type":"WebSite","@id":"https:\/\/blogdoere.com.br\/#website","url":"https:\/\/blogdoere.com.br\/","name":"blog do er\u00ea","description":"","publisher":{"@id":"https:\/\/blogdoere.com.br\/#organization"},"potentialAction":[{"@type":"SearchAction","target":{"@type":"EntryPoint","urlTemplate":"https:\/\/blogdoere.com.br\/?s={search_term_string}"},"query-input":"required name=search_term_string"}],"inLanguage":"pt-PT"},{"@type":"Organization","@id":"https:\/\/blogdoere.com.br\/#organization","name":"Blog do Er\u00ea","url":"https:\/\/blogdoere.com.br\/","logo":{"@type":"ImageObject","inLanguage":"pt-PT","@id":"https:\/\/blogdoere.com.br\/#\/schema\/logo\/image\/","url":"https:\/\/blogdoere.com.br\/wp-content\/uploads\/2021\/11\/Logo-Ere-1.png","contentUrl":"https:\/\/blogdoere.com.br\/wp-content\/uploads\/2021\/11\/Logo-Ere-1.png","width":1261,"height":1330,"caption":"Blog do Er\u00ea"},"image":{"@id":"https:\/\/blogdoere.com.br\/#\/schema\/logo\/image\/"}},{"@type":"Person","@id":"https:\/\/blogdoere.com.br\/#\/schema\/person\/c4f6d566a44c7bacdda563667715d18b","name":"blogdoere@hotmail.com","image":{"@type":"ImageObject","inLanguage":"pt-PT","@id":"https:\/\/blogdoere.com.br\/#\/schema\/person\/image\/","url":"https:\/\/secure.gravatar.com\/avatar\/5684bd39df1289cb639b4ab539d6fcad69420e4a29521548fc078c58ed122fe6?s=96&d=mm&r=g","contentUrl":"https:\/\/secure.gravatar.com\/avatar\/5684bd39df1289cb639b4ab539d6fcad69420e4a29521548fc078c58ed122fe6?s=96&d=mm&r=g","caption":"blogdoere@hotmail.com"},"sameAs":["http:\/\/blogdoere.com.br"]}]}},"featured_image_urls":{"full":"","thumbnail":"","medium":"","medium_large":"","large":"","1536x1536":"","2048x2048":""},"author_info":{"display_name":"blogdoere@hotmail.com","author_link":"https:\/\/blogdoere.com.br\/?author=1"},"category_info":"<a href=\"https:\/\/blogdoere.com.br\/?cat=32\" rel=\"category\">Pol\u00edtica<\/a>","tag_info":"Pol\u00edtica","comment_count":"0","_links":{"self":[{"href":"https:\/\/blogdoere.com.br\/index.php?rest_route=\/wp\/v2\/posts\/26974","targetHints":{"allow":["GET"]}}],"collection":[{"href":"https:\/\/blogdoere.com.br\/index.php?rest_route=\/wp\/v2\/posts"}],"about":[{"href":"https:\/\/blogdoere.com.br\/index.php?rest_route=\/wp\/v2\/types\/post"}],"author":[{"embeddable":true,"href":"https:\/\/blogdoere.com.br\/index.php?rest_route=\/wp\/v2\/users\/1"}],"replies":[{"embeddable":true,"href":"https:\/\/blogdoere.com.br\/index.php?rest_route=%2Fwp%2Fv2%2Fcomments&post=26974"}],"version-history":[{"count":0,"href":"https:\/\/blogdoere.com.br\/index.php?rest_route=\/wp\/v2\/posts\/26974\/revisions"}],"wp:attachment":[{"href":"https:\/\/blogdoere.com.br\/index.php?rest_route=%2Fwp%2Fv2%2Fmedia&parent=26974"}],"wp:term":[{"taxonomy":"category","embeddable":true,"href":"https:\/\/blogdoere.com.br\/index.php?rest_route=%2Fwp%2Fv2%2Fcategories&post=26974"},{"taxonomy":"post_tag","embeddable":true,"href":"https:\/\/blogdoere.com.br\/index.php?rest_route=%2Fwp%2Fv2%2Ftags&post=26974"}],"curies":[{"name":"wp","href":"https:\/\/api.w.org\/{rel}","templated":true}]}}