{"id":27191,"date":"2021-11-09T20:50:09","date_gmt":"2021-11-09T20:50:09","guid":{"rendered":"http:\/\/blogdoere.com.br\/?p=27191"},"modified":"2021-11-11T05:43:15","modified_gmt":"2021-11-11T05:43:15","slug":"itajuipe-prefeito-marcone-faz-vistoria-em-obras","status":"publish","type":"post","link":"https:\/\/blogdoere.com.br\/?p=27191","title":{"rendered":"ITAJU\u00cdPE: PREFEITO MARCONE FAZ VISTORIA EM OBRAS."},"content":{"rendered":"<div style=\"clear: both; text-align: center;\"><a style=\"margin-left: 1em; margin-right: 1em;\" href=\"https:\/\/blogdoere.com.br\/wp-content\/uploads\/2021\/09\/IMG-20210930-WA0192.jpg\"><img decoding=\"async\" class=\"alignnone size-medium wp-image-27211\" src=\"https:\/\/blogdoere.com.br\/wp-content\/uploads\/2021\/11\/FOTO_20211103_194536-300x163.jpg\" alt=\"\" width=\"300\" height=\"163\" srcset=\"https:\/\/blogdoere.com.br\/wp-content\/uploads\/2021\/11\/FOTO_20211103_194536-300x163.jpg 300w, https:\/\/blogdoere.com.br\/wp-content\/uploads\/2021\/11\/FOTO_20211103_194536-1024x555.jpg 1024w, https:\/\/blogdoere.com.br\/wp-content\/uploads\/2021\/11\/FOTO_20211103_194536-768x416.jpg 768w, https:\/\/blogdoere.com.br\/wp-content\/uploads\/2021\/11\/FOTO_20211103_194536.jpg 1163w\" sizes=\"(max-width: 300px) 100vw, 300px\" \/><\/a><\/div>\n<p>Nesta manh\u00e3 de quarta-feira (03\/11), o prefeito Marcone Amaral(PSD), fez vistoria nas obras das escolas Pedro Alves Melo, no distrito de Bandeira do Almada, e Brasilino Jos\u00e9 dos Santos, em Sequeiro Grande. Acompanhado pelo vice-prefeito L\u00e9o da Capoeira; secret\u00e1ria de Educa\u00e7\u00e3o, Maria de Lourdes; Administra\u00e7\u00e3o e Finan\u00e7as, Ralile Luedy; Desenvolvimento Urbano, Itamar Chagas; Planejamento, Maur\u00edcio C\u00e2mara, diretores e vereadores, o gestor ficou satisfeito com o andamento das reformas e destacou que as reformas das duas escolas v\u00e3o contribuir com o desenvolvimento das comunidades.<\/p>\n<div style=\"clear: both; text-align: center;\"><\/div>\n<div style=\"clear: both; text-align: center;\"><\/div>\n<div style=\"clear: both; text-align: center;\"><\/div>\n","protected":false},"excerpt":{"rendered":"<p>Nesta manh\u00e3 de quarta-feira (03\/11), o prefeito Marcone Amaral(PSD), fez vistoria nas obras das escolas Pedro Alves Melo, no distrito de Bandeira do Almada, e Brasilino Jos\u00e9 dos Santos, em&#8230;<\/p>\n","protected":false},"author":1,"featured_media":27211,"comment_status":"open","ping_status":"open","sticky":false,"template":"","format":"standard","meta":{"_editorskit_title_hidden":false,"_editorskit_reading_time":0,"_editorskit_is_block_options_detached":false,"_editorskit_block_options_position":"{}","om_disable_all_campaigns":false,"_mi_skip_tracking":false,"_kad_post_transparent":"","_kad_post_title":"","_kad_post_layout":"","_kad_post_sidebar_id":"","_kad_post_content_style":"","_kad_post_vertical_padding":"","_kad_post_feature":"","_kad_post_feature_position":"","_kad_post_header":false,"_kad_post_footer":false,"footnotes":""},"categories":[32],"tags":[],"class_list":["post-27191","post","type-post","status-publish","format-standard","has-post-thumbnail","hentry","category-politica"],"yoast_head":"<!-- This site is optimized with the Yoast SEO plugin v20.5 - https:\/\/yoast.com\/wordpress\/plugins\/seo\/ -->\n<title>ITAJU\u00cdPE: PREFEITO MARCONE FAZ VISTORIA EM OBRAS. - blog do er\u00ea<\/title>\n<meta name=\"robots\" content=\"index, follow, max-snippet:-1, max-image-preview:large, max-video-preview:-1\" \/>\n<link rel=\"canonical\" href=\"https:\/\/blogdoere.com.br\/?p=27191\" \/>\n<meta property=\"og:locale\" content=\"pt_PT\" \/>\n<meta property=\"og:type\" content=\"article\" \/>\n<meta property=\"og:title\" content=\"ITAJU\u00cdPE: PREFEITO MARCONE FAZ VISTORIA EM OBRAS. - blog do er\u00ea\" \/>\n<meta property=\"og:description\" content=\"Nesta manh\u00e3 de quarta-feira (03\/11), o prefeito Marcone Amaral(PSD), fez vistoria nas obras das escolas Pedro Alves Melo, no distrito de Bandeira do Almada, e Brasilino Jos\u00e9 dos Santos, em...\" \/>\n<meta property=\"og:url\" content=\"https:\/\/blogdoere.com.br\/?p=27191\" \/>\n<meta property=\"og:site_name\" content=\"blog do er\u00ea\" \/>\n<meta property=\"article:published_time\" content=\"2021-11-09T20:50:09+00:00\" \/>\n<meta property=\"article:modified_time\" content=\"2021-11-11T05:43:15+00:00\" \/>\n<meta property=\"og:image\" content=\"https:\/\/blogdoere.com.br\/wp-content\/uploads\/2021\/11\/FOTO_20211103_194536.jpg\" \/>\n\t<meta property=\"og:image:width\" content=\"1163\" \/>\n\t<meta property=\"og:image:height\" content=\"630\" \/>\n\t<meta property=\"og:image:type\" content=\"image\/jpeg\" \/>\n<meta name=\"author\" content=\"blogdoere@hotmail.com\" \/>\n<meta name=\"twitter:card\" content=\"summary_large_image\" \/>\n<meta name=\"twitter:label1\" content=\"Escrito por\" \/>\n\t<meta name=\"twitter:data1\" content=\"blogdoere@hotmail.com\" \/>\n<script type=\"application\/ld+json\" class=\"yoast-schema-graph\">{\"@context\":\"https:\/\/schema.org\",\"@graph\":[{\"@type\":\"Article\",\"@id\":\"https:\/\/blogdoere.com.br\/?p=27191#article\",\"isPartOf\":{\"@id\":\"https:\/\/blogdoere.com.br\/?p=27191\"},\"author\":{\"name\":\"blogdoere@hotmail.com\",\"@id\":\"https:\/\/blogdoere.com.br\/#\/schema\/person\/c4f6d566a44c7bacdda563667715d18b\"},\"headline\":\"ITAJU\u00cdPE: PREFEITO MARCONE FAZ VISTORIA EM OBRAS.\",\"datePublished\":\"2021-11-09T20:50:09+00:00\",\"dateModified\":\"2021-11-11T05:43:15+00:00\",\"mainEntityOfPage\":{\"@id\":\"https:\/\/blogdoere.com.br\/?p=27191\"},\"wordCount\":99,\"commentCount\":0,\"publisher\":{\"@id\":\"https:\/\/blogdoere.com.br\/#organization\"},\"articleSection\":[\"Pol\u00edtica\"],\"inLanguage\":\"pt-PT\",\"potentialAction\":[{\"@type\":\"CommentAction\",\"name\":\"Comment\",\"target\":[\"https:\/\/blogdoere.com.br\/?p=27191#respond\"]}]},{\"@type\":\"WebPage\",\"@id\":\"https:\/\/blogdoere.com.br\/?p=27191\",\"url\":\"https:\/\/blogdoere.com.br\/?p=27191\",\"name\":\"ITAJU\u00cdPE: PREFEITO MARCONE FAZ VISTORIA EM OBRAS. - blog do er\u00ea\",\"isPartOf\":{\"@id\":\"https:\/\/blogdoere.com.br\/#website\"},\"datePublished\":\"2021-11-09T20:50:09+00:00\",\"dateModified\":\"2021-11-11T05:43:15+00:00\",\"breadcrumb\":{\"@id\":\"https:\/\/blogdoere.com.br\/?p=27191#breadcrumb\"},\"inLanguage\":\"pt-PT\",\"potentialAction\":[{\"@type\":\"ReadAction\",\"target\":[\"https:\/\/blogdoere.com.br\/?p=27191\"]}]},{\"@type\":\"BreadcrumbList\",\"@id\":\"https:\/\/blogdoere.com.br\/?p=27191#breadcrumb\",\"itemListElement\":[{\"@type\":\"ListItem\",\"position\":1,\"name\":\"In\u00edcio\",\"item\":\"https:\/\/blogdoere.com.br\/\"},{\"@type\":\"ListItem\",\"position\":2,\"name\":\"ITAJU\u00cdPE: PREFEITO MARCONE FAZ VISTORIA EM OBRAS.\"}]},{\"@type\":\"WebSite\",\"@id\":\"https:\/\/blogdoere.com.br\/#website\",\"url\":\"https:\/\/blogdoere.com.br\/\",\"name\":\"blog do er\u00ea\",\"description\":\"\",\"publisher\":{\"@id\":\"https:\/\/blogdoere.com.br\/#organization\"},\"potentialAction\":[{\"@type\":\"SearchAction\",\"target\":{\"@type\":\"EntryPoint\",\"urlTemplate\":\"https:\/\/blogdoere.com.br\/?s={search_term_string}\"},\"query-input\":\"required name=search_term_string\"}],\"inLanguage\":\"pt-PT\"},{\"@type\":\"Organization\",\"@id\":\"https:\/\/blogdoere.com.br\/#organization\",\"name\":\"Blog do Er\u00ea\",\"url\":\"https:\/\/blogdoere.com.br\/\",\"logo\":{\"@type\":\"ImageObject\",\"inLanguage\":\"pt-PT\",\"@id\":\"https:\/\/blogdoere.com.br\/#\/schema\/logo\/image\/\",\"url\":\"https:\/\/blogdoere.com.br\/wp-content\/uploads\/2021\/11\/Logo-Ere-1.png\",\"contentUrl\":\"https:\/\/blogdoere.com.br\/wp-content\/uploads\/2021\/11\/Logo-Ere-1.png\",\"width\":1261,\"height\":1330,\"caption\":\"Blog do Er\u00ea\"},\"image\":{\"@id\":\"https:\/\/blogdoere.com.br\/#\/schema\/logo\/image\/\"}},{\"@type\":\"Person\",\"@id\":\"https:\/\/blogdoere.com.br\/#\/schema\/person\/c4f6d566a44c7bacdda563667715d18b\",\"name\":\"blogdoere@hotmail.com\",\"image\":{\"@type\":\"ImageObject\",\"inLanguage\":\"pt-PT\",\"@id\":\"https:\/\/blogdoere.com.br\/#\/schema\/person\/image\/\",\"url\":\"https:\/\/secure.gravatar.com\/avatar\/5684bd39df1289cb639b4ab539d6fcad69420e4a29521548fc078c58ed122fe6?s=96&d=mm&r=g\",\"contentUrl\":\"https:\/\/secure.gravatar.com\/avatar\/5684bd39df1289cb639b4ab539d6fcad69420e4a29521548fc078c58ed122fe6?s=96&d=mm&r=g\",\"caption\":\"blogdoere@hotmail.com\"},\"sameAs\":[\"http:\/\/blogdoere.com.br\"]}]}<\/script>\n<!-- \/ Yoast SEO plugin. -->","yoast_head_json":{"title":"ITAJU\u00cdPE: PREFEITO MARCONE FAZ VISTORIA EM OBRAS. - blog do er\u00ea","robots":{"index":"index","follow":"follow","max-snippet":"max-snippet:-1","max-image-preview":"max-image-preview:large","max-video-preview":"max-video-preview:-1"},"canonical":"https:\/\/blogdoere.com.br\/?p=27191","og_locale":"pt_PT","og_type":"article","og_title":"ITAJU\u00cdPE: PREFEITO MARCONE FAZ VISTORIA EM OBRAS. - blog do er\u00ea","og_description":"Nesta manh\u00e3 de quarta-feira (03\/11), o prefeito Marcone Amaral(PSD), fez vistoria nas obras das escolas Pedro Alves Melo, no distrito de Bandeira do Almada, e Brasilino Jos\u00e9 dos Santos, em...","og_url":"https:\/\/blogdoere.com.br\/?p=27191","og_site_name":"blog do er\u00ea","article_published_time":"2021-11-09T20:50:09+00:00","article_modified_time":"2021-11-11T05:43:15+00:00","og_image":[{"width":1163,"height":630,"url":"https:\/\/blogdoere.com.br\/wp-content\/uploads\/2021\/11\/FOTO_20211103_194536.jpg","type":"image\/jpeg"}],"author":"blogdoere@hotmail.com","twitter_card":"summary_large_image","twitter_misc":{"Escrito por":"blogdoere@hotmail.com"},"schema":{"@context":"https:\/\/schema.org","@graph":[{"@type":"Article","@id":"https:\/\/blogdoere.com.br\/?p=27191#article","isPartOf":{"@id":"https:\/\/blogdoere.com.br\/?p=27191"},"author":{"name":"blogdoere@hotmail.com","@id":"https:\/\/blogdoere.com.br\/#\/schema\/person\/c4f6d566a44c7bacdda563667715d18b"},"headline":"ITAJU\u00cdPE: PREFEITO MARCONE FAZ VISTORIA EM OBRAS.","datePublished":"2021-11-09T20:50:09+00:00","dateModified":"2021-11-11T05:43:15+00:00","mainEntityOfPage":{"@id":"https:\/\/blogdoere.com.br\/?p=27191"},"wordCount":99,"commentCount":0,"publisher":{"@id":"https:\/\/blogdoere.com.br\/#organization"},"articleSection":["Pol\u00edtica"],"inLanguage":"pt-PT","potentialAction":[{"@type":"CommentAction","name":"Comment","target":["https:\/\/blogdoere.com.br\/?p=27191#respond"]}]},{"@type":"WebPage","@id":"https:\/\/blogdoere.com.br\/?p=27191","url":"https:\/\/blogdoere.com.br\/?p=27191","name":"ITAJU\u00cdPE: PREFEITO MARCONE FAZ VISTORIA EM OBRAS. - blog do er\u00ea","isPartOf":{"@id":"https:\/\/blogdoere.com.br\/#website"},"datePublished":"2021-11-09T20:50:09+00:00","dateModified":"2021-11-11T05:43:15+00:00","breadcrumb":{"@id":"https:\/\/blogdoere.com.br\/?p=27191#breadcrumb"},"inLanguage":"pt-PT","potentialAction":[{"@type":"ReadAction","target":["https:\/\/blogdoere.com.br\/?p=27191"]}]},{"@type":"BreadcrumbList","@id":"https:\/\/blogdoere.com.br\/?p=27191#breadcrumb","itemListElement":[{"@type":"ListItem","position":1,"name":"In\u00edcio","item":"https:\/\/blogdoere.com.br\/"},{"@type":"ListItem","position":2,"name":"ITAJU\u00cdPE: PREFEITO MARCONE FAZ VISTORIA EM OBRAS."}]},{"@type":"WebSite","@id":"https:\/\/blogdoere.com.br\/#website","url":"https:\/\/blogdoere.com.br\/","name":"blog do er\u00ea","description":"","publisher":{"@id":"https:\/\/blogdoere.com.br\/#organization"},"potentialAction":[{"@type":"SearchAction","target":{"@type":"EntryPoint","urlTemplate":"https:\/\/blogdoere.com.br\/?s={search_term_string}"},"query-input":"required name=search_term_string"}],"inLanguage":"pt-PT"},{"@type":"Organization","@id":"https:\/\/blogdoere.com.br\/#organization","name":"Blog do Er\u00ea","url":"https:\/\/blogdoere.com.br\/","logo":{"@type":"ImageObject","inLanguage":"pt-PT","@id":"https:\/\/blogdoere.com.br\/#\/schema\/logo\/image\/","url":"https:\/\/blogdoere.com.br\/wp-content\/uploads\/2021\/11\/Logo-Ere-1.png","contentUrl":"https:\/\/blogdoere.com.br\/wp-content\/uploads\/2021\/11\/Logo-Ere-1.png","width":1261,"height":1330,"caption":"Blog do Er\u00ea"},"image":{"@id":"https:\/\/blogdoere.com.br\/#\/schema\/logo\/image\/"}},{"@type":"Person","@id":"https:\/\/blogdoere.com.br\/#\/schema\/person\/c4f6d566a44c7bacdda563667715d18b","name":"blogdoere@hotmail.com","image":{"@type":"ImageObject","inLanguage":"pt-PT","@id":"https:\/\/blogdoere.com.br\/#\/schema\/person\/image\/","url":"https:\/\/secure.gravatar.com\/avatar\/5684bd39df1289cb639b4ab539d6fcad69420e4a29521548fc078c58ed122fe6?s=96&d=mm&r=g","contentUrl":"https:\/\/secure.gravatar.com\/avatar\/5684bd39df1289cb639b4ab539d6fcad69420e4a29521548fc078c58ed122fe6?s=96&d=mm&r=g","caption":"blogdoere@hotmail.com"},"sameAs":["http:\/\/blogdoere.com.br"]}]}},"featured_image_urls":{"full":["https:\/\/blogdoere.com.br\/wp-content\/uploads\/2021\/11\/FOTO_20211103_194536.jpg",1163,630,false],"thumbnail":["https:\/\/blogdoere.com.br\/wp-content\/uploads\/2021\/11\/FOTO_20211103_194536-150x150.jpg",150,150,true],"medium":["https:\/\/blogdoere.com.br\/wp-content\/uploads\/2021\/11\/FOTO_20211103_194536-300x163.jpg",300,163,true],"medium_large":["https:\/\/blogdoere.com.br\/wp-content\/uploads\/2021\/11\/FOTO_20211103_194536-768x416.jpg",768,416,true],"large":["https:\/\/blogdoere.com.br\/wp-content\/uploads\/2021\/11\/FOTO_20211103_194536-1024x555.jpg",1024,555,true],"1536x1536":["https:\/\/blogdoere.com.br\/wp-content\/uploads\/2021\/11\/FOTO_20211103_194536.jpg",1163,630,false],"2048x2048":["https:\/\/blogdoere.com.br\/wp-content\/uploads\/2021\/11\/FOTO_20211103_194536.jpg",1163,630,false]},"author_info":{"display_name":"blogdoere@hotmail.com","author_link":"https:\/\/blogdoere.com.br\/?author=1"},"category_info":"<a href=\"https:\/\/blogdoere.com.br\/?cat=32\" rel=\"category\">Pol\u00edtica<\/a>","tag_info":"Pol\u00edtica","comment_count":"0","_links":{"self":[{"href":"https:\/\/blogdoere.com.br\/index.php?rest_route=\/wp\/v2\/posts\/27191","targetHints":{"allow":["GET"]}}],"collection":[{"href":"https:\/\/blogdoere.com.br\/index.php?rest_route=\/wp\/v2\/posts"}],"about":[{"href":"https:\/\/blogdoere.com.br\/index.php?rest_route=\/wp\/v2\/types\/post"}],"author":[{"embeddable":true,"href":"https:\/\/blogdoere.com.br\/index.php?rest_route=\/wp\/v2\/users\/1"}],"replies":[{"embeddable":true,"href":"https:\/\/blogdoere.com.br\/index.php?rest_route=%2Fwp%2Fv2%2Fcomments&post=27191"}],"version-history":[{"count":4,"href":"https:\/\/blogdoere.com.br\/index.php?rest_route=\/wp\/v2\/posts\/27191\/revisions"}],"predecessor-version":[{"id":27217,"href":"https:\/\/blogdoere.com.br\/index.php?rest_route=\/wp\/v2\/posts\/27191\/revisions\/27217"}],"wp:featuredmedia":[{"embeddable":true,"href":"https:\/\/blogdoere.com.br\/index.php?rest_route=\/wp\/v2\/media\/27211"}],"wp:attachment":[{"href":"https:\/\/blogdoere.com.br\/index.php?rest_route=%2Fwp%2Fv2%2Fmedia&parent=27191"}],"wp:term":[{"taxonomy":"category","embeddable":true,"href":"https:\/\/blogdoere.com.br\/index.php?rest_route=%2Fwp%2Fv2%2Fcategories&post=27191"},{"taxonomy":"post_tag","embeddable":true,"href":"https:\/\/blogdoere.com.br\/index.php?rest_route=%2Fwp%2Fv2%2Ftags&post=27191"}],"curies":[{"name":"wp","href":"https:\/\/api.w.org\/{rel}","templated":true}]}}