{"id":27710,"date":"2021-12-03T11:57:44","date_gmt":"2021-12-03T11:57:44","guid":{"rendered":"https:\/\/blogdoere.com.br\/?p=27710"},"modified":"2021-12-03T12:19:33","modified_gmt":"2021-12-03T12:19:33","slug":"ex-presidente-da-adusc-professor-valter-silva-destaca-os-trinta-anos-da-uesc","status":"publish","type":"post","link":"https:\/\/blogdoere.com.br\/?p=27710","title":{"rendered":"EX-PRESIDENTE DA ADUSC, PROFESSOR VALTER SILVA DESTACA OS TRINTA ANOS DA UESC"},"content":{"rendered":"\n<figure class=\"wp-block-gallery columns-1 is-cropped wp-block-gallery-1 is-layout-flex wp-block-gallery-is-layout-flex\"><ul class=\"blocks-gallery-grid\"><li class=\"blocks-gallery-item\"><figure><img decoding=\"async\" width=\"1024\" height=\"699\" src=\"https:\/\/blogdoere.com.br\/wp-content\/uploads\/2021\/12\/WhatsApp-Image-2021-12-02-at-23.22.36-1024x699.jpeg\" alt=\"\" data-id=\"27711\" data-full-url=\"https:\/\/blogdoere.com.br\/wp-content\/uploads\/2021\/12\/WhatsApp-Image-2021-12-02-at-23.22.36.jpeg\" data-link=\"https:\/\/blogdoere.com.br\/?attachment_id=27711\" class=\"wp-image-27711\" srcset=\"https:\/\/blogdoere.com.br\/wp-content\/uploads\/2021\/12\/WhatsApp-Image-2021-12-02-at-23.22.36-1024x699.jpeg 1024w, https:\/\/blogdoere.com.br\/wp-content\/uploads\/2021\/12\/WhatsApp-Image-2021-12-02-at-23.22.36-300x205.jpeg 300w, https:\/\/blogdoere.com.br\/wp-content\/uploads\/2021\/12\/WhatsApp-Image-2021-12-02-at-23.22.36-768x525.jpeg 768w, https:\/\/blogdoere.com.br\/wp-content\/uploads\/2021\/12\/WhatsApp-Image-2021-12-02-at-23.22.36.jpeg 1208w\" sizes=\"(max-width: 1024px) 100vw, 1024px\" \/><figcaption class=\"blocks-gallery-item__caption\">Reitor da Uesc Alessandro Santana e o professor Valter Silva<\/figcaption><\/figure><\/li><\/ul><\/figure>\n\n\n\n<p><\/p>\n\n\n\n<p class=\"has-text-align-justify\">Os trinta anos de implanta\u00e7\u00e3o da Universidade Estadual de Santa Cruz foram destacados pelo ex-presidente da Associa\u00e7\u00e3o dos Docentes da Uesc, professor Valter Silva. Uma das mais importantes institui\u00e7\u00f5es de ensino superior do norte\/nordeste brasileiro, estar\u00e1 completando tres d\u00e9cadas de estadualiza\u00e7\u00e3o no pr\u00f3ximo domingo, dia 05.<br>Na manh\u00e3 desta quinta-feira dia 02, professor Valter Silva fez uma visita ao campus da Uesc, onde foi recebido pelo reitor Alessandro Fernandes de Santana, o vice-reitor Maur\u00edcio Santana Moreau e a assessoria da reitoria, Ac\u00e1cia Pinho.<br>\u201cA minha hist\u00f3ria pessoal e profissional est\u00e1 ligada a essa institui\u00e7\u00e3o\u201d, disse Valter Silva, que dirigiu a Adusc no per\u00edodo de 2009 a 2011. Formado em Ci\u00eancias pela Uesc e mestre em Matem\u00e1tica pela Ufba, \u00e9 professor da Universidade Estadual de Santa Cruz. Ele foi tamb\u00e9m presidente do Diret\u00f3rio Acad\u00eamico e diretor do DCE-Diret\u00f3rio Central dos Estudantes.<br>Durante a sua gest\u00e3o \u00e0 frente da entidade, Valter Silva promoveu uma uni\u00e3o entre a Adusc e a Afusc-Associa\u00e7\u00e3o dos Funcion\u00e1rios da Uesc. Realizou a\u00e7\u00f5es em defesa de uma educa\u00e7\u00e3o de qualidade e, tamb\u00e9m, em defesa dos direitos dos docentes da institui\u00e7\u00e3o.<br>Atualmente a Universidade Estadual de Santa Cruz oferece trinta e tres cursos de gradua\u00e7\u00e3o presencial e cinco na modalidade de ensino a dist\u00e2ncia. S\u00e3o cinquenta cursos em n\u00edvel de p\u00f3s-gradua\u00e7\u00e3o, sendo dezessete especializa\u00e7\u00f5es, vinte e cinco mestrados e oito doutorados.<\/p>\n","protected":false},"excerpt":{"rendered":"<p>Os trinta anos de implanta\u00e7\u00e3o da Universidade Estadual de Santa Cruz foram destacados pelo ex-presidente da Associa\u00e7\u00e3o dos Docentes da Uesc, professor Valter Silva. Uma das mais importantes institui\u00e7\u00f5es de&#8230;<\/p>\n","protected":false},"author":1,"featured_media":27711,"comment_status":"open","ping_status":"open","sticky":false,"template":"","format":"standard","meta":{"_editorskit_title_hidden":false,"_editorskit_reading_time":1,"_editorskit_is_block_options_detached":false,"_editorskit_block_options_position":"{}","om_disable_all_campaigns":false,"_mi_skip_tracking":false,"_kad_post_transparent":"","_kad_post_title":"","_kad_post_layout":"","_kad_post_sidebar_id":"","_kad_post_content_style":"","_kad_post_vertical_padding":"","_kad_post_feature":"","_kad_post_feature_position":"","_kad_post_header":false,"_kad_post_footer":false,"footnotes":""},"categories":[70],"tags":[],"class_list":["post-27710","post","type-post","status-publish","format-standard","has-post-thumbnail","hentry","category-educacao"],"yoast_head":"<!-- This site is optimized with the Yoast SEO plugin v20.5 - https:\/\/yoast.com\/wordpress\/plugins\/seo\/ -->\n<title>EX-PRESIDENTE DA ADUSC, PROFESSOR VALTER SILVA DESTACA OS TRINTA ANOS DA UESC - blog do er\u00ea<\/title>\n<meta name=\"robots\" content=\"index, follow, max-snippet:-1, max-image-preview:large, max-video-preview:-1\" \/>\n<link rel=\"canonical\" href=\"https:\/\/blogdoere.com.br\/?p=27710\" \/>\n<meta property=\"og:locale\" content=\"pt_PT\" \/>\n<meta property=\"og:type\" content=\"article\" \/>\n<meta property=\"og:title\" content=\"EX-PRESIDENTE DA ADUSC, PROFESSOR VALTER SILVA DESTACA OS TRINTA ANOS DA UESC - blog do er\u00ea\" \/>\n<meta property=\"og:description\" content=\"Os trinta anos de implanta\u00e7\u00e3o da Universidade Estadual de Santa Cruz foram destacados pelo ex-presidente da Associa\u00e7\u00e3o dos Docentes da Uesc, professor Valter Silva. Uma das mais importantes institui\u00e7\u00f5es de...\" \/>\n<meta property=\"og:url\" content=\"https:\/\/blogdoere.com.br\/?p=27710\" \/>\n<meta property=\"og:site_name\" content=\"blog do er\u00ea\" \/>\n<meta property=\"article:published_time\" content=\"2021-12-03T11:57:44+00:00\" \/>\n<meta property=\"article:modified_time\" content=\"2021-12-03T12:19:33+00:00\" \/>\n<meta property=\"og:image\" content=\"https:\/\/blogdoere.com.br\/wp-content\/uploads\/2021\/12\/WhatsApp-Image-2021-12-02-at-23.22.36.jpeg\" \/>\n\t<meta property=\"og:image:width\" content=\"1208\" \/>\n\t<meta property=\"og:image:height\" content=\"825\" \/>\n\t<meta property=\"og:image:type\" content=\"image\/jpeg\" \/>\n<meta name=\"author\" content=\"blogdoere@hotmail.com\" \/>\n<meta name=\"twitter:card\" content=\"summary_large_image\" \/>\n<meta name=\"twitter:label1\" content=\"Escrito por\" \/>\n\t<meta name=\"twitter:data1\" content=\"blogdoere@hotmail.com\" \/>\n\t<meta name=\"twitter:label2\" content=\"Tempo estimado de leitura\" \/>\n\t<meta name=\"twitter:data2\" content=\"2 minutos\" \/>\n<script type=\"application\/ld+json\" class=\"yoast-schema-graph\">{\"@context\":\"https:\/\/schema.org\",\"@graph\":[{\"@type\":\"Article\",\"@id\":\"https:\/\/blogdoere.com.br\/?p=27710#article\",\"isPartOf\":{\"@id\":\"https:\/\/blogdoere.com.br\/?p=27710\"},\"author\":{\"name\":\"blogdoere@hotmail.com\",\"@id\":\"https:\/\/blogdoere.com.br\/#\/schema\/person\/c4f6d566a44c7bacdda563667715d18b\"},\"headline\":\"EX-PRESIDENTE DA ADUSC, PROFESSOR VALTER SILVA DESTACA OS TRINTA ANOS DA UESC\",\"datePublished\":\"2021-12-03T11:57:44+00:00\",\"dateModified\":\"2021-12-03T12:19:33+00:00\",\"mainEntityOfPage\":{\"@id\":\"https:\/\/blogdoere.com.br\/?p=27710\"},\"wordCount\":271,\"commentCount\":0,\"publisher\":{\"@id\":\"https:\/\/blogdoere.com.br\/#organization\"},\"articleSection\":[\"Educa\u00e7\u00e3o\"],\"inLanguage\":\"pt-PT\",\"potentialAction\":[{\"@type\":\"CommentAction\",\"name\":\"Comment\",\"target\":[\"https:\/\/blogdoere.com.br\/?p=27710#respond\"]}]},{\"@type\":\"WebPage\",\"@id\":\"https:\/\/blogdoere.com.br\/?p=27710\",\"url\":\"https:\/\/blogdoere.com.br\/?p=27710\",\"name\":\"EX-PRESIDENTE DA ADUSC, PROFESSOR VALTER SILVA DESTACA OS TRINTA ANOS DA UESC - blog do er\u00ea\",\"isPartOf\":{\"@id\":\"https:\/\/blogdoere.com.br\/#website\"},\"datePublished\":\"2021-12-03T11:57:44+00:00\",\"dateModified\":\"2021-12-03T12:19:33+00:00\",\"breadcrumb\":{\"@id\":\"https:\/\/blogdoere.com.br\/?p=27710#breadcrumb\"},\"inLanguage\":\"pt-PT\",\"potentialAction\":[{\"@type\":\"ReadAction\",\"target\":[\"https:\/\/blogdoere.com.br\/?p=27710\"]}]},{\"@type\":\"BreadcrumbList\",\"@id\":\"https:\/\/blogdoere.com.br\/?p=27710#breadcrumb\",\"itemListElement\":[{\"@type\":\"ListItem\",\"position\":1,\"name\":\"In\u00edcio\",\"item\":\"https:\/\/blogdoere.com.br\/\"},{\"@type\":\"ListItem\",\"position\":2,\"name\":\"EX-PRESIDENTE DA ADUSC, PROFESSOR VALTER SILVA DESTACA OS TRINTA ANOS DA UESC\"}]},{\"@type\":\"WebSite\",\"@id\":\"https:\/\/blogdoere.com.br\/#website\",\"url\":\"https:\/\/blogdoere.com.br\/\",\"name\":\"blog do er\u00ea\",\"description\":\"\",\"publisher\":{\"@id\":\"https:\/\/blogdoere.com.br\/#organization\"},\"potentialAction\":[{\"@type\":\"SearchAction\",\"target\":{\"@type\":\"EntryPoint\",\"urlTemplate\":\"https:\/\/blogdoere.com.br\/?s={search_term_string}\"},\"query-input\":\"required name=search_term_string\"}],\"inLanguage\":\"pt-PT\"},{\"@type\":\"Organization\",\"@id\":\"https:\/\/blogdoere.com.br\/#organization\",\"name\":\"Blog do Er\u00ea\",\"url\":\"https:\/\/blogdoere.com.br\/\",\"logo\":{\"@type\":\"ImageObject\",\"inLanguage\":\"pt-PT\",\"@id\":\"https:\/\/blogdoere.com.br\/#\/schema\/logo\/image\/\",\"url\":\"https:\/\/blogdoere.com.br\/wp-content\/uploads\/2021\/11\/Logo-Ere-1.png\",\"contentUrl\":\"https:\/\/blogdoere.com.br\/wp-content\/uploads\/2021\/11\/Logo-Ere-1.png\",\"width\":1261,\"height\":1330,\"caption\":\"Blog do Er\u00ea\"},\"image\":{\"@id\":\"https:\/\/blogdoere.com.br\/#\/schema\/logo\/image\/\"}},{\"@type\":\"Person\",\"@id\":\"https:\/\/blogdoere.com.br\/#\/schema\/person\/c4f6d566a44c7bacdda563667715d18b\",\"name\":\"blogdoere@hotmail.com\",\"image\":{\"@type\":\"ImageObject\",\"inLanguage\":\"pt-PT\",\"@id\":\"https:\/\/blogdoere.com.br\/#\/schema\/person\/image\/\",\"url\":\"https:\/\/secure.gravatar.com\/avatar\/5684bd39df1289cb639b4ab539d6fcad69420e4a29521548fc078c58ed122fe6?s=96&d=mm&r=g\",\"contentUrl\":\"https:\/\/secure.gravatar.com\/avatar\/5684bd39df1289cb639b4ab539d6fcad69420e4a29521548fc078c58ed122fe6?s=96&d=mm&r=g\",\"caption\":\"blogdoere@hotmail.com\"},\"sameAs\":[\"http:\/\/blogdoere.com.br\"]}]}<\/script>\n<!-- \/ Yoast SEO plugin. -->","yoast_head_json":{"title":"EX-PRESIDENTE DA ADUSC, PROFESSOR VALTER SILVA DESTACA OS TRINTA ANOS DA UESC - blog do er\u00ea","robots":{"index":"index","follow":"follow","max-snippet":"max-snippet:-1","max-image-preview":"max-image-preview:large","max-video-preview":"max-video-preview:-1"},"canonical":"https:\/\/blogdoere.com.br\/?p=27710","og_locale":"pt_PT","og_type":"article","og_title":"EX-PRESIDENTE DA ADUSC, PROFESSOR VALTER SILVA DESTACA OS TRINTA ANOS DA UESC - blog do er\u00ea","og_description":"Os trinta anos de implanta\u00e7\u00e3o da Universidade Estadual de Santa Cruz foram destacados pelo ex-presidente da Associa\u00e7\u00e3o dos Docentes da Uesc, professor Valter Silva. Uma das mais importantes institui\u00e7\u00f5es de...","og_url":"https:\/\/blogdoere.com.br\/?p=27710","og_site_name":"blog do er\u00ea","article_published_time":"2021-12-03T11:57:44+00:00","article_modified_time":"2021-12-03T12:19:33+00:00","og_image":[{"width":1208,"height":825,"url":"https:\/\/blogdoere.com.br\/wp-content\/uploads\/2021\/12\/WhatsApp-Image-2021-12-02-at-23.22.36.jpeg","type":"image\/jpeg"}],"author":"blogdoere@hotmail.com","twitter_card":"summary_large_image","twitter_misc":{"Escrito por":"blogdoere@hotmail.com","Tempo estimado de leitura":"2 minutos"},"schema":{"@context":"https:\/\/schema.org","@graph":[{"@type":"Article","@id":"https:\/\/blogdoere.com.br\/?p=27710#article","isPartOf":{"@id":"https:\/\/blogdoere.com.br\/?p=27710"},"author":{"name":"blogdoere@hotmail.com","@id":"https:\/\/blogdoere.com.br\/#\/schema\/person\/c4f6d566a44c7bacdda563667715d18b"},"headline":"EX-PRESIDENTE DA ADUSC, PROFESSOR VALTER SILVA DESTACA OS TRINTA ANOS DA UESC","datePublished":"2021-12-03T11:57:44+00:00","dateModified":"2021-12-03T12:19:33+00:00","mainEntityOfPage":{"@id":"https:\/\/blogdoere.com.br\/?p=27710"},"wordCount":271,"commentCount":0,"publisher":{"@id":"https:\/\/blogdoere.com.br\/#organization"},"articleSection":["Educa\u00e7\u00e3o"],"inLanguage":"pt-PT","potentialAction":[{"@type":"CommentAction","name":"Comment","target":["https:\/\/blogdoere.com.br\/?p=27710#respond"]}]},{"@type":"WebPage","@id":"https:\/\/blogdoere.com.br\/?p=27710","url":"https:\/\/blogdoere.com.br\/?p=27710","name":"EX-PRESIDENTE DA ADUSC, PROFESSOR VALTER SILVA DESTACA OS TRINTA ANOS DA UESC - blog do er\u00ea","isPartOf":{"@id":"https:\/\/blogdoere.com.br\/#website"},"datePublished":"2021-12-03T11:57:44+00:00","dateModified":"2021-12-03T12:19:33+00:00","breadcrumb":{"@id":"https:\/\/blogdoere.com.br\/?p=27710#breadcrumb"},"inLanguage":"pt-PT","potentialAction":[{"@type":"ReadAction","target":["https:\/\/blogdoere.com.br\/?p=27710"]}]},{"@type":"BreadcrumbList","@id":"https:\/\/blogdoere.com.br\/?p=27710#breadcrumb","itemListElement":[{"@type":"ListItem","position":1,"name":"In\u00edcio","item":"https:\/\/blogdoere.com.br\/"},{"@type":"ListItem","position":2,"name":"EX-PRESIDENTE DA ADUSC, PROFESSOR VALTER SILVA DESTACA OS TRINTA ANOS DA UESC"}]},{"@type":"WebSite","@id":"https:\/\/blogdoere.com.br\/#website","url":"https:\/\/blogdoere.com.br\/","name":"blog do er\u00ea","description":"","publisher":{"@id":"https:\/\/blogdoere.com.br\/#organization"},"potentialAction":[{"@type":"SearchAction","target":{"@type":"EntryPoint","urlTemplate":"https:\/\/blogdoere.com.br\/?s={search_term_string}"},"query-input":"required name=search_term_string"}],"inLanguage":"pt-PT"},{"@type":"Organization","@id":"https:\/\/blogdoere.com.br\/#organization","name":"Blog do Er\u00ea","url":"https:\/\/blogdoere.com.br\/","logo":{"@type":"ImageObject","inLanguage":"pt-PT","@id":"https:\/\/blogdoere.com.br\/#\/schema\/logo\/image\/","url":"https:\/\/blogdoere.com.br\/wp-content\/uploads\/2021\/11\/Logo-Ere-1.png","contentUrl":"https:\/\/blogdoere.com.br\/wp-content\/uploads\/2021\/11\/Logo-Ere-1.png","width":1261,"height":1330,"caption":"Blog do Er\u00ea"},"image":{"@id":"https:\/\/blogdoere.com.br\/#\/schema\/logo\/image\/"}},{"@type":"Person","@id":"https:\/\/blogdoere.com.br\/#\/schema\/person\/c4f6d566a44c7bacdda563667715d18b","name":"blogdoere@hotmail.com","image":{"@type":"ImageObject","inLanguage":"pt-PT","@id":"https:\/\/blogdoere.com.br\/#\/schema\/person\/image\/","url":"https:\/\/secure.gravatar.com\/avatar\/5684bd39df1289cb639b4ab539d6fcad69420e4a29521548fc078c58ed122fe6?s=96&d=mm&r=g","contentUrl":"https:\/\/secure.gravatar.com\/avatar\/5684bd39df1289cb639b4ab539d6fcad69420e4a29521548fc078c58ed122fe6?s=96&d=mm&r=g","caption":"blogdoere@hotmail.com"},"sameAs":["http:\/\/blogdoere.com.br"]}]}},"featured_image_urls":{"full":["https:\/\/blogdoere.com.br\/wp-content\/uploads\/2021\/12\/WhatsApp-Image-2021-12-02-at-23.22.36.jpeg",1208,825,false],"thumbnail":["https:\/\/blogdoere.com.br\/wp-content\/uploads\/2021\/12\/WhatsApp-Image-2021-12-02-at-23.22.36-150x150.jpeg",150,150,true],"medium":["https:\/\/blogdoere.com.br\/wp-content\/uploads\/2021\/12\/WhatsApp-Image-2021-12-02-at-23.22.36-300x205.jpeg",300,205,true],"medium_large":["https:\/\/blogdoere.com.br\/wp-content\/uploads\/2021\/12\/WhatsApp-Image-2021-12-02-at-23.22.36-768x525.jpeg",768,525,true],"large":["https:\/\/blogdoere.com.br\/wp-content\/uploads\/2021\/12\/WhatsApp-Image-2021-12-02-at-23.22.36-1024x699.jpeg",1024,699,true],"1536x1536":["https:\/\/blogdoere.com.br\/wp-content\/uploads\/2021\/12\/WhatsApp-Image-2021-12-02-at-23.22.36.jpeg",1208,825,false],"2048x2048":["https:\/\/blogdoere.com.br\/wp-content\/uploads\/2021\/12\/WhatsApp-Image-2021-12-02-at-23.22.36.jpeg",1208,825,false]},"author_info":{"display_name":"blogdoere@hotmail.com","author_link":"https:\/\/blogdoere.com.br\/?author=1"},"category_info":"<a href=\"https:\/\/blogdoere.com.br\/?cat=70\" rel=\"category\">Educa\u00e7\u00e3o<\/a>","tag_info":"Educa\u00e7\u00e3o","comment_count":"0","_links":{"self":[{"href":"https:\/\/blogdoere.com.br\/index.php?rest_route=\/wp\/v2\/posts\/27710","targetHints":{"allow":["GET"]}}],"collection":[{"href":"https:\/\/blogdoere.com.br\/index.php?rest_route=\/wp\/v2\/posts"}],"about":[{"href":"https:\/\/blogdoere.com.br\/index.php?rest_route=\/wp\/v2\/types\/post"}],"author":[{"embeddable":true,"href":"https:\/\/blogdoere.com.br\/index.php?rest_route=\/wp\/v2\/users\/1"}],"replies":[{"embeddable":true,"href":"https:\/\/blogdoere.com.br\/index.php?rest_route=%2Fwp%2Fv2%2Fcomments&post=27710"}],"version-history":[{"count":1,"href":"https:\/\/blogdoere.com.br\/index.php?rest_route=\/wp\/v2\/posts\/27710\/revisions"}],"predecessor-version":[{"id":27712,"href":"https:\/\/blogdoere.com.br\/index.php?rest_route=\/wp\/v2\/posts\/27710\/revisions\/27712"}],"wp:featuredmedia":[{"embeddable":true,"href":"https:\/\/blogdoere.com.br\/index.php?rest_route=\/wp\/v2\/media\/27711"}],"wp:attachment":[{"href":"https:\/\/blogdoere.com.br\/index.php?rest_route=%2Fwp%2Fv2%2Fmedia&parent=27710"}],"wp:term":[{"taxonomy":"category","embeddable":true,"href":"https:\/\/blogdoere.com.br\/index.php?rest_route=%2Fwp%2Fv2%2Fcategories&post=27710"},{"taxonomy":"post_tag","embeddable":true,"href":"https:\/\/blogdoere.com.br\/index.php?rest_route=%2Fwp%2Fv2%2Ftags&post=27710"}],"curies":[{"name":"wp","href":"https:\/\/api.w.org\/{rel}","templated":true}]}}