{"id":27715,"date":"2021-12-04T14:46:34","date_gmt":"2021-12-04T14:46:34","guid":{"rendered":"https:\/\/blogdoere.com.br\/?p=27715"},"modified":"2021-12-04T14:46:59","modified_gmt":"2021-12-04T14:46:59","slug":"bahia-secretario-de-agricultura-joao-carlos-e-condecorado-pela-policia-militar","status":"publish","type":"post","link":"https:\/\/blogdoere.com.br\/?p=27715","title":{"rendered":"BAHIA: SECRET\u00c1RIO DE AGRICULTURA JO\u00c3O CARLOS \u00c9 CONDECORADO PELA POL\u00cdCIA MILITAR"},"content":{"rendered":"\n<figure class=\"wp-block-gallery columns-1 is-cropped wp-block-gallery-1 is-layout-flex wp-block-gallery-is-layout-flex\"><ul class=\"blocks-gallery-grid\"><li class=\"blocks-gallery-item\"><figure><img decoding=\"async\" width=\"654\" height=\"332\" src=\"https:\/\/blogdoere.com.br\/wp-content\/uploads\/2021\/12\/WhatsApp-Image-2021-12-04-at-11.37.10.jpeg\" alt=\"\" data-id=\"27716\" data-full-url=\"https:\/\/blogdoere.com.br\/wp-content\/uploads\/2021\/12\/WhatsApp-Image-2021-12-04-at-11.37.10.jpeg\" data-link=\"https:\/\/blogdoere.com.br\/?attachment_id=27716\" class=\"wp-image-27716\" srcset=\"https:\/\/blogdoere.com.br\/wp-content\/uploads\/2021\/12\/WhatsApp-Image-2021-12-04-at-11.37.10.jpeg 654w, https:\/\/blogdoere.com.br\/wp-content\/uploads\/2021\/12\/WhatsApp-Image-2021-12-04-at-11.37.10-300x152.jpeg 300w\" sizes=\"(max-width: 654px) 100vw, 654px\" \/><figcaption class=\"blocks-gallery-item__caption\">Secret\u00e1rio de  Agricultura da Bahia, Jo\u00e3o Carlos<br><\/figcaption><\/figure><\/li><\/ul><\/figure>\n\n\n\n<p class=\"has-text-align-justify\">Na \u00faltima sexta-feira (03), em solenidade na Vila Policial do Bonfim, em Salvador, o Secret\u00e1rio de Agricultura do estado da Bahia, Jo\u00e3o Carlos Oliveira, foi condecorado pela Pol\u00edcia Militar da Bahia. Segundo o Comandante Geral da PM, Coronel Paulo Coutinho, a homenagem trata-se de um reconhecimento \u00e0s pessoas que contribuem com os trabalhos da institui\u00e7\u00e3o militar que tem como objetivo proteger a sociedade. A solenidade contou com desfiles das tropas e policiais militares tamb\u00e9m foram homenageados. Na sua fala, o Secret\u00e1rio Jo\u00e3o Carlos agradeceu a homenagem: &#8220;essa homenagem tem uma simbologia sobretudo, por ser entregue pela Pol\u00edcia Militar, uma institui\u00e7\u00e3o que honra o servi\u00e7o p\u00fablico. Como servidor p\u00fablico de carreira, me sinto lisonjeado e com uma responsabilidade muito grande; fico muito feliz, na certeza do dever cumprido na contribui\u00e7\u00e3o com a sociedade&#8221;. Al\u00e9m do secret\u00e1rio Jo\u00e3o Carlos, outras 392 personalidades foram homenageadas.<\/p>\n","protected":false},"excerpt":{"rendered":"<p>Na \u00faltima sexta-feira (03), em solenidade na Vila Policial do Bonfim, em Salvador, o Secret\u00e1rio de Agricultura do estado da Bahia, Jo\u00e3o Carlos Oliveira, foi condecorado pela Pol\u00edcia Militar da&#8230;<\/p>\n","protected":false},"author":1,"featured_media":27716,"comment_status":"open","ping_status":"open","sticky":false,"template":"","format":"standard","meta":{"_editorskit_title_hidden":false,"_editorskit_reading_time":1,"_editorskit_is_block_options_detached":false,"_editorskit_block_options_position":"{}","om_disable_all_campaigns":false,"_mi_skip_tracking":false,"_kad_post_transparent":"","_kad_post_title":"","_kad_post_layout":"","_kad_post_sidebar_id":"","_kad_post_content_style":"","_kad_post_vertical_padding":"","_kad_post_feature":"","_kad_post_feature_position":"","_kad_post_header":false,"_kad_post_footer":false,"footnotes":""},"categories":[39],"tags":[],"class_list":["post-27715","post","type-post","status-publish","format-standard","has-post-thumbnail","hentry","category-bahia"],"yoast_head":"<!-- This site is optimized with the Yoast SEO plugin v20.5 - https:\/\/yoast.com\/wordpress\/plugins\/seo\/ -->\n<title>BAHIA: SECRET\u00c1RIO DE AGRICULTURA JO\u00c3O CARLOS \u00c9 CONDECORADO PELA POL\u00cdCIA MILITAR - blog do er\u00ea<\/title>\n<meta name=\"robots\" content=\"index, follow, max-snippet:-1, max-image-preview:large, max-video-preview:-1\" \/>\n<link rel=\"canonical\" href=\"https:\/\/blogdoere.com.br\/?p=27715\" \/>\n<meta property=\"og:locale\" content=\"pt_PT\" \/>\n<meta property=\"og:type\" content=\"article\" \/>\n<meta property=\"og:title\" content=\"BAHIA: SECRET\u00c1RIO DE AGRICULTURA JO\u00c3O CARLOS \u00c9 CONDECORADO PELA POL\u00cdCIA MILITAR - blog do er\u00ea\" \/>\n<meta property=\"og:description\" content=\"Na \u00faltima sexta-feira (03), em solenidade na Vila Policial do Bonfim, em Salvador, o Secret\u00e1rio de Agricultura do estado da Bahia, Jo\u00e3o Carlos Oliveira, foi condecorado pela Pol\u00edcia Militar da...\" \/>\n<meta property=\"og:url\" content=\"https:\/\/blogdoere.com.br\/?p=27715\" \/>\n<meta property=\"og:site_name\" content=\"blog do er\u00ea\" \/>\n<meta property=\"article:published_time\" content=\"2021-12-04T14:46:34+00:00\" \/>\n<meta property=\"article:modified_time\" content=\"2021-12-04T14:46:59+00:00\" \/>\n<meta property=\"og:image\" content=\"https:\/\/blogdoere.com.br\/wp-content\/uploads\/2021\/12\/WhatsApp-Image-2021-12-04-at-11.37.10.jpeg\" \/>\n\t<meta property=\"og:image:width\" content=\"654\" \/>\n\t<meta property=\"og:image:height\" content=\"332\" \/>\n\t<meta property=\"og:image:type\" content=\"image\/jpeg\" \/>\n<meta name=\"author\" content=\"blogdoere@hotmail.com\" \/>\n<meta name=\"twitter:card\" content=\"summary_large_image\" \/>\n<meta name=\"twitter:label1\" content=\"Escrito por\" \/>\n\t<meta name=\"twitter:data1\" content=\"blogdoere@hotmail.com\" \/>\n\t<meta name=\"twitter:label2\" content=\"Tempo estimado de leitura\" \/>\n\t<meta name=\"twitter:data2\" content=\"1 minuto\" \/>\n<script type=\"application\/ld+json\" class=\"yoast-schema-graph\">{\"@context\":\"https:\/\/schema.org\",\"@graph\":[{\"@type\":\"Article\",\"@id\":\"https:\/\/blogdoere.com.br\/?p=27715#article\",\"isPartOf\":{\"@id\":\"https:\/\/blogdoere.com.br\/?p=27715\"},\"author\":{\"name\":\"blogdoere@hotmail.com\",\"@id\":\"https:\/\/blogdoere.com.br\/#\/schema\/person\/c4f6d566a44c7bacdda563667715d18b\"},\"headline\":\"BAHIA: SECRET\u00c1RIO DE AGRICULTURA JO\u00c3O CARLOS \u00c9 CONDECORADO PELA POL\u00cdCIA MILITAR\",\"datePublished\":\"2021-12-04T14:46:34+00:00\",\"dateModified\":\"2021-12-04T14:46:59+00:00\",\"mainEntityOfPage\":{\"@id\":\"https:\/\/blogdoere.com.br\/?p=27715\"},\"wordCount\":178,\"commentCount\":0,\"publisher\":{\"@id\":\"https:\/\/blogdoere.com.br\/#organization\"},\"articleSection\":[\"Bahia\"],\"inLanguage\":\"pt-PT\",\"potentialAction\":[{\"@type\":\"CommentAction\",\"name\":\"Comment\",\"target\":[\"https:\/\/blogdoere.com.br\/?p=27715#respond\"]}]},{\"@type\":\"WebPage\",\"@id\":\"https:\/\/blogdoere.com.br\/?p=27715\",\"url\":\"https:\/\/blogdoere.com.br\/?p=27715\",\"name\":\"BAHIA: SECRET\u00c1RIO DE AGRICULTURA JO\u00c3O CARLOS \u00c9 CONDECORADO PELA POL\u00cdCIA MILITAR - blog do er\u00ea\",\"isPartOf\":{\"@id\":\"https:\/\/blogdoere.com.br\/#website\"},\"datePublished\":\"2021-12-04T14:46:34+00:00\",\"dateModified\":\"2021-12-04T14:46:59+00:00\",\"breadcrumb\":{\"@id\":\"https:\/\/blogdoere.com.br\/?p=27715#breadcrumb\"},\"inLanguage\":\"pt-PT\",\"potentialAction\":[{\"@type\":\"ReadAction\",\"target\":[\"https:\/\/blogdoere.com.br\/?p=27715\"]}]},{\"@type\":\"BreadcrumbList\",\"@id\":\"https:\/\/blogdoere.com.br\/?p=27715#breadcrumb\",\"itemListElement\":[{\"@type\":\"ListItem\",\"position\":1,\"name\":\"In\u00edcio\",\"item\":\"https:\/\/blogdoere.com.br\/\"},{\"@type\":\"ListItem\",\"position\":2,\"name\":\"BAHIA: SECRET\u00c1RIO DE AGRICULTURA JO\u00c3O CARLOS \u00c9 CONDECORADO PELA POL\u00cdCIA MILITAR\"}]},{\"@type\":\"WebSite\",\"@id\":\"https:\/\/blogdoere.com.br\/#website\",\"url\":\"https:\/\/blogdoere.com.br\/\",\"name\":\"blog do er\u00ea\",\"description\":\"\",\"publisher\":{\"@id\":\"https:\/\/blogdoere.com.br\/#organization\"},\"potentialAction\":[{\"@type\":\"SearchAction\",\"target\":{\"@type\":\"EntryPoint\",\"urlTemplate\":\"https:\/\/blogdoere.com.br\/?s={search_term_string}\"},\"query-input\":\"required name=search_term_string\"}],\"inLanguage\":\"pt-PT\"},{\"@type\":\"Organization\",\"@id\":\"https:\/\/blogdoere.com.br\/#organization\",\"name\":\"Blog do Er\u00ea\",\"url\":\"https:\/\/blogdoere.com.br\/\",\"logo\":{\"@type\":\"ImageObject\",\"inLanguage\":\"pt-PT\",\"@id\":\"https:\/\/blogdoere.com.br\/#\/schema\/logo\/image\/\",\"url\":\"https:\/\/blogdoere.com.br\/wp-content\/uploads\/2021\/11\/Logo-Ere-1.png\",\"contentUrl\":\"https:\/\/blogdoere.com.br\/wp-content\/uploads\/2021\/11\/Logo-Ere-1.png\",\"width\":1261,\"height\":1330,\"caption\":\"Blog do Er\u00ea\"},\"image\":{\"@id\":\"https:\/\/blogdoere.com.br\/#\/schema\/logo\/image\/\"}},{\"@type\":\"Person\",\"@id\":\"https:\/\/blogdoere.com.br\/#\/schema\/person\/c4f6d566a44c7bacdda563667715d18b\",\"name\":\"blogdoere@hotmail.com\",\"image\":{\"@type\":\"ImageObject\",\"inLanguage\":\"pt-PT\",\"@id\":\"https:\/\/blogdoere.com.br\/#\/schema\/person\/image\/\",\"url\":\"https:\/\/secure.gravatar.com\/avatar\/5684bd39df1289cb639b4ab539d6fcad69420e4a29521548fc078c58ed122fe6?s=96&d=mm&r=g\",\"contentUrl\":\"https:\/\/secure.gravatar.com\/avatar\/5684bd39df1289cb639b4ab539d6fcad69420e4a29521548fc078c58ed122fe6?s=96&d=mm&r=g\",\"caption\":\"blogdoere@hotmail.com\"},\"sameAs\":[\"http:\/\/blogdoere.com.br\"]}]}<\/script>\n<!-- \/ Yoast SEO plugin. -->","yoast_head_json":{"title":"BAHIA: SECRET\u00c1RIO DE AGRICULTURA JO\u00c3O CARLOS \u00c9 CONDECORADO PELA POL\u00cdCIA MILITAR - blog do er\u00ea","robots":{"index":"index","follow":"follow","max-snippet":"max-snippet:-1","max-image-preview":"max-image-preview:large","max-video-preview":"max-video-preview:-1"},"canonical":"https:\/\/blogdoere.com.br\/?p=27715","og_locale":"pt_PT","og_type":"article","og_title":"BAHIA: SECRET\u00c1RIO DE AGRICULTURA JO\u00c3O CARLOS \u00c9 CONDECORADO PELA POL\u00cdCIA MILITAR - blog do er\u00ea","og_description":"Na \u00faltima sexta-feira (03), em solenidade na Vila Policial do Bonfim, em Salvador, o Secret\u00e1rio de Agricultura do estado da Bahia, Jo\u00e3o Carlos Oliveira, foi condecorado pela Pol\u00edcia Militar da...","og_url":"https:\/\/blogdoere.com.br\/?p=27715","og_site_name":"blog do er\u00ea","article_published_time":"2021-12-04T14:46:34+00:00","article_modified_time":"2021-12-04T14:46:59+00:00","og_image":[{"width":654,"height":332,"url":"https:\/\/blogdoere.com.br\/wp-content\/uploads\/2021\/12\/WhatsApp-Image-2021-12-04-at-11.37.10.jpeg","type":"image\/jpeg"}],"author":"blogdoere@hotmail.com","twitter_card":"summary_large_image","twitter_misc":{"Escrito por":"blogdoere@hotmail.com","Tempo estimado de leitura":"1 minuto"},"schema":{"@context":"https:\/\/schema.org","@graph":[{"@type":"Article","@id":"https:\/\/blogdoere.com.br\/?p=27715#article","isPartOf":{"@id":"https:\/\/blogdoere.com.br\/?p=27715"},"author":{"name":"blogdoere@hotmail.com","@id":"https:\/\/blogdoere.com.br\/#\/schema\/person\/c4f6d566a44c7bacdda563667715d18b"},"headline":"BAHIA: SECRET\u00c1RIO DE AGRICULTURA JO\u00c3O CARLOS \u00c9 CONDECORADO PELA POL\u00cdCIA MILITAR","datePublished":"2021-12-04T14:46:34+00:00","dateModified":"2021-12-04T14:46:59+00:00","mainEntityOfPage":{"@id":"https:\/\/blogdoere.com.br\/?p=27715"},"wordCount":178,"commentCount":0,"publisher":{"@id":"https:\/\/blogdoere.com.br\/#organization"},"articleSection":["Bahia"],"inLanguage":"pt-PT","potentialAction":[{"@type":"CommentAction","name":"Comment","target":["https:\/\/blogdoere.com.br\/?p=27715#respond"]}]},{"@type":"WebPage","@id":"https:\/\/blogdoere.com.br\/?p=27715","url":"https:\/\/blogdoere.com.br\/?p=27715","name":"BAHIA: SECRET\u00c1RIO DE AGRICULTURA JO\u00c3O CARLOS \u00c9 CONDECORADO PELA POL\u00cdCIA MILITAR - blog do er\u00ea","isPartOf":{"@id":"https:\/\/blogdoere.com.br\/#website"},"datePublished":"2021-12-04T14:46:34+00:00","dateModified":"2021-12-04T14:46:59+00:00","breadcrumb":{"@id":"https:\/\/blogdoere.com.br\/?p=27715#breadcrumb"},"inLanguage":"pt-PT","potentialAction":[{"@type":"ReadAction","target":["https:\/\/blogdoere.com.br\/?p=27715"]}]},{"@type":"BreadcrumbList","@id":"https:\/\/blogdoere.com.br\/?p=27715#breadcrumb","itemListElement":[{"@type":"ListItem","position":1,"name":"In\u00edcio","item":"https:\/\/blogdoere.com.br\/"},{"@type":"ListItem","position":2,"name":"BAHIA: SECRET\u00c1RIO DE AGRICULTURA JO\u00c3O CARLOS \u00c9 CONDECORADO PELA POL\u00cdCIA MILITAR"}]},{"@type":"WebSite","@id":"https:\/\/blogdoere.com.br\/#website","url":"https:\/\/blogdoere.com.br\/","name":"blog do er\u00ea","description":"","publisher":{"@id":"https:\/\/blogdoere.com.br\/#organization"},"potentialAction":[{"@type":"SearchAction","target":{"@type":"EntryPoint","urlTemplate":"https:\/\/blogdoere.com.br\/?s={search_term_string}"},"query-input":"required name=search_term_string"}],"inLanguage":"pt-PT"},{"@type":"Organization","@id":"https:\/\/blogdoere.com.br\/#organization","name":"Blog do Er\u00ea","url":"https:\/\/blogdoere.com.br\/","logo":{"@type":"ImageObject","inLanguage":"pt-PT","@id":"https:\/\/blogdoere.com.br\/#\/schema\/logo\/image\/","url":"https:\/\/blogdoere.com.br\/wp-content\/uploads\/2021\/11\/Logo-Ere-1.png","contentUrl":"https:\/\/blogdoere.com.br\/wp-content\/uploads\/2021\/11\/Logo-Ere-1.png","width":1261,"height":1330,"caption":"Blog do Er\u00ea"},"image":{"@id":"https:\/\/blogdoere.com.br\/#\/schema\/logo\/image\/"}},{"@type":"Person","@id":"https:\/\/blogdoere.com.br\/#\/schema\/person\/c4f6d566a44c7bacdda563667715d18b","name":"blogdoere@hotmail.com","image":{"@type":"ImageObject","inLanguage":"pt-PT","@id":"https:\/\/blogdoere.com.br\/#\/schema\/person\/image\/","url":"https:\/\/secure.gravatar.com\/avatar\/5684bd39df1289cb639b4ab539d6fcad69420e4a29521548fc078c58ed122fe6?s=96&d=mm&r=g","contentUrl":"https:\/\/secure.gravatar.com\/avatar\/5684bd39df1289cb639b4ab539d6fcad69420e4a29521548fc078c58ed122fe6?s=96&d=mm&r=g","caption":"blogdoere@hotmail.com"},"sameAs":["http:\/\/blogdoere.com.br"]}]}},"featured_image_urls":{"full":["https:\/\/blogdoere.com.br\/wp-content\/uploads\/2021\/12\/WhatsApp-Image-2021-12-04-at-11.37.10.jpeg",654,332,false],"thumbnail":["https:\/\/blogdoere.com.br\/wp-content\/uploads\/2021\/12\/WhatsApp-Image-2021-12-04-at-11.37.10-150x150.jpeg",150,150,true],"medium":["https:\/\/blogdoere.com.br\/wp-content\/uploads\/2021\/12\/WhatsApp-Image-2021-12-04-at-11.37.10-300x152.jpeg",300,152,true],"medium_large":["https:\/\/blogdoere.com.br\/wp-content\/uploads\/2021\/12\/WhatsApp-Image-2021-12-04-at-11.37.10.jpeg",654,332,false],"large":["https:\/\/blogdoere.com.br\/wp-content\/uploads\/2021\/12\/WhatsApp-Image-2021-12-04-at-11.37.10.jpeg",654,332,false],"1536x1536":["https:\/\/blogdoere.com.br\/wp-content\/uploads\/2021\/12\/WhatsApp-Image-2021-12-04-at-11.37.10.jpeg",654,332,false],"2048x2048":["https:\/\/blogdoere.com.br\/wp-content\/uploads\/2021\/12\/WhatsApp-Image-2021-12-04-at-11.37.10.jpeg",654,332,false]},"author_info":{"display_name":"blogdoere@hotmail.com","author_link":"https:\/\/blogdoere.com.br\/?author=1"},"category_info":"<a href=\"https:\/\/blogdoere.com.br\/?cat=39\" rel=\"category\">Bahia<\/a>","tag_info":"Bahia","comment_count":"0","_links":{"self":[{"href":"https:\/\/blogdoere.com.br\/index.php?rest_route=\/wp\/v2\/posts\/27715","targetHints":{"allow":["GET"]}}],"collection":[{"href":"https:\/\/blogdoere.com.br\/index.php?rest_route=\/wp\/v2\/posts"}],"about":[{"href":"https:\/\/blogdoere.com.br\/index.php?rest_route=\/wp\/v2\/types\/post"}],"author":[{"embeddable":true,"href":"https:\/\/blogdoere.com.br\/index.php?rest_route=\/wp\/v2\/users\/1"}],"replies":[{"embeddable":true,"href":"https:\/\/blogdoere.com.br\/index.php?rest_route=%2Fwp%2Fv2%2Fcomments&post=27715"}],"version-history":[{"count":1,"href":"https:\/\/blogdoere.com.br\/index.php?rest_route=\/wp\/v2\/posts\/27715\/revisions"}],"predecessor-version":[{"id":27717,"href":"https:\/\/blogdoere.com.br\/index.php?rest_route=\/wp\/v2\/posts\/27715\/revisions\/27717"}],"wp:featuredmedia":[{"embeddable":true,"href":"https:\/\/blogdoere.com.br\/index.php?rest_route=\/wp\/v2\/media\/27716"}],"wp:attachment":[{"href":"https:\/\/blogdoere.com.br\/index.php?rest_route=%2Fwp%2Fv2%2Fmedia&parent=27715"}],"wp:term":[{"taxonomy":"category","embeddable":true,"href":"https:\/\/blogdoere.com.br\/index.php?rest_route=%2Fwp%2Fv2%2Fcategories&post=27715"},{"taxonomy":"post_tag","embeddable":true,"href":"https:\/\/blogdoere.com.br\/index.php?rest_route=%2Fwp%2Fv2%2Ftags&post=27715"}],"curies":[{"name":"wp","href":"https:\/\/api.w.org\/{rel}","templated":true}]}}