{"id":27721,"date":"2021-12-06T02:38:57","date_gmt":"2021-12-06T02:38:57","guid":{"rendered":"https:\/\/blogdoere.com.br\/?p=27721"},"modified":"2021-12-06T03:08:55","modified_gmt":"2021-12-06T03:08:55","slug":"ilheus-governador-rui-costa-inaugurahospital-materno-infantil-nesta-segunda-6","status":"publish","type":"post","link":"https:\/\/blogdoere.com.br\/?p=27721","title":{"rendered":"ILH\u00c9US: GOVERNADOR  RUI COSTA   INAUGURA HOSPITAL   MATERNO INFANTIL  NESTA SEGUNDA (6)"},"content":{"rendered":"\n<p><\/p>\n\n\n\n<p><\/p>\n\n\n\n<figure class=\"wp-block-gallery columns-1 is-cropped wp-block-gallery-1 is-layout-flex wp-block-gallery-is-layout-flex\"><ul class=\"blocks-gallery-grid\"><li class=\"blocks-gallery-item\"><figure><img decoding=\"async\" width=\"690\" height=\"450\" src=\"https:\/\/blogdoere.com.br\/wp-content\/uploads\/2021\/12\/Foto-1-37-690x450-1-1.jpg\" alt=\"\" data-id=\"27722\" data-full-url=\"https:\/\/blogdoere.com.br\/wp-content\/uploads\/2021\/12\/Foto-1-37-690x450-1-1.jpg\" data-link=\"https:\/\/blogdoere.com.br\/?attachment_id=27722\" class=\"wp-image-27722\" srcset=\"https:\/\/blogdoere.com.br\/wp-content\/uploads\/2021\/12\/Foto-1-37-690x450-1-1.jpg 690w, https:\/\/blogdoere.com.br\/wp-content\/uploads\/2021\/12\/Foto-1-37-690x450-1-1-300x196.jpg 300w\" sizes=\"(max-width: 690px) 100vw, 690px\" \/><figcaption class=\"blocks-gallery-item__caption\">Governador Rui Costa<\/figcaption><\/figure><\/li><\/ul><\/figure>\n\n\n\n<p class=\"has-text-align-justify\">O Governador Rui Costa, nesta segunda-feira, dia 6 de novembro, chega em Ilh\u00e9us, no in\u00edcio da manh\u00e3, para a inaugura\u00e7\u00e3o do Hospital Materno Infantil Joaquim Sampaio. Com 105 leitos, a moderna  unidade hospitalar teve um investimento de 40 milh\u00f5es.    Ap\u00f3s o descerramento da placa alusiva, a inaugura\u00e7\u00e3o do HMIJS, \u00e0s 9 horas,   o governador participa de uma coletiva de imprensa antes de se deslocar para as obras de implanta\u00e7\u00e3o da nova estrada de liga\u00e7\u00e3o entre Ilh\u00e9us\/Itabuna.<\/p>\n","protected":false},"excerpt":{"rendered":"<p>O Governador Rui Costa, nesta segunda-feira, dia 6 de novembro, chega em Ilh\u00e9us, no in\u00edcio da manh\u00e3, para a inaugura\u00e7\u00e3o do Hospital Materno Infantil Joaquim Sampaio. Com 105 leitos, a&#8230;<\/p>\n","protected":false},"author":1,"featured_media":27722,"comment_status":"open","ping_status":"open","sticky":true,"template":"","format":"standard","meta":{"_editorskit_title_hidden":false,"_editorskit_reading_time":1,"_editorskit_is_block_options_detached":false,"_editorskit_block_options_position":"{}","om_disable_all_campaigns":false,"_mi_skip_tracking":false,"_kad_post_transparent":"","_kad_post_title":"","_kad_post_layout":"","_kad_post_sidebar_id":"","_kad_post_content_style":"","_kad_post_vertical_padding":"","_kad_post_feature":"","_kad_post_feature_position":"","_kad_post_header":false,"_kad_post_footer":false,"footnotes":""},"categories":[39],"tags":[],"class_list":["post-27721","post","type-post","status-publish","format-standard","has-post-thumbnail","hentry","category-bahia"],"yoast_head":"<!-- This site is optimized with the Yoast SEO plugin v20.5 - https:\/\/yoast.com\/wordpress\/plugins\/seo\/ -->\n<title>ILH\u00c9US: GOVERNADOR RUI COSTA  INAUGURA HOSPITAL  MATERNO INFANTIL NESTA SEGUNDA (6) - blog do er\u00ea<\/title>\n<meta name=\"robots\" content=\"index, follow, max-snippet:-1, max-image-preview:large, max-video-preview:-1\" \/>\n<link rel=\"canonical\" href=\"https:\/\/blogdoere.com.br\/?p=27721\" \/>\n<meta property=\"og:locale\" content=\"pt_PT\" \/>\n<meta property=\"og:type\" content=\"article\" \/>\n<meta property=\"og:title\" content=\"ILH\u00c9US: GOVERNADOR RUI COSTA  INAUGURA HOSPITAL  MATERNO INFANTIL NESTA SEGUNDA (6) - blog do er\u00ea\" \/>\n<meta property=\"og:description\" content=\"O Governador Rui Costa, nesta segunda-feira, dia 6 de novembro, chega em Ilh\u00e9us, no in\u00edcio da manh\u00e3, para a inaugura\u00e7\u00e3o do Hospital Materno Infantil Joaquim Sampaio. Com 105 leitos, a...\" \/>\n<meta property=\"og:url\" content=\"https:\/\/blogdoere.com.br\/?p=27721\" \/>\n<meta property=\"og:site_name\" content=\"blog do er\u00ea\" \/>\n<meta property=\"article:published_time\" content=\"2021-12-06T02:38:57+00:00\" \/>\n<meta property=\"article:modified_time\" content=\"2021-12-06T03:08:55+00:00\" \/>\n<meta property=\"og:image\" content=\"https:\/\/blogdoere.com.br\/wp-content\/uploads\/2021\/12\/Foto-1-37-690x450-1-1.jpg\" \/>\n\t<meta property=\"og:image:width\" content=\"690\" \/>\n\t<meta property=\"og:image:height\" content=\"450\" \/>\n\t<meta property=\"og:image:type\" content=\"image\/jpeg\" \/>\n<meta name=\"author\" content=\"blogdoere@hotmail.com\" \/>\n<meta name=\"twitter:card\" content=\"summary_large_image\" \/>\n<meta name=\"twitter:label1\" content=\"Escrito por\" \/>\n\t<meta name=\"twitter:data1\" content=\"blogdoere@hotmail.com\" \/>\n\t<meta name=\"twitter:label2\" content=\"Tempo estimado de leitura\" \/>\n\t<meta name=\"twitter:data2\" content=\"1 minuto\" \/>\n<script type=\"application\/ld+json\" class=\"yoast-schema-graph\">{\"@context\":\"https:\/\/schema.org\",\"@graph\":[{\"@type\":\"Article\",\"@id\":\"https:\/\/blogdoere.com.br\/?p=27721#article\",\"isPartOf\":{\"@id\":\"https:\/\/blogdoere.com.br\/?p=27721\"},\"author\":{\"name\":\"blogdoere@hotmail.com\",\"@id\":\"https:\/\/blogdoere.com.br\/#\/schema\/person\/c4f6d566a44c7bacdda563667715d18b\"},\"headline\":\"ILH\u00c9US: GOVERNADOR RUI COSTA INAUGURA HOSPITAL MATERNO INFANTIL NESTA SEGUNDA (6)\",\"datePublished\":\"2021-12-06T02:38:57+00:00\",\"dateModified\":\"2021-12-06T03:08:55+00:00\",\"mainEntityOfPage\":{\"@id\":\"https:\/\/blogdoere.com.br\/?p=27721\"},\"wordCount\":96,\"commentCount\":0,\"publisher\":{\"@id\":\"https:\/\/blogdoere.com.br\/#organization\"},\"articleSection\":[\"Bahia\"],\"inLanguage\":\"pt-PT\",\"potentialAction\":[{\"@type\":\"CommentAction\",\"name\":\"Comment\",\"target\":[\"https:\/\/blogdoere.com.br\/?p=27721#respond\"]}]},{\"@type\":\"WebPage\",\"@id\":\"https:\/\/blogdoere.com.br\/?p=27721\",\"url\":\"https:\/\/blogdoere.com.br\/?p=27721\",\"name\":\"ILH\u00c9US: GOVERNADOR RUI COSTA INAUGURA HOSPITAL MATERNO INFANTIL NESTA SEGUNDA (6) - blog do er\u00ea\",\"isPartOf\":{\"@id\":\"https:\/\/blogdoere.com.br\/#website\"},\"datePublished\":\"2021-12-06T02:38:57+00:00\",\"dateModified\":\"2021-12-06T03:08:55+00:00\",\"breadcrumb\":{\"@id\":\"https:\/\/blogdoere.com.br\/?p=27721#breadcrumb\"},\"inLanguage\":\"pt-PT\",\"potentialAction\":[{\"@type\":\"ReadAction\",\"target\":[\"https:\/\/blogdoere.com.br\/?p=27721\"]}]},{\"@type\":\"BreadcrumbList\",\"@id\":\"https:\/\/blogdoere.com.br\/?p=27721#breadcrumb\",\"itemListElement\":[{\"@type\":\"ListItem\",\"position\":1,\"name\":\"In\u00edcio\",\"item\":\"https:\/\/blogdoere.com.br\/\"},{\"@type\":\"ListItem\",\"position\":2,\"name\":\"ILH\u00c9US: GOVERNADOR RUI COSTA INAUGURA HOSPITAL MATERNO INFANTIL NESTA SEGUNDA (6)\"}]},{\"@type\":\"WebSite\",\"@id\":\"https:\/\/blogdoere.com.br\/#website\",\"url\":\"https:\/\/blogdoere.com.br\/\",\"name\":\"blog do er\u00ea\",\"description\":\"\",\"publisher\":{\"@id\":\"https:\/\/blogdoere.com.br\/#organization\"},\"potentialAction\":[{\"@type\":\"SearchAction\",\"target\":{\"@type\":\"EntryPoint\",\"urlTemplate\":\"https:\/\/blogdoere.com.br\/?s={search_term_string}\"},\"query-input\":\"required name=search_term_string\"}],\"inLanguage\":\"pt-PT\"},{\"@type\":\"Organization\",\"@id\":\"https:\/\/blogdoere.com.br\/#organization\",\"name\":\"Blog do Er\u00ea\",\"url\":\"https:\/\/blogdoere.com.br\/\",\"logo\":{\"@type\":\"ImageObject\",\"inLanguage\":\"pt-PT\",\"@id\":\"https:\/\/blogdoere.com.br\/#\/schema\/logo\/image\/\",\"url\":\"https:\/\/blogdoere.com.br\/wp-content\/uploads\/2021\/11\/Logo-Ere-1.png\",\"contentUrl\":\"https:\/\/blogdoere.com.br\/wp-content\/uploads\/2021\/11\/Logo-Ere-1.png\",\"width\":1261,\"height\":1330,\"caption\":\"Blog do Er\u00ea\"},\"image\":{\"@id\":\"https:\/\/blogdoere.com.br\/#\/schema\/logo\/image\/\"}},{\"@type\":\"Person\",\"@id\":\"https:\/\/blogdoere.com.br\/#\/schema\/person\/c4f6d566a44c7bacdda563667715d18b\",\"name\":\"blogdoere@hotmail.com\",\"image\":{\"@type\":\"ImageObject\",\"inLanguage\":\"pt-PT\",\"@id\":\"https:\/\/blogdoere.com.br\/#\/schema\/person\/image\/\",\"url\":\"https:\/\/secure.gravatar.com\/avatar\/5684bd39df1289cb639b4ab539d6fcad69420e4a29521548fc078c58ed122fe6?s=96&d=mm&r=g\",\"contentUrl\":\"https:\/\/secure.gravatar.com\/avatar\/5684bd39df1289cb639b4ab539d6fcad69420e4a29521548fc078c58ed122fe6?s=96&d=mm&r=g\",\"caption\":\"blogdoere@hotmail.com\"},\"sameAs\":[\"http:\/\/blogdoere.com.br\"]}]}<\/script>\n<!-- \/ Yoast SEO plugin. -->","yoast_head_json":{"title":"ILH\u00c9US: GOVERNADOR RUI COSTA  INAUGURA HOSPITAL  MATERNO INFANTIL NESTA SEGUNDA (6) - blog do er\u00ea","robots":{"index":"index","follow":"follow","max-snippet":"max-snippet:-1","max-image-preview":"max-image-preview:large","max-video-preview":"max-video-preview:-1"},"canonical":"https:\/\/blogdoere.com.br\/?p=27721","og_locale":"pt_PT","og_type":"article","og_title":"ILH\u00c9US: GOVERNADOR RUI COSTA  INAUGURA HOSPITAL  MATERNO INFANTIL NESTA SEGUNDA (6) - blog do er\u00ea","og_description":"O Governador Rui Costa, nesta segunda-feira, dia 6 de novembro, chega em Ilh\u00e9us, no in\u00edcio da manh\u00e3, para a inaugura\u00e7\u00e3o do Hospital Materno Infantil Joaquim Sampaio. Com 105 leitos, a...","og_url":"https:\/\/blogdoere.com.br\/?p=27721","og_site_name":"blog do er\u00ea","article_published_time":"2021-12-06T02:38:57+00:00","article_modified_time":"2021-12-06T03:08:55+00:00","og_image":[{"width":690,"height":450,"url":"https:\/\/blogdoere.com.br\/wp-content\/uploads\/2021\/12\/Foto-1-37-690x450-1-1.jpg","type":"image\/jpeg"}],"author":"blogdoere@hotmail.com","twitter_card":"summary_large_image","twitter_misc":{"Escrito por":"blogdoere@hotmail.com","Tempo estimado de leitura":"1 minuto"},"schema":{"@context":"https:\/\/schema.org","@graph":[{"@type":"Article","@id":"https:\/\/blogdoere.com.br\/?p=27721#article","isPartOf":{"@id":"https:\/\/blogdoere.com.br\/?p=27721"},"author":{"name":"blogdoere@hotmail.com","@id":"https:\/\/blogdoere.com.br\/#\/schema\/person\/c4f6d566a44c7bacdda563667715d18b"},"headline":"ILH\u00c9US: GOVERNADOR RUI COSTA INAUGURA HOSPITAL MATERNO INFANTIL NESTA SEGUNDA (6)","datePublished":"2021-12-06T02:38:57+00:00","dateModified":"2021-12-06T03:08:55+00:00","mainEntityOfPage":{"@id":"https:\/\/blogdoere.com.br\/?p=27721"},"wordCount":96,"commentCount":0,"publisher":{"@id":"https:\/\/blogdoere.com.br\/#organization"},"articleSection":["Bahia"],"inLanguage":"pt-PT","potentialAction":[{"@type":"CommentAction","name":"Comment","target":["https:\/\/blogdoere.com.br\/?p=27721#respond"]}]},{"@type":"WebPage","@id":"https:\/\/blogdoere.com.br\/?p=27721","url":"https:\/\/blogdoere.com.br\/?p=27721","name":"ILH\u00c9US: GOVERNADOR RUI COSTA INAUGURA HOSPITAL MATERNO INFANTIL NESTA SEGUNDA (6) - blog do er\u00ea","isPartOf":{"@id":"https:\/\/blogdoere.com.br\/#website"},"datePublished":"2021-12-06T02:38:57+00:00","dateModified":"2021-12-06T03:08:55+00:00","breadcrumb":{"@id":"https:\/\/blogdoere.com.br\/?p=27721#breadcrumb"},"inLanguage":"pt-PT","potentialAction":[{"@type":"ReadAction","target":["https:\/\/blogdoere.com.br\/?p=27721"]}]},{"@type":"BreadcrumbList","@id":"https:\/\/blogdoere.com.br\/?p=27721#breadcrumb","itemListElement":[{"@type":"ListItem","position":1,"name":"In\u00edcio","item":"https:\/\/blogdoere.com.br\/"},{"@type":"ListItem","position":2,"name":"ILH\u00c9US: GOVERNADOR RUI COSTA INAUGURA HOSPITAL MATERNO INFANTIL NESTA SEGUNDA (6)"}]},{"@type":"WebSite","@id":"https:\/\/blogdoere.com.br\/#website","url":"https:\/\/blogdoere.com.br\/","name":"blog do er\u00ea","description":"","publisher":{"@id":"https:\/\/blogdoere.com.br\/#organization"},"potentialAction":[{"@type":"SearchAction","target":{"@type":"EntryPoint","urlTemplate":"https:\/\/blogdoere.com.br\/?s={search_term_string}"},"query-input":"required name=search_term_string"}],"inLanguage":"pt-PT"},{"@type":"Organization","@id":"https:\/\/blogdoere.com.br\/#organization","name":"Blog do Er\u00ea","url":"https:\/\/blogdoere.com.br\/","logo":{"@type":"ImageObject","inLanguage":"pt-PT","@id":"https:\/\/blogdoere.com.br\/#\/schema\/logo\/image\/","url":"https:\/\/blogdoere.com.br\/wp-content\/uploads\/2021\/11\/Logo-Ere-1.png","contentUrl":"https:\/\/blogdoere.com.br\/wp-content\/uploads\/2021\/11\/Logo-Ere-1.png","width":1261,"height":1330,"caption":"Blog do Er\u00ea"},"image":{"@id":"https:\/\/blogdoere.com.br\/#\/schema\/logo\/image\/"}},{"@type":"Person","@id":"https:\/\/blogdoere.com.br\/#\/schema\/person\/c4f6d566a44c7bacdda563667715d18b","name":"blogdoere@hotmail.com","image":{"@type":"ImageObject","inLanguage":"pt-PT","@id":"https:\/\/blogdoere.com.br\/#\/schema\/person\/image\/","url":"https:\/\/secure.gravatar.com\/avatar\/5684bd39df1289cb639b4ab539d6fcad69420e4a29521548fc078c58ed122fe6?s=96&d=mm&r=g","contentUrl":"https:\/\/secure.gravatar.com\/avatar\/5684bd39df1289cb639b4ab539d6fcad69420e4a29521548fc078c58ed122fe6?s=96&d=mm&r=g","caption":"blogdoere@hotmail.com"},"sameAs":["http:\/\/blogdoere.com.br"]}]}},"featured_image_urls":{"full":["https:\/\/blogdoere.com.br\/wp-content\/uploads\/2021\/12\/Foto-1-37-690x450-1-1.jpg",690,450,false],"thumbnail":["https:\/\/blogdoere.com.br\/wp-content\/uploads\/2021\/12\/Foto-1-37-690x450-1-1-150x150.jpg",150,150,true],"medium":["https:\/\/blogdoere.com.br\/wp-content\/uploads\/2021\/12\/Foto-1-37-690x450-1-1-300x196.jpg",300,196,true],"medium_large":["https:\/\/blogdoere.com.br\/wp-content\/uploads\/2021\/12\/Foto-1-37-690x450-1-1.jpg",690,450,false],"large":["https:\/\/blogdoere.com.br\/wp-content\/uploads\/2021\/12\/Foto-1-37-690x450-1-1.jpg",690,450,false],"1536x1536":["https:\/\/blogdoere.com.br\/wp-content\/uploads\/2021\/12\/Foto-1-37-690x450-1-1.jpg",690,450,false],"2048x2048":["https:\/\/blogdoere.com.br\/wp-content\/uploads\/2021\/12\/Foto-1-37-690x450-1-1.jpg",690,450,false]},"author_info":{"display_name":"blogdoere@hotmail.com","author_link":"https:\/\/blogdoere.com.br\/?author=1"},"category_info":"<a href=\"https:\/\/blogdoere.com.br\/?cat=39\" rel=\"category\">Bahia<\/a>","tag_info":"Bahia","comment_count":"0","_links":{"self":[{"href":"https:\/\/blogdoere.com.br\/index.php?rest_route=\/wp\/v2\/posts\/27721","targetHints":{"allow":["GET"]}}],"collection":[{"href":"https:\/\/blogdoere.com.br\/index.php?rest_route=\/wp\/v2\/posts"}],"about":[{"href":"https:\/\/blogdoere.com.br\/index.php?rest_route=\/wp\/v2\/types\/post"}],"author":[{"embeddable":true,"href":"https:\/\/blogdoere.com.br\/index.php?rest_route=\/wp\/v2\/users\/1"}],"replies":[{"embeddable":true,"href":"https:\/\/blogdoere.com.br\/index.php?rest_route=%2Fwp%2Fv2%2Fcomments&post=27721"}],"version-history":[{"count":6,"href":"https:\/\/blogdoere.com.br\/index.php?rest_route=\/wp\/v2\/posts\/27721\/revisions"}],"predecessor-version":[{"id":27735,"href":"https:\/\/blogdoere.com.br\/index.php?rest_route=\/wp\/v2\/posts\/27721\/revisions\/27735"}],"wp:featuredmedia":[{"embeddable":true,"href":"https:\/\/blogdoere.com.br\/index.php?rest_route=\/wp\/v2\/media\/27722"}],"wp:attachment":[{"href":"https:\/\/blogdoere.com.br\/index.php?rest_route=%2Fwp%2Fv2%2Fmedia&parent=27721"}],"wp:term":[{"taxonomy":"category","embeddable":true,"href":"https:\/\/blogdoere.com.br\/index.php?rest_route=%2Fwp%2Fv2%2Fcategories&post=27721"},{"taxonomy":"post_tag","embeddable":true,"href":"https:\/\/blogdoere.com.br\/index.php?rest_route=%2Fwp%2Fv2%2Ftags&post=27721"}],"curies":[{"name":"wp","href":"https:\/\/api.w.org\/{rel}","templated":true}]}}