{"id":27756,"date":"2021-12-11T01:11:44","date_gmt":"2021-12-11T01:11:44","guid":{"rendered":"https:\/\/blogdoere.com.br\/?p=27756"},"modified":"2021-12-11T01:16:02","modified_gmt":"2021-12-11T01:16:02","slug":"itajuipe-prefeito-marcone-decreta-situacao-de-emergencia-em-funcao-das-fortes-chuvas","status":"publish","type":"post","link":"https:\/\/blogdoere.com.br\/?p=27756","title":{"rendered":"ITAJU\u00cdPE: PREFEITO MARCONE DECRETA SITUA\u00c7\u00c3O DE EMERG\u00caNCIA EM FUN\u00c7\u00c3O DAS FORTES CHUVAS"},"content":{"rendered":"\n<figure class=\"wp-block-gallery aligncenter columns-1 is-cropped wp-block-gallery-1 is-layout-flex wp-block-gallery-is-layout-flex\"><ul class=\"blocks-gallery-grid\"><li class=\"blocks-gallery-item\"><figure><img decoding=\"async\" width=\"832\" height=\"626\" src=\"https:\/\/blogdoere.com.br\/wp-content\/uploads\/2021\/12\/WhatsApp-Image-2021-12-10-at-21.52.30.jpeg\" alt=\"\" data-id=\"27757\" data-full-url=\"https:\/\/blogdoere.com.br\/wp-content\/uploads\/2021\/12\/WhatsApp-Image-2021-12-10-at-21.52.30.jpeg\" data-link=\"https:\/\/blogdoere.com.br\/?attachment_id=27757\" class=\"wp-image-27757\" srcset=\"https:\/\/blogdoere.com.br\/wp-content\/uploads\/2021\/12\/WhatsApp-Image-2021-12-10-at-21.52.30.jpeg 832w, https:\/\/blogdoere.com.br\/wp-content\/uploads\/2021\/12\/WhatsApp-Image-2021-12-10-at-21.52.30-300x226.jpeg 300w, https:\/\/blogdoere.com.br\/wp-content\/uploads\/2021\/12\/WhatsApp-Image-2021-12-10-at-21.52.30-768x578.jpeg 768w\" sizes=\"(max-width: 832px) 100vw, 832px\" \/><\/figure><\/li><\/ul><\/figure>\n\n\n\n<p class=\"has-text-align-justify\">Em fun\u00e7\u00e3o das fortes chuvas que vem provocando alagamento em parte da cidade, o prefeito Marcone Amaral (PSD) decretou situa\u00e7\u00e3o de emerg\u00eancia no munic\u00edpio. Com essa decis\u00e3o, o gestor cancelou toda a programa\u00e7\u00e3o pela passagem dos 69 anos de emancipa\u00e7\u00e3o do munic\u00edpio que aconteceria no pr\u00f3ximo domingo dia 12. &#8220;Vamos fazer o poss\u00edvel para proteger nosso povo e rezar para que a chuva possa diminuir&#8221;. Declarou o prefeito Marcone.<\/p>\n\n\n\n<figure class=\"wp-block-gallery columns-1 is-cropped wp-block-gallery-2 is-layout-flex wp-block-gallery-is-layout-flex\"><ul class=\"blocks-gallery-grid\"><li class=\"blocks-gallery-item\"><figure><img decoding=\"async\" width=\"1024\" height=\"894\" src=\"https:\/\/blogdoere.com.br\/wp-content\/uploads\/2021\/12\/WhatsApp-Image-2021-12-10-at-21.52.19-1024x894.jpeg\" alt=\"\" data-id=\"27759\" data-full-url=\"https:\/\/blogdoere.com.br\/wp-content\/uploads\/2021\/12\/WhatsApp-Image-2021-12-10-at-21.52.19.jpeg\" data-link=\"https:\/\/blogdoere.com.br\/?attachment_id=27759\" class=\"wp-image-27759\" srcset=\"https:\/\/blogdoere.com.br\/wp-content\/uploads\/2021\/12\/WhatsApp-Image-2021-12-10-at-21.52.19-1024x894.jpeg 1024w, https:\/\/blogdoere.com.br\/wp-content\/uploads\/2021\/12\/WhatsApp-Image-2021-12-10-at-21.52.19-300x262.jpeg 300w, https:\/\/blogdoere.com.br\/wp-content\/uploads\/2021\/12\/WhatsApp-Image-2021-12-10-at-21.52.19-768x670.jpeg 768w, https:\/\/blogdoere.com.br\/wp-content\/uploads\/2021\/12\/WhatsApp-Image-2021-12-10-at-21.52.19.jpeg 1036w\" sizes=\"(max-width: 1024px) 100vw, 1024px\" \/><\/figure><\/li><\/ul><\/figure>\n\n\n\n<p><\/p>\n","protected":false},"excerpt":{"rendered":"<p>Em fun\u00e7\u00e3o das fortes chuvas que vem provocando alagamento em parte da cidade, o prefeito Marcone Amaral (PSD) decretou situa\u00e7\u00e3o de emerg\u00eancia no munic\u00edpio. Com essa decis\u00e3o, o gestor cancelou&#8230;<\/p>\n","protected":false},"author":1,"featured_media":27758,"comment_status":"open","ping_status":"open","sticky":false,"template":"","format":"standard","meta":{"_editorskit_title_hidden":false,"_editorskit_reading_time":1,"_editorskit_is_block_options_detached":false,"_editorskit_block_options_position":"{}","om_disable_all_campaigns":false,"_mi_skip_tracking":false,"_kad_post_transparent":"","_kad_post_title":"","_kad_post_layout":"","_kad_post_sidebar_id":"","_kad_post_content_style":"","_kad_post_vertical_padding":"","_kad_post_feature":"","_kad_post_feature_position":"","_kad_post_header":false,"_kad_post_footer":false,"footnotes":""},"categories":[56],"tags":[],"class_list":["post-27756","post","type-post","status-publish","format-standard","has-post-thumbnail","hentry","category-meioambiente"],"yoast_head":"<!-- This site is optimized with the Yoast SEO plugin v20.5 - https:\/\/yoast.com\/wordpress\/plugins\/seo\/ -->\n<title>ITAJU\u00cdPE: PREFEITO MARCONE DECRETA SITUA\u00c7\u00c3O DE EMERG\u00caNCIA EM FUN\u00c7\u00c3O DAS FORTES CHUVAS - blog do er\u00ea<\/title>\n<meta name=\"robots\" content=\"index, follow, max-snippet:-1, max-image-preview:large, max-video-preview:-1\" \/>\n<link rel=\"canonical\" href=\"https:\/\/blogdoere.com.br\/?p=27756\" \/>\n<meta property=\"og:locale\" content=\"pt_PT\" \/>\n<meta property=\"og:type\" content=\"article\" \/>\n<meta property=\"og:title\" content=\"ITAJU\u00cdPE: PREFEITO MARCONE DECRETA SITUA\u00c7\u00c3O DE EMERG\u00caNCIA EM FUN\u00c7\u00c3O DAS FORTES CHUVAS - blog do er\u00ea\" \/>\n<meta property=\"og:description\" content=\"Em fun\u00e7\u00e3o das fortes chuvas que vem provocando alagamento em parte da cidade, o prefeito Marcone Amaral (PSD) decretou situa\u00e7\u00e3o de emerg\u00eancia no munic\u00edpio. Com essa decis\u00e3o, o gestor cancelou...\" \/>\n<meta property=\"og:url\" content=\"https:\/\/blogdoere.com.br\/?p=27756\" \/>\n<meta property=\"og:site_name\" content=\"blog do er\u00ea\" \/>\n<meta property=\"article:published_time\" content=\"2021-12-11T01:11:44+00:00\" \/>\n<meta property=\"article:modified_time\" content=\"2021-12-11T01:16:02+00:00\" \/>\n<meta property=\"og:image\" content=\"https:\/\/blogdoere.com.br\/wp-content\/uploads\/2021\/12\/WhatsApp-Image-2021-12-10-at-21.52.30-1.jpeg\" \/>\n\t<meta property=\"og:image:width\" content=\"832\" \/>\n\t<meta property=\"og:image:height\" content=\"626\" \/>\n\t<meta property=\"og:image:type\" content=\"image\/jpeg\" \/>\n<meta name=\"author\" content=\"blogdoere@hotmail.com\" \/>\n<meta name=\"twitter:card\" content=\"summary_large_image\" \/>\n<meta name=\"twitter:label1\" content=\"Escrito por\" \/>\n\t<meta name=\"twitter:data1\" content=\"blogdoere@hotmail.com\" \/>\n\t<meta name=\"twitter:label2\" content=\"Tempo estimado de leitura\" \/>\n\t<meta name=\"twitter:data2\" content=\"1 minuto\" \/>\n<script type=\"application\/ld+json\" class=\"yoast-schema-graph\">{\"@context\":\"https:\/\/schema.org\",\"@graph\":[{\"@type\":\"Article\",\"@id\":\"https:\/\/blogdoere.com.br\/?p=27756#article\",\"isPartOf\":{\"@id\":\"https:\/\/blogdoere.com.br\/?p=27756\"},\"author\":{\"name\":\"blogdoere@hotmail.com\",\"@id\":\"https:\/\/blogdoere.com.br\/#\/schema\/person\/c4f6d566a44c7bacdda563667715d18b\"},\"headline\":\"ITAJU\u00cdPE: PREFEITO MARCONE DECRETA SITUA\u00c7\u00c3O DE EMERG\u00caNCIA EM FUN\u00c7\u00c3O DAS FORTES CHUVAS\",\"datePublished\":\"2021-12-11T01:11:44+00:00\",\"dateModified\":\"2021-12-11T01:16:02+00:00\",\"mainEntityOfPage\":{\"@id\":\"https:\/\/blogdoere.com.br\/?p=27756\"},\"wordCount\":93,\"commentCount\":0,\"publisher\":{\"@id\":\"https:\/\/blogdoere.com.br\/#organization\"},\"articleSection\":[\"Meio Ambiente\"],\"inLanguage\":\"pt-PT\",\"potentialAction\":[{\"@type\":\"CommentAction\",\"name\":\"Comment\",\"target\":[\"https:\/\/blogdoere.com.br\/?p=27756#respond\"]}]},{\"@type\":\"WebPage\",\"@id\":\"https:\/\/blogdoere.com.br\/?p=27756\",\"url\":\"https:\/\/blogdoere.com.br\/?p=27756\",\"name\":\"ITAJU\u00cdPE: PREFEITO MARCONE DECRETA SITUA\u00c7\u00c3O DE EMERG\u00caNCIA EM FUN\u00c7\u00c3O DAS FORTES CHUVAS - blog do er\u00ea\",\"isPartOf\":{\"@id\":\"https:\/\/blogdoere.com.br\/#website\"},\"datePublished\":\"2021-12-11T01:11:44+00:00\",\"dateModified\":\"2021-12-11T01:16:02+00:00\",\"breadcrumb\":{\"@id\":\"https:\/\/blogdoere.com.br\/?p=27756#breadcrumb\"},\"inLanguage\":\"pt-PT\",\"potentialAction\":[{\"@type\":\"ReadAction\",\"target\":[\"https:\/\/blogdoere.com.br\/?p=27756\"]}]},{\"@type\":\"BreadcrumbList\",\"@id\":\"https:\/\/blogdoere.com.br\/?p=27756#breadcrumb\",\"itemListElement\":[{\"@type\":\"ListItem\",\"position\":1,\"name\":\"In\u00edcio\",\"item\":\"https:\/\/blogdoere.com.br\/\"},{\"@type\":\"ListItem\",\"position\":2,\"name\":\"ITAJU\u00cdPE: PREFEITO MARCONE DECRETA SITUA\u00c7\u00c3O DE EMERG\u00caNCIA EM FUN\u00c7\u00c3O DAS FORTES CHUVAS\"}]},{\"@type\":\"WebSite\",\"@id\":\"https:\/\/blogdoere.com.br\/#website\",\"url\":\"https:\/\/blogdoere.com.br\/\",\"name\":\"blog do er\u00ea\",\"description\":\"\",\"publisher\":{\"@id\":\"https:\/\/blogdoere.com.br\/#organization\"},\"potentialAction\":[{\"@type\":\"SearchAction\",\"target\":{\"@type\":\"EntryPoint\",\"urlTemplate\":\"https:\/\/blogdoere.com.br\/?s={search_term_string}\"},\"query-input\":\"required name=search_term_string\"}],\"inLanguage\":\"pt-PT\"},{\"@type\":\"Organization\",\"@id\":\"https:\/\/blogdoere.com.br\/#organization\",\"name\":\"Blog do Er\u00ea\",\"url\":\"https:\/\/blogdoere.com.br\/\",\"logo\":{\"@type\":\"ImageObject\",\"inLanguage\":\"pt-PT\",\"@id\":\"https:\/\/blogdoere.com.br\/#\/schema\/logo\/image\/\",\"url\":\"https:\/\/blogdoere.com.br\/wp-content\/uploads\/2021\/11\/Logo-Ere-1.png\",\"contentUrl\":\"https:\/\/blogdoere.com.br\/wp-content\/uploads\/2021\/11\/Logo-Ere-1.png\",\"width\":1261,\"height\":1330,\"caption\":\"Blog do Er\u00ea\"},\"image\":{\"@id\":\"https:\/\/blogdoere.com.br\/#\/schema\/logo\/image\/\"}},{\"@type\":\"Person\",\"@id\":\"https:\/\/blogdoere.com.br\/#\/schema\/person\/c4f6d566a44c7bacdda563667715d18b\",\"name\":\"blogdoere@hotmail.com\",\"image\":{\"@type\":\"ImageObject\",\"inLanguage\":\"pt-PT\",\"@id\":\"https:\/\/blogdoere.com.br\/#\/schema\/person\/image\/\",\"url\":\"https:\/\/secure.gravatar.com\/avatar\/5684bd39df1289cb639b4ab539d6fcad69420e4a29521548fc078c58ed122fe6?s=96&d=mm&r=g\",\"contentUrl\":\"https:\/\/secure.gravatar.com\/avatar\/5684bd39df1289cb639b4ab539d6fcad69420e4a29521548fc078c58ed122fe6?s=96&d=mm&r=g\",\"caption\":\"blogdoere@hotmail.com\"},\"sameAs\":[\"http:\/\/blogdoere.com.br\"]}]}<\/script>\n<!-- \/ Yoast SEO plugin. -->","yoast_head_json":{"title":"ITAJU\u00cdPE: PREFEITO MARCONE DECRETA SITUA\u00c7\u00c3O DE EMERG\u00caNCIA EM FUN\u00c7\u00c3O DAS FORTES CHUVAS - blog do er\u00ea","robots":{"index":"index","follow":"follow","max-snippet":"max-snippet:-1","max-image-preview":"max-image-preview:large","max-video-preview":"max-video-preview:-1"},"canonical":"https:\/\/blogdoere.com.br\/?p=27756","og_locale":"pt_PT","og_type":"article","og_title":"ITAJU\u00cdPE: PREFEITO MARCONE DECRETA SITUA\u00c7\u00c3O DE EMERG\u00caNCIA EM FUN\u00c7\u00c3O DAS FORTES CHUVAS - blog do er\u00ea","og_description":"Em fun\u00e7\u00e3o das fortes chuvas que vem provocando alagamento em parte da cidade, o prefeito Marcone Amaral (PSD) decretou situa\u00e7\u00e3o de emerg\u00eancia no munic\u00edpio. Com essa decis\u00e3o, o gestor cancelou...","og_url":"https:\/\/blogdoere.com.br\/?p=27756","og_site_name":"blog do er\u00ea","article_published_time":"2021-12-11T01:11:44+00:00","article_modified_time":"2021-12-11T01:16:02+00:00","og_image":[{"width":832,"height":626,"url":"https:\/\/blogdoere.com.br\/wp-content\/uploads\/2021\/12\/WhatsApp-Image-2021-12-10-at-21.52.30-1.jpeg","type":"image\/jpeg"}],"author":"blogdoere@hotmail.com","twitter_card":"summary_large_image","twitter_misc":{"Escrito por":"blogdoere@hotmail.com","Tempo estimado de leitura":"1 minuto"},"schema":{"@context":"https:\/\/schema.org","@graph":[{"@type":"Article","@id":"https:\/\/blogdoere.com.br\/?p=27756#article","isPartOf":{"@id":"https:\/\/blogdoere.com.br\/?p=27756"},"author":{"name":"blogdoere@hotmail.com","@id":"https:\/\/blogdoere.com.br\/#\/schema\/person\/c4f6d566a44c7bacdda563667715d18b"},"headline":"ITAJU\u00cdPE: PREFEITO MARCONE DECRETA SITUA\u00c7\u00c3O DE EMERG\u00caNCIA EM FUN\u00c7\u00c3O DAS FORTES CHUVAS","datePublished":"2021-12-11T01:11:44+00:00","dateModified":"2021-12-11T01:16:02+00:00","mainEntityOfPage":{"@id":"https:\/\/blogdoere.com.br\/?p=27756"},"wordCount":93,"commentCount":0,"publisher":{"@id":"https:\/\/blogdoere.com.br\/#organization"},"articleSection":["Meio Ambiente"],"inLanguage":"pt-PT","potentialAction":[{"@type":"CommentAction","name":"Comment","target":["https:\/\/blogdoere.com.br\/?p=27756#respond"]}]},{"@type":"WebPage","@id":"https:\/\/blogdoere.com.br\/?p=27756","url":"https:\/\/blogdoere.com.br\/?p=27756","name":"ITAJU\u00cdPE: PREFEITO MARCONE DECRETA SITUA\u00c7\u00c3O DE EMERG\u00caNCIA EM FUN\u00c7\u00c3O DAS FORTES CHUVAS - blog do er\u00ea","isPartOf":{"@id":"https:\/\/blogdoere.com.br\/#website"},"datePublished":"2021-12-11T01:11:44+00:00","dateModified":"2021-12-11T01:16:02+00:00","breadcrumb":{"@id":"https:\/\/blogdoere.com.br\/?p=27756#breadcrumb"},"inLanguage":"pt-PT","potentialAction":[{"@type":"ReadAction","target":["https:\/\/blogdoere.com.br\/?p=27756"]}]},{"@type":"BreadcrumbList","@id":"https:\/\/blogdoere.com.br\/?p=27756#breadcrumb","itemListElement":[{"@type":"ListItem","position":1,"name":"In\u00edcio","item":"https:\/\/blogdoere.com.br\/"},{"@type":"ListItem","position":2,"name":"ITAJU\u00cdPE: PREFEITO MARCONE DECRETA SITUA\u00c7\u00c3O DE EMERG\u00caNCIA EM FUN\u00c7\u00c3O DAS FORTES CHUVAS"}]},{"@type":"WebSite","@id":"https:\/\/blogdoere.com.br\/#website","url":"https:\/\/blogdoere.com.br\/","name":"blog do er\u00ea","description":"","publisher":{"@id":"https:\/\/blogdoere.com.br\/#organization"},"potentialAction":[{"@type":"SearchAction","target":{"@type":"EntryPoint","urlTemplate":"https:\/\/blogdoere.com.br\/?s={search_term_string}"},"query-input":"required name=search_term_string"}],"inLanguage":"pt-PT"},{"@type":"Organization","@id":"https:\/\/blogdoere.com.br\/#organization","name":"Blog do Er\u00ea","url":"https:\/\/blogdoere.com.br\/","logo":{"@type":"ImageObject","inLanguage":"pt-PT","@id":"https:\/\/blogdoere.com.br\/#\/schema\/logo\/image\/","url":"https:\/\/blogdoere.com.br\/wp-content\/uploads\/2021\/11\/Logo-Ere-1.png","contentUrl":"https:\/\/blogdoere.com.br\/wp-content\/uploads\/2021\/11\/Logo-Ere-1.png","width":1261,"height":1330,"caption":"Blog do Er\u00ea"},"image":{"@id":"https:\/\/blogdoere.com.br\/#\/schema\/logo\/image\/"}},{"@type":"Person","@id":"https:\/\/blogdoere.com.br\/#\/schema\/person\/c4f6d566a44c7bacdda563667715d18b","name":"blogdoere@hotmail.com","image":{"@type":"ImageObject","inLanguage":"pt-PT","@id":"https:\/\/blogdoere.com.br\/#\/schema\/person\/image\/","url":"https:\/\/secure.gravatar.com\/avatar\/5684bd39df1289cb639b4ab539d6fcad69420e4a29521548fc078c58ed122fe6?s=96&d=mm&r=g","contentUrl":"https:\/\/secure.gravatar.com\/avatar\/5684bd39df1289cb639b4ab539d6fcad69420e4a29521548fc078c58ed122fe6?s=96&d=mm&r=g","caption":"blogdoere@hotmail.com"},"sameAs":["http:\/\/blogdoere.com.br"]}]}},"featured_image_urls":{"full":["https:\/\/blogdoere.com.br\/wp-content\/uploads\/2021\/12\/WhatsApp-Image-2021-12-10-at-21.52.30-1.jpeg",832,626,false],"thumbnail":["https:\/\/blogdoere.com.br\/wp-content\/uploads\/2021\/12\/WhatsApp-Image-2021-12-10-at-21.52.30-1-150x150.jpeg",150,150,true],"medium":["https:\/\/blogdoere.com.br\/wp-content\/uploads\/2021\/12\/WhatsApp-Image-2021-12-10-at-21.52.30-1-300x226.jpeg",300,226,true],"medium_large":["https:\/\/blogdoere.com.br\/wp-content\/uploads\/2021\/12\/WhatsApp-Image-2021-12-10-at-21.52.30-1-768x578.jpeg",768,578,true],"large":["https:\/\/blogdoere.com.br\/wp-content\/uploads\/2021\/12\/WhatsApp-Image-2021-12-10-at-21.52.30-1.jpeg",832,626,false],"1536x1536":["https:\/\/blogdoere.com.br\/wp-content\/uploads\/2021\/12\/WhatsApp-Image-2021-12-10-at-21.52.30-1.jpeg",832,626,false],"2048x2048":["https:\/\/blogdoere.com.br\/wp-content\/uploads\/2021\/12\/WhatsApp-Image-2021-12-10-at-21.52.30-1.jpeg",832,626,false]},"author_info":{"display_name":"blogdoere@hotmail.com","author_link":"https:\/\/blogdoere.com.br\/?author=1"},"category_info":"<a href=\"https:\/\/blogdoere.com.br\/?cat=56\" rel=\"category\">Meio Ambiente<\/a>","tag_info":"Meio Ambiente","comment_count":"0","_links":{"self":[{"href":"https:\/\/blogdoere.com.br\/index.php?rest_route=\/wp\/v2\/posts\/27756","targetHints":{"allow":["GET"]}}],"collection":[{"href":"https:\/\/blogdoere.com.br\/index.php?rest_route=\/wp\/v2\/posts"}],"about":[{"href":"https:\/\/blogdoere.com.br\/index.php?rest_route=\/wp\/v2\/types\/post"}],"author":[{"embeddable":true,"href":"https:\/\/blogdoere.com.br\/index.php?rest_route=\/wp\/v2\/users\/1"}],"replies":[{"embeddable":true,"href":"https:\/\/blogdoere.com.br\/index.php?rest_route=%2Fwp%2Fv2%2Fcomments&post=27756"}],"version-history":[{"count":1,"href":"https:\/\/blogdoere.com.br\/index.php?rest_route=\/wp\/v2\/posts\/27756\/revisions"}],"predecessor-version":[{"id":27760,"href":"https:\/\/blogdoere.com.br\/index.php?rest_route=\/wp\/v2\/posts\/27756\/revisions\/27760"}],"wp:featuredmedia":[{"embeddable":true,"href":"https:\/\/blogdoere.com.br\/index.php?rest_route=\/wp\/v2\/media\/27758"}],"wp:attachment":[{"href":"https:\/\/blogdoere.com.br\/index.php?rest_route=%2Fwp%2Fv2%2Fmedia&parent=27756"}],"wp:term":[{"taxonomy":"category","embeddable":true,"href":"https:\/\/blogdoere.com.br\/index.php?rest_route=%2Fwp%2Fv2%2Fcategories&post=27756"},{"taxonomy":"post_tag","embeddable":true,"href":"https:\/\/blogdoere.com.br\/index.php?rest_route=%2Fwp%2Fv2%2Ftags&post=27756"}],"curies":[{"name":"wp","href":"https:\/\/api.w.org\/{rel}","templated":true}]}}