{"id":27762,"date":"2021-12-12T17:20:34","date_gmt":"2021-12-12T17:20:34","guid":{"rendered":"https:\/\/blogdoere.com.br\/?p=27762"},"modified":"2021-12-12T17:28:28","modified_gmt":"2021-12-12T17:28:28","slug":"itajuipe-prefeito-marcone-monta-forca-tarefa-para-ajudar-familias-afetadas-pelas-fortes-chuvas","status":"publish","type":"post","link":"https:\/\/blogdoere.com.br\/?p=27762","title":{"rendered":"ITAJU\u00cdPE: PREFEITO MARCONE MONTA FOR\u00c7A-TAREFA PARA AJUDAR FAM\u00cdLIAS AFETADAS PELAS FORTES CHUVAS"},"content":{"rendered":"\n<figure class=\"wp-block-gallery aligncenter columns-1 is-cropped wp-block-gallery-1 is-layout-flex wp-block-gallery-is-layout-flex\"><ul class=\"blocks-gallery-grid\"><li class=\"blocks-gallery-item\"><figure><img decoding=\"async\" width=\"1024\" height=\"768\" src=\"https:\/\/blogdoere.com.br\/wp-content\/uploads\/2021\/12\/WhatsApp-Image-2021-12-12-at-14.02.14-1-1024x768.jpeg\" alt=\"\" data-id=\"27763\" data-full-url=\"https:\/\/blogdoere.com.br\/wp-content\/uploads\/2021\/12\/WhatsApp-Image-2021-12-12-at-14.02.14-1.jpeg\" data-link=\"https:\/\/blogdoere.com.br\/?attachment_id=27763\" class=\"wp-image-27763\" srcset=\"https:\/\/blogdoere.com.br\/wp-content\/uploads\/2021\/12\/WhatsApp-Image-2021-12-12-at-14.02.14-1-1024x768.jpeg 1024w, https:\/\/blogdoere.com.br\/wp-content\/uploads\/2021\/12\/WhatsApp-Image-2021-12-12-at-14.02.14-1-300x225.jpeg 300w, https:\/\/blogdoere.com.br\/wp-content\/uploads\/2021\/12\/WhatsApp-Image-2021-12-12-at-14.02.14-1-768x576.jpeg 768w, https:\/\/blogdoere.com.br\/wp-content\/uploads\/2021\/12\/WhatsApp-Image-2021-12-12-at-14.02.14-1-1536x1152.jpeg 1536w, https:\/\/blogdoere.com.br\/wp-content\/uploads\/2021\/12\/WhatsApp-Image-2021-12-12-at-14.02.14-1.jpeg 1600w\" sizes=\"(max-width: 1024px) 100vw, 1024px\" \/><figcaption class=\"blocks-gallery-item__caption\">Prefeito Marcone, L\u00e9o da Capoeira e Ivan J\u00fanior  <\/figcaption><\/figure><\/li><\/ul><\/figure>\n\n\n\n<p class=\"has-text-align-justify\">O prefeito Marcone Amaral (PSD) montou uma for\u00e7a-tarefa, neste domingo, dia 12, com a participa\u00e7\u00e3o de todas as secretarias de governo e colabora\u00e7\u00e3o dos Vereadores, para ajudar as fam\u00edlias afetadas com a distribui\u00e7\u00e3o de alimentos e materiais de limpeza. Pelo menos 800 cestas b\u00e1sicas e kits de limpeza est\u00e3o sendo entregues pela Secretaria de Desenvolvimento Social. &#8220;Um cadastro das fam\u00edlias afetadas est\u00e1 sendo feito e com isso podemos viabilizar poss\u00edveis demandas&#8221; esclarece a Secret\u00e1ria de Desenvolvimento Social, Raiane Passos. <\/p>\n\n\n\n<figure class=\"wp-block-gallery aligncenter columns-1 is-cropped wp-block-gallery-2 is-layout-flex wp-block-gallery-is-layout-flex\"><ul class=\"blocks-gallery-grid\"><li class=\"blocks-gallery-item\"><figure><img decoding=\"async\" width=\"1024\" height=\"627\" src=\"https:\/\/blogdoere.com.br\/wp-content\/uploads\/2021\/12\/WhatsApp-Image-2021-12-12-at-14.19.33-1024x627.jpeg\" alt=\"\" data-id=\"27765\" data-full-url=\"https:\/\/blogdoere.com.br\/wp-content\/uploads\/2021\/12\/WhatsApp-Image-2021-12-12-at-14.19.33.jpeg\" data-link=\"https:\/\/blogdoere.com.br\/?attachment_id=27765\" class=\"wp-image-27765\" srcset=\"https:\/\/blogdoere.com.br\/wp-content\/uploads\/2021\/12\/WhatsApp-Image-2021-12-12-at-14.19.33-1024x627.jpeg 1024w, https:\/\/blogdoere.com.br\/wp-content\/uploads\/2021\/12\/WhatsApp-Image-2021-12-12-at-14.19.33-300x184.jpeg 300w, https:\/\/blogdoere.com.br\/wp-content\/uploads\/2021\/12\/WhatsApp-Image-2021-12-12-at-14.19.33-768x470.jpeg 768w, https:\/\/blogdoere.com.br\/wp-content\/uploads\/2021\/12\/WhatsApp-Image-2021-12-12-at-14.19.33.jpeg 1280w\" sizes=\"(max-width: 1024px) 100vw, 1024px\" \/><figcaption class=\"blocks-gallery-item__caption\">Secret\u00e1ria de Desenvolvimento Social Raiane Passos<\/figcaption><\/figure><\/li><\/ul><\/figure>\n\n\n\n<p class=\"has-text-align-justify\">O prefeito Marcone e o vice-prefeito L\u00e9o da Capoeira haviam programado, para este domingo, os festejos de anivers\u00e1rio dos 69 anos de emancipa\u00e7\u00e3o da cidade por\u00e9m, devido \u00e0s fortes chuvas que caem no munic\u00edpio, o gestor decidiu cancelar toda a programa\u00e7\u00e3o festiva que teria a inaugura\u00e7\u00e3o de importantes obras para priorizar as fam\u00edlias afetadas. &#8220;Obras depois a gente inaugura, a prioridade agora \u00e9 cuidar do nosso povo&#8221; disse o prefeito. Os vereadores Ivan J\u00fanior, Raul Estrela, Gean de Vasconcelos, Mateus Matos, F\u00e1bio Almeida, Crisman e Roninho participaram dessa a\u00e7\u00e3o solid\u00e1ria.<\/p>\n","protected":false},"excerpt":{"rendered":"<p>O prefeito Marcone Amaral (PSD) montou uma for\u00e7a-tarefa, neste domingo, dia 12, com a participa\u00e7\u00e3o de todas as secretarias de governo e colabora\u00e7\u00e3o dos Vereadores, para ajudar as fam\u00edlias afetadas&#8230;<\/p>\n","protected":false},"author":1,"featured_media":27763,"comment_status":"open","ping_status":"open","sticky":false,"template":"","format":"standard","meta":{"_editorskit_title_hidden":false,"_editorskit_reading_time":1,"_editorskit_is_block_options_detached":false,"_editorskit_block_options_position":"{}","om_disable_all_campaigns":false,"_mi_skip_tracking":false,"_kad_post_transparent":"","_kad_post_title":"","_kad_post_layout":"","_kad_post_sidebar_id":"","_kad_post_content_style":"","_kad_post_vertical_padding":"","_kad_post_feature":"","_kad_post_feature_position":"","_kad_post_header":false,"_kad_post_footer":false,"footnotes":""},"categories":[68],"tags":[],"class_list":["post-27762","post","type-post","status-publish","format-standard","has-post-thumbnail","hentry","category-social"],"yoast_head":"<!-- This site is optimized with the Yoast SEO plugin v20.5 - https:\/\/yoast.com\/wordpress\/plugins\/seo\/ -->\n<title>ITAJU\u00cdPE: PREFEITO MARCONE MONTA FOR\u00c7A-TAREFA PARA AJUDAR FAM\u00cdLIAS AFETADAS PELAS FORTES CHUVAS - blog do er\u00ea<\/title>\n<meta name=\"robots\" content=\"index, follow, max-snippet:-1, max-image-preview:large, max-video-preview:-1\" \/>\n<link rel=\"canonical\" href=\"https:\/\/blogdoere.com.br\/?p=27762\" \/>\n<meta property=\"og:locale\" content=\"pt_PT\" \/>\n<meta property=\"og:type\" content=\"article\" \/>\n<meta property=\"og:title\" content=\"ITAJU\u00cdPE: PREFEITO MARCONE MONTA FOR\u00c7A-TAREFA PARA AJUDAR FAM\u00cdLIAS AFETADAS PELAS FORTES CHUVAS - blog do er\u00ea\" \/>\n<meta property=\"og:description\" content=\"O prefeito Marcone Amaral (PSD) montou uma for\u00e7a-tarefa, neste domingo, dia 12, com a participa\u00e7\u00e3o de todas as secretarias de governo e colabora\u00e7\u00e3o dos Vereadores, para ajudar as fam\u00edlias afetadas...\" \/>\n<meta property=\"og:url\" content=\"https:\/\/blogdoere.com.br\/?p=27762\" \/>\n<meta property=\"og:site_name\" content=\"blog do er\u00ea\" \/>\n<meta property=\"article:published_time\" content=\"2021-12-12T17:20:34+00:00\" \/>\n<meta property=\"article:modified_time\" content=\"2021-12-12T17:28:28+00:00\" \/>\n<meta property=\"og:image\" content=\"https:\/\/blogdoere.com.br\/wp-content\/uploads\/2021\/12\/WhatsApp-Image-2021-12-12-at-14.02.14-1.jpeg\" \/>\n\t<meta property=\"og:image:width\" content=\"1600\" \/>\n\t<meta property=\"og:image:height\" content=\"1200\" \/>\n\t<meta property=\"og:image:type\" content=\"image\/jpeg\" \/>\n<meta name=\"author\" content=\"blogdoere@hotmail.com\" \/>\n<meta name=\"twitter:card\" content=\"summary_large_image\" \/>\n<meta name=\"twitter:label1\" content=\"Escrito por\" \/>\n\t<meta name=\"twitter:data1\" content=\"blogdoere@hotmail.com\" \/>\n\t<meta name=\"twitter:label2\" content=\"Tempo estimado de leitura\" \/>\n\t<meta name=\"twitter:data2\" content=\"2 minutos\" \/>\n<script type=\"application\/ld+json\" class=\"yoast-schema-graph\">{\"@context\":\"https:\/\/schema.org\",\"@graph\":[{\"@type\":\"Article\",\"@id\":\"https:\/\/blogdoere.com.br\/?p=27762#article\",\"isPartOf\":{\"@id\":\"https:\/\/blogdoere.com.br\/?p=27762\"},\"author\":{\"name\":\"blogdoere@hotmail.com\",\"@id\":\"https:\/\/blogdoere.com.br\/#\/schema\/person\/c4f6d566a44c7bacdda563667715d18b\"},\"headline\":\"ITAJU\u00cdPE: PREFEITO MARCONE MONTA FOR\u00c7A-TAREFA PARA AJUDAR FAM\u00cdLIAS AFETADAS PELAS FORTES CHUVAS\",\"datePublished\":\"2021-12-12T17:20:34+00:00\",\"dateModified\":\"2021-12-12T17:28:28+00:00\",\"mainEntityOfPage\":{\"@id\":\"https:\/\/blogdoere.com.br\/?p=27762\"},\"wordCount\":219,\"commentCount\":1,\"publisher\":{\"@id\":\"https:\/\/blogdoere.com.br\/#organization\"},\"articleSection\":[\"Social\"],\"inLanguage\":\"pt-PT\",\"potentialAction\":[{\"@type\":\"CommentAction\",\"name\":\"Comment\",\"target\":[\"https:\/\/blogdoere.com.br\/?p=27762#respond\"]}]},{\"@type\":\"WebPage\",\"@id\":\"https:\/\/blogdoere.com.br\/?p=27762\",\"url\":\"https:\/\/blogdoere.com.br\/?p=27762\",\"name\":\"ITAJU\u00cdPE: PREFEITO MARCONE MONTA FOR\u00c7A-TAREFA PARA AJUDAR FAM\u00cdLIAS AFETADAS PELAS FORTES CHUVAS - blog do er\u00ea\",\"isPartOf\":{\"@id\":\"https:\/\/blogdoere.com.br\/#website\"},\"datePublished\":\"2021-12-12T17:20:34+00:00\",\"dateModified\":\"2021-12-12T17:28:28+00:00\",\"breadcrumb\":{\"@id\":\"https:\/\/blogdoere.com.br\/?p=27762#breadcrumb\"},\"inLanguage\":\"pt-PT\",\"potentialAction\":[{\"@type\":\"ReadAction\",\"target\":[\"https:\/\/blogdoere.com.br\/?p=27762\"]}]},{\"@type\":\"BreadcrumbList\",\"@id\":\"https:\/\/blogdoere.com.br\/?p=27762#breadcrumb\",\"itemListElement\":[{\"@type\":\"ListItem\",\"position\":1,\"name\":\"In\u00edcio\",\"item\":\"https:\/\/blogdoere.com.br\/\"},{\"@type\":\"ListItem\",\"position\":2,\"name\":\"ITAJU\u00cdPE: PREFEITO MARCONE MONTA FOR\u00c7A-TAREFA PARA AJUDAR FAM\u00cdLIAS AFETADAS PELAS FORTES CHUVAS\"}]},{\"@type\":\"WebSite\",\"@id\":\"https:\/\/blogdoere.com.br\/#website\",\"url\":\"https:\/\/blogdoere.com.br\/\",\"name\":\"blog do er\u00ea\",\"description\":\"\",\"publisher\":{\"@id\":\"https:\/\/blogdoere.com.br\/#organization\"},\"potentialAction\":[{\"@type\":\"SearchAction\",\"target\":{\"@type\":\"EntryPoint\",\"urlTemplate\":\"https:\/\/blogdoere.com.br\/?s={search_term_string}\"},\"query-input\":\"required name=search_term_string\"}],\"inLanguage\":\"pt-PT\"},{\"@type\":\"Organization\",\"@id\":\"https:\/\/blogdoere.com.br\/#organization\",\"name\":\"Blog do Er\u00ea\",\"url\":\"https:\/\/blogdoere.com.br\/\",\"logo\":{\"@type\":\"ImageObject\",\"inLanguage\":\"pt-PT\",\"@id\":\"https:\/\/blogdoere.com.br\/#\/schema\/logo\/image\/\",\"url\":\"https:\/\/blogdoere.com.br\/wp-content\/uploads\/2021\/11\/Logo-Ere-1.png\",\"contentUrl\":\"https:\/\/blogdoere.com.br\/wp-content\/uploads\/2021\/11\/Logo-Ere-1.png\",\"width\":1261,\"height\":1330,\"caption\":\"Blog do Er\u00ea\"},\"image\":{\"@id\":\"https:\/\/blogdoere.com.br\/#\/schema\/logo\/image\/\"}},{\"@type\":\"Person\",\"@id\":\"https:\/\/blogdoere.com.br\/#\/schema\/person\/c4f6d566a44c7bacdda563667715d18b\",\"name\":\"blogdoere@hotmail.com\",\"image\":{\"@type\":\"ImageObject\",\"inLanguage\":\"pt-PT\",\"@id\":\"https:\/\/blogdoere.com.br\/#\/schema\/person\/image\/\",\"url\":\"https:\/\/secure.gravatar.com\/avatar\/5684bd39df1289cb639b4ab539d6fcad69420e4a29521548fc078c58ed122fe6?s=96&d=mm&r=g\",\"contentUrl\":\"https:\/\/secure.gravatar.com\/avatar\/5684bd39df1289cb639b4ab539d6fcad69420e4a29521548fc078c58ed122fe6?s=96&d=mm&r=g\",\"caption\":\"blogdoere@hotmail.com\"},\"sameAs\":[\"http:\/\/blogdoere.com.br\"]}]}<\/script>\n<!-- \/ Yoast SEO plugin. -->","yoast_head_json":{"title":"ITAJU\u00cdPE: PREFEITO MARCONE MONTA FOR\u00c7A-TAREFA PARA AJUDAR FAM\u00cdLIAS AFETADAS PELAS FORTES CHUVAS - blog do er\u00ea","robots":{"index":"index","follow":"follow","max-snippet":"max-snippet:-1","max-image-preview":"max-image-preview:large","max-video-preview":"max-video-preview:-1"},"canonical":"https:\/\/blogdoere.com.br\/?p=27762","og_locale":"pt_PT","og_type":"article","og_title":"ITAJU\u00cdPE: PREFEITO MARCONE MONTA FOR\u00c7A-TAREFA PARA AJUDAR FAM\u00cdLIAS AFETADAS PELAS FORTES CHUVAS - blog do er\u00ea","og_description":"O prefeito Marcone Amaral (PSD) montou uma for\u00e7a-tarefa, neste domingo, dia 12, com a participa\u00e7\u00e3o de todas as secretarias de governo e colabora\u00e7\u00e3o dos Vereadores, para ajudar as fam\u00edlias afetadas...","og_url":"https:\/\/blogdoere.com.br\/?p=27762","og_site_name":"blog do er\u00ea","article_published_time":"2021-12-12T17:20:34+00:00","article_modified_time":"2021-12-12T17:28:28+00:00","og_image":[{"width":1600,"height":1200,"url":"https:\/\/blogdoere.com.br\/wp-content\/uploads\/2021\/12\/WhatsApp-Image-2021-12-12-at-14.02.14-1.jpeg","type":"image\/jpeg"}],"author":"blogdoere@hotmail.com","twitter_card":"summary_large_image","twitter_misc":{"Escrito por":"blogdoere@hotmail.com","Tempo estimado de leitura":"2 minutos"},"schema":{"@context":"https:\/\/schema.org","@graph":[{"@type":"Article","@id":"https:\/\/blogdoere.com.br\/?p=27762#article","isPartOf":{"@id":"https:\/\/blogdoere.com.br\/?p=27762"},"author":{"name":"blogdoere@hotmail.com","@id":"https:\/\/blogdoere.com.br\/#\/schema\/person\/c4f6d566a44c7bacdda563667715d18b"},"headline":"ITAJU\u00cdPE: PREFEITO MARCONE MONTA FOR\u00c7A-TAREFA PARA AJUDAR FAM\u00cdLIAS AFETADAS PELAS FORTES CHUVAS","datePublished":"2021-12-12T17:20:34+00:00","dateModified":"2021-12-12T17:28:28+00:00","mainEntityOfPage":{"@id":"https:\/\/blogdoere.com.br\/?p=27762"},"wordCount":219,"commentCount":1,"publisher":{"@id":"https:\/\/blogdoere.com.br\/#organization"},"articleSection":["Social"],"inLanguage":"pt-PT","potentialAction":[{"@type":"CommentAction","name":"Comment","target":["https:\/\/blogdoere.com.br\/?p=27762#respond"]}]},{"@type":"WebPage","@id":"https:\/\/blogdoere.com.br\/?p=27762","url":"https:\/\/blogdoere.com.br\/?p=27762","name":"ITAJU\u00cdPE: PREFEITO MARCONE MONTA FOR\u00c7A-TAREFA PARA AJUDAR FAM\u00cdLIAS AFETADAS PELAS FORTES CHUVAS - blog do er\u00ea","isPartOf":{"@id":"https:\/\/blogdoere.com.br\/#website"},"datePublished":"2021-12-12T17:20:34+00:00","dateModified":"2021-12-12T17:28:28+00:00","breadcrumb":{"@id":"https:\/\/blogdoere.com.br\/?p=27762#breadcrumb"},"inLanguage":"pt-PT","potentialAction":[{"@type":"ReadAction","target":["https:\/\/blogdoere.com.br\/?p=27762"]}]},{"@type":"BreadcrumbList","@id":"https:\/\/blogdoere.com.br\/?p=27762#breadcrumb","itemListElement":[{"@type":"ListItem","position":1,"name":"In\u00edcio","item":"https:\/\/blogdoere.com.br\/"},{"@type":"ListItem","position":2,"name":"ITAJU\u00cdPE: PREFEITO MARCONE MONTA FOR\u00c7A-TAREFA PARA AJUDAR FAM\u00cdLIAS AFETADAS PELAS FORTES CHUVAS"}]},{"@type":"WebSite","@id":"https:\/\/blogdoere.com.br\/#website","url":"https:\/\/blogdoere.com.br\/","name":"blog do er\u00ea","description":"","publisher":{"@id":"https:\/\/blogdoere.com.br\/#organization"},"potentialAction":[{"@type":"SearchAction","target":{"@type":"EntryPoint","urlTemplate":"https:\/\/blogdoere.com.br\/?s={search_term_string}"},"query-input":"required name=search_term_string"}],"inLanguage":"pt-PT"},{"@type":"Organization","@id":"https:\/\/blogdoere.com.br\/#organization","name":"Blog do Er\u00ea","url":"https:\/\/blogdoere.com.br\/","logo":{"@type":"ImageObject","inLanguage":"pt-PT","@id":"https:\/\/blogdoere.com.br\/#\/schema\/logo\/image\/","url":"https:\/\/blogdoere.com.br\/wp-content\/uploads\/2021\/11\/Logo-Ere-1.png","contentUrl":"https:\/\/blogdoere.com.br\/wp-content\/uploads\/2021\/11\/Logo-Ere-1.png","width":1261,"height":1330,"caption":"Blog do Er\u00ea"},"image":{"@id":"https:\/\/blogdoere.com.br\/#\/schema\/logo\/image\/"}},{"@type":"Person","@id":"https:\/\/blogdoere.com.br\/#\/schema\/person\/c4f6d566a44c7bacdda563667715d18b","name":"blogdoere@hotmail.com","image":{"@type":"ImageObject","inLanguage":"pt-PT","@id":"https:\/\/blogdoere.com.br\/#\/schema\/person\/image\/","url":"https:\/\/secure.gravatar.com\/avatar\/5684bd39df1289cb639b4ab539d6fcad69420e4a29521548fc078c58ed122fe6?s=96&d=mm&r=g","contentUrl":"https:\/\/secure.gravatar.com\/avatar\/5684bd39df1289cb639b4ab539d6fcad69420e4a29521548fc078c58ed122fe6?s=96&d=mm&r=g","caption":"blogdoere@hotmail.com"},"sameAs":["http:\/\/blogdoere.com.br"]}]}},"featured_image_urls":{"full":["https:\/\/blogdoere.com.br\/wp-content\/uploads\/2021\/12\/WhatsApp-Image-2021-12-12-at-14.02.14-1.jpeg",1600,1200,false],"thumbnail":["https:\/\/blogdoere.com.br\/wp-content\/uploads\/2021\/12\/WhatsApp-Image-2021-12-12-at-14.02.14-1-150x150.jpeg",150,150,true],"medium":["https:\/\/blogdoere.com.br\/wp-content\/uploads\/2021\/12\/WhatsApp-Image-2021-12-12-at-14.02.14-1-300x225.jpeg",300,225,true],"medium_large":["https:\/\/blogdoere.com.br\/wp-content\/uploads\/2021\/12\/WhatsApp-Image-2021-12-12-at-14.02.14-1-768x576.jpeg",768,576,true],"large":["https:\/\/blogdoere.com.br\/wp-content\/uploads\/2021\/12\/WhatsApp-Image-2021-12-12-at-14.02.14-1-1024x768.jpeg",1024,768,true],"1536x1536":["https:\/\/blogdoere.com.br\/wp-content\/uploads\/2021\/12\/WhatsApp-Image-2021-12-12-at-14.02.14-1-1536x1152.jpeg",1536,1152,true],"2048x2048":["https:\/\/blogdoere.com.br\/wp-content\/uploads\/2021\/12\/WhatsApp-Image-2021-12-12-at-14.02.14-1.jpeg",1600,1200,false]},"author_info":{"display_name":"blogdoere@hotmail.com","author_link":"https:\/\/blogdoere.com.br\/?author=1"},"category_info":"<a href=\"https:\/\/blogdoere.com.br\/?cat=68\" rel=\"category\">Social<\/a>","tag_info":"Social","comment_count":"1","_links":{"self":[{"href":"https:\/\/blogdoere.com.br\/index.php?rest_route=\/wp\/v2\/posts\/27762","targetHints":{"allow":["GET"]}}],"collection":[{"href":"https:\/\/blogdoere.com.br\/index.php?rest_route=\/wp\/v2\/posts"}],"about":[{"href":"https:\/\/blogdoere.com.br\/index.php?rest_route=\/wp\/v2\/types\/post"}],"author":[{"embeddable":true,"href":"https:\/\/blogdoere.com.br\/index.php?rest_route=\/wp\/v2\/users\/1"}],"replies":[{"embeddable":true,"href":"https:\/\/blogdoere.com.br\/index.php?rest_route=%2Fwp%2Fv2%2Fcomments&post=27762"}],"version-history":[{"count":4,"href":"https:\/\/blogdoere.com.br\/index.php?rest_route=\/wp\/v2\/posts\/27762\/revisions"}],"predecessor-version":[{"id":27770,"href":"https:\/\/blogdoere.com.br\/index.php?rest_route=\/wp\/v2\/posts\/27762\/revisions\/27770"}],"wp:featuredmedia":[{"embeddable":true,"href":"https:\/\/blogdoere.com.br\/index.php?rest_route=\/wp\/v2\/media\/27763"}],"wp:attachment":[{"href":"https:\/\/blogdoere.com.br\/index.php?rest_route=%2Fwp%2Fv2%2Fmedia&parent=27762"}],"wp:term":[{"taxonomy":"category","embeddable":true,"href":"https:\/\/blogdoere.com.br\/index.php?rest_route=%2Fwp%2Fv2%2Fcategories&post=27762"},{"taxonomy":"post_tag","embeddable":true,"href":"https:\/\/blogdoere.com.br\/index.php?rest_route=%2Fwp%2Fv2%2Ftags&post=27762"}],"curies":[{"name":"wp","href":"https:\/\/api.w.org\/{rel}","templated":true}]}}