{"id":27818,"date":"2022-01-24T15:29:00","date_gmt":"2022-01-24T15:29:00","guid":{"rendered":"https:\/\/blogdoere.com.br\/?p=27818"},"modified":"2022-01-24T15:46:34","modified_gmt":"2022-01-24T15:46:34","slug":"itajuipe-praca-vereador-jose-adry","status":"publish","type":"post","link":"https:\/\/blogdoere.com.br\/?p=27818","title":{"rendered":"ITAJU\u00cdPE: PRA\u00c7A VEREADOR JOS\u00c9 ADRY"},"content":{"rendered":"\n<div class=\"wp-block-image\"><figure class=\"aligncenter size-large\"><img decoding=\"async\" width=\"1024\" height=\"768\" src=\"https:\/\/blogdoere.com.br\/wp-content\/uploads\/2022\/01\/WhatsApp-Image-2022-01-24-at-10.20.28-1024x768.jpeg\" alt=\"\" class=\"wp-image-27819\" srcset=\"https:\/\/blogdoere.com.br\/wp-content\/uploads\/2022\/01\/WhatsApp-Image-2022-01-24-at-10.20.28-1024x768.jpeg 1024w, https:\/\/blogdoere.com.br\/wp-content\/uploads\/2022\/01\/WhatsApp-Image-2022-01-24-at-10.20.28-300x225.jpeg 300w, https:\/\/blogdoere.com.br\/wp-content\/uploads\/2022\/01\/WhatsApp-Image-2022-01-24-at-10.20.28-768x576.jpeg 768w, https:\/\/blogdoere.com.br\/wp-content\/uploads\/2022\/01\/WhatsApp-Image-2022-01-24-at-10.20.28-1536x1152.jpeg 1536w, https:\/\/blogdoere.com.br\/wp-content\/uploads\/2022\/01\/WhatsApp-Image-2022-01-24-at-10.20.28.jpeg 1600w\" sizes=\"(max-width: 1024px) 100vw, 1024px\" \/><\/figure><\/div>\n\n\n\n<p class=\"has-text-align-justify\">Na \u00faltima sexta-feira, dia 21 de janeiro, foi inaugurada a pra\u00e7a Vereador Jos\u00e9 Adry pelo prefeito Marcone e o vice-prefeito L\u00e9o da Capoeira atrav\u00e9s de uma emenda parlamentar do ent\u00e3o deputado federal Nelson Pelegrino com contrapartida de recursos tamb\u00e9m pela Prefeitura. Inaugurada porque ali, depois que a feira livre foi transferida, na metade da d\u00e9cada de 1990, para o Bairro Alto da Liberdade, ficou um vazio a c\u00e9u aberto que n\u00e3o honrava a hist\u00f3ria do homenageado, o vereador Jos\u00e9 Adry. Afinal, voc\u00ea sabe quem foi Jos\u00e9 Adry? Jos\u00e9 Adry nasceu na cidade de Barra, na Bahia, no dia 08 de novembro de 1901. Jos\u00e9 Adry era um homem empreendedor e instalou no distrito de Pirangi a primeira farm\u00e1cia, comercializou com fabrica\u00e7\u00e3o de fogos e tamb\u00e9m fabricou cacha\u00e7a. Jos\u00e9 Adry amava a pol\u00edtica e era muito influente na sociedade em 1950; foi o candidato a vereador mais votado com 987 votos pela cidade de Ilh\u00e9us.<\/p>\n\n\n\n<div class=\"wp-block-image\"><figure class=\"aligncenter size-large\"><img decoding=\"async\" width=\"1024\" height=\"736\" src=\"https:\/\/blogdoere.com.br\/wp-content\/uploads\/2022\/01\/WhatsApp-Image-2022-01-24-at-12.19.26-2-1024x736.jpeg\" alt=\"\" class=\"wp-image-27820\" srcset=\"https:\/\/blogdoere.com.br\/wp-content\/uploads\/2022\/01\/WhatsApp-Image-2022-01-24-at-12.19.26-2-1024x736.jpeg 1024w, https:\/\/blogdoere.com.br\/wp-content\/uploads\/2022\/01\/WhatsApp-Image-2022-01-24-at-12.19.26-2-300x216.jpeg 300w, https:\/\/blogdoere.com.br\/wp-content\/uploads\/2022\/01\/WhatsApp-Image-2022-01-24-at-12.19.26-2-768x552.jpeg 768w, https:\/\/blogdoere.com.br\/wp-content\/uploads\/2022\/01\/WhatsApp-Image-2022-01-24-at-12.19.26-2.jpeg 1080w\" sizes=\"(max-width: 1024px) 100vw, 1024px\" \/><\/figure><\/div>\n\n\n\n<p class=\"has-text-align-justify\"> Como Pirangi era distrito de Ilh\u00e9us e Jos\u00e9 Adry passou a ser dissidente do PTB (Partido Trabalhista Brasileiro), do prefeito Pedro Vilas Boas Catal\u00e3o (na ocasi\u00e3o, por ser o vereador mais votado e por n\u00e3o existir a figura do vice-prefeito, ele era o eventual substituto do prefeito &#8211; o que n\u00e3o agradava o filho do prefeito). Jos\u00e9 Adry, que tamb\u00e9m lutava pela emancipa\u00e7\u00e3o de Itaju\u00edpe, foi diplomado em 15 de novembro de 1950 mas, n\u00e3o tomou posse do cargo porque foi covardemente assassinado na porta de sua casa na Rua Cora\u00e7\u00e3o de Jesus pelo pistoleiro J\u00falio Louren\u00e7o Donato a mando de Pedro Catal\u00e3o Filho. Embora n\u00e3o tenha visto a emancipa\u00e7\u00e3o de Itaju\u00edpe, sua morte foi um dos marcos importantes para a emancipa\u00e7\u00e3o de Itaju\u00edpe em 1952. Depois de quase tr\u00eas d\u00e9cadas, o vereador Jos\u00e9 Adry, que j\u00e1 tinha nome de rua na cidade de Ilh\u00e9us, recebe uma justa e bel\u00edssima homenagem realizada pelo prefeito Marcone: PRA\u00c7A VEREADOR JOS\u00c9 ADRY!<\/p>\n","protected":false},"excerpt":{"rendered":"<p>Na \u00faltima sexta-feira, dia 21 de janeiro, foi inaugurada a pra\u00e7a Vereador Jos\u00e9 Adry pelo prefeito Marcone e o vice-prefeito L\u00e9o da Capoeira atrav\u00e9s de uma emenda parlamentar do ent\u00e3o&#8230;<\/p>\n","protected":false},"author":1,"featured_media":27820,"comment_status":"open","ping_status":"open","sticky":false,"template":"","format":"standard","meta":{"_editorskit_title_hidden":false,"_editorskit_reading_time":2,"_editorskit_is_block_options_detached":false,"_editorskit_block_options_position":"{}","om_disable_all_campaigns":false,"_mi_skip_tracking":false,"_kad_post_transparent":"","_kad_post_title":"","_kad_post_layout":"","_kad_post_sidebar_id":"","_kad_post_content_style":"","_kad_post_vertical_padding":"","_kad_post_feature":"","_kad_post_feature_position":"","_kad_post_header":false,"_kad_post_footer":false,"footnotes":""},"categories":[71,72],"tags":[],"class_list":["post-27818","post","type-post","status-publish","format-standard","has-post-thumbnail","hentry","category-gestao-e-inovacao","category-gestao-e-inovacao-gestao-e-inovacao"],"yoast_head":"<!-- This site is optimized with the Yoast SEO plugin v20.5 - https:\/\/yoast.com\/wordpress\/plugins\/seo\/ -->\n<title>ITAJU\u00cdPE: PRA\u00c7A VEREADOR JOS\u00c9 ADRY - blog do er\u00ea<\/title>\n<meta name=\"robots\" content=\"index, follow, max-snippet:-1, max-image-preview:large, max-video-preview:-1\" \/>\n<link rel=\"canonical\" href=\"https:\/\/blogdoere.com.br\/?p=27818\" \/>\n<meta property=\"og:locale\" content=\"pt_PT\" \/>\n<meta property=\"og:type\" content=\"article\" \/>\n<meta property=\"og:title\" content=\"ITAJU\u00cdPE: PRA\u00c7A VEREADOR JOS\u00c9 ADRY - blog do er\u00ea\" \/>\n<meta property=\"og:description\" content=\"Na \u00faltima sexta-feira, dia 21 de janeiro, foi inaugurada a pra\u00e7a Vereador Jos\u00e9 Adry pelo prefeito Marcone e o vice-prefeito L\u00e9o da Capoeira atrav\u00e9s de uma emenda parlamentar do ent\u00e3o...\" \/>\n<meta property=\"og:url\" content=\"https:\/\/blogdoere.com.br\/?p=27818\" \/>\n<meta property=\"og:site_name\" content=\"blog do er\u00ea\" \/>\n<meta property=\"article:published_time\" content=\"2022-01-24T15:29:00+00:00\" \/>\n<meta property=\"article:modified_time\" content=\"2022-01-24T15:46:34+00:00\" \/>\n<meta property=\"og:image\" content=\"https:\/\/blogdoere.com.br\/wp-content\/uploads\/2022\/01\/WhatsApp-Image-2022-01-24-at-12.19.26-2.jpeg\" \/>\n\t<meta property=\"og:image:width\" content=\"1080\" \/>\n\t<meta property=\"og:image:height\" content=\"776\" \/>\n\t<meta property=\"og:image:type\" content=\"image\/jpeg\" \/>\n<meta name=\"author\" content=\"blogdoere@hotmail.com\" \/>\n<meta name=\"twitter:card\" content=\"summary_large_image\" \/>\n<meta name=\"twitter:label1\" content=\"Escrito por\" \/>\n\t<meta name=\"twitter:data1\" content=\"blogdoere@hotmail.com\" \/>\n\t<meta name=\"twitter:label2\" content=\"Tempo estimado de leitura\" \/>\n\t<meta name=\"twitter:data2\" content=\"2 minutos\" \/>\n<script type=\"application\/ld+json\" class=\"yoast-schema-graph\">{\"@context\":\"https:\/\/schema.org\",\"@graph\":[{\"@type\":\"Article\",\"@id\":\"https:\/\/blogdoere.com.br\/?p=27818#article\",\"isPartOf\":{\"@id\":\"https:\/\/blogdoere.com.br\/?p=27818\"},\"author\":{\"name\":\"blogdoere@hotmail.com\",\"@id\":\"https:\/\/blogdoere.com.br\/#\/schema\/person\/c4f6d566a44c7bacdda563667715d18b\"},\"headline\":\"ITAJU\u00cdPE: PRA\u00c7A VEREADOR JOS\u00c9 ADRY\",\"datePublished\":\"2022-01-24T15:29:00+00:00\",\"dateModified\":\"2022-01-24T15:46:34+00:00\",\"mainEntityOfPage\":{\"@id\":\"https:\/\/blogdoere.com.br\/?p=27818\"},\"wordCount\":349,\"commentCount\":0,\"publisher\":{\"@id\":\"https:\/\/blogdoere.com.br\/#organization\"},\"articleSection\":[\"Gest\u00e3o e Inova\u00e7\u00e3o\",\"Gest\u00e3o e Inova\u00e7\u00e3o\"],\"inLanguage\":\"pt-PT\",\"potentialAction\":[{\"@type\":\"CommentAction\",\"name\":\"Comment\",\"target\":[\"https:\/\/blogdoere.com.br\/?p=27818#respond\"]}]},{\"@type\":\"WebPage\",\"@id\":\"https:\/\/blogdoere.com.br\/?p=27818\",\"url\":\"https:\/\/blogdoere.com.br\/?p=27818\",\"name\":\"ITAJU\u00cdPE: PRA\u00c7A VEREADOR JOS\u00c9 ADRY - blog do er\u00ea\",\"isPartOf\":{\"@id\":\"https:\/\/blogdoere.com.br\/#website\"},\"datePublished\":\"2022-01-24T15:29:00+00:00\",\"dateModified\":\"2022-01-24T15:46:34+00:00\",\"breadcrumb\":{\"@id\":\"https:\/\/blogdoere.com.br\/?p=27818#breadcrumb\"},\"inLanguage\":\"pt-PT\",\"potentialAction\":[{\"@type\":\"ReadAction\",\"target\":[\"https:\/\/blogdoere.com.br\/?p=27818\"]}]},{\"@type\":\"BreadcrumbList\",\"@id\":\"https:\/\/blogdoere.com.br\/?p=27818#breadcrumb\",\"itemListElement\":[{\"@type\":\"ListItem\",\"position\":1,\"name\":\"In\u00edcio\",\"item\":\"https:\/\/blogdoere.com.br\/\"},{\"@type\":\"ListItem\",\"position\":2,\"name\":\"ITAJU\u00cdPE: PRA\u00c7A VEREADOR JOS\u00c9 ADRY\"}]},{\"@type\":\"WebSite\",\"@id\":\"https:\/\/blogdoere.com.br\/#website\",\"url\":\"https:\/\/blogdoere.com.br\/\",\"name\":\"blog do er\u00ea\",\"description\":\"\",\"publisher\":{\"@id\":\"https:\/\/blogdoere.com.br\/#organization\"},\"potentialAction\":[{\"@type\":\"SearchAction\",\"target\":{\"@type\":\"EntryPoint\",\"urlTemplate\":\"https:\/\/blogdoere.com.br\/?s={search_term_string}\"},\"query-input\":\"required name=search_term_string\"}],\"inLanguage\":\"pt-PT\"},{\"@type\":\"Organization\",\"@id\":\"https:\/\/blogdoere.com.br\/#organization\",\"name\":\"Blog do Er\u00ea\",\"url\":\"https:\/\/blogdoere.com.br\/\",\"logo\":{\"@type\":\"ImageObject\",\"inLanguage\":\"pt-PT\",\"@id\":\"https:\/\/blogdoere.com.br\/#\/schema\/logo\/image\/\",\"url\":\"https:\/\/blogdoere.com.br\/wp-content\/uploads\/2021\/11\/Logo-Ere-1.png\",\"contentUrl\":\"https:\/\/blogdoere.com.br\/wp-content\/uploads\/2021\/11\/Logo-Ere-1.png\",\"width\":1261,\"height\":1330,\"caption\":\"Blog do Er\u00ea\"},\"image\":{\"@id\":\"https:\/\/blogdoere.com.br\/#\/schema\/logo\/image\/\"}},{\"@type\":\"Person\",\"@id\":\"https:\/\/blogdoere.com.br\/#\/schema\/person\/c4f6d566a44c7bacdda563667715d18b\",\"name\":\"blogdoere@hotmail.com\",\"image\":{\"@type\":\"ImageObject\",\"inLanguage\":\"pt-PT\",\"@id\":\"https:\/\/blogdoere.com.br\/#\/schema\/person\/image\/\",\"url\":\"https:\/\/secure.gravatar.com\/avatar\/5684bd39df1289cb639b4ab539d6fcad69420e4a29521548fc078c58ed122fe6?s=96&d=mm&r=g\",\"contentUrl\":\"https:\/\/secure.gravatar.com\/avatar\/5684bd39df1289cb639b4ab539d6fcad69420e4a29521548fc078c58ed122fe6?s=96&d=mm&r=g\",\"caption\":\"blogdoere@hotmail.com\"},\"sameAs\":[\"http:\/\/blogdoere.com.br\"]}]}<\/script>\n<!-- \/ Yoast SEO plugin. -->","yoast_head_json":{"title":"ITAJU\u00cdPE: PRA\u00c7A VEREADOR JOS\u00c9 ADRY - blog do er\u00ea","robots":{"index":"index","follow":"follow","max-snippet":"max-snippet:-1","max-image-preview":"max-image-preview:large","max-video-preview":"max-video-preview:-1"},"canonical":"https:\/\/blogdoere.com.br\/?p=27818","og_locale":"pt_PT","og_type":"article","og_title":"ITAJU\u00cdPE: PRA\u00c7A VEREADOR JOS\u00c9 ADRY - blog do er\u00ea","og_description":"Na \u00faltima sexta-feira, dia 21 de janeiro, foi inaugurada a pra\u00e7a Vereador Jos\u00e9 Adry pelo prefeito Marcone e o vice-prefeito L\u00e9o da Capoeira atrav\u00e9s de uma emenda parlamentar do ent\u00e3o...","og_url":"https:\/\/blogdoere.com.br\/?p=27818","og_site_name":"blog do er\u00ea","article_published_time":"2022-01-24T15:29:00+00:00","article_modified_time":"2022-01-24T15:46:34+00:00","og_image":[{"width":1080,"height":776,"url":"https:\/\/blogdoere.com.br\/wp-content\/uploads\/2022\/01\/WhatsApp-Image-2022-01-24-at-12.19.26-2.jpeg","type":"image\/jpeg"}],"author":"blogdoere@hotmail.com","twitter_card":"summary_large_image","twitter_misc":{"Escrito por":"blogdoere@hotmail.com","Tempo estimado de leitura":"2 minutos"},"schema":{"@context":"https:\/\/schema.org","@graph":[{"@type":"Article","@id":"https:\/\/blogdoere.com.br\/?p=27818#article","isPartOf":{"@id":"https:\/\/blogdoere.com.br\/?p=27818"},"author":{"name":"blogdoere@hotmail.com","@id":"https:\/\/blogdoere.com.br\/#\/schema\/person\/c4f6d566a44c7bacdda563667715d18b"},"headline":"ITAJU\u00cdPE: PRA\u00c7A VEREADOR JOS\u00c9 ADRY","datePublished":"2022-01-24T15:29:00+00:00","dateModified":"2022-01-24T15:46:34+00:00","mainEntityOfPage":{"@id":"https:\/\/blogdoere.com.br\/?p=27818"},"wordCount":349,"commentCount":0,"publisher":{"@id":"https:\/\/blogdoere.com.br\/#organization"},"articleSection":["Gest\u00e3o e Inova\u00e7\u00e3o","Gest\u00e3o e Inova\u00e7\u00e3o"],"inLanguage":"pt-PT","potentialAction":[{"@type":"CommentAction","name":"Comment","target":["https:\/\/blogdoere.com.br\/?p=27818#respond"]}]},{"@type":"WebPage","@id":"https:\/\/blogdoere.com.br\/?p=27818","url":"https:\/\/blogdoere.com.br\/?p=27818","name":"ITAJU\u00cdPE: PRA\u00c7A VEREADOR JOS\u00c9 ADRY - blog do er\u00ea","isPartOf":{"@id":"https:\/\/blogdoere.com.br\/#website"},"datePublished":"2022-01-24T15:29:00+00:00","dateModified":"2022-01-24T15:46:34+00:00","breadcrumb":{"@id":"https:\/\/blogdoere.com.br\/?p=27818#breadcrumb"},"inLanguage":"pt-PT","potentialAction":[{"@type":"ReadAction","target":["https:\/\/blogdoere.com.br\/?p=27818"]}]},{"@type":"BreadcrumbList","@id":"https:\/\/blogdoere.com.br\/?p=27818#breadcrumb","itemListElement":[{"@type":"ListItem","position":1,"name":"In\u00edcio","item":"https:\/\/blogdoere.com.br\/"},{"@type":"ListItem","position":2,"name":"ITAJU\u00cdPE: PRA\u00c7A VEREADOR JOS\u00c9 ADRY"}]},{"@type":"WebSite","@id":"https:\/\/blogdoere.com.br\/#website","url":"https:\/\/blogdoere.com.br\/","name":"blog do er\u00ea","description":"","publisher":{"@id":"https:\/\/blogdoere.com.br\/#organization"},"potentialAction":[{"@type":"SearchAction","target":{"@type":"EntryPoint","urlTemplate":"https:\/\/blogdoere.com.br\/?s={search_term_string}"},"query-input":"required name=search_term_string"}],"inLanguage":"pt-PT"},{"@type":"Organization","@id":"https:\/\/blogdoere.com.br\/#organization","name":"Blog do Er\u00ea","url":"https:\/\/blogdoere.com.br\/","logo":{"@type":"ImageObject","inLanguage":"pt-PT","@id":"https:\/\/blogdoere.com.br\/#\/schema\/logo\/image\/","url":"https:\/\/blogdoere.com.br\/wp-content\/uploads\/2021\/11\/Logo-Ere-1.png","contentUrl":"https:\/\/blogdoere.com.br\/wp-content\/uploads\/2021\/11\/Logo-Ere-1.png","width":1261,"height":1330,"caption":"Blog do Er\u00ea"},"image":{"@id":"https:\/\/blogdoere.com.br\/#\/schema\/logo\/image\/"}},{"@type":"Person","@id":"https:\/\/blogdoere.com.br\/#\/schema\/person\/c4f6d566a44c7bacdda563667715d18b","name":"blogdoere@hotmail.com","image":{"@type":"ImageObject","inLanguage":"pt-PT","@id":"https:\/\/blogdoere.com.br\/#\/schema\/person\/image\/","url":"https:\/\/secure.gravatar.com\/avatar\/5684bd39df1289cb639b4ab539d6fcad69420e4a29521548fc078c58ed122fe6?s=96&d=mm&r=g","contentUrl":"https:\/\/secure.gravatar.com\/avatar\/5684bd39df1289cb639b4ab539d6fcad69420e4a29521548fc078c58ed122fe6?s=96&d=mm&r=g","caption":"blogdoere@hotmail.com"},"sameAs":["http:\/\/blogdoere.com.br"]}]}},"featured_image_urls":{"full":["https:\/\/blogdoere.com.br\/wp-content\/uploads\/2022\/01\/WhatsApp-Image-2022-01-24-at-12.19.26-2.jpeg",1080,776,false],"thumbnail":["https:\/\/blogdoere.com.br\/wp-content\/uploads\/2022\/01\/WhatsApp-Image-2022-01-24-at-12.19.26-2-150x150.jpeg",150,150,true],"medium":["https:\/\/blogdoere.com.br\/wp-content\/uploads\/2022\/01\/WhatsApp-Image-2022-01-24-at-12.19.26-2-300x216.jpeg",300,216,true],"medium_large":["https:\/\/blogdoere.com.br\/wp-content\/uploads\/2022\/01\/WhatsApp-Image-2022-01-24-at-12.19.26-2-768x552.jpeg",768,552,true],"large":["https:\/\/blogdoere.com.br\/wp-content\/uploads\/2022\/01\/WhatsApp-Image-2022-01-24-at-12.19.26-2-1024x736.jpeg",1024,736,true],"1536x1536":["https:\/\/blogdoere.com.br\/wp-content\/uploads\/2022\/01\/WhatsApp-Image-2022-01-24-at-12.19.26-2.jpeg",1080,776,false],"2048x2048":["https:\/\/blogdoere.com.br\/wp-content\/uploads\/2022\/01\/WhatsApp-Image-2022-01-24-at-12.19.26-2.jpeg",1080,776,false]},"author_info":{"display_name":"blogdoere@hotmail.com","author_link":"https:\/\/blogdoere.com.br\/?author=1"},"category_info":"<a href=\"https:\/\/blogdoere.com.br\/?cat=71\" rel=\"category\">Gest\u00e3o e Inova\u00e7\u00e3o<\/a> <a href=\"https:\/\/blogdoere.com.br\/?cat=72\" rel=\"category\">Gest\u00e3o e Inova\u00e7\u00e3o<\/a>","tag_info":"Gest\u00e3o e Inova\u00e7\u00e3o","comment_count":"0","_links":{"self":[{"href":"https:\/\/blogdoere.com.br\/index.php?rest_route=\/wp\/v2\/posts\/27818","targetHints":{"allow":["GET"]}}],"collection":[{"href":"https:\/\/blogdoere.com.br\/index.php?rest_route=\/wp\/v2\/posts"}],"about":[{"href":"https:\/\/blogdoere.com.br\/index.php?rest_route=\/wp\/v2\/types\/post"}],"author":[{"embeddable":true,"href":"https:\/\/blogdoere.com.br\/index.php?rest_route=\/wp\/v2\/users\/1"}],"replies":[{"embeddable":true,"href":"https:\/\/blogdoere.com.br\/index.php?rest_route=%2Fwp%2Fv2%2Fcomments&post=27818"}],"version-history":[{"count":1,"href":"https:\/\/blogdoere.com.br\/index.php?rest_route=\/wp\/v2\/posts\/27818\/revisions"}],"predecessor-version":[{"id":27821,"href":"https:\/\/blogdoere.com.br\/index.php?rest_route=\/wp\/v2\/posts\/27818\/revisions\/27821"}],"wp:featuredmedia":[{"embeddable":true,"href":"https:\/\/blogdoere.com.br\/index.php?rest_route=\/wp\/v2\/media\/27820"}],"wp:attachment":[{"href":"https:\/\/blogdoere.com.br\/index.php?rest_route=%2Fwp%2Fv2%2Fmedia&parent=27818"}],"wp:term":[{"taxonomy":"category","embeddable":true,"href":"https:\/\/blogdoere.com.br\/index.php?rest_route=%2Fwp%2Fv2%2Fcategories&post=27818"},{"taxonomy":"post_tag","embeddable":true,"href":"https:\/\/blogdoere.com.br\/index.php?rest_route=%2Fwp%2Fv2%2Ftags&post=27818"}],"curies":[{"name":"wp","href":"https:\/\/api.w.org\/{rel}","templated":true}]}}