{"id":27852,"date":"2022-02-03T15:06:15","date_gmt":"2022-02-03T15:06:15","guid":{"rendered":"https:\/\/blogdoere.com.br\/?p=27852"},"modified":"2022-02-03T15:37:11","modified_gmt":"2022-02-03T15:37:11","slug":"prefeitos-da-amurc-dialogam-sobre-demandas-municipais-nesta-sexta-feira-4","status":"publish","type":"post","link":"https:\/\/blogdoere.com.br\/?p=27852","title":{"rendered":"PREFEITOS DA AMURC DIALOGAM SOBRE DEMANDAS MUNICIPAIS NESTA SEXTA-FEIRA, 4"},"content":{"rendered":"\n<figure class=\"wp-block-gallery has-nested-images columns-default is-cropped wp-block-gallery-1 is-layout-flex wp-block-gallery-is-layout-flex\">\n<figure class=\"wp-block-image size-large\"><img decoding=\"async\" width=\"941\" height=\"837\" data-id=\"27853\" src=\"https:\/\/blogdoere.com.br\/wp-content\/uploads\/2022\/02\/WhatsApp-Image-2022-02-03-at-12.01.52.jpeg\" alt=\"\" class=\"wp-image-27853\" srcset=\"https:\/\/blogdoere.com.br\/wp-content\/uploads\/2022\/02\/WhatsApp-Image-2022-02-03-at-12.01.52.jpeg 941w, https:\/\/blogdoere.com.br\/wp-content\/uploads\/2022\/02\/WhatsApp-Image-2022-02-03-at-12.01.52-300x267.jpeg 300w, https:\/\/blogdoere.com.br\/wp-content\/uploads\/2022\/02\/WhatsApp-Image-2022-02-03-at-12.01.52-768x683.jpeg 768w\" sizes=\"(max-width: 941px) 100vw, 941px\" \/><figcaption>Prefeito de Itajuipe Marcone Amaral<\/figcaption><\/figure>\n<\/figure>\n\n\n\n<p class=\"has-text-align-justify\">Prefeitos dos munic\u00edpios associados \u00e0 Amurc estar\u00e3o reunidos nesta sexta-feira, 4, a partir das 9h, na sede da entidade, para debater, alinhar e definir a\u00e7\u00f5es conjuntas de interesses comuns. Em pauta, a an\u00e1lise do cen\u00e1rio atual da Covid-19 nos munic\u00edpios, a\u00e7\u00f5es conjuntas de enfrentamento; Reajuste dos professores\/piso do magist\u00e9rio; Retorno das aulas presenciais e Forma\u00e7\u00e3o da Defesa Civil municipal.O presidente da Amurc e prefeito de Itaju\u00edpe, Marcone Amaral far\u00e1 a abertura primeira reuni\u00e3o dos prefeitos de 2022. Informa\u00e7\u00f5es da Amurc<\/p>\n\n\n\n<p><\/p>\n","protected":false},"excerpt":{"rendered":"<p>Prefeitos dos munic\u00edpios associados \u00e0 Amurc estar\u00e3o reunidos nesta sexta-feira, 4, a partir das 9h, na sede da entidade, para debater, alinhar e definir a\u00e7\u00f5es conjuntas de interesses comuns. Em&#8230;<\/p>\n","protected":false},"author":1,"featured_media":27853,"comment_status":"open","ping_status":"open","sticky":false,"template":"","format":"standard","meta":{"_editorskit_title_hidden":false,"_editorskit_reading_time":1,"_editorskit_is_block_options_detached":false,"_editorskit_block_options_position":"{}","om_disable_all_campaigns":false,"_mi_skip_tracking":false,"_kad_post_transparent":"","_kad_post_title":"","_kad_post_layout":"","_kad_post_sidebar_id":"","_kad_post_content_style":"","_kad_post_vertical_padding":"","_kad_post_feature":"","_kad_post_feature_position":"","_kad_post_header":false,"_kad_post_footer":false,"footnotes":""},"categories":[72],"tags":[],"class_list":["post-27852","post","type-post","status-publish","format-standard","has-post-thumbnail","hentry","category-gestao-e-inovacao-gestao-e-inovacao"],"yoast_head":"<!-- This site is optimized with the Yoast SEO plugin v20.5 - https:\/\/yoast.com\/wordpress\/plugins\/seo\/ -->\n<title>PREFEITOS DA AMURC DIALOGAM SOBRE DEMANDAS MUNICIPAIS NESTA SEXTA-FEIRA, 4 - blog do er\u00ea<\/title>\n<meta name=\"robots\" content=\"index, follow, max-snippet:-1, max-image-preview:large, max-video-preview:-1\" \/>\n<link rel=\"canonical\" href=\"https:\/\/blogdoere.com.br\/?p=27852\" \/>\n<meta property=\"og:locale\" content=\"pt_PT\" \/>\n<meta property=\"og:type\" content=\"article\" \/>\n<meta property=\"og:title\" content=\"PREFEITOS DA AMURC DIALOGAM SOBRE DEMANDAS MUNICIPAIS NESTA SEXTA-FEIRA, 4 - blog do er\u00ea\" \/>\n<meta property=\"og:description\" content=\"Prefeitos dos munic\u00edpios associados \u00e0 Amurc estar\u00e3o reunidos nesta sexta-feira, 4, a partir das 9h, na sede da entidade, para debater, alinhar e definir a\u00e7\u00f5es conjuntas de interesses comuns. Em...\" \/>\n<meta property=\"og:url\" content=\"https:\/\/blogdoere.com.br\/?p=27852\" \/>\n<meta property=\"og:site_name\" content=\"blog do er\u00ea\" \/>\n<meta property=\"article:published_time\" content=\"2022-02-03T15:06:15+00:00\" \/>\n<meta property=\"article:modified_time\" content=\"2022-02-03T15:37:11+00:00\" \/>\n<meta property=\"og:image\" content=\"https:\/\/blogdoere.com.br\/wp-content\/uploads\/2022\/02\/WhatsApp-Image-2022-02-03-at-12.01.52.jpeg\" \/>\n\t<meta property=\"og:image:width\" content=\"941\" \/>\n\t<meta property=\"og:image:height\" content=\"837\" \/>\n\t<meta property=\"og:image:type\" content=\"image\/jpeg\" \/>\n<meta name=\"author\" content=\"blogdoere@hotmail.com\" \/>\n<meta name=\"twitter:card\" content=\"summary_large_image\" \/>\n<meta name=\"twitter:label1\" content=\"Escrito por\" \/>\n\t<meta name=\"twitter:data1\" content=\"blogdoere@hotmail.com\" \/>\n\t<meta name=\"twitter:label2\" content=\"Tempo estimado de leitura\" \/>\n\t<meta name=\"twitter:data2\" content=\"1 minuto\" \/>\n<script type=\"application\/ld+json\" class=\"yoast-schema-graph\">{\"@context\":\"https:\/\/schema.org\",\"@graph\":[{\"@type\":\"Article\",\"@id\":\"https:\/\/blogdoere.com.br\/?p=27852#article\",\"isPartOf\":{\"@id\":\"https:\/\/blogdoere.com.br\/?p=27852\"},\"author\":{\"name\":\"blogdoere@hotmail.com\",\"@id\":\"https:\/\/blogdoere.com.br\/#\/schema\/person\/c4f6d566a44c7bacdda563667715d18b\"},\"headline\":\"PREFEITOS DA AMURC DIALOGAM SOBRE DEMANDAS MUNICIPAIS NESTA SEXTA-FEIRA, 4\",\"datePublished\":\"2022-02-03T15:06:15+00:00\",\"dateModified\":\"2022-02-03T15:37:11+00:00\",\"mainEntityOfPage\":{\"@id\":\"https:\/\/blogdoere.com.br\/?p=27852\"},\"wordCount\":105,\"commentCount\":0,\"publisher\":{\"@id\":\"https:\/\/blogdoere.com.br\/#organization\"},\"articleSection\":[\"Gest\u00e3o e Inova\u00e7\u00e3o\"],\"inLanguage\":\"pt-PT\",\"potentialAction\":[{\"@type\":\"CommentAction\",\"name\":\"Comment\",\"target\":[\"https:\/\/blogdoere.com.br\/?p=27852#respond\"]}]},{\"@type\":\"WebPage\",\"@id\":\"https:\/\/blogdoere.com.br\/?p=27852\",\"url\":\"https:\/\/blogdoere.com.br\/?p=27852\",\"name\":\"PREFEITOS DA AMURC DIALOGAM SOBRE DEMANDAS MUNICIPAIS NESTA SEXTA-FEIRA, 4 - blog do er\u00ea\",\"isPartOf\":{\"@id\":\"https:\/\/blogdoere.com.br\/#website\"},\"datePublished\":\"2022-02-03T15:06:15+00:00\",\"dateModified\":\"2022-02-03T15:37:11+00:00\",\"breadcrumb\":{\"@id\":\"https:\/\/blogdoere.com.br\/?p=27852#breadcrumb\"},\"inLanguage\":\"pt-PT\",\"potentialAction\":[{\"@type\":\"ReadAction\",\"target\":[\"https:\/\/blogdoere.com.br\/?p=27852\"]}]},{\"@type\":\"BreadcrumbList\",\"@id\":\"https:\/\/blogdoere.com.br\/?p=27852#breadcrumb\",\"itemListElement\":[{\"@type\":\"ListItem\",\"position\":1,\"name\":\"In\u00edcio\",\"item\":\"https:\/\/blogdoere.com.br\/\"},{\"@type\":\"ListItem\",\"position\":2,\"name\":\"PREFEITOS DA AMURC DIALOGAM SOBRE DEMANDAS MUNICIPAIS NESTA SEXTA-FEIRA, 4\"}]},{\"@type\":\"WebSite\",\"@id\":\"https:\/\/blogdoere.com.br\/#website\",\"url\":\"https:\/\/blogdoere.com.br\/\",\"name\":\"blog do er\u00ea\",\"description\":\"\",\"publisher\":{\"@id\":\"https:\/\/blogdoere.com.br\/#organization\"},\"potentialAction\":[{\"@type\":\"SearchAction\",\"target\":{\"@type\":\"EntryPoint\",\"urlTemplate\":\"https:\/\/blogdoere.com.br\/?s={search_term_string}\"},\"query-input\":\"required name=search_term_string\"}],\"inLanguage\":\"pt-PT\"},{\"@type\":\"Organization\",\"@id\":\"https:\/\/blogdoere.com.br\/#organization\",\"name\":\"Blog do Er\u00ea\",\"url\":\"https:\/\/blogdoere.com.br\/\",\"logo\":{\"@type\":\"ImageObject\",\"inLanguage\":\"pt-PT\",\"@id\":\"https:\/\/blogdoere.com.br\/#\/schema\/logo\/image\/\",\"url\":\"https:\/\/blogdoere.com.br\/wp-content\/uploads\/2021\/11\/Logo-Ere-1.png\",\"contentUrl\":\"https:\/\/blogdoere.com.br\/wp-content\/uploads\/2021\/11\/Logo-Ere-1.png\",\"width\":1261,\"height\":1330,\"caption\":\"Blog do Er\u00ea\"},\"image\":{\"@id\":\"https:\/\/blogdoere.com.br\/#\/schema\/logo\/image\/\"}},{\"@type\":\"Person\",\"@id\":\"https:\/\/blogdoere.com.br\/#\/schema\/person\/c4f6d566a44c7bacdda563667715d18b\",\"name\":\"blogdoere@hotmail.com\",\"image\":{\"@type\":\"ImageObject\",\"inLanguage\":\"pt-PT\",\"@id\":\"https:\/\/blogdoere.com.br\/#\/schema\/person\/image\/\",\"url\":\"https:\/\/secure.gravatar.com\/avatar\/5684bd39df1289cb639b4ab539d6fcad69420e4a29521548fc078c58ed122fe6?s=96&d=mm&r=g\",\"contentUrl\":\"https:\/\/secure.gravatar.com\/avatar\/5684bd39df1289cb639b4ab539d6fcad69420e4a29521548fc078c58ed122fe6?s=96&d=mm&r=g\",\"caption\":\"blogdoere@hotmail.com\"},\"sameAs\":[\"http:\/\/blogdoere.com.br\"]}]}<\/script>\n<!-- \/ Yoast SEO plugin. -->","yoast_head_json":{"title":"PREFEITOS DA AMURC DIALOGAM SOBRE DEMANDAS MUNICIPAIS NESTA SEXTA-FEIRA, 4 - blog do er\u00ea","robots":{"index":"index","follow":"follow","max-snippet":"max-snippet:-1","max-image-preview":"max-image-preview:large","max-video-preview":"max-video-preview:-1"},"canonical":"https:\/\/blogdoere.com.br\/?p=27852","og_locale":"pt_PT","og_type":"article","og_title":"PREFEITOS DA AMURC DIALOGAM SOBRE DEMANDAS MUNICIPAIS NESTA SEXTA-FEIRA, 4 - blog do er\u00ea","og_description":"Prefeitos dos munic\u00edpios associados \u00e0 Amurc estar\u00e3o reunidos nesta sexta-feira, 4, a partir das 9h, na sede da entidade, para debater, alinhar e definir a\u00e7\u00f5es conjuntas de interesses comuns. Em...","og_url":"https:\/\/blogdoere.com.br\/?p=27852","og_site_name":"blog do er\u00ea","article_published_time":"2022-02-03T15:06:15+00:00","article_modified_time":"2022-02-03T15:37:11+00:00","og_image":[{"width":941,"height":837,"url":"https:\/\/blogdoere.com.br\/wp-content\/uploads\/2022\/02\/WhatsApp-Image-2022-02-03-at-12.01.52.jpeg","type":"image\/jpeg"}],"author":"blogdoere@hotmail.com","twitter_card":"summary_large_image","twitter_misc":{"Escrito por":"blogdoere@hotmail.com","Tempo estimado de leitura":"1 minuto"},"schema":{"@context":"https:\/\/schema.org","@graph":[{"@type":"Article","@id":"https:\/\/blogdoere.com.br\/?p=27852#article","isPartOf":{"@id":"https:\/\/blogdoere.com.br\/?p=27852"},"author":{"name":"blogdoere@hotmail.com","@id":"https:\/\/blogdoere.com.br\/#\/schema\/person\/c4f6d566a44c7bacdda563667715d18b"},"headline":"PREFEITOS DA AMURC DIALOGAM SOBRE DEMANDAS MUNICIPAIS NESTA SEXTA-FEIRA, 4","datePublished":"2022-02-03T15:06:15+00:00","dateModified":"2022-02-03T15:37:11+00:00","mainEntityOfPage":{"@id":"https:\/\/blogdoere.com.br\/?p=27852"},"wordCount":105,"commentCount":0,"publisher":{"@id":"https:\/\/blogdoere.com.br\/#organization"},"articleSection":["Gest\u00e3o e Inova\u00e7\u00e3o"],"inLanguage":"pt-PT","potentialAction":[{"@type":"CommentAction","name":"Comment","target":["https:\/\/blogdoere.com.br\/?p=27852#respond"]}]},{"@type":"WebPage","@id":"https:\/\/blogdoere.com.br\/?p=27852","url":"https:\/\/blogdoere.com.br\/?p=27852","name":"PREFEITOS DA AMURC DIALOGAM SOBRE DEMANDAS MUNICIPAIS NESTA SEXTA-FEIRA, 4 - blog do er\u00ea","isPartOf":{"@id":"https:\/\/blogdoere.com.br\/#website"},"datePublished":"2022-02-03T15:06:15+00:00","dateModified":"2022-02-03T15:37:11+00:00","breadcrumb":{"@id":"https:\/\/blogdoere.com.br\/?p=27852#breadcrumb"},"inLanguage":"pt-PT","potentialAction":[{"@type":"ReadAction","target":["https:\/\/blogdoere.com.br\/?p=27852"]}]},{"@type":"BreadcrumbList","@id":"https:\/\/blogdoere.com.br\/?p=27852#breadcrumb","itemListElement":[{"@type":"ListItem","position":1,"name":"In\u00edcio","item":"https:\/\/blogdoere.com.br\/"},{"@type":"ListItem","position":2,"name":"PREFEITOS DA AMURC DIALOGAM SOBRE DEMANDAS MUNICIPAIS NESTA SEXTA-FEIRA, 4"}]},{"@type":"WebSite","@id":"https:\/\/blogdoere.com.br\/#website","url":"https:\/\/blogdoere.com.br\/","name":"blog do er\u00ea","description":"","publisher":{"@id":"https:\/\/blogdoere.com.br\/#organization"},"potentialAction":[{"@type":"SearchAction","target":{"@type":"EntryPoint","urlTemplate":"https:\/\/blogdoere.com.br\/?s={search_term_string}"},"query-input":"required name=search_term_string"}],"inLanguage":"pt-PT"},{"@type":"Organization","@id":"https:\/\/blogdoere.com.br\/#organization","name":"Blog do Er\u00ea","url":"https:\/\/blogdoere.com.br\/","logo":{"@type":"ImageObject","inLanguage":"pt-PT","@id":"https:\/\/blogdoere.com.br\/#\/schema\/logo\/image\/","url":"https:\/\/blogdoere.com.br\/wp-content\/uploads\/2021\/11\/Logo-Ere-1.png","contentUrl":"https:\/\/blogdoere.com.br\/wp-content\/uploads\/2021\/11\/Logo-Ere-1.png","width":1261,"height":1330,"caption":"Blog do Er\u00ea"},"image":{"@id":"https:\/\/blogdoere.com.br\/#\/schema\/logo\/image\/"}},{"@type":"Person","@id":"https:\/\/blogdoere.com.br\/#\/schema\/person\/c4f6d566a44c7bacdda563667715d18b","name":"blogdoere@hotmail.com","image":{"@type":"ImageObject","inLanguage":"pt-PT","@id":"https:\/\/blogdoere.com.br\/#\/schema\/person\/image\/","url":"https:\/\/secure.gravatar.com\/avatar\/5684bd39df1289cb639b4ab539d6fcad69420e4a29521548fc078c58ed122fe6?s=96&d=mm&r=g","contentUrl":"https:\/\/secure.gravatar.com\/avatar\/5684bd39df1289cb639b4ab539d6fcad69420e4a29521548fc078c58ed122fe6?s=96&d=mm&r=g","caption":"blogdoere@hotmail.com"},"sameAs":["http:\/\/blogdoere.com.br"]}]}},"featured_image_urls":{"full":["https:\/\/blogdoere.com.br\/wp-content\/uploads\/2022\/02\/WhatsApp-Image-2022-02-03-at-12.01.52.jpeg",941,837,false],"thumbnail":["https:\/\/blogdoere.com.br\/wp-content\/uploads\/2022\/02\/WhatsApp-Image-2022-02-03-at-12.01.52-150x150.jpeg",150,150,true],"medium":["https:\/\/blogdoere.com.br\/wp-content\/uploads\/2022\/02\/WhatsApp-Image-2022-02-03-at-12.01.52-300x267.jpeg",300,267,true],"medium_large":["https:\/\/blogdoere.com.br\/wp-content\/uploads\/2022\/02\/WhatsApp-Image-2022-02-03-at-12.01.52-768x683.jpeg",768,683,true],"large":["https:\/\/blogdoere.com.br\/wp-content\/uploads\/2022\/02\/WhatsApp-Image-2022-02-03-at-12.01.52.jpeg",941,837,false],"1536x1536":["https:\/\/blogdoere.com.br\/wp-content\/uploads\/2022\/02\/WhatsApp-Image-2022-02-03-at-12.01.52.jpeg",941,837,false],"2048x2048":["https:\/\/blogdoere.com.br\/wp-content\/uploads\/2022\/02\/WhatsApp-Image-2022-02-03-at-12.01.52.jpeg",941,837,false]},"author_info":{"display_name":"blogdoere@hotmail.com","author_link":"https:\/\/blogdoere.com.br\/?author=1"},"category_info":"<a href=\"https:\/\/blogdoere.com.br\/?cat=72\" rel=\"category\">Gest\u00e3o e Inova\u00e7\u00e3o<\/a>","tag_info":"Gest\u00e3o e Inova\u00e7\u00e3o","comment_count":"0","_links":{"self":[{"href":"https:\/\/blogdoere.com.br\/index.php?rest_route=\/wp\/v2\/posts\/27852","targetHints":{"allow":["GET"]}}],"collection":[{"href":"https:\/\/blogdoere.com.br\/index.php?rest_route=\/wp\/v2\/posts"}],"about":[{"href":"https:\/\/blogdoere.com.br\/index.php?rest_route=\/wp\/v2\/types\/post"}],"author":[{"embeddable":true,"href":"https:\/\/blogdoere.com.br\/index.php?rest_route=\/wp\/v2\/users\/1"}],"replies":[{"embeddable":true,"href":"https:\/\/blogdoere.com.br\/index.php?rest_route=%2Fwp%2Fv2%2Fcomments&post=27852"}],"version-history":[{"count":2,"href":"https:\/\/blogdoere.com.br\/index.php?rest_route=\/wp\/v2\/posts\/27852\/revisions"}],"predecessor-version":[{"id":27856,"href":"https:\/\/blogdoere.com.br\/index.php?rest_route=\/wp\/v2\/posts\/27852\/revisions\/27856"}],"wp:featuredmedia":[{"embeddable":true,"href":"https:\/\/blogdoere.com.br\/index.php?rest_route=\/wp\/v2\/media\/27853"}],"wp:attachment":[{"href":"https:\/\/blogdoere.com.br\/index.php?rest_route=%2Fwp%2Fv2%2Fmedia&parent=27852"}],"wp:term":[{"taxonomy":"category","embeddable":true,"href":"https:\/\/blogdoere.com.br\/index.php?rest_route=%2Fwp%2Fv2%2Fcategories&post=27852"},{"taxonomy":"post_tag","embeddable":true,"href":"https:\/\/blogdoere.com.br\/index.php?rest_route=%2Fwp%2Fv2%2Ftags&post=27852"}],"curies":[{"name":"wp","href":"https:\/\/api.w.org\/{rel}","templated":true}]}}